{"id":28394,"date":"2021-09-28T21:39:58","date_gmt":"2021-09-28T19:39:58","guid":{"rendered":"http:\/\/www.deanreed.de\/AmericanRebel\/2017\/?p=28394"},"modified":"2021-09-28T21:47:09","modified_gmt":"2021-09-28T19:47:09","slug":"offener-brief-an-portugals-parlament-appelliert-fuer-eine-regulierte-legalisierung-von-cannabis","status":"publish","type":"post","link":"http:\/\/www.deanreed.de\/AmericanRebel\/2017\/2021\/09\/28\/offener-brief-an-portugals-parlament-appelliert-fuer-eine-regulierte-legalisierung-von-cannabis\/","title":{"rendered":"&#8211; Offener Brief an Portugals Parlament appelliert f\u00fcr eine regulierte Legalisierung von Cannabis"},"content":{"rendered":"<blockquote><p><em><span style=\"font-family: verdana, geneva, sans-serif; font-size: 12pt;\"><a href=\"http:\/\/www.deanreed.de\/AmericanRebel\/2017\/?p=15038\" target=\"_blank\" rel=\"noopener\">Volkskorrespondent<\/a> Rui Filipe Gutschmidt \u2013 28. September 2021<\/span><\/em><img loading=\"lazy\" class=\" wp-image-26040 alignright\" src=\"http:\/\/www.deanreed.de\/AmericanRebel\/2017\/wp-content\/uploads\/2020\/10\/vk-300x300.png\" alt=\"\" width=\"105\" height=\"105\" srcset=\"http:\/\/www.deanreed.de\/AmericanRebel\/2017\/wp-content\/uploads\/2020\/10\/vk.png 300w, http:\/\/www.deanreed.de\/AmericanRebel\/2017\/wp-content\/uploads\/2020\/10\/vk-150x150.png 150w\" sizes=\"(max-width: 105px) 100vw, 105px\" \/><\/p><\/blockquote>\n<h2><strong><span style=\"font-family: verdana, geneva, sans-serif;\">Offener Brief an Portugals Parlament appelliert f\u00fcr eine regulierte Legalisierung von Cannabis<\/span><br \/>\n<\/strong><\/h2>\n<div id=\"attachment_27805\" style=\"width: 110px\" class=\"wp-caption alignleft\"><img aria-describedby=\"caption-attachment-27805\" loading=\"lazy\" class=\"size-full wp-image-27805\" src=\"http:\/\/www.deanreed.de\/AmericanRebel\/2017\/wp-content\/uploads\/2021\/06\/13.png\" alt=\"\" width=\"100\" height=\"150\" \/><p id=\"caption-attachment-27805\" class=\"wp-caption-text\">Rui Filipe Gutschmidt<\/p><\/div>\n<p lang=\"de-DE\" style=\"text-align: justify;\"><span style=\"color: #000000;\"><span style=\"font-family: Verdana, sans-serif;\"><span lang=\"de-DE\"><strong>Schon Peter Tosh sang vor vier Jahrzehnten \u201e<\/strong><\/span><strong><span lang=\"en-GB\">Legalize it, don&#8217;t criticize it\u201c. Die Drogenpolitik in <\/span><span lang=\"de-DE\">Portugal ist seit \u00fcber zwei Jahrzehnten eine der fortschrittlichsten der Welt. Doch im Umgang mit Cannabis gibt es seither keinen Fortschritt. Andere L\u00e4nder haben die Portugiesen diesbez\u00fcglich l\u00e4ngst \u00fcberholt. Es wird Zeit, den n\u00e4chsten Schritt zu unternehmen.<\/span><\/strong><\/span><\/span><\/p>\n<div id=\"attachment_28397\" style=\"width: 341px\" class=\"wp-caption alignright\"><img aria-describedby=\"caption-attachment-28397\" loading=\"lazy\" class=\" wp-image-28397\" src=\"http:\/\/www.deanreed.de\/AmericanRebel\/2017\/wp-content\/uploads\/2021\/09\/eer-300x216.png\" alt=\"\" width=\"331\" height=\"238\" srcset=\"http:\/\/www.deanreed.de\/AmericanRebel\/2017\/wp-content\/uploads\/2021\/09\/eer-300x216.png 300w, http:\/\/www.deanreed.de\/AmericanRebel\/2017\/wp-content\/uploads\/2021\/09\/eer.png 640w\" sizes=\"(max-width: 331px) 100vw, 331px\" \/><p id=\"caption-attachment-28397\" class=\"wp-caption-text\">Die aktuelle Drogenpolitik ist gescheitert. Foto: M A N U E L \u2013 CC BY-ND 2.0<\/p><\/div>\n<p lang=\"de-DE\" style=\"text-align: justify;\"><span style=\"color: #000000;\"><span style=\"font-family: Verdana, sans-serif;\">Vier ehemalige Justizminister und zwei Gesundheitsminister geh\u00f6ren zu den \u00fcber 60 Unterzeichnern des offenen Briefs an das Parlament, in dem die Regulierung von Cannabis \u201ezum Schutz der Gesundheit und zur Bek\u00e4mpfung der Kriminalit\u00e4t\u201c gefordert wird. Die Argumentation ist dabei nicht neu, und eigentlich hat man die Notwendigkeit einer regulierten Cannabislegalisierung schon vor 20 Jahren anerkannt, als der Konsum und Besitz in einem ersten Schritt entkriminalisiert wurde. Damals h\u00e4tte keiner gedacht, dass der notwendige n\u00e4chste Schritt \u2013 die Legalisierung von Anbau und Verkauf, Weiterverarbeitung, Import und Export und entsprechende Ma\u00dfnahmen zur Regulierung der Aktivit\u00e4ten \u2013 \u00fcber 20 Jahre auf sich warten lassen w\u00fcrde.<\/span><\/span><\/p>\n<p lang=\"de-DE\" style=\"text-align: justify;\"><span style=\"color: #000000;\"><span style=\"font-family: Verdana, sans-serif;\">Jetzt haben sich ehemalige Minister, Staatssekret\u00e4re, Pers\u00f6nlichkeiten aus dem Gesundheitssektor und aus anderen Bereichen des \u00f6ffentlichen Lebens zusammengeschlossen, um den \u00fcberf\u00e4lligen Schritt endlich umzusetzen. Denn einerseits nimmt der Konsum weiter zu und wird gesellschaftlich weitestgehend akzeptiert, w\u00e4hrend andererseits der Einkauf weiterhin \u00fcber illegale Wege geschieht. Dies habe \u201enegative Konsequenzen, f\u00fcr die \u00f6ffentliche Gesundheit\u201c, da der THC-Gehalt (die psychoaktive Substanz) immer weiter steigt. Mit anderen Worten: Was fr\u00fcher ein Glas Wein war ist heute ein Glas Brandy. <div class=\"hide-this-part-wrap\"><div class=\"hide-this-part-more\" id=\"hide-this-part-0\" morelink-text=\"hier geht es weiter\">hier geht es weiter \u00bb<\/div><div class=\"hide-this-part\" status=\"invisible\"><br \/>\n<span style=\"font-size: 16pt;\"><b><br \/>\n<span style=\"font-size: 14pt; font-family: verdana, geneva, sans-serif;\">Regulieren statt verbieten<\/span><\/b><\/span><\/span><\/span><\/p>\n<p lang=\"de-DE\" style=\"text-align: justify;\"><span style=\"color: #000000;\"><span style=\"font-family: Verdana, sans-serif;\">Doch was genau soll da reguliert werden? Warum nicht \u201eeinfach legalisieren und gut\u201c? Man muss also erst einmal die Ziele definieren, die durch ein neues Gesetz erreicht werden sollen. Das Gesetz soll die \u00f6ffentliche Gesundheit sch\u00fctzen und die Kriminalit\u00e4t bek\u00e4mpfen. <\/span><\/span><\/p>\n<p lang=\"de-DE\" style=\"text-align: justify;\"><span style=\"color: #000000;\"><span style=\"font-family: Verdana, sans-serif;\">1.- Es soll ein reibungsloser \u00dcbergang vom kriminellen zum legalen Handel durch eine Regulierung erreicht werden. Dabei soll ein Anstieg des Konsums, besonders bei jungen und labilen Personen, durch Pr\u00e4ventionsma\u00dfnahmen vermieden werden. <\/span><\/span><\/p>\n<p lang=\"de-DE\" style=\"text-align: justify;\"><span style=\"color: #000000;\"><span style=\"font-family: Verdana, sans-serif;\">2.- Der Schutz der allgemeinen Gesundheit, soll durch die Definition des Mindestalters f\u00fcr den Konsum, durch eine Begrenzung des maximalen THC-Gehalts der Produkte, Regeln f\u00fcr den Anbau und die Produktion, die die Gesundheit und die Umwelt sch\u00fctzen, eine angemessene Kontrolle Stra\u00dfenverkehr und durch Information der Verbraucher \u00fcber Suchtrisiken und Behandlungsalternativen, gew\u00e4hrleistet werden.<\/span><\/span><\/p>\n<p lang=\"de-DE\" style=\"text-align: justify;\"><span style=\"color: #000000;\"><span style=\"font-family: Verdana, sans-serif;\">3.- Die Bek\u00e4mpfung des illegalen Marktes, \u201edie schrittweise Beseitigung des illegalen Cannabismarktes und der damit verbundenen Wirtschafts- und Finanzkriminalit\u00e4t\u201c. Aus diesem Grund verteidigen sie die Notwendigkeit der Kontrolle \u00fcber die am gesamten Cannabiskreislauf beteiligten Einheiten und die R\u00fcckverfolgbarkeit des Produkts vom Samen bis zum endg\u00fcltigen Verkauf, und verhindern so die Einf\u00fchrung von illegalem Cannabis in den Kreislauf sowie den Verkauf auf dem Schwarzmarkt\u201c. <\/span><\/span><\/p>\n<p lang=\"de-DE\" style=\"text-align: justify;\"><span style=\"color: #000000;\"><span style=\"font-family: Verdana, sans-serif;\">Diese Ma\u00dfnahme \u201ebeisst sich allerdings mit der Freigabe des Anbaus f\u00fcr den Eigenkonsum und erfordert Nachbesserung. Es muss m\u00f6glich sein, dass sich ein Konsument seine eigenen Pflanzen zieht. Die Progressiv-Libert\u00e4ren fordern eine Freigabe, schon deshalb, weil es bereits jetzt zu viele Eingriffe in den Anbau verschiedener Produkte gibt. Die Patente auf Saatgut sind ein Unding, dass bei der Freigabe von Cannabis von vorneherein ausgeschlossen werden muss. <\/span><\/span><\/p>\n<p lang=\"de-DE\" style=\"text-align: justify;\"><span style=\"color: #000000;\"><span style=\"font-family: Verdana, sans-serif;\">4.- Die Besteuerung des Cannabissektors mit der Einf\u00fchrung einer \u201eSondersteuer auf Cannabis, die den doppelten Zweck hat, die Einnahmen zu steigern, aber auch das Konsumverhalten zu formen\u201c, die Produkte mit h\u00f6heren THC-Konzentrationen besteuert. Was die Steuereinnahmen anbelangt, so argumentieren sie, dass ein Teil \u201eder Verst\u00e4rkung der Verhinderung des Neukonsums und der Investition in die Vorrichtung zur Risikominderung und Schadensminimierung sowie in die f\u00fcr die Behandlung (bei Suchtpatienten oder Psychosen) verantwortlichen Mittel\u201c zugewiesen werden sollte. Aber mit Vorsicht, um den Preis auszugleichen, der mit dem des illegalen Marktes konkurrieren wird, damit er den \u00dcbergang der Nutzer zum regulierten Markt f\u00f6rdern kann. Mit anderen Worten: \u201eCannabis kann nicht so billig sein, dass es aufgrund seines niedrigen Preises den Konsum bei j\u00fcngeren Bev\u00f6lkerungsgruppen erh\u00f6ht, noch so teuer, dass es den illegalen Markt attraktiv macht\u201c. (Letzteres sieht man beim medizinischen Cannabis in Deutschland)<\/span><\/span><\/p>\n<p lang=\"de-DE\" style=\"text-align: justify;\"><span style=\"color: #000000;\"><span style=\"font-family: Verdana, sans-serif;\">Das f\u00fcnfte und letzte Prinzip bezieht sich auf die Schrittweise Bewertung von Ma\u00dfnahmen, durch den Konsens \u00fcber die Produktions- und Pr\u00e4sentationsformen der Produkte und zun\u00e4chst die Beschr\u00e4nkung der Einfuhr des Endprodukts. Nach Meinung der Unterzeichner sollte auch \u201eeine transversale Struktur zur kontinuierlichen \u00dcberwachung der neuen Politik zur Regulierung des verantwortungsvollen Cannabiskonsums geschaffen werden. <\/span><\/span><\/p>\n<p lang=\"de-DE\" style=\"text-align: justify;\"><span style=\"color: #000000;\"><span style=\"font-family: Verdana, sans-serif;\">Diese Punkte, sind zwar nur eine Empfehlung, aber eine gut elaborierte, die als Basis f\u00fcr ein l\u00e4ngst \u00fcberf\u00e4lliges Gesetz dienen kann. Da die Unterzeichner aus verschiedenen Sektoren der Gesellschaft stammen und verschiedene politische Parteien repr\u00e4sentieren, ist der Text schon ein Kompromiss und muss \u201enur noch\u201c nachgearbeitet werden. <\/span><\/span><\/p>\n<p lang=\"de-DE\" style=\"text-align: justify;\"><span style=\"color: #000000;\"><span style=\"font-family: Verdana, sans-serif;\">Meiner Meinung nach ist es im Moment erst einmal wichtig dieses Kompromisspapier in einen gemeinsamen Gesetzentwurf umzuwandeln und diesen ins Parlament einzubringen. Wenn das Gesetz erst mal in Kraft tritt, sieht man in der Praxis was nachgebessert werden muss.<\/span><\/span><\/p>\n<p style=\"text-align: justify;\"><span style=\"font-family: verdana, geneva, sans-serif; font-size: 10pt;\">Erstver\u00f6ffentlichung am 28. Oktober 2021 auf \u00bb<a href=\"https:\/\/info-welt.eu\/\" target=\"_blank\" rel=\"noopener\">InfoWelt<\/a>\u00ab. Ver\u00f6ffentlichung mit freundlicher Genehmigung des Herausgebers.<\/span><\/p>\n<p style=\"text-align: justify;\"><span style=\"color: #ffffff;\">.<\/span><\/p>\n<p><a href=\"https:\/\/www.paypal.com\/de\/home\" target=\"_blank\" rel=\"noopener\"><img loading=\"lazy\" class=\"wp-image-26501 aligncenter\" src=\"http:\/\/www.deanreed.de\/AmericanRebel\/2017\/wp-content\/uploads\/2037\/12\/1-300x72.png\" alt=\"\" width=\"661\" height=\"159\" srcset=\"http:\/\/www.deanreed.de\/AmericanRebel\/2017\/wp-content\/uploads\/2037\/12\/1-300x72.png 300w, http:\/\/www.deanreed.de\/AmericanRebel\/2017\/wp-content\/uploads\/2037\/12\/1-1024x245.png 1024w, http:\/\/www.deanreed.de\/AmericanRebel\/2017\/wp-content\/uploads\/2037\/12\/1-768x184.png 768w, http:\/\/www.deanreed.de\/AmericanRebel\/2017\/wp-content\/uploads\/2037\/12\/1-1536x367.png 1536w, http:\/\/www.deanreed.de\/AmericanRebel\/2017\/wp-content\/uploads\/2037\/12\/1-2048x489.png 2048w\" sizes=\"(max-width: 661px) 100vw, 661px\" \/><\/a><\/p>\n<blockquote>\n<div style=\"margin-left: 10px;\"><a title=\"zur Startseite\" href=\"http:\/\/www.americanrebel.de\/\"><img loading=\"lazy\" class=\"alignleft\" src=\"http:\/\/www.deanreed.de\/AmericanRebel\/2017\/wp-content\/uploads\/2017\/03\/back_ar.png\" alt=\"zur\u00fcck zur Startseite\" width=\"156\" height=\"15\" \/><\/a><\/div>\n<div style=\"margin-right: 10px;\"><a href=\"https:\/\/www.facebook.com\/groups\/1683837971860223\/permalink\/1987214344855916\/\" target=\"_blank\" rel=\"noopener noreferrer\"><img loading=\"lazy\" class=\"alignright\" src=\"http:\/\/www.deanreed.de\/AmericanRebel\/2017\/wp-content\/uploads\/2017\/03\/ar_zu_fb.png\" alt=\"hier geht es zur Facebook Diskussionsgruppe\" width=\"353\" height=\"15\" \/><\/a><\/div>\n<p style=\"text-align: center;\"><a href=\"#respond\" target=\"_blank\" rel=\"noopener noreferrer\"><img loading=\"lazy\" class=\"aligncenter\" src=\"http:\/\/www.deanreed.de\/AmericanRebel\/2017\/wp-content\/uploads\/2017\/03\/ar_kommentar-1.png\" alt=\"Sag uns deine Meinung zum Artikel mit einem Kommentar\/Leserbrief\" width=\"627\" height=\"20\" \/><\/a><\/p>\n<\/blockquote>\n<p><\/div><!-- .hide-this-part --><\/div><!-- hide-this-part-wrap --><\/p>\n","protected":false},"excerpt":{"rendered":"<p>Volkskorrespondent Rui Filipe Gutschmidt \u2013 28. September 2021 Offener Brief an Portugals Parlament appelliert f\u00fcr eine regulierte Legalisierung von Cannabis Schon Peter Tosh sang vor vier Jahrzehnten \u201eLegalize it, don&#8217;t criticize it\u201c. Die Drogenpolitik in Portugal ist seit \u00fcber zwei [&hellip;]<a class=\"more-link\" href=\"http:\/\/www.deanreed.de\/AmericanRebel\/2017\/2021\/09\/28\/offener-brief-an-portugals-parlament-appelliert-fuer-eine-regulierte-legalisierung-von-cannabis\/\">&darr; Lese den Rest von diesem Eintrag&#8230;<\/a><\/p>\n","protected":false},"author":2,"featured_media":0,"comment_status":"open","ping_status":"open","sticky":false,"template":"","format":"standard","meta":[],"categories":[122,3874,171],"tags":[2823,5319,5320,5321,5322,5323,5324,5325,5326,5327,5328,5329],"yoast_head":"<!-- This site is optimized with the Yoast SEO plugin v17.5 - https:\/\/yoast.com\/wordpress\/plugins\/seo\/ -->\n<title>- Offener Brief an Portugals Parlament appelliert f\u00fcr eine regulierte Legalisierung von Cannabis &ndash; Onlinezeitung AmericanRebel<\/title>\n<meta name=\"robots\" content=\"index, follow, max-snippet:-1, max-image-preview:large, max-video-preview:-1\" \/>\n<link rel=\"canonical\" href=\"http:\/\/www.deanreed.de\/AmericanRebel\/2017\/2021\/09\/28\/offener-brief-an-portugals-parlament-appelliert-fuer-eine-regulierte-legalisierung-von-cannabis\/\" \/>\n<meta property=\"og:locale\" content=\"de_DE\" \/>\n<meta property=\"og:type\" content=\"article\" \/>\n<meta property=\"og:title\" content=\"- Offener Brief an Portugals Parlament appelliert f\u00fcr eine regulierte Legalisierung von Cannabis &ndash; Onlinezeitung AmericanRebel\" \/>\n<meta property=\"og:description\" content=\"Schon Peter Tosh sang vor vier Jahrzehnten \u201eLegalize it, don&#039;t criticize it\u201c. Die Drogenpolitik in Portugal ist seit \u00fcber zwei Jahrzehnten eine der fortschrittlichsten der Welt. Doch im Umgang mit Cannabis gibt es seither keinen Fortschritt. Andere L\u00e4nder haben die Portugiesen diesbez\u00fcglich l\u00e4ngst \u00fcberholt. Es wird Zeit, den n\u00e4chsten Schritt zu unternehmen.\" \/>\n<meta property=\"og:url\" content=\"http:\/\/www.deanreed.de\/AmericanRebel\/2017\/2021\/09\/28\/offener-brief-an-portugals-parlament-appelliert-fuer-eine-regulierte-legalisierung-von-cannabis\/\" \/>\n<meta property=\"og:site_name\" content=\"Onlinezeitung AmericanRebel\" \/>\n<meta property=\"article:published_time\" content=\"2021-09-28T19:39:58+00:00\" \/>\n<meta property=\"article:modified_time\" content=\"2021-09-28T19:47:09+00:00\" \/>\n<meta property=\"og:image\" content=\"http:\/\/www.deanreed.de\/AmericanRebel\/2017\/wp-content\/uploads\/2021\/09\/eer.png\" \/>\n\t<meta property=\"og:image:width\" content=\"640\" \/>\n\t<meta property=\"og:image:height\" content=\"460\" \/>\n<meta name=\"twitter:card\" content=\"summary_large_image\" \/>\n<meta name=\"twitter:label1\" content=\"Verfasst von\" \/>\n\t<meta name=\"twitter:data1\" content=\"Redaktion\" \/>\n\t<meta name=\"twitter:label2\" content=\"Gesch\u00e4tzte Lesezeit\" \/>\n\t<meta name=\"twitter:data2\" content=\"6\u00a0Minuten\" \/>\n<script type=\"application\/ld+json\" class=\"yoast-schema-graph\">{\"@context\":\"https:\/\/schema.org\",\"@graph\":[{\"@type\":\"WebSite\",\"@id\":\"https:\/\/www.deanreed.de\/AmericanRebel\/2017\/#website\",\"url\":\"https:\/\/www.deanreed.de\/AmericanRebel\/2017\/\",\"name\":\"Onlinezeitung AmericanRebel\",\"description\":\"Internationale Onlinezeitung f\\u00fcr Frieden, Humanismus, V\\u00f6lkerverst\\u00e4ndigung und Kultur\",\"potentialAction\":[{\"@type\":\"SearchAction\",\"target\":{\"@type\":\"EntryPoint\",\"urlTemplate\":\"https:\/\/www.deanreed.de\/AmericanRebel\/2017\/?s={search_term_string}\"},\"query-input\":\"required name=search_term_string\"}],\"inLanguage\":\"de\"},{\"@type\":\"ImageObject\",\"@id\":\"http:\/\/www.deanreed.de\/AmericanRebel\/2017\/2021\/09\/28\/offener-brief-an-portugals-parlament-appelliert-fuer-eine-regulierte-legalisierung-von-cannabis\/#primaryimage\",\"inLanguage\":\"de\",\"url\":\"http:\/\/www.deanreed.de\/AmericanRebel\/2017\/wp-content\/uploads\/2021\/09\/eer.png\",\"contentUrl\":\"http:\/\/www.deanreed.de\/AmericanRebel\/2017\/wp-content\/uploads\/2021\/09\/eer.png\",\"width\":640,\"height\":460,\"caption\":\"Die aktuelle Drogenpolitik ist gescheitert. Foto: M A N U E L \\u2013 CC BY-ND 2.0\"},{\"@type\":\"WebPage\",\"@id\":\"http:\/\/www.deanreed.de\/AmericanRebel\/2017\/2021\/09\/28\/offener-brief-an-portugals-parlament-appelliert-fuer-eine-regulierte-legalisierung-von-cannabis\/#webpage\",\"url\":\"http:\/\/www.deanreed.de\/AmericanRebel\/2017\/2021\/09\/28\/offener-brief-an-portugals-parlament-appelliert-fuer-eine-regulierte-legalisierung-von-cannabis\/\",\"name\":\"- Offener Brief an Portugals Parlament appelliert f\\u00fcr eine regulierte Legalisierung von Cannabis &ndash; Onlinezeitung AmericanRebel\",\"isPartOf\":{\"@id\":\"https:\/\/www.deanreed.de\/AmericanRebel\/2017\/#website\"},\"primaryImageOfPage\":{\"@id\":\"http:\/\/www.deanreed.de\/AmericanRebel\/2017\/2021\/09\/28\/offener-brief-an-portugals-parlament-appelliert-fuer-eine-regulierte-legalisierung-von-cannabis\/#primaryimage\"},\"datePublished\":\"2021-09-28T19:39:58+00:00\",\"dateModified\":\"2021-09-28T19:47:09+00:00\",\"author\":{\"@id\":\"https:\/\/www.deanreed.de\/AmericanRebel\/2017\/#\/schema\/person\/9edfca7917cd10b75edaae51c6e7935a\"},\"breadcrumb\":{\"@id\":\"http:\/\/www.deanreed.de\/AmericanRebel\/2017\/2021\/09\/28\/offener-brief-an-portugals-parlament-appelliert-fuer-eine-regulierte-legalisierung-von-cannabis\/#breadcrumb\"},\"inLanguage\":\"de\",\"potentialAction\":[{\"@type\":\"ReadAction\",\"target\":[\"http:\/\/www.deanreed.de\/AmericanRebel\/2017\/2021\/09\/28\/offener-brief-an-portugals-parlament-appelliert-fuer-eine-regulierte-legalisierung-von-cannabis\/\"]}]},{\"@type\":\"BreadcrumbList\",\"@id\":\"http:\/\/www.deanreed.de\/AmericanRebel\/2017\/2021\/09\/28\/offener-brief-an-portugals-parlament-appelliert-fuer-eine-regulierte-legalisierung-von-cannabis\/#breadcrumb\",\"itemListElement\":[{\"@type\":\"ListItem\",\"position\":1,\"name\":\"Startseite\",\"item\":\"https:\/\/www.deanreed.de\/AmericanRebel\/2017\/\"},{\"@type\":\"ListItem\",\"position\":2,\"name\":\"&#8211; Offener Brief an Portugals Parlament appelliert f\\u00fcr eine regulierte Legalisierung von Cannabis\"}]},{\"@type\":\"Person\",\"@id\":\"https:\/\/www.deanreed.de\/AmericanRebel\/2017\/#\/schema\/person\/9edfca7917cd10b75edaae51c6e7935a\",\"name\":\"Redaktion\",\"url\":\"http:\/\/www.deanreed.de\/AmericanRebel\/2017\/author\/redaktion\/\"}]}<\/script>\n<!-- \/ Yoast SEO plugin. -->","yoast_head_json":{"title":"- Offener Brief an Portugals Parlament appelliert f\u00fcr eine regulierte Legalisierung von Cannabis &ndash; Onlinezeitung AmericanRebel","robots":{"index":"index","follow":"follow","max-snippet":"max-snippet:-1","max-image-preview":"max-image-preview:large","max-video-preview":"max-video-preview:-1"},"canonical":"http:\/\/www.deanreed.de\/AmericanRebel\/2017\/2021\/09\/28\/offener-brief-an-portugals-parlament-appelliert-fuer-eine-regulierte-legalisierung-von-cannabis\/","og_locale":"de_DE","og_type":"article","og_title":"- Offener Brief an Portugals Parlament appelliert f\u00fcr eine regulierte Legalisierung von Cannabis &ndash; Onlinezeitung AmericanRebel","og_description":"Schon Peter Tosh sang vor vier Jahrzehnten \u201eLegalize it, don't criticize it\u201c. Die Drogenpolitik in Portugal ist seit \u00fcber zwei Jahrzehnten eine der fortschrittlichsten der Welt. Doch im Umgang mit Cannabis gibt es seither keinen Fortschritt. Andere L\u00e4nder haben die Portugiesen diesbez\u00fcglich l\u00e4ngst \u00fcberholt. Es wird Zeit, den n\u00e4chsten Schritt zu unternehmen.","og_url":"http:\/\/www.deanreed.de\/AmericanRebel\/2017\/2021\/09\/28\/offener-brief-an-portugals-parlament-appelliert-fuer-eine-regulierte-legalisierung-von-cannabis\/","og_site_name":"Onlinezeitung AmericanRebel","article_published_time":"2021-09-28T19:39:58+00:00","article_modified_time":"2021-09-28T19:47:09+00:00","og_image":[{"width":640,"height":460,"url":"http:\/\/www.deanreed.de\/AmericanRebel\/2017\/wp-content\/uploads\/2021\/09\/eer.png","type":"image\/png"}],"twitter_card":"summary_large_image","twitter_misc":{"Verfasst von":"Redaktion","Gesch\u00e4tzte Lesezeit":"6\u00a0Minuten"},"schema":{"@context":"https:\/\/schema.org","@graph":[{"@type":"WebSite","@id":"https:\/\/www.deanreed.de\/AmericanRebel\/2017\/#website","url":"https:\/\/www.deanreed.de\/AmericanRebel\/2017\/","name":"Onlinezeitung AmericanRebel","description":"Internationale Onlinezeitung f\u00fcr Frieden, Humanismus, V\u00f6lkerverst\u00e4ndigung und Kultur","potentialAction":[{"@type":"SearchAction","target":{"@type":"EntryPoint","urlTemplate":"https:\/\/www.deanreed.de\/AmericanRebel\/2017\/?s={search_term_string}"},"query-input":"required name=search_term_string"}],"inLanguage":"de"},{"@type":"ImageObject","@id":"http:\/\/www.deanreed.de\/AmericanRebel\/2017\/2021\/09\/28\/offener-brief-an-portugals-parlament-appelliert-fuer-eine-regulierte-legalisierung-von-cannabis\/#primaryimage","inLanguage":"de","url":"http:\/\/www.deanreed.de\/AmericanRebel\/2017\/wp-content\/uploads\/2021\/09\/eer.png","contentUrl":"http:\/\/www.deanreed.de\/AmericanRebel\/2017\/wp-content\/uploads\/2021\/09\/eer.png","width":640,"height":460,"caption":"Die aktuelle Drogenpolitik ist gescheitert. Foto: M A N U E L \u2013 CC BY-ND 2.0"},{"@type":"WebPage","@id":"http:\/\/www.deanreed.de\/AmericanRebel\/2017\/2021\/09\/28\/offener-brief-an-portugals-parlament-appelliert-fuer-eine-regulierte-legalisierung-von-cannabis\/#webpage","url":"http:\/\/www.deanreed.de\/AmericanRebel\/2017\/2021\/09\/28\/offener-brief-an-portugals-parlament-appelliert-fuer-eine-regulierte-legalisierung-von-cannabis\/","name":"- Offener Brief an Portugals Parlament appelliert f\u00fcr eine regulierte Legalisierung von Cannabis &ndash; Onlinezeitung AmericanRebel","isPartOf":{"@id":"https:\/\/www.deanreed.de\/AmericanRebel\/2017\/#website"},"primaryImageOfPage":{"@id":"http:\/\/www.deanreed.de\/AmericanRebel\/2017\/2021\/09\/28\/offener-brief-an-portugals-parlament-appelliert-fuer-eine-regulierte-legalisierung-von-cannabis\/#primaryimage"},"datePublished":"2021-09-28T19:39:58+00:00","dateModified":"2021-09-28T19:47:09+00:00","author":{"@id":"https:\/\/www.deanreed.de\/AmericanRebel\/2017\/#\/schema\/person\/9edfca7917cd10b75edaae51c6e7935a"},"breadcrumb":{"@id":"http:\/\/www.deanreed.de\/AmericanRebel\/2017\/2021\/09\/28\/offener-brief-an-portugals-parlament-appelliert-fuer-eine-regulierte-legalisierung-von-cannabis\/#breadcrumb"},"inLanguage":"de","potentialAction":[{"@type":"ReadAction","target":["http:\/\/www.deanreed.de\/AmericanRebel\/2017\/2021\/09\/28\/offener-brief-an-portugals-parlament-appelliert-fuer-eine-regulierte-legalisierung-von-cannabis\/"]}]},{"@type":"BreadcrumbList","@id":"http:\/\/www.deanreed.de\/AmericanRebel\/2017\/2021\/09\/28\/offener-brief-an-portugals-parlament-appelliert-fuer-eine-regulierte-legalisierung-von-cannabis\/#breadcrumb","itemListElement":[{"@type":"ListItem","position":1,"name":"Startseite","item":"https:\/\/www.deanreed.de\/AmericanRebel\/2017\/"},{"@type":"ListItem","position":2,"name":"&#8211; Offener Brief an Portugals Parlament appelliert f\u00fcr eine regulierte Legalisierung von Cannabis"}]},{"@type":"Person","@id":"https:\/\/www.deanreed.de\/AmericanRebel\/2017\/#\/schema\/person\/9edfca7917cd10b75edaae51c6e7935a","name":"Redaktion","url":"http:\/\/www.deanreed.de\/AmericanRebel\/2017\/author\/redaktion\/"}]}},"_links":{"self":[{"href":"http:\/\/www.deanreed.de\/AmericanRebel\/2017\/wp-json\/wp\/v2\/posts\/28394"}],"collection":[{"href":"http:\/\/www.deanreed.de\/AmericanRebel\/2017\/wp-json\/wp\/v2\/posts"}],"about":[{"href":"http:\/\/www.deanreed.de\/AmericanRebel\/2017\/wp-json\/wp\/v2\/types\/post"}],"author":[{"embeddable":true,"href":"http:\/\/www.deanreed.de\/AmericanRebel\/2017\/wp-json\/wp\/v2\/users\/2"}],"replies":[{"embeddable":true,"href":"http:\/\/www.deanreed.de\/AmericanRebel\/2017\/wp-json\/wp\/v2\/comments?post=28394"}],"version-history":[{"count":5,"href":"http:\/\/www.deanreed.de\/AmericanRebel\/2017\/wp-json\/wp\/v2\/posts\/28394\/revisions"}],"predecessor-version":[{"id":28400,"href":"http:\/\/www.deanreed.de\/AmericanRebel\/2017\/wp-json\/wp\/v2\/posts\/28394\/revisions\/28400"}],"wp:attachment":[{"href":"http:\/\/www.deanreed.de\/AmericanRebel\/2017\/wp-json\/wp\/v2\/media?parent=28394"}],"wp:term":[{"taxonomy":"category","embeddable":true,"href":"http:\/\/www.deanreed.de\/AmericanRebel\/2017\/wp-json\/wp\/v2\/categories?post=28394"},{"taxonomy":"post_tag","embeddable":true,"href":"http:\/\/www.deanreed.de\/AmericanRebel\/2017\/wp-json\/wp\/v2\/tags?post=28394"}],"curies":[{"name":"wp","href":"https:\/\/api.w.org\/{rel}","templated":true}]}}