{"id":27463,"date":"2021-04-30T23:03:09","date_gmt":"2021-04-30T21:03:09","guid":{"rendered":"http:\/\/www.deanreed.de\/AmericanRebel\/2017\/?p=27463"},"modified":"2021-05-01T05:50:02","modified_gmt":"2021-05-01T03:50:02","slug":"fuer-eine-zukunft-ohne-krisen-heraus-zum-1-mai-in-waiblingen-und-stuttgart","status":"publish","type":"post","link":"http:\/\/www.deanreed.de\/AmericanRebel\/2017\/2021\/04\/30\/fuer-eine-zukunft-ohne-krisen-heraus-zum-1-mai-in-waiblingen-und-stuttgart\/","title":{"rendered":"&#8211;  \u00bbF\u00fcr eine Zukunft ohne Krisen\u00ab Heraus zum 1. Mai in Waiblingen und Stuttgart!"},"content":{"rendered":"<blockquote><p><span style=\"font-family: verdana, geneva, sans-serif; font-size: 12pt;\"><span lang=\"de-DE\">Redaktion Roter Morgen \u2013 30. April 2021<\/span><\/span><\/p><\/blockquote>\n<h2><strong>\u00bbF\u00fcr eine Zukunft ohne Krisen\u00ab Heraus zum 1. Mai in Waiblingen und Stuttgart!<\/strong><\/h2>\n<p style=\"text-align: justify;\"><strong><span style=\"font-family: verdana, geneva, sans-serif; font-size: 12pt;\">In Waiblingen und Stuttgart finden in diesem Jahr Kundgebungen des DGB und anschlie\u00dfende Rote Maidemos statt. Beides, weil sich engagierte Kollegen\/innen darum gek\u00fcmmert haben und es nicht dem DGB alleine \u00fcberlassen haben!<\/span><\/strong><\/p>\n<p style=\"text-align: center;\"><span style=\"font-family: verdana, geneva, sans-serif; font-size: 12pt;\"><strong><span style=\"color: #993300;\"><span style=\"font-size: 14pt;\">Kommt zu den Roten Maidemos nach Stuttgart und Waiblingen! <\/span><br \/>\n<span style=\"font-size: 14pt;\">Kapitalismus ist die Pandemie!<br \/>\nF\u00fcr eine Zukunft ohne Krisen &#8211; Kapitalismus abschaffen!<\/span><br \/>\n<span style=\"color: #ffffff;\">.<\/span><\/span><br \/>\n<\/strong><\/span><\/p>\n<p style=\"text-align: justify;\"><span style=\"font-family: verdana, geneva, sans-serif; font-size: 12pt;\"><strong><span style=\"background-color: #ffff00;\">WAIBLINGEN<\/span><\/strong><\/span><\/p>\n<p><span style=\"font-family: verdana, geneva, sans-serif; font-size: 12pt;\"><strong>Aufruf zur Roten 1. Mai-Demonstration in Waiblingen<\/strong><\/span><\/p>\n<p style=\"text-align: justify;\"><span style=\"color: #993300; font-size: 14pt;\"><strong><span style=\"font-family: verdana, geneva, sans-serif;\">\u201eAuch in der Krise m\u00fcssen wir k\u00e4mpfen!\u2028Am 1. Mai auf die Stra\u00dfe!<\/span><\/strong><\/span><\/p>\n<p style=\"text-align: justify;\"><strong><span style=\"font-family: verdana, geneva, sans-serif; font-size: 12pt;\">Seit \u00fcber einem Jahr befinden wir uns in einem Ausnahmezustand. Die Pandemie bestimmt weiterhin das Geschehen und die Infektionszahlen steigen wieder. Es braucht einen verantwortungsvollen Umgang mit dieser Situation. Jetzt Verantwortung zu \u00fcbernehmen bedeutet aber auch, den Angriffen des Kapitals und der unsozialen Krisenl\u00f6sung der Regierung etwas entgegenzusetzen \u2013 aktiv im Betrieb und auf der Stra\u00dfe.<\/span><\/strong><\/p>\n<p style=\"text-align: justify;\"><span style=\"font-family: verdana, geneva, sans-serif; font-size: 12pt;\">Denn Kapitalisten und ihre Verb\u00e4nde nutzen die Pandemie und die schwierigen Kampfbedingungen der Gewerkschaften aus, um Verschlechterungen durchzudr\u00fccken. Das hat die letzte Tarifrunde im \u00f6ffentlichen Dienst gezeigt und das zeigte auch die vergangene Tarifrunde der Metall- und Elektroindustrie. In Ostdeutschland versuchen die Besch\u00e4ftigten in der Metallindustrie endlich aktuell eine 35 Stunden Woche durchzusetzen, doch die Arbeitgeber weigern sich. Die Dividenden f\u00fcr die Aktion\u00e4re gro\u00dfer Konzerne sprudeln weiterhin, dennoch bestimmen Entlassungen, Werkschlie\u00dfungen und Produktionsverlagerungen die Situation vieler Betriebe und Einrichtungen in der Region.<br \/>\n<span style=\"color: #ffffff;\">.<\/span><br \/>\n<\/span><strong><span style=\"font-family: verdana, geneva, sans-serif; font-size: 12pt;\"><img loading=\"lazy\" class=\" wp-image-27466 alignright\" src=\"http:\/\/www.deanreed.de\/AmericanRebel\/2017\/wp-content\/uploads\/2021\/04\/2-Kopie-2-300x192.png\" alt=\"\" width=\"336\" height=\"215\" srcset=\"http:\/\/www.deanreed.de\/AmericanRebel\/2017\/wp-content\/uploads\/2021\/04\/2-Kopie-2-300x192.png 300w, http:\/\/www.deanreed.de\/AmericanRebel\/2017\/wp-content\/uploads\/2021\/04\/2-Kopie-2.png 599w\" sizes=\"(max-width: 336px) 100vw, 336px\" \/>Der Kapitalismus ist in der Krise\u2026<\/span><\/strong><\/p>\n<p style=\"text-align: justify;\"><span style=\"font-family: verdana, geneva, sans-serif; font-size: 12pt;\">Ein Jahr nach der Pandemie hat auf aufschlussreichste Weise gezeigt, dass dieses Ausbeutungssystem, der Kapitalismus, nicht humanisiert werden kann. Die Konzertinteressen bestimmen die Politik.<\/span><\/p>\n<p style=\"text-align: justify;\"><span style=\"font-family: verdana, geneva, sans-serif; font-size: 12pt;\">Der Umgang mit der Pandemie, wie beispielsweise mit Schutzausr\u00fcstung, den Impfpatenten, der Bezahlung in Pflege, Kitas oder im Krankenhaus und die Achterbahnfahrt beim \u00d6ffnen und Schlie\u00dfen, f\u00fchrt uns das jeden Tag vor Augen.<\/span><\/p>\n<p style=\"text-align: justify;\"><span style=\"font-family: verdana, geneva, sans-serif; font-size: 12pt;\">W\u00e4hrend die Regierung Unternehmen mit Milliarden-Hilfen unterst\u00fctzt, m\u00fcssen insbesondere Frauen und M\u00fctter schauen, wie sie die zahlreichen soziale Bed\u00fcrfnisse auffangen. Sie sind es, die eine Doppelbelastung im Homeoffice organisieren oder die ihre Erwerbst\u00e4tigkeit reduzieren und unbezahlten Urlaub nehmen, um Kinderbetreuung und Angeh\u00f6rigenpflege zu gew\u00e4hrleisten. Das hat nachhaltige Folgen: schlechtere Chancen auf unbefristete \u00dcbernahme, fehlender Lohn und Altersarmut. <div class=\"hide-this-part-wrap\"><div class=\"hide-this-part-more\" id=\"hide-this-part-0\" morelink-text=\"hier geht es weiter\">hier geht es weiter \u00bb<\/div><div class=\"hide-this-part\" status=\"invisible\"><br \/>\n<\/span><\/p>\n<p style=\"text-align: justify;\"><span style=\"font-family: verdana, geneva, sans-serif; font-size: 12pt;\">Und die Klimakrise? Die ist im Zuge der Corona-Pandemie in den Hintergrund getreten, obwohl wir nur noch wenige Jahre Zeit haben, eine Katastrophe zu verhindern. Auch die Not vieler Menschen, die aufgrund von Kriegen und politischer Verfolgung gezwungen sind zu fl\u00fcchten, darf im Corona Geschehen nicht einfach in Vergessenheit geraten.<br \/>\n<span style=\"color: #ffffff;\">.<\/span><br \/>\n<\/span><strong><span style=\"font-family: verdana, geneva, sans-serif; font-size: 12pt;\">\u2026F\u00fcr Klassenkampf \u2013 gerade jetzt!<\/span><\/strong><\/p>\n<p style=\"text-align: justify;\"><span style=\"font-family: verdana, geneva, sans-serif; font-size: 12pt;\">Wenn Staat und Kapital zum Angriff blasen und den Klassenkampf von oben anheizen, hilft nur Gegenwehr. Sowohl gegen betriebliche Angriffe, als auch gegen drohende K\u00fcrzungsprogramme nach den n\u00e4chsten Wahlen. Kein Tag eignet sich besser als der 1. Mai, die verschiedenen K\u00e4mpfe zu verkn\u00fcpfen, denn noch nie in der Geschichte hat ein Wandel einfach so stattgefunden. Schon immer waren Ver\u00e4nderungen das Resultat von Klassenk\u00e4mpfen, von vielen Menschen, die sich nicht unterkriegen lassen haben.<\/span><\/p>\n<p style=\"text-align: justify;\"><span style=\"font-family: verdana, geneva, sans-serif; font-size: 12pt;\"><img loading=\"lazy\" class=\"alignleft wp-image-27468\" src=\"http:\/\/www.deanreed.de\/AmericanRebel\/2017\/wp-content\/uploads\/2021\/04\/Bildschirmfoto-2021-04-30-um-15.57.51-300x193.png\" alt=\"\" width=\"336\" height=\"216\" srcset=\"http:\/\/www.deanreed.de\/AmericanRebel\/2017\/wp-content\/uploads\/2021\/04\/Bildschirmfoto-2021-04-30-um-15.57.51-300x193.png 300w, http:\/\/www.deanreed.de\/AmericanRebel\/2017\/wp-content\/uploads\/2021\/04\/Bildschirmfoto-2021-04-30-um-15.57.51-1024x658.png 1024w, http:\/\/www.deanreed.de\/AmericanRebel\/2017\/wp-content\/uploads\/2021\/04\/Bildschirmfoto-2021-04-30-um-15.57.51-768x494.png 768w, http:\/\/www.deanreed.de\/AmericanRebel\/2017\/wp-content\/uploads\/2021\/04\/Bildschirmfoto-2021-04-30-um-15.57.51.png 1182w\" sizes=\"(max-width: 336px) 100vw, 336px\" \/>Wir sind verschiedene Menschen aus ganz unterschiedlichen Berufen und Branchen, doch verbinden uns unsere Klassenposition als Lohnabh\u00e4ngige und unsere gemeinsamen Interessen: Gute Lebensbedingungen, eine gesicherte Zukunft, eine Rente die zum Leben reicht. F\u00fcr eine Gesellschaft, die es uns erm\u00f6glicht, unser Leben zu genie\u00dfen, gesund zu sein, Epidemien zu widerstehen, die M\u00f6glichkeit zu haben, zu tr\u00e4umen, menschlich in einer intakten Umwelt zu leben.<\/span><\/p>\n<p style=\"text-align: justify;\"><span style=\"font-family: verdana, geneva, sans-serif; font-size: 12pt;\">Daf\u00fcr m\u00fcssen wir an einem Strang ziehen!<\/span><\/p>\n<p style=\"text-align: justify;\"><span style=\"font-family: verdana, geneva, sans-serif; font-size: 12pt;\">F\u00fcr unsere Ziele spielt es keine Rolle, ob wir bei Daimler oder im Krankenhaus arbeiten, bei Gro\u00dfkonzernen, als Fahrradkurier, im Jugendhaus oder in der Kita. Wir lassen uns nicht gegeneinander aufhetzen und spalten! Nicht in Stammbelegschaften oder Leiharbeiter:innen, nicht in M\u00e4nner, Frauen und andere Geschlechter und nicht in Deutsche oder Migranten\/-innen <\/span><strong><span style=\"font-family: verdana, geneva, sans-serif; font-size: 12pt;\">wir sind eine Klasse.!<\/span><\/strong><\/p>\n<p style=\"text-align: justify;\"><strong><span style=\"font-family: verdana, geneva, sans-serif; font-size: 12pt;\">Zusammen geh\u00f6rt uns die Zukunft.<br \/>\nK\u00e4mpfe vereinen \u2013 als Klasse k\u00e4mpfen!<br \/>\nCorona ist das Virus.<br \/>\n<\/span><span style=\"font-family: verdana, geneva, sans-serif; font-size: 12pt;\">Kapitalismus ist die Pandemie!<\/span><\/strong><\/p>\n<p style=\"text-align: center;\"><span style=\"font-size: 14pt; color: #993300;\"><strong><span style=\"font-family: verdana, geneva, sans-serif;\">Kommt mit uns zur Demonstration im Anschluss<br \/>\nan die DGB Kundgebung! <\/span><span style=\"font-family: verdana, geneva, sans-serif;\">15:30 Marktplatz Waiblingen!<\/span><\/strong><\/span><\/p>\n<p style=\"text-align: justify;\"><strong><span style=\"font-size: 10pt;\"><em><span style=\"font-family: verdana, geneva, sans-serif;\">Die Unterst\u00fctzenden der DGB-Demonstration in Waiblingen:<\/span><\/em><\/span><\/strong><\/p>\n<ul>\n<li><span style=\"font-family: verdana, geneva, sans-serif; font-size: 10pt;\">Verdi Vetrauensleute Rems-Murr-Kliniken<\/span><\/li>\n<li style=\"text-align: justify;\"><span style=\"font-family: verdana, geneva, sans-serif; font-size: 10pt;\">IG Metall Vertrauensleute Firma Lear<\/span><\/li>\n<li style=\"text-align: justify;\"><span style=\"font-family: verdana, geneva, sans-serif; font-size: 10pt;\">Verdi Vertrauensleute Stadt Waiblingen<\/span><\/li>\n<li style=\"text-align: justify;\"><span style=\"font-family: verdana, geneva, sans-serif; font-size: 10pt;\">Solidarit\u00e4t und Klassenkampf<\/span><\/li>\n<li style=\"text-align: justify;\"><span style=\"font-family: verdana, geneva, sans-serif; font-size: 10pt;\">Christa Walz, DGB KV Rems-Murr-Kreis<\/span><\/li>\n<li style=\"text-align: justify;\"><span style=\"font-family: verdana, geneva, sans-serif; font-size: 10pt;\">DGB OV Fellbach<\/span><\/li>\n<li style=\"text-align: justify;\"><span style=\"font-family: verdana, geneva, sans-serif; font-size: 10pt;\">DGB OV Schorndorf<\/span><\/li>\n<li style=\"text-align: justify;\"><span style=\"font-family: verdana, geneva, sans-serif; font-size: 10pt;\">Offenes Antifaschistisches Treffen Rems-Murr<\/span><\/li>\n<li style=\"text-align: justify;\"><span style=\"font-family: verdana, geneva, sans-serif; font-size: 10pt;\">DKP Rems-Murr<\/span><\/li>\n<li style=\"text-align: justify;\"><span style=\"font-family: verdana, geneva, sans-serif; font-size: 10pt;\">VVN \u2013 BdA Rems-Murr<\/span><\/li>\n<\/ul>\n<p><img loading=\"lazy\" class=\"wp-image-10910 aligncenter\" src=\"https:\/\/rotermorgen.eu\/wp-content\/uploads\/2021\/04\/hhhjj-300x284.png\" alt=\"\" width=\"88\" height=\"83\" \/><br \/>\n<span style=\"color: #ffffff;\">.<\/span><span style=\"font-family: verdana, geneva, sans-serif; font-size: 12pt; background-color: #ffff00;\"><strong>STUTTGART<\/strong><\/span><\/p>\n<p style=\"text-align: justify;\"><span style=\"font-family: verdana, geneva, sans-serif; font-size: 12pt;\"><strong><img loading=\"lazy\" class=\"size-medium wp-image-27467 alignright\" src=\"http:\/\/www.deanreed.de\/AmericanRebel\/2017\/wp-content\/uploads\/2021\/04\/Bildschirmfoto-2021-04-30-um-15.58.27-212x300.png\" alt=\"\" width=\"212\" height=\"300\" srcset=\"http:\/\/www.deanreed.de\/AmericanRebel\/2017\/wp-content\/uploads\/2021\/04\/Bildschirmfoto-2021-04-30-um-15.58.27-212x300.png 212w, http:\/\/www.deanreed.de\/AmericanRebel\/2017\/wp-content\/uploads\/2021\/04\/Bildschirmfoto-2021-04-30-um-15.58.27.png 399w\" sizes=\"(max-width: 212px) 100vw, 212px\" \/>Der DGB hat die Solidarit\u00e4t f\u00fcr den 1. Mai zum Motto gemacht: \u201eSolidarit\u00e4t ist Zukunft\u201c. Seine Demonstration in Stuttgart beginnt um 10 Uhr am Stadtgarten und f\u00fchrt dorthin zur\u00fcck zur Schlusskundgebung um 11.30 Uhr mit dem Vorsitzenden des Stuttgarter DGB-Stadtverbands Philipp Vollrath und Sylvia B\u00fchler vom Verdi-Bundesvorstand. Eine Revolution\u00e4re 1. Mai-Demonstration schlie\u00dft sich an. Sie beginnt um 12 Uhr auf dem Karlsplatz.<br \/>\n<\/strong><\/span><\/p>\n<p style=\"text-align: justify;\"><span style=\"font-family: verdana, geneva, sans-serif; font-size: 12pt;\">Am Nachmittag plant das <a href=\"https:\/\/www.gasparitsch.org\/2021\/04\/13\/1-mai-fest-2021-online-togo-angebot\/\">Zentrum Gasparitsch<\/a> in der Rotenbergstra\u00dfe 125 ein 1. Mai-Fest mit To-go- und Online-Angeboten. Und ab 14.30 Uhr gibt es ein <a href=\"https:\/\/www.linkeszentrumstuttgart.org\/2021\/04\/25\/unser-platz-am-1-mai-ab-1430-auf-dem-marienplatz-strassentheater-infostaende-reden-musik\/\">Programm auf dem Marienplatz<\/a> mit Stra\u00dfentheater, Musik, Stellw\u00e4nde und Reden von verschiedenen politischen Initiativen, welche die R\u00e4ume vom Linken Zentrum Lilo Herrmann nutzen.<\/span><\/p>\n<p style=\"text-align: justify;\"><span style=\"font-family: verdana, geneva, sans-serif; font-size: 12pt;\">\u201eDie Geschichte der Arbeiter\/innenbewegung ist keine verstaubte Vergangenheit, sondern eine Geschichte von K\u00e4mpfen, die noch lange nicht erledigt sind\u201c, hei\u00dft es im Aufruf zur Revolution\u00e4ren 1. Mai-Demonstration in Stuttgart, deren Teilnehmerinnen und Teilnehmer sich auch zuvor an der DGB-Demonstration beteiligen wollen: \u201eAm 1. Mai machen wir damals wie heute unsere Seite sichtbar: Mit Aktionen auf der Stra\u00dfe, Mobilisierungen, die an den Lebensrealit\u00e4ten unserer Klasse ankn\u00fcpfen und ohne zu verschweigen, was notwendig und m\u00f6glich w\u00e4re: revolution\u00e4rer Bruch und sozialistischer Aufbau!\u201c, hei\u00dft es weiter.<\/span><\/p>\n<p style=\"text-align: justify;\"><span style=\"font-family: verdana, geneva, sans-serif; font-size: 12pt;\"><strong>Die Gewerkschaftskundgebung in Waiblingen beginnt um 14.45 Uhr auf dem Marktplatz. Die Rote Maidemo schlie\u00dft sich um 15.30 Uhr nach der Kundgebung an.<\/strong><br \/>\n<span style=\"color: #ffffff;\">.<\/span><br \/>\n<\/span><\/p>\n<p style=\"text-align: justify;\"><span style=\"font-family: verdana, geneva, sans-serif; font-size: 12pt;\"><strong>Aufruf zum \u00bbKlassenk\u00e4mpferischen Bereich\u00ab am 1. Mai in Stuttgart<br \/>\n<\/strong><\/span><\/p>\n<p style=\"text-align: justify;\"><strong><span style=\"font-family: verdana, geneva, sans-serif; font-size: 12pt;\">\u201eWir sind Besch\u00e4ftigte und Einzelpersonen aus verschiedenen Berufen, sowie politisch Aktive. Darunter Besch\u00e4ftige aus Krankenh\u00e4usern in Stuttgart, Schorndorf und Ludwigsburg, von der Abfallwirtschaft Stuttgart, der Betriebsgruppe von der Stuttgarter Jugendhausgesellschaft (STJG), der JAV der Stuttgarter Jugendhausgesellschaft (STJG), der ver.di Jugend Stuttgart, dem Aktionsb\u00fcndnis 8. M\u00e4rz, der Interventionistischen Linken Stuttgart und der Organisation Solidarit\u00e4t und Klassenkampf.<\/span><\/strong><\/p>\n<p style=\"text-align: justify;\"><span style=\"font-family: verdana, geneva, sans-serif; font-size: 12pt;\"><img loading=\"lazy\" class=\"alignleft wp-image-27470\" src=\"http:\/\/www.deanreed.de\/AmericanRebel\/2017\/wp-content\/uploads\/2021\/04\/Bildschirmfoto-2021-04-30-um-15.56.36-300x198.png\" alt=\"\" width=\"336\" height=\"222\" srcset=\"http:\/\/www.deanreed.de\/AmericanRebel\/2017\/wp-content\/uploads\/2021\/04\/Bildschirmfoto-2021-04-30-um-15.56.36-300x198.png 300w, http:\/\/www.deanreed.de\/AmericanRebel\/2017\/wp-content\/uploads\/2021\/04\/Bildschirmfoto-2021-04-30-um-15.56.36-1024x677.png 1024w, http:\/\/www.deanreed.de\/AmericanRebel\/2017\/wp-content\/uploads\/2021\/04\/Bildschirmfoto-2021-04-30-um-15.56.36-768x508.png 768w, http:\/\/www.deanreed.de\/AmericanRebel\/2017\/wp-content\/uploads\/2021\/04\/Bildschirmfoto-2021-04-30-um-15.56.36.png 1181w\" sizes=\"(max-width: 336px) 100vw, 336px\" \/>Gerade in Krisenzeiten braucht es Widerstand im Betrieb und auf der Stra\u00dfe, daf\u00fcr gibt es viele gute Gr\u00fcnde. Wir finden es gut und richtig, wenn der DGB \u2013 im Gegensatz zum letzten Jahr \u2013 nicht nur virtuell sichtbar ist, sondern ebenfalls auf die Stra\u00dfe geht. F\u00fcr uns steht fest: Wir gehen am 1. Mai in Stuttgart und der Region auf jeden Fall auf die Stra\u00dfe. F\u00fcr den Fall, dass DGB Demos wie gewohnt stattfinden, wollen wir als Teil dieser eine klassenk\u00e4mpferische Beteiligung organisieren. Wir sind Teil der Gewerkschaftsbewegung. Wir sehen aber zwischen uns und den Arbeitgebern einen grunds\u00e4tzlichen Interessensgegensatz. Und wir engagieren uns f\u00fcr mehr als nur Reformen und Verbesserungen am Bestehenden. Wir sind \u00fcberzeugt, es braucht grunds\u00e4tzliche Ver\u00e4nderung. Es braucht eine Gesellschaft ohne Kapitalismus und Ausbeutung. Das wollen wir am 1. Mai h\u00f6r- und sichtbar machen.<\/span><\/p>\n<p style=\"text-align: justify;\"><span style=\"font-family: verdana, geneva, sans-serif; font-size: 12pt;\">Am 1. Mai auf die Stra\u00dfe!\u2028In der Krise m\u00fcssen wir k\u00e4mpfen!\u2028Es ist nicht mehr lange bis zum 1. Mai 2021. Die Pandemie bestimmt weiterhin das Geschehen und die Infektionszahlen steigen wieder. Es braucht einen verantwortungsvollen Umgang mit dieser Situation. Jetzt Verantwortung zu \u00fcbernehmen bedeutet aber auch, den Angriffen des Kapitals und der unsozialen Krisenl\u00f6sung der Regierung etwas entgegenzusetzen \u2013 aktiv im Betrieb und auf der Stra\u00dfe.<\/span><\/p>\n<p style=\"text-align: justify;\"><span style=\"font-family: verdana, geneva, sans-serif; font-size: 12pt;\">Denn Kapitalisten und ihre Verb\u00e4nde nutzen die Pandemie und die schwierigen Kampfbedingungen der Gewerkschaften aus, um Verschlechterungen durchzudr\u00fccken. Das hat die letzte Tarifrunde im \u00f6ffentlichen Dienst gezeigt und das zeigt auch die laufenden Tarifrunde der Metall- und Elektroindustrie. Der Arbeitgeberverband S\u00fcdwestmetall fordert nicht nur eine Nullrunde beim Lohn, sondern m\u00f6chte erk\u00e4mpfte Errungenschaften vieler Jahre wieder platt machen. Die Dividenden f\u00fcr die Aktion\u00e4re gro\u00dfer Konzerne sprudeln weiterhin, dennoch bestimmen Entlassungen, Werkschlie\u00dfungen und Produktionsverlagerungen die Situation vieler Betriebe und Einrichtungen in der Region.<br \/>\n<span style=\"color: #ffffff;\">.<\/span><br \/>\n<\/span><strong><span style=\"font-family: verdana, geneva, sans-serif; font-size: 12pt;\">Politik f\u00fcr Reiche und Konzerne<\/span><\/strong><\/p>\n<p style=\"text-align: justify;\"><span style=\"font-family: verdana, geneva, sans-serif; font-size: 12pt;\">\u2028<\/span><span style=\"font-family: verdana, geneva, sans-serif; font-size: 12pt;\">Gekaufte und beeinflusste Politiker \u2013 wie j\u00fcngst die CDUler N\u00fc\u00dflein und L\u00f6bel \u2013 sind nur die Spitze des Eisberges und zeigen im Kleinen, was wir f\u00fcr ein Problem im Gro\u00dfen haben \u2013 eine von Konzerninteressen bestimmte Politik. Der Umgang mit der Pandemie, wie beispielsweise mit Schutzausr\u00fcstung, den Impfpatenten, der Bezahlung in Pflege, Kitas oder im Krankenhaus und die Achterbahnfahrt beim \u00d6ffnen und Schlie\u00dfen, f\u00fchrt uns das jeden Tag vor Augen.<\/span><\/p>\n<p style=\"text-align: justify;\"><span style=\"font-family: verdana, geneva, sans-serif; font-size: 12pt;\">W\u00e4hrend die Regierung Unternehmen mit Milliarden-Hilfen unterst\u00fctzt, m\u00fcssen insbesondere Frauen und M\u00fctter schauen, wie sie die zahlreichen soziale Bed\u00fcrfnisse auffangen. Sie sind es, die eine Doppelbelastung im Homeoffice organisieren oder die ihre Erwerbst\u00e4tigkeit reduzieren und unbezahlten Urlaub nehmen, um Kinderbetreuung und Angeh\u00f6rigenpflege zu gew\u00e4hrleisten. Das hat nachhaltige Folgen: schlechtere Chancen auf unbefristete \u00dcbernahme, fehlender Lohn und Altersarmut.<\/span><\/p>\n<p style=\"text-align: justify;\"><span style=\"font-family: verdana, geneva, sans-serif; font-size: 12pt;\">Und die Klimakrise? Die ist im Zuge der Corona-Pandemie in den Hintergrund getreten, obwohl wir nur noch wenige Jahre Zeit haben, eine Katastrophe zu verhindern. Auch die Not vieler Menschen, die aufgrund von Kriegen und politischer Verfolgung gezwungen sind zu fl\u00fcchten, darf im Corona Geschehen nicht einfach in Vergessenheit geraten.<br \/>\n<span style=\"color: #ffffff;\">.<\/span><br \/>\n<strong>F\u00fcr Klassenkampf \u2013 gerade jetzt!<\/strong><\/span><img loading=\"lazy\" class=\" wp-image-27469 alignright\" src=\"http:\/\/www.deanreed.de\/AmericanRebel\/2017\/wp-content\/uploads\/2021\/04\/Bildschirmfoto-2021-04-30-um-15.57.01-300x194.png\" alt=\"\" width=\"336\" height=\"217\" srcset=\"http:\/\/www.deanreed.de\/AmericanRebel\/2017\/wp-content\/uploads\/2021\/04\/Bildschirmfoto-2021-04-30-um-15.57.01-300x194.png 300w, http:\/\/www.deanreed.de\/AmericanRebel\/2017\/wp-content\/uploads\/2021\/04\/Bildschirmfoto-2021-04-30-um-15.57.01-1024x661.png 1024w, http:\/\/www.deanreed.de\/AmericanRebel\/2017\/wp-content\/uploads\/2021\/04\/Bildschirmfoto-2021-04-30-um-15.57.01-768x496.png 768w, http:\/\/www.deanreed.de\/AmericanRebel\/2017\/wp-content\/uploads\/2021\/04\/Bildschirmfoto-2021-04-30-um-15.57.01.png 1183w\" sizes=\"(max-width: 336px) 100vw, 336px\" \/><\/p>\n<p style=\"text-align: justify;\"><span style=\"font-family: verdana, geneva, sans-serif; font-size: 12pt;\">Wenn Staat und Kapital zum Angriff blasen und den Klassenkampf von oben anheizen, hilft nur Gegenwehr. Sowohl gegen betriebliche Angriffe, als auch gegen drohende K\u00fcrzungsprogramme nach den n\u00e4chsten Wahlen. Kein Tag eignet sich besser als der 1. Mai, die verschiedenen K\u00e4mpfe zu verkn\u00fcpfen, denn noch nie in der Geschichte hat ein Wandel einfach so stattgefunden. Schon immer waren Ver\u00e4nderungen das Resultat von Klassenk\u00e4mpfen- von vielen Menschen, die sich nicht haben unterkriegen lassen.<\/span><\/p>\n<p style=\"text-align: justify;\"><span style=\"font-family: verdana, geneva, sans-serif; font-size: 12pt;\">Wir sind verschiedene Menschen aus ganz unterschiedlichen Berufen und Branchen, doch verbinden uns unsere gemeinsamen Interessen: Gute Lebensbedingungen, eine gesicherte Zukunft, eine Rente die zum Leben reicht und eine Umwelt, die wir guten Gewissens unseren Kindern \u00fcbergeben k\u00f6nnen und daf\u00fcr m\u00fcssen wir an einem Strang ziehen. F\u00fcr unsere Ziele spielt es keine Rolle, ob wir bei Daimler oder im Krankenhaus arbeiten, bei Gro\u00dfkonzernen, als Fahrradkurier, im Jugendhaus oder in der Kita. Wir lassen uns nicht gegeneinander aufhetzen und spalten! Nicht in Stammbelegschaften oder Leiharbeiter:innen, nicht in M\u00e4nner, Frauen und andere Geschlechter und nicht in Deutsche oder Migranten\/innen. Wir sind eine Klasse!<\/span><\/p>\n<p style=\"text-align: center;\"><span style=\"color: #993300; font-size: 14pt;\"><strong><span style=\"font-family: verdana, geneva, sans-serif;\">Zusammen geh\u00f6rt uns die Zukunft.\u2028K\u00e4mpfe vereinen \u2013<br \/>\nKapitalismus abschaffen!\u2028Komm mit uns am 1. Mai auf die Stra\u00dfe!\u201c<\/span><\/strong><\/span><\/p>\n<p><span style=\"color: #ffffff;\">.<\/span><\/p>\n<p><a href=\"https:\/\/www.paypal.com\/de\/home\" target=\"_blank\" rel=\"noopener\"><img loading=\"lazy\" class=\"wp-image-26501 aligncenter\" src=\"http:\/\/www.deanreed.de\/AmericanRebel\/2017\/wp-content\/uploads\/2037\/12\/1-300x72.png\" alt=\"\" width=\"661\" height=\"159\" srcset=\"http:\/\/www.deanreed.de\/AmericanRebel\/2017\/wp-content\/uploads\/2037\/12\/1-300x72.png 300w, http:\/\/www.deanreed.de\/AmericanRebel\/2017\/wp-content\/uploads\/2037\/12\/1-1024x245.png 1024w, http:\/\/www.deanreed.de\/AmericanRebel\/2017\/wp-content\/uploads\/2037\/12\/1-768x184.png 768w, http:\/\/www.deanreed.de\/AmericanRebel\/2017\/wp-content\/uploads\/2037\/12\/1-1536x367.png 1536w, http:\/\/www.deanreed.de\/AmericanRebel\/2017\/wp-content\/uploads\/2037\/12\/1-2048x489.png 2048w\" sizes=\"(max-width: 661px) 100vw, 661px\" \/><\/a><\/p>\n<blockquote>\n<div style=\"margin-left: 10px;\"><a title=\"zur Startseite\" href=\"http:\/\/www.americanrebel.de\/\"><img loading=\"lazy\" class=\"alignleft\" src=\"http:\/\/www.deanreed.de\/AmericanRebel\/2017\/wp-content\/uploads\/2017\/03\/back_ar.png\" alt=\"zur\u00fcck zur Startseite\" width=\"156\" height=\"15\" \/><\/a><\/div>\n<div style=\"margin-right: 10px;\"><a href=\"https:\/\/www.facebook.com\/groups\/1683837971860223\/permalink\/1987214344855916\/\" target=\"_blank\" rel=\"noopener noreferrer\"><img loading=\"lazy\" class=\"alignright\" src=\"http:\/\/www.deanreed.de\/AmericanRebel\/2017\/wp-content\/uploads\/2017\/03\/ar_zu_fb.png\" alt=\"hier geht es zur Facebook Diskussionsgruppe\" width=\"353\" height=\"15\" \/><\/a><\/div>\n<p style=\"text-align: center;\"><a href=\"#respond\" target=\"_blank\" rel=\"noopener noreferrer\"><img loading=\"lazy\" class=\"aligncenter\" src=\"http:\/\/www.deanreed.de\/AmericanRebel\/2017\/wp-content\/uploads\/2017\/03\/ar_kommentar-1.png\" alt=\"Sag uns deine Meinung zum Artikel mit einem Kommentar\/Leserbrief\" width=\"627\" height=\"20\" \/><\/a><\/p>\n<\/blockquote>\n<p><\/div><!-- .hide-this-part --><\/div><!-- hide-this-part-wrap --><\/p>\n","protected":false},"excerpt":{"rendered":"<p>Redaktion Roter Morgen \u2013 30. April 2021 \u00bbF\u00fcr eine Zukunft ohne Krisen\u00ab Heraus zum 1. Mai in Waiblingen und Stuttgart! In Waiblingen und Stuttgart finden in diesem Jahr Kundgebungen des DGB und anschlie\u00dfende Rote Maidemos statt. Beides, weil sich engagierte [&hellip;]<a class=\"more-link\" href=\"http:\/\/www.deanreed.de\/AmericanRebel\/2017\/2021\/04\/30\/fuer-eine-zukunft-ohne-krisen-heraus-zum-1-mai-in-waiblingen-und-stuttgart\/\">&darr; Lese den Rest von diesem Eintrag&#8230;<\/a><\/p>\n","protected":false},"author":2,"featured_media":0,"comment_status":"open","ping_status":"open","sticky":false,"template":"","format":"standard","meta":[],"categories":[1],"tags":[2318,748,2421,5164,2594,4860,2149,2184,3661,5165,5166,981,5167,4791,5168,5169,5170,1329,2856,5171,5172,5173,5174],"yoast_head":"<!-- This site is optimized with the Yoast SEO plugin v17.5 - https:\/\/yoast.com\/wordpress\/plugins\/seo\/ -->\n<title>- \u00bbF\u00fcr eine Zukunft ohne Krisen\u00ab Heraus zum 1. Mai in Waiblingen und Stuttgart! &ndash; Onlinezeitung AmericanRebel<\/title>\n<meta name=\"robots\" content=\"index, follow, max-snippet:-1, max-image-preview:large, max-video-preview:-1\" \/>\n<link rel=\"canonical\" href=\"http:\/\/www.deanreed.de\/AmericanRebel\/2017\/2021\/04\/30\/fuer-eine-zukunft-ohne-krisen-heraus-zum-1-mai-in-waiblingen-und-stuttgart\/\" \/>\n<meta property=\"og:locale\" content=\"de_DE\" \/>\n<meta property=\"og:type\" content=\"article\" \/>\n<meta property=\"og:title\" content=\"- \u00bbF\u00fcr eine Zukunft ohne Krisen\u00ab Heraus zum 1. Mai in Waiblingen und Stuttgart! &ndash; Onlinezeitung AmericanRebel\" \/>\n<meta property=\"og:description\" content=\"In Waiblingen und Stuttgart finden in diesem Jahr Kundgebungen des DGB und anschlie\u00dfende Rote Maidemos statt. Beides, weil sich engagierte Kollegen\/innen darum gek\u00fcmmert haben und es nicht dem DGB alleine \u00fcberlassen haben!\" \/>\n<meta property=\"og:url\" content=\"http:\/\/www.deanreed.de\/AmericanRebel\/2017\/2021\/04\/30\/fuer-eine-zukunft-ohne-krisen-heraus-zum-1-mai-in-waiblingen-und-stuttgart\/\" \/>\n<meta property=\"og:site_name\" content=\"Onlinezeitung AmericanRebel\" \/>\n<meta property=\"article:published_time\" content=\"2021-04-30T21:03:09+00:00\" \/>\n<meta property=\"article:modified_time\" content=\"2021-05-01T03:50:02+00:00\" \/>\n<meta property=\"og:image\" content=\"http:\/\/www.deanreed.de\/AmericanRebel\/2017\/wp-content\/uploads\/2021\/04\/rtt.png\" \/>\n\t<meta property=\"og:image:width\" content=\"640\" \/>\n\t<meta property=\"og:image:height\" content=\"460\" \/>\n<meta name=\"twitter:card\" content=\"summary_large_image\" \/>\n<meta name=\"twitter:description\" content=\"In Waiblingen und Stuttgart finden in diesem Jahr Kundgebungen des DGB und anschlie\u00dfende Rote Maidemos statt. Beides, weil sich engagierte Kollegen\/innen darum gek\u00fcmmert haben und es nicht dem DGB alleine \u00fcberlassen haben!\" \/>\n<meta name=\"twitter:image\" content=\"http:\/\/www.deanreed.de\/AmericanRebel\/2017\/wp-content\/uploads\/2021\/04\/rtt.png\" \/>\n<meta name=\"twitter:label1\" content=\"Verfasst von\" \/>\n\t<meta name=\"twitter:data1\" content=\"Redaktion\" \/>\n\t<meta name=\"twitter:label2\" content=\"Gesch\u00e4tzte Lesezeit\" \/>\n\t<meta name=\"twitter:data2\" content=\"10\u00a0Minuten\" \/>\n<script type=\"application\/ld+json\" class=\"yoast-schema-graph\">{\"@context\":\"https:\/\/schema.org\",\"@graph\":[{\"@type\":\"WebSite\",\"@id\":\"https:\/\/www.deanreed.de\/AmericanRebel\/2017\/#website\",\"url\":\"https:\/\/www.deanreed.de\/AmericanRebel\/2017\/\",\"name\":\"Onlinezeitung AmericanRebel\",\"description\":\"Internationale Onlinezeitung f\\u00fcr Frieden, Humanismus, V\\u00f6lkerverst\\u00e4ndigung und Kultur\",\"potentialAction\":[{\"@type\":\"SearchAction\",\"target\":{\"@type\":\"EntryPoint\",\"urlTemplate\":\"https:\/\/www.deanreed.de\/AmericanRebel\/2017\/?s={search_term_string}\"},\"query-input\":\"required name=search_term_string\"}],\"inLanguage\":\"de\"},{\"@type\":\"ImageObject\",\"@id\":\"http:\/\/www.deanreed.de\/AmericanRebel\/2017\/2021\/04\/30\/fuer-eine-zukunft-ohne-krisen-heraus-zum-1-mai-in-waiblingen-und-stuttgart\/#primaryimage\",\"inLanguage\":\"de\",\"url\":\"http:\/\/www.deanreed.de\/AmericanRebel\/2017\/wp-content\/uploads\/2021\/04\/rtt.png\",\"contentUrl\":\"http:\/\/www.deanreed.de\/AmericanRebel\/2017\/wp-content\/uploads\/2021\/04\/rtt.png\",\"width\":640,\"height\":460},{\"@type\":\"WebPage\",\"@id\":\"http:\/\/www.deanreed.de\/AmericanRebel\/2017\/2021\/04\/30\/fuer-eine-zukunft-ohne-krisen-heraus-zum-1-mai-in-waiblingen-und-stuttgart\/#webpage\",\"url\":\"http:\/\/www.deanreed.de\/AmericanRebel\/2017\/2021\/04\/30\/fuer-eine-zukunft-ohne-krisen-heraus-zum-1-mai-in-waiblingen-und-stuttgart\/\",\"name\":\"- \\u00bbF\\u00fcr eine Zukunft ohne Krisen\\u00ab Heraus zum 1. Mai in Waiblingen und Stuttgart! &ndash; Onlinezeitung AmericanRebel\",\"isPartOf\":{\"@id\":\"https:\/\/www.deanreed.de\/AmericanRebel\/2017\/#website\"},\"primaryImageOfPage\":{\"@id\":\"http:\/\/www.deanreed.de\/AmericanRebel\/2017\/2021\/04\/30\/fuer-eine-zukunft-ohne-krisen-heraus-zum-1-mai-in-waiblingen-und-stuttgart\/#primaryimage\"},\"datePublished\":\"2021-04-30T21:03:09+00:00\",\"dateModified\":\"2021-05-01T03:50:02+00:00\",\"author\":{\"@id\":\"https:\/\/www.deanreed.de\/AmericanRebel\/2017\/#\/schema\/person\/9edfca7917cd10b75edaae51c6e7935a\"},\"breadcrumb\":{\"@id\":\"http:\/\/www.deanreed.de\/AmericanRebel\/2017\/2021\/04\/30\/fuer-eine-zukunft-ohne-krisen-heraus-zum-1-mai-in-waiblingen-und-stuttgart\/#breadcrumb\"},\"inLanguage\":\"de\",\"potentialAction\":[{\"@type\":\"ReadAction\",\"target\":[\"http:\/\/www.deanreed.de\/AmericanRebel\/2017\/2021\/04\/30\/fuer-eine-zukunft-ohne-krisen-heraus-zum-1-mai-in-waiblingen-und-stuttgart\/\"]}]},{\"@type\":\"BreadcrumbList\",\"@id\":\"http:\/\/www.deanreed.de\/AmericanRebel\/2017\/2021\/04\/30\/fuer-eine-zukunft-ohne-krisen-heraus-zum-1-mai-in-waiblingen-und-stuttgart\/#breadcrumb\",\"itemListElement\":[{\"@type\":\"ListItem\",\"position\":1,\"name\":\"Startseite\",\"item\":\"https:\/\/www.deanreed.de\/AmericanRebel\/2017\/\"},{\"@type\":\"ListItem\",\"position\":2,\"name\":\"&#8211; \\u00bbF\\u00fcr eine Zukunft ohne Krisen\\u00ab Heraus zum 1. Mai in Waiblingen und Stuttgart!\"}]},{\"@type\":\"Person\",\"@id\":\"https:\/\/www.deanreed.de\/AmericanRebel\/2017\/#\/schema\/person\/9edfca7917cd10b75edaae51c6e7935a\",\"name\":\"Redaktion\",\"url\":\"http:\/\/www.deanreed.de\/AmericanRebel\/2017\/author\/redaktion\/\"}]}<\/script>\n<!-- \/ Yoast SEO plugin. -->","yoast_head_json":{"title":"- \u00bbF\u00fcr eine Zukunft ohne Krisen\u00ab Heraus zum 1. Mai in Waiblingen und Stuttgart! &ndash; Onlinezeitung AmericanRebel","robots":{"index":"index","follow":"follow","max-snippet":"max-snippet:-1","max-image-preview":"max-image-preview:large","max-video-preview":"max-video-preview:-1"},"canonical":"http:\/\/www.deanreed.de\/AmericanRebel\/2017\/2021\/04\/30\/fuer-eine-zukunft-ohne-krisen-heraus-zum-1-mai-in-waiblingen-und-stuttgart\/","og_locale":"de_DE","og_type":"article","og_title":"- \u00bbF\u00fcr eine Zukunft ohne Krisen\u00ab Heraus zum 1. Mai in Waiblingen und Stuttgart! &ndash; Onlinezeitung AmericanRebel","og_description":"In Waiblingen und Stuttgart finden in diesem Jahr Kundgebungen des DGB und anschlie\u00dfende Rote Maidemos statt. Beides, weil sich engagierte Kollegen\/innen darum gek\u00fcmmert haben und es nicht dem DGB alleine \u00fcberlassen haben!","og_url":"http:\/\/www.deanreed.de\/AmericanRebel\/2017\/2021\/04\/30\/fuer-eine-zukunft-ohne-krisen-heraus-zum-1-mai-in-waiblingen-und-stuttgart\/","og_site_name":"Onlinezeitung AmericanRebel","article_published_time":"2021-04-30T21:03:09+00:00","article_modified_time":"2021-05-01T03:50:02+00:00","og_image":[{"width":640,"height":460,"url":"http:\/\/www.deanreed.de\/AmericanRebel\/2017\/wp-content\/uploads\/2021\/04\/rtt.png","type":"image\/png"}],"twitter_card":"summary_large_image","twitter_description":"In Waiblingen und Stuttgart finden in diesem Jahr Kundgebungen des DGB und anschlie\u00dfende Rote Maidemos statt. Beides, weil sich engagierte Kollegen\/innen darum gek\u00fcmmert haben und es nicht dem DGB alleine \u00fcberlassen haben!","twitter_image":"http:\/\/www.deanreed.de\/AmericanRebel\/2017\/wp-content\/uploads\/2021\/04\/rtt.png","twitter_misc":{"Verfasst von":"Redaktion","Gesch\u00e4tzte Lesezeit":"10\u00a0Minuten"},"schema":{"@context":"https:\/\/schema.org","@graph":[{"@type":"WebSite","@id":"https:\/\/www.deanreed.de\/AmericanRebel\/2017\/#website","url":"https:\/\/www.deanreed.de\/AmericanRebel\/2017\/","name":"Onlinezeitung AmericanRebel","description":"Internationale Onlinezeitung f\u00fcr Frieden, Humanismus, V\u00f6lkerverst\u00e4ndigung und Kultur","potentialAction":[{"@type":"SearchAction","target":{"@type":"EntryPoint","urlTemplate":"https:\/\/www.deanreed.de\/AmericanRebel\/2017\/?s={search_term_string}"},"query-input":"required name=search_term_string"}],"inLanguage":"de"},{"@type":"ImageObject","@id":"http:\/\/www.deanreed.de\/AmericanRebel\/2017\/2021\/04\/30\/fuer-eine-zukunft-ohne-krisen-heraus-zum-1-mai-in-waiblingen-und-stuttgart\/#primaryimage","inLanguage":"de","url":"http:\/\/www.deanreed.de\/AmericanRebel\/2017\/wp-content\/uploads\/2021\/04\/rtt.png","contentUrl":"http:\/\/www.deanreed.de\/AmericanRebel\/2017\/wp-content\/uploads\/2021\/04\/rtt.png","width":640,"height":460},{"@type":"WebPage","@id":"http:\/\/www.deanreed.de\/AmericanRebel\/2017\/2021\/04\/30\/fuer-eine-zukunft-ohne-krisen-heraus-zum-1-mai-in-waiblingen-und-stuttgart\/#webpage","url":"http:\/\/www.deanreed.de\/AmericanRebel\/2017\/2021\/04\/30\/fuer-eine-zukunft-ohne-krisen-heraus-zum-1-mai-in-waiblingen-und-stuttgart\/","name":"- \u00bbF\u00fcr eine Zukunft ohne Krisen\u00ab Heraus zum 1. Mai in Waiblingen und Stuttgart! &ndash; Onlinezeitung AmericanRebel","isPartOf":{"@id":"https:\/\/www.deanreed.de\/AmericanRebel\/2017\/#website"},"primaryImageOfPage":{"@id":"http:\/\/www.deanreed.de\/AmericanRebel\/2017\/2021\/04\/30\/fuer-eine-zukunft-ohne-krisen-heraus-zum-1-mai-in-waiblingen-und-stuttgart\/#primaryimage"},"datePublished":"2021-04-30T21:03:09+00:00","dateModified":"2021-05-01T03:50:02+00:00","author":{"@id":"https:\/\/www.deanreed.de\/AmericanRebel\/2017\/#\/schema\/person\/9edfca7917cd10b75edaae51c6e7935a"},"breadcrumb":{"@id":"http:\/\/www.deanreed.de\/AmericanRebel\/2017\/2021\/04\/30\/fuer-eine-zukunft-ohne-krisen-heraus-zum-1-mai-in-waiblingen-und-stuttgart\/#breadcrumb"},"inLanguage":"de","potentialAction":[{"@type":"ReadAction","target":["http:\/\/www.deanreed.de\/AmericanRebel\/2017\/2021\/04\/30\/fuer-eine-zukunft-ohne-krisen-heraus-zum-1-mai-in-waiblingen-und-stuttgart\/"]}]},{"@type":"BreadcrumbList","@id":"http:\/\/www.deanreed.de\/AmericanRebel\/2017\/2021\/04\/30\/fuer-eine-zukunft-ohne-krisen-heraus-zum-1-mai-in-waiblingen-und-stuttgart\/#breadcrumb","itemListElement":[{"@type":"ListItem","position":1,"name":"Startseite","item":"https:\/\/www.deanreed.de\/AmericanRebel\/2017\/"},{"@type":"ListItem","position":2,"name":"&#8211; \u00bbF\u00fcr eine Zukunft ohne Krisen\u00ab Heraus zum 1. Mai in Waiblingen und Stuttgart!"}]},{"@type":"Person","@id":"https:\/\/www.deanreed.de\/AmericanRebel\/2017\/#\/schema\/person\/9edfca7917cd10b75edaae51c6e7935a","name":"Redaktion","url":"http:\/\/www.deanreed.de\/AmericanRebel\/2017\/author\/redaktion\/"}]}},"_links":{"self":[{"href":"http:\/\/www.deanreed.de\/AmericanRebel\/2017\/wp-json\/wp\/v2\/posts\/27463"}],"collection":[{"href":"http:\/\/www.deanreed.de\/AmericanRebel\/2017\/wp-json\/wp\/v2\/posts"}],"about":[{"href":"http:\/\/www.deanreed.de\/AmericanRebel\/2017\/wp-json\/wp\/v2\/types\/post"}],"author":[{"embeddable":true,"href":"http:\/\/www.deanreed.de\/AmericanRebel\/2017\/wp-json\/wp\/v2\/users\/2"}],"replies":[{"embeddable":true,"href":"http:\/\/www.deanreed.de\/AmericanRebel\/2017\/wp-json\/wp\/v2\/comments?post=27463"}],"version-history":[{"count":3,"href":"http:\/\/www.deanreed.de\/AmericanRebel\/2017\/wp-json\/wp\/v2\/posts\/27463\/revisions"}],"predecessor-version":[{"id":27473,"href":"http:\/\/www.deanreed.de\/AmericanRebel\/2017\/wp-json\/wp\/v2\/posts\/27463\/revisions\/27473"}],"wp:attachment":[{"href":"http:\/\/www.deanreed.de\/AmericanRebel\/2017\/wp-json\/wp\/v2\/media?parent=27463"}],"wp:term":[{"taxonomy":"category","embeddable":true,"href":"http:\/\/www.deanreed.de\/AmericanRebel\/2017\/wp-json\/wp\/v2\/categories?post=27463"},{"taxonomy":"post_tag","embeddable":true,"href":"http:\/\/www.deanreed.de\/AmericanRebel\/2017\/wp-json\/wp\/v2\/tags?post=27463"}],"curies":[{"name":"wp","href":"https:\/\/api.w.org\/{rel}","templated":true}]}}