{"id":26904,"date":"2021-03-07T16:16:26","date_gmt":"2021-03-07T15:16:26","guid":{"rendered":"http:\/\/www.deanreed.de\/AmericanRebel\/2017\/?p=26904"},"modified":"2021-03-13T16:25:27","modified_gmt":"2021-03-13T15:25:27","slug":"wochenrueckblick-9-kw-2021","status":"publish","type":"post","link":"http:\/\/www.deanreed.de\/AmericanRebel\/2017\/2021\/03\/07\/wochenrueckblick-9-kw-2021\/","title":{"rendered":"&#8211; Wochenr\u00fcckblick 9. KW 2021"},"content":{"rendered":"<h4><img loading=\"lazy\" class=\" wp-image-26025 aligncenter\" src=\"http:\/\/www.deanreed.de\/AmericanRebel\/2017\/wp-content\/uploads\/2020\/10\/AR_WR_2-300x75.png\" alt=\"\" width=\"664\" height=\"166\" srcset=\"http:\/\/www.deanreed.de\/AmericanRebel\/2017\/wp-content\/uploads\/2020\/10\/AR_WR_2-300x75.png 300w, http:\/\/www.deanreed.de\/AmericanRebel\/2017\/wp-content\/uploads\/2020\/10\/AR_WR_2.png 700w\" sizes=\"(max-width: 664px) 100vw, 664px\" \/><\/h4>\n<p style=\"text-align: justify;\"><strong><br \/>\n<span style=\"font-size: 14pt; color: #993300;\">Zur\u00fcckblickend auf die letzten Tage sind uns einige kommentierbare Vorkommnisse ins Auge gefallen, die wir hier zur Diskussion stellen.<\/span><\/strong><br \/>\n<span style=\"font-family: georgia, palatino, serif; font-size: 12pt;\"><span style=\"color: #000000;\">(Kommis bitte unten eintragen!)<\/span><br \/>\n<span style=\"color: #ffffff;\">.<\/span><span style=\"color: #ffffff;\">.<br \/>\n<strong>.<br \/>\n<span style=\"font-family: georgia, palatino, serif; font-size: 14pt;\"><span style=\"color: #000000;\">4. M\u00e4rz |<\/span><\/span><\/strong><span style=\"color: #000000; font-size: 14pt; font-family: georgia, palatino, serif;\"> <strong>Anrufaktion: Medizinische Behandlung<br \/>\nf\u00fcr Mumia Abu-Jamal!<\/strong><\/span><\/span><\/span><\/p>\n<p style=\"text-align: justify;\"><span style=\"font-family: georgia, palatino, serif; font-size: 12pt;\"><img loading=\"lazy\" class=\" wp-image-26913 aligncenter\" src=\"http:\/\/www.deanreed.de\/AmericanRebel\/2017\/wp-content\/uploads\/2021\/03\/8-Kopie-300x81.png\" alt=\"\" width=\"667\" height=\"180\" srcset=\"http:\/\/www.deanreed.de\/AmericanRebel\/2017\/wp-content\/uploads\/2021\/03\/8-Kopie-300x81.png 300w, http:\/\/www.deanreed.de\/AmericanRebel\/2017\/wp-content\/uploads\/2021\/03\/8-Kopie.png 666w\" sizes=\"(max-width: 667px) 100vw, 667px\" \/><br \/>\nAm 3. M\u00e4rz 2021 wurde bekannt, dass der seit 1981 in den USA inhaftierte Journalist und ehemalige Black-Panther-Aktivist Mumia Abu-Jamal definitiv an Covid-19 erkrankt ist. Schon seit Wochen ist in seinem Fl\u00fcgel in SCI Mahanoy etwa die H\u00e4lfte der Gefangenen mit Corona infiziert, doch die Reaktion der Gef\u00e4ngnisleitung bestand lediglich in noch eingeschr\u00e4nkteren Bewegungsm\u00f6glichkeiten f\u00fcr die Gefangenen, Besuchsverbot und neuen Restriktionen beim Postverkehr. <\/span><br \/>\n<span style=\"font-family: georgia, palatino, serif; font-size: 12pt;\"><a href=\"https:\/\/www.rote-hilfe.de\/\" target=\"_blank\" rel=\"noopener\"><em>Mehr auf \u00bbRote Hilfe news\u00ab<\/em><\/a><strong><br \/>\n<\/strong><span style=\"color: #ffffff;\">.<\/span><br \/>\n<span style=\"color: #ffffff;\">.<br \/>\n<\/span><span style=\"font-size: 14pt;\"><strong>5. M\u00e4rz | Tausende Asylentscheidungen<br \/>\nzu Afghanistan rechtswidrig!<\/strong><\/span><\/span><\/p>\n<div id=\"attachment_26915\" style=\"width: 677px\" class=\"wp-caption aligncenter\"><img aria-describedby=\"caption-attachment-26915\" loading=\"lazy\" class=\" wp-image-26915\" src=\"http:\/\/www.deanreed.de\/AmericanRebel\/2017\/wp-content\/uploads\/2021\/03\/dff-300x81.jpg\" alt=\"\" width=\"667\" height=\"180\" srcset=\"http:\/\/www.deanreed.de\/AmericanRebel\/2017\/wp-content\/uploads\/2021\/03\/dff-300x81.jpg 300w, http:\/\/www.deanreed.de\/AmericanRebel\/2017\/wp-content\/uploads\/2021\/03\/dff.jpg 666w\" sizes=\"(max-width: 667px) 100vw, 667px\" \/><p id=\"caption-attachment-26915\" class=\"wp-caption-text\">Abgeschoben &#8211; Landung in Kabul<\/p><\/div>\n<p style=\"text-align: justify;\"><span style=\"font-size: 12pt; font-family: georgia, palatino, serif;\">Wie aus einer m\u00fcndlichen Frage der innenpolitischen Sprecherin der Fraktion DIE LINKE, Ulla Jelpke, hervorgeht, haben sich 60 Prozent der Asylentscheidungen des BAMF in Bezug auf Schutzsuchende aus Afghanistan falsch herausgestellt.<br \/>\n<a href=\"https:\/\/anfdeutsch.com\/aktuelles\/tausende-asylentscheidungen-zu-afghanistan-rechtswidrig-24949\" target=\"_blank\" rel=\"noopener\"><em>Lest mehr dazu auf \u00bbANF news\u00ab <\/em><\/a><\/span><br \/>\n<span style=\"font-size: 12pt; color: #ffffff; font-family: georgia, palatino, serif;\">.<\/span><br \/>\n<span style=\"font-family: georgia, palatino, serif; font-size: 12pt;\"><span style=\"color: #ffffff;\">.<\/span><strong><br \/>\n<\/strong><span style=\"font-size: 14pt;\"><strong>6. M\u00e4rz | WDR glorifiziert das BRD-Gesundheitssystem<\/strong><\/span><\/span><\/p>\n<div id=\"attachment_26911\" style=\"width: 677px\" class=\"wp-caption aligncenter\"><img aria-describedby=\"caption-attachment-26911\" loading=\"lazy\" class=\" wp-image-26911\" src=\"http:\/\/www.deanreed.de\/AmericanRebel\/2017\/wp-content\/uploads\/2021\/03\/Ungn-300x81.png\" alt=\"\" width=\"667\" height=\"180\" srcset=\"http:\/\/www.deanreed.de\/AmericanRebel\/2017\/wp-content\/uploads\/2021\/03\/Ungn-300x81.png 300w, http:\/\/www.deanreed.de\/AmericanRebel\/2017\/wp-content\/uploads\/2021\/03\/Ungn.png 666w\" sizes=\"(max-width: 667px) 100vw, 667px\" \/><p id=\"caption-attachment-26911\" class=\"wp-caption-text\">Das Zweiklassen-Gesundheitssystem. Symbolbild RoterMorgen<\/p><\/div>\n<p><span style=\"font-family: georgia, palatino, serif; font-size: 12pt;\">Nachdem alle Medien der BRD das Gesundheitssystem der DDR \u201enieder dokumentiert\u201c haben, beginnt jetzt der WDR, das westdeutsche Gesundheitssystem hoch zu glorifizieren.<br \/>\n<em><a href=\"https:\/\/rotermorgen.eu\/wdr-glorifiziert-das-brd-gesundheitssystem\/\" target=\"_blank\" rel=\"noopener noreferrer\">Vol<\/a><a href=\"http:\/\/www.deanreed.de\/AmericanRebel\/vk\/440\/\" target=\"_blank\" rel=\"noopener noreferrer\">kskorrespondenz<\/a><a href=\"https:\/\/rotermorgen.eu\/wdr-glorifiziert-das-brd-gesundheitssystem\/\" target=\"_blank\" rel=\"noopener\"> von Sascha Iwanow auf \u00bbRoterMorgen\u00ab<\/a><\/em>\u00a0 <span class=\"_4n-j _fbReactionComponent__eventDetailsContentTags fsl\" data-testid=\"event-permalink-details\"><em><div class=\"hide-this-part-wrap\"><div class=\"hide-this-part-more\" id=\"hide-this-part-0\" morelink-text=\"hier geht es weiter\">hier geht es weiter \u00bb<\/div><div class=\"hide-this-part\" status=\"invisible\"><\/em><\/span><br \/>\n<span style=\"color: #ffffff;\">.<\/span><br \/>\n<span style=\"font-size: 14pt;\"><span style=\"color: #ffffff;\">.<\/span><strong><br \/>\n<\/strong><span style=\"font-family: georgia, palatino, serif;\"><strong>6. M\u00e4rz | Manifest f\u00fcr die Freiheit von Pablo Has\u00e9l<\/strong><\/span><\/span><\/span><\/p>\n<div id=\"attachment_26849\" style=\"width: 676px\" class=\"wp-caption aligncenter\"><img aria-describedby=\"caption-attachment-26849\" loading=\"lazy\" class=\" wp-image-26849\" src=\"http:\/\/www.deanreed.de\/AmericanRebel\/2017\/wp-content\/uploads\/2021\/03\/dfg-300x81.jpg\" alt=\"\" width=\"666\" height=\"180\" srcset=\"http:\/\/www.deanreed.de\/AmericanRebel\/2017\/wp-content\/uploads\/2021\/03\/dfg-300x81.jpg 300w, http:\/\/www.deanreed.de\/AmericanRebel\/2017\/wp-content\/uploads\/2021\/03\/dfg.jpg 666w\" sizes=\"(max-width: 666px) 100vw, 666px\" \/><p id=\"caption-attachment-26849\" class=\"wp-caption-text\">Katalanische Feuerwehrleute fordern die Freilassung des Rappers Pablo Has\u00e9l. <span style=\"color: #808080;\">Bild: Rodriganda<\/span><\/p><\/div>\n<p style=\"text-align: justify;\"><span style=\"font-family: georgia, palatino, serif; font-size: 12pt;\">Anfang Februar war ich einer der 200 spanischen K\u00fcnstler, die das Manifest f\u00fcr die Freiheit von Pablo Hasel unterzeichnet haben. Dieses Manifest begann mit den Worten: \u201eWir sind uns bewusst, dass es morgen <u>jeden<\/u> von uns treffen kann, wenn wir zulassen, dass Pablo inhaftiert wird. Denn mit dieser unbewussten Angst w\u00fcrden sie ansonsten jeden andersdenkenen Hauch zum Schweigen bringen.\u201c<br \/>\n<a href=\"http:\/\/www.deanreed.de\/AmericanRebel\/elcantor\/pedro-faura-musik-als-waffe-gegen-den-faschismus\/\" target=\"_blank\" rel=\"noopener\"><em>Stellungnahme des Spanischen Liedermachers und Autor bernado Fuster auf ElCantor<\/em><\/a><br \/>\n<span style=\"color: #ffffff;\">.<\/span><br \/>\n<span style=\"color: #ffffff;\">.<\/span><br \/>\n<span style=\"font-size: 14pt;\"><strong>7. M\u00e4rz | <em>Zutaten einer Verschw\u00f6rungstheorie<\/em><\/strong><\/span><br \/>\n<\/span><\/p>\n<div id=\"attachment_26910\" style=\"width: 677px\" class=\"wp-caption aligncenter\"><img aria-describedby=\"caption-attachment-26910\" loading=\"lazy\" class=\" wp-image-26910\" src=\"http:\/\/www.deanreed.de\/AmericanRebel\/2017\/wp-content\/uploads\/2021\/03\/fff-300x81.png\" alt=\"\" width=\"667\" height=\"180\" srcset=\"http:\/\/www.deanreed.de\/AmericanRebel\/2017\/wp-content\/uploads\/2021\/03\/fff-300x81.png 300w, http:\/\/www.deanreed.de\/AmericanRebel\/2017\/wp-content\/uploads\/2021\/03\/fff.png 666w\" sizes=\"(max-width: 667px) 100vw, 667px\" \/><p id=\"caption-attachment-26910\" class=\"wp-caption-text\">Verschw\u00f6rungstheorie Symbolbild, <span style=\"color: #808080;\">Pixabay<\/span><\/p><\/div>\n<p style=\"text-align: justify;\"><span style=\"font-family: georgia, palatino, serif; font-size: 12pt;\">Welcher Zutaten bedarf es, um eine Verschw\u00f6rungstheorie entstehen zu lassen? Wie entsteht der Eindruck, es w\u00fcrden Geheimnisse aufgedeckt, die bisher verschwiegen worden seien? Wie kommt es dazu, dass viele Menschen glauben, dass all den Vorg\u00e4ngen in der Welt ein gro\u00dfer Plan zugrunde liegt, der im Hintergrund abgearbeitet wird?<br \/>\n<a href=\"https:\/\/rotermorgen.eu\/zutaten-einer-verschwoerungstheorie\/\" target=\"_blank\" rel=\"noopener\"><em>Gastautor R\u00fcdiger Rauls berichtete auf \u00bbRoterMorgen\u00ab<\/em><\/a><strong><br \/>\n<\/strong><span style=\"color: #ffffff;\">.<\/span><br \/>\n<span style=\"color: #ffffff;\">.<\/span><strong><br \/>\n<span style=\"font-size: 14pt;\">7. M\u00e4rz | Daimler-Untert\u00fcrkheim:<\/span><br \/>\n<span style=\"font-size: 14pt;\">Zukunftspakt oder Teufelspakt?<\/span><\/strong><\/span><\/p>\n<div id=\"attachment_26912\" style=\"width: 677px\" class=\"wp-caption aligncenter\"><img aria-describedby=\"caption-attachment-26912\" loading=\"lazy\" class=\" wp-image-26912\" src=\"http:\/\/www.deanreed.de\/AmericanRebel\/2017\/wp-content\/uploads\/2021\/03\/3-Kopie-2-300x81.png\" alt=\"\" width=\"667\" height=\"180\" srcset=\"http:\/\/www.deanreed.de\/AmericanRebel\/2017\/wp-content\/uploads\/2021\/03\/3-Kopie-2-300x81.png 300w, http:\/\/www.deanreed.de\/AmericanRebel\/2017\/wp-content\/uploads\/2021\/03\/3-Kopie-2.png 666w\" sizes=\"(max-width: 667px) 100vw, 667px\" \/><p id=\"caption-attachment-26912\" class=\"wp-caption-text\">Protestierende Daimlerkollegen\/-innen, <span style=\"color: #808080;\">Symbolbild<\/span><\/p><\/div>\n<p style=\"text-align: justify;\"><span style=\"font-size: 12pt; font-family: georgia, palatino, serif;\">Stolz hat der Betriebsrat von Daimler-Untert\u00fcrkheim am Freitag, dem 5.3.21, sein Verhandlungsergebnis zur Zukunft in einer Extraausgabe seiner Betriebszeitung \u201eScheibenwischer\u201c pr\u00e4sentiert. Doch das Dokument atmet den Geist des Co-Managements und der Standortlogik! <\/span><br \/>\n<span style=\"font-family: georgia, palatino, serif; font-size: 12pt;\"><a href=\"https:\/\/www.arbeit-zukunft.de\/2021\/03\/07\/daimler-untertuerkheim-zukunftspakt-oder-teufelspakt\/#more-8196\" target=\"_blank\" rel=\"noopener\"><em>Diethard M\u00f6ller berichtete auf \u00bbArbeit Zukunft\u00ab <\/em><\/a><\/span><br \/>\n<span style=\"font-family: georgia, palatino, serif; font-size: 12pt;\"><span style=\"color: #ffffff;\">.<strong><br \/>\n<\/strong>.<\/span><strong><br \/>\n<span style=\"font-size: 14pt;\">7. M\u00e4rz | Preisgekr\u00f6nter Gundermann-Film<\/span><\/strong><\/span><br \/>\n<span style=\"font-size: 12pt; font-family: georgia, palatino, serif;\"><strong>noch bis zum 14. M\u00e4rz auf \u00bbone\u00ab zu sehen<\/strong><\/span><\/p>\n<div id=\"attachment_26914\" style=\"width: 677px\" class=\"wp-caption aligncenter\"><img aria-describedby=\"caption-attachment-26914\" loading=\"lazy\" class=\" wp-image-26914\" src=\"http:\/\/www.deanreed.de\/AmericanRebel\/2017\/wp-content\/uploads\/2021\/03\/2-300x81.png\" alt=\"\" width=\"667\" height=\"180\" srcset=\"http:\/\/www.deanreed.de\/AmericanRebel\/2017\/wp-content\/uploads\/2021\/03\/2-300x81.png 300w, http:\/\/www.deanreed.de\/AmericanRebel\/2017\/wp-content\/uploads\/2021\/03\/2.png 666w\" sizes=\"(max-width: 667px) 100vw, 667px\" \/><p id=\"caption-attachment-26914\" class=\"wp-caption-text\">Gundermann, Teil des Kino-Plakates<\/p><\/div>\n<p style=\"text-align: left;\"><span style=\"font-family: georgia, palatino, serif; font-size: 12pt;\">In der DDR war der singende Baggerfahrer Gerhard Gundermann jedem bekannt. Ein Kinofilm \u00fcber sein Leben wurde mit Preisen \u00fcberh\u00e4uft. Zur Zeit l\u00e4uft die Wiederholung auf \u00bb<em>one<\/em>\u00ab.<br \/>\n<a href=\"https:\/\/rotermorgen.eu\/preisgekroenter-gundermann-film-nochmal-im-ersten\/\" target=\"_blank\" rel=\"noopener\"><em>Volkskorrespondentin KikiRebell und Lothar Jankowiak\u2020 berichten auf \u00bbRoterMorgen\u00ab<\/em><\/a><br \/>\n<span style=\"color: #ffffff;\">. <\/span><span style=\"color: #ffffff;\"><strong><br \/>\n.<br \/>\n<\/strong><\/span><span style=\"font-size: 14pt;\"><strong>7. M\u00e4rz | &gt;&gt;&gt; Spendenaufruf &lt;&lt;&lt;<br \/>\n<\/strong><\/span><\/span><br \/>\n<span style=\"font-family: georgia, palatino, serif; font-size: 12pt;\"><img loading=\"lazy\" class=\" wp-image-26645 aligncenter\" src=\"http:\/\/www.deanreed.de\/AmericanRebel\/2017\/wp-content\/uploads\/2021\/02\/2-300x75.png\" alt=\"\" width=\"668\" height=\"167\" srcset=\"http:\/\/www.deanreed.de\/AmericanRebel\/2017\/wp-content\/uploads\/2021\/02\/2-300x75.png 300w, http:\/\/www.deanreed.de\/AmericanRebel\/2017\/wp-content\/uploads\/2021\/02\/2.png 700w\" sizes=\"(max-width: 668px) 100vw, 668px\" \/><br \/>\nAuch linker Journalismus ist nicht kostenlos und auch kleine Spenden k\u00f6nnen helfen, Gro\u00dfes zu ver\u00f6ffentlichen!<\/span><br \/>\n<span style=\"font-family: georgia, palatino, serif; font-size: 12pt;\"><a href=\"http:\/\/www.deanreed.de\/AmericanRebel\/2017\/?p=26668\" target=\"_blank\" rel=\"noopener\"><em>AmericanRebel bittet um Solispenden<\/em><\/a><\/span><\/p>\n<p><span style=\"color: #ffffff;\">.<\/span><strong><br \/>\n<\/strong><\/p>\n<p style=\"text-align: center;\"><span style=\"font-size: 10pt; font-family: verdana, geneva, sans-serif;\"><strong>Die Redaktion dankt den Volkskorrespondenten\/-innen Hosteni, Zeki, Nico,<br \/>\nKikiRebel, Rui-Filipe, Sascha, Kalle, Klaus, Fiete und Reinhold<br \/>\nf\u00fcr die Unterst\u00fctzung bei der Erstellung.<br \/>\n<\/strong>Dieser R\u00fcckblick erhebt nicht den Anspruch auf Vollst\u00e4ndigkeit.<br \/>\nVerlinkte- und mit Namen gekennzeichnete Texte m\u00fcssen<br \/>\nnicht in allen Punkten der Meinung der Redaktionen entsprechen.<strong><br \/>\n\u00bbWochenr\u00fcckblick\u00ab ist ein Projekt von<br \/>\n<a href=\"http:\/\/www.deanreed.de\/AmericanRebel\/2017\/?page_id=25757\" target=\"_blank\" rel=\"noopener\"><img loading=\"lazy\" class=\"wp-image-8196 aligncenter\" src=\"https:\/\/rotermorgen.eu\/wp-content\/uploads\/2021\/01\/2-Kopie-2-1.png\" alt=\"\" width=\"259\" height=\"126\" \/><\/a>eMail: <a href=\"mailto:Wochenrueckblick@gmx.net\" target=\"_blank\" rel=\"noopener noreferrer\">Wochenrueckblick@gmx.net<\/a><\/strong><\/span><\/p>\n<p>&nbsp;<\/p>\n<p><a href=\"http:\/\/www.deanreed.de\/AmericanRebel\/2017\/?p=26668\" target=\"_blank\" rel=\"noopener\"><img loading=\"lazy\" class=\"wp-image-26501 aligncenter\" src=\"http:\/\/www.deanreed.de\/AmericanRebel\/2017\/wp-content\/uploads\/2037\/12\/1-300x72.png\" alt=\"\" width=\"661\" height=\"159\" srcset=\"http:\/\/www.deanreed.de\/AmericanRebel\/2017\/wp-content\/uploads\/2037\/12\/1-300x72.png 300w, http:\/\/www.deanreed.de\/AmericanRebel\/2017\/wp-content\/uploads\/2037\/12\/1-1024x245.png 1024w, http:\/\/www.deanreed.de\/AmericanRebel\/2017\/wp-content\/uploads\/2037\/12\/1-768x184.png 768w, http:\/\/www.deanreed.de\/AmericanRebel\/2017\/wp-content\/uploads\/2037\/12\/1-1536x367.png 1536w, http:\/\/www.deanreed.de\/AmericanRebel\/2017\/wp-content\/uploads\/2037\/12\/1-2048x489.png 2048w\" sizes=\"(max-width: 661px) 100vw, 661px\" \/><\/a><\/p>\n<blockquote>\n<div style=\"margin-left: 10px;\"><a title=\"zur Startseite\" href=\"http:\/\/www.americanrebel.de\/\"><img loading=\"lazy\" class=\"alignleft\" src=\"http:\/\/www.deanreed.de\/AmericanRebel\/2017\/wp-content\/uploads\/2017\/03\/back_ar.png\" alt=\"zur\u00fcck zur Startseite\" width=\"156\" height=\"15\" \/><\/a><\/div>\n<div style=\"margin-right: 10px;\"><a href=\"https:\/\/www.facebook.com\/groups\/1683837971860223\/permalink\/1987214344855916\/\" target=\"_blank\" rel=\"noopener noreferrer\"><img loading=\"lazy\" class=\"alignright\" src=\"http:\/\/www.deanreed.de\/AmericanRebel\/2017\/wp-content\/uploads\/2017\/03\/ar_zu_fb.png\" alt=\"hier geht es zur Facebook Diskussionsgruppe\" width=\"353\" height=\"15\" \/><\/a><\/div>\n<p style=\"text-align: center;\"><a href=\"#respond\" target=\"_blank\" rel=\"noopener noreferrer\"><img loading=\"lazy\" class=\"aligncenter\" src=\"http:\/\/www.deanreed.de\/AmericanRebel\/2017\/wp-content\/uploads\/2017\/03\/ar_kommentar-1.png\" alt=\"Sag uns deine Meinung zum Artikel mit einem Kommentar\/Leserbrief\" width=\"627\" height=\"20\" \/><\/a><\/p>\n<\/blockquote>\n<p><span class=\"_4n-j _fbReactionComponent__eventDetailsContentTags fsl\" data-testid=\"event-permalink-details\"><\/div><!-- .hide-this-part --><\/div><!-- hide-this-part-wrap --><br \/>\n<\/span><\/p>\n","protected":false},"excerpt":{"rendered":"<p>Zur\u00fcckblickend auf die letzten Tage sind uns einige kommentierbare Vorkommnisse ins Auge gefallen, die wir hier zur Diskussion stellen. (Kommis bitte unten eintragen!) .. . 4. M\u00e4rz | Anrufaktion: Medizinische Behandlung f\u00fcr Mumia Abu-Jamal! Am 3. M\u00e4rz 2021 wurde bekannt, [&hellip;]<a class=\"more-link\" href=\"http:\/\/www.deanreed.de\/AmericanRebel\/2017\/2021\/03\/07\/wochenrueckblick-9-kw-2021\/\">&darr; Lese den Rest von diesem Eintrag&#8230;<\/a><\/p>\n","protected":false},"author":2,"featured_media":0,"comment_status":"open","ping_status":"open","sticky":false,"template":"","format":"standard","meta":[],"categories":[1],"tags":[748,4864,2594,8,4865,4787,4728,4866,4790,3939,4729,4730,4867,4868,4791,2021,4731,4869,2225,4870,4601,1329,4734,4011,4736],"yoast_head":"<!-- This site is optimized with the Yoast SEO plugin v17.5 - https:\/\/yoast.com\/wordpress\/plugins\/seo\/ -->\n<title>- Wochenr\u00fcckblick 9. KW 2021 &ndash; Onlinezeitung AmericanRebel<\/title>\n<meta name=\"robots\" content=\"index, follow, max-snippet:-1, max-image-preview:large, max-video-preview:-1\" \/>\n<link rel=\"canonical\" href=\"https:\/\/www.deanreed.de\/AmericanRebel\/2017\/2021\/03\/07\/wochenrueckblick-9-kw-2021\/\" \/>\n<meta property=\"og:locale\" content=\"de_DE\" \/>\n<meta property=\"og:type\" content=\"article\" \/>\n<meta property=\"og:title\" content=\"- Wochenr\u00fcckblick 9. KW 2021 &ndash; Onlinezeitung AmericanRebel\" \/>\n<meta property=\"og:description\" content=\"Zur\u00fcckblickend auf die letzten Tage sind uns einige kommentierbare Vorkommnisse ins Auge gefallen, die wir hier zur Diskussion stellen.\" \/>\n<meta property=\"og:url\" content=\"https:\/\/www.deanreed.de\/AmericanRebel\/2017\/2021\/03\/07\/wochenrueckblick-9-kw-2021\/\" \/>\n<meta property=\"og:site_name\" content=\"Onlinezeitung AmericanRebel\" \/>\n<meta property=\"article:published_time\" content=\"2021-03-07T15:16:26+00:00\" \/>\n<meta property=\"article:modified_time\" content=\"2021-03-13T15:25:27+00:00\" \/>\n<meta property=\"og:image\" content=\"https:\/\/www.deanreed.de\/AmericanRebel\/2017\/wp-content\/uploads\/2020\/12\/3-Kopie.png\" \/>\n\t<meta property=\"og:image:width\" content=\"640\" \/>\n\t<meta property=\"og:image:height\" content=\"460\" \/>\n<meta name=\"twitter:card\" content=\"summary_large_image\" \/>\n<meta name=\"twitter:label1\" content=\"Verfasst von\" \/>\n\t<meta name=\"twitter:data1\" content=\"Redaktion\" \/>\n\t<meta name=\"twitter:label2\" content=\"Gesch\u00e4tzte Lesezeit\" \/>\n\t<meta name=\"twitter:data2\" content=\"6\u00a0Minuten\" \/>\n<script type=\"application\/ld+json\" class=\"yoast-schema-graph\">{\"@context\":\"https:\/\/schema.org\",\"@graph\":[{\"@type\":\"WebSite\",\"@id\":\"https:\/\/www.deanreed.de\/AmericanRebel\/2017\/#website\",\"url\":\"https:\/\/www.deanreed.de\/AmericanRebel\/2017\/\",\"name\":\"Onlinezeitung AmericanRebel\",\"description\":\"Internationale Onlinezeitung f\\u00fcr Frieden, Humanismus, V\\u00f6lkerverst\\u00e4ndigung und Kultur\",\"potentialAction\":[{\"@type\":\"SearchAction\",\"target\":{\"@type\":\"EntryPoint\",\"urlTemplate\":\"https:\/\/www.deanreed.de\/AmericanRebel\/2017\/?s={search_term_string}\"},\"query-input\":\"required name=search_term_string\"}],\"inLanguage\":\"de\"},{\"@type\":\"ImageObject\",\"@id\":\"https:\/\/www.deanreed.de\/AmericanRebel\/2017\/2021\/03\/07\/wochenrueckblick-9-kw-2021\/#primaryimage\",\"inLanguage\":\"de\",\"url\":\"http:\/\/www.deanreed.de\/AmericanRebel\/2017\/wp-content\/uploads\/2020\/12\/3-Kopie.png\",\"contentUrl\":\"http:\/\/www.deanreed.de\/AmericanRebel\/2017\/wp-content\/uploads\/2020\/12\/3-Kopie.png\",\"width\":640,\"height\":460},{\"@type\":\"WebPage\",\"@id\":\"https:\/\/www.deanreed.de\/AmericanRebel\/2017\/2021\/03\/07\/wochenrueckblick-9-kw-2021\/#webpage\",\"url\":\"https:\/\/www.deanreed.de\/AmericanRebel\/2017\/2021\/03\/07\/wochenrueckblick-9-kw-2021\/\",\"name\":\"- Wochenr\\u00fcckblick 9. KW 2021 &ndash; Onlinezeitung AmericanRebel\",\"isPartOf\":{\"@id\":\"https:\/\/www.deanreed.de\/AmericanRebel\/2017\/#website\"},\"primaryImageOfPage\":{\"@id\":\"https:\/\/www.deanreed.de\/AmericanRebel\/2017\/2021\/03\/07\/wochenrueckblick-9-kw-2021\/#primaryimage\"},\"datePublished\":\"2021-03-07T15:16:26+00:00\",\"dateModified\":\"2021-03-13T15:25:27+00:00\",\"author\":{\"@id\":\"https:\/\/www.deanreed.de\/AmericanRebel\/2017\/#\/schema\/person\/9edfca7917cd10b75edaae51c6e7935a\"},\"breadcrumb\":{\"@id\":\"https:\/\/www.deanreed.de\/AmericanRebel\/2017\/2021\/03\/07\/wochenrueckblick-9-kw-2021\/#breadcrumb\"},\"inLanguage\":\"de\",\"potentialAction\":[{\"@type\":\"ReadAction\",\"target\":[\"https:\/\/www.deanreed.de\/AmericanRebel\/2017\/2021\/03\/07\/wochenrueckblick-9-kw-2021\/\"]}]},{\"@type\":\"BreadcrumbList\",\"@id\":\"https:\/\/www.deanreed.de\/AmericanRebel\/2017\/2021\/03\/07\/wochenrueckblick-9-kw-2021\/#breadcrumb\",\"itemListElement\":[{\"@type\":\"ListItem\",\"position\":1,\"name\":\"Startseite\",\"item\":\"https:\/\/www.deanreed.de\/AmericanRebel\/2017\/\"},{\"@type\":\"ListItem\",\"position\":2,\"name\":\"&#8211; Wochenr\\u00fcckblick 9. KW 2021\"}]},{\"@type\":\"Person\",\"@id\":\"https:\/\/www.deanreed.de\/AmericanRebel\/2017\/#\/schema\/person\/9edfca7917cd10b75edaae51c6e7935a\",\"name\":\"Redaktion\",\"url\":\"http:\/\/www.deanreed.de\/AmericanRebel\/2017\/author\/redaktion\/\"}]}<\/script>\n<!-- \/ Yoast SEO plugin. -->","yoast_head_json":{"title":"- Wochenr\u00fcckblick 9. KW 2021 &ndash; Onlinezeitung AmericanRebel","robots":{"index":"index","follow":"follow","max-snippet":"max-snippet:-1","max-image-preview":"max-image-preview:large","max-video-preview":"max-video-preview:-1"},"canonical":"https:\/\/www.deanreed.de\/AmericanRebel\/2017\/2021\/03\/07\/wochenrueckblick-9-kw-2021\/","og_locale":"de_DE","og_type":"article","og_title":"- Wochenr\u00fcckblick 9. KW 2021 &ndash; Onlinezeitung AmericanRebel","og_description":"Zur\u00fcckblickend auf die letzten Tage sind uns einige kommentierbare Vorkommnisse ins Auge gefallen, die wir hier zur Diskussion stellen.","og_url":"https:\/\/www.deanreed.de\/AmericanRebel\/2017\/2021\/03\/07\/wochenrueckblick-9-kw-2021\/","og_site_name":"Onlinezeitung AmericanRebel","article_published_time":"2021-03-07T15:16:26+00:00","article_modified_time":"2021-03-13T15:25:27+00:00","og_image":[{"width":640,"height":460,"url":"https:\/\/www.deanreed.de\/AmericanRebel\/2017\/wp-content\/uploads\/2020\/12\/3-Kopie.png","type":"image\/png"}],"twitter_card":"summary_large_image","twitter_misc":{"Verfasst von":"Redaktion","Gesch\u00e4tzte Lesezeit":"6\u00a0Minuten"},"schema":{"@context":"https:\/\/schema.org","@graph":[{"@type":"WebSite","@id":"https:\/\/www.deanreed.de\/AmericanRebel\/2017\/#website","url":"https:\/\/www.deanreed.de\/AmericanRebel\/2017\/","name":"Onlinezeitung AmericanRebel","description":"Internationale Onlinezeitung f\u00fcr Frieden, Humanismus, V\u00f6lkerverst\u00e4ndigung und Kultur","potentialAction":[{"@type":"SearchAction","target":{"@type":"EntryPoint","urlTemplate":"https:\/\/www.deanreed.de\/AmericanRebel\/2017\/?s={search_term_string}"},"query-input":"required name=search_term_string"}],"inLanguage":"de"},{"@type":"ImageObject","@id":"https:\/\/www.deanreed.de\/AmericanRebel\/2017\/2021\/03\/07\/wochenrueckblick-9-kw-2021\/#primaryimage","inLanguage":"de","url":"http:\/\/www.deanreed.de\/AmericanRebel\/2017\/wp-content\/uploads\/2020\/12\/3-Kopie.png","contentUrl":"http:\/\/www.deanreed.de\/AmericanRebel\/2017\/wp-content\/uploads\/2020\/12\/3-Kopie.png","width":640,"height":460},{"@type":"WebPage","@id":"https:\/\/www.deanreed.de\/AmericanRebel\/2017\/2021\/03\/07\/wochenrueckblick-9-kw-2021\/#webpage","url":"https:\/\/www.deanreed.de\/AmericanRebel\/2017\/2021\/03\/07\/wochenrueckblick-9-kw-2021\/","name":"- Wochenr\u00fcckblick 9. KW 2021 &ndash; Onlinezeitung AmericanRebel","isPartOf":{"@id":"https:\/\/www.deanreed.de\/AmericanRebel\/2017\/#website"},"primaryImageOfPage":{"@id":"https:\/\/www.deanreed.de\/AmericanRebel\/2017\/2021\/03\/07\/wochenrueckblick-9-kw-2021\/#primaryimage"},"datePublished":"2021-03-07T15:16:26+00:00","dateModified":"2021-03-13T15:25:27+00:00","author":{"@id":"https:\/\/www.deanreed.de\/AmericanRebel\/2017\/#\/schema\/person\/9edfca7917cd10b75edaae51c6e7935a"},"breadcrumb":{"@id":"https:\/\/www.deanreed.de\/AmericanRebel\/2017\/2021\/03\/07\/wochenrueckblick-9-kw-2021\/#breadcrumb"},"inLanguage":"de","potentialAction":[{"@type":"ReadAction","target":["https:\/\/www.deanreed.de\/AmericanRebel\/2017\/2021\/03\/07\/wochenrueckblick-9-kw-2021\/"]}]},{"@type":"BreadcrumbList","@id":"https:\/\/www.deanreed.de\/AmericanRebel\/2017\/2021\/03\/07\/wochenrueckblick-9-kw-2021\/#breadcrumb","itemListElement":[{"@type":"ListItem","position":1,"name":"Startseite","item":"https:\/\/www.deanreed.de\/AmericanRebel\/2017\/"},{"@type":"ListItem","position":2,"name":"&#8211; Wochenr\u00fcckblick 9. KW 2021"}]},{"@type":"Person","@id":"https:\/\/www.deanreed.de\/AmericanRebel\/2017\/#\/schema\/person\/9edfca7917cd10b75edaae51c6e7935a","name":"Redaktion","url":"http:\/\/www.deanreed.de\/AmericanRebel\/2017\/author\/redaktion\/"}]}},"_links":{"self":[{"href":"http:\/\/www.deanreed.de\/AmericanRebel\/2017\/wp-json\/wp\/v2\/posts\/26904"}],"collection":[{"href":"http:\/\/www.deanreed.de\/AmericanRebel\/2017\/wp-json\/wp\/v2\/posts"}],"about":[{"href":"http:\/\/www.deanreed.de\/AmericanRebel\/2017\/wp-json\/wp\/v2\/types\/post"}],"author":[{"embeddable":true,"href":"http:\/\/www.deanreed.de\/AmericanRebel\/2017\/wp-json\/wp\/v2\/users\/2"}],"replies":[{"embeddable":true,"href":"http:\/\/www.deanreed.de\/AmericanRebel\/2017\/wp-json\/wp\/v2\/comments?post=26904"}],"version-history":[{"count":6,"href":"http:\/\/www.deanreed.de\/AmericanRebel\/2017\/wp-json\/wp\/v2\/posts\/26904\/revisions"}],"predecessor-version":[{"id":26918,"href":"http:\/\/www.deanreed.de\/AmericanRebel\/2017\/wp-json\/wp\/v2\/posts\/26904\/revisions\/26918"}],"wp:attachment":[{"href":"http:\/\/www.deanreed.de\/AmericanRebel\/2017\/wp-json\/wp\/v2\/media?parent=26904"}],"wp:term":[{"taxonomy":"category","embeddable":true,"href":"http:\/\/www.deanreed.de\/AmericanRebel\/2017\/wp-json\/wp\/v2\/categories?post=26904"},{"taxonomy":"post_tag","embeddable":true,"href":"http:\/\/www.deanreed.de\/AmericanRebel\/2017\/wp-json\/wp\/v2\/tags?post=26904"}],"curies":[{"name":"wp","href":"https:\/\/api.w.org\/{rel}","templated":true}]}}