{"id":26156,"date":"2020-11-09T12:53:56","date_gmt":"2020-11-09T11:53:56","guid":{"rendered":"http:\/\/www.deanreed.de\/AmericanRebel\/2017\/?p=26156"},"modified":"2020-11-10T09:28:51","modified_gmt":"2020-11-10T08:28:51","slug":"wochenrueckblick-45-kalenderwoche","status":"publish","type":"post","link":"http:\/\/www.deanreed.de\/AmericanRebel\/2017\/2020\/11\/09\/wochenrueckblick-45-kalenderwoche\/","title":{"rendered":"Wochenr\u00fcckblick 45. Kalenderwoche"},"content":{"rendered":"<p style=\"text-align: justify;\"><img loading=\"lazy\" class=\" wp-image-26025 aligncenter\" src=\"http:\/\/www.deanreed.de\/AmericanRebel\/2017\/wp-content\/uploads\/2020\/10\/AR_WR_2-300x75.png\" alt=\"\" width=\"668\" height=\"167\" srcset=\"http:\/\/www.deanreed.de\/AmericanRebel\/2017\/wp-content\/uploads\/2020\/10\/AR_WR_2-300x75.png 300w, http:\/\/www.deanreed.de\/AmericanRebel\/2017\/wp-content\/uploads\/2020\/10\/AR_WR_2.png 700w\" sizes=\"(max-width: 668px) 100vw, 668px\" \/><br \/>\n<span style=\"font-size: 12pt; font-family: georgia, palatino, serif;\"><span style=\"color: #ff0000;\"><strong>Zur\u00fcckblickend auf die letzten Tage sind uns einige kommentierbare Vorkommnisse ins Auge gefallen, die wir hier zur Diskussion stellen.<\/strong><\/span><\/span><br \/>\n<span style=\"font-size: 12pt; font-family: georgia, palatino, serif;\"><strong>(Kommentar bitte unten eintragen!)<br \/>\n<\/strong><span style=\"color: #ffffff;\">.<\/span><strong><br \/>\n<\/strong><\/span><\/p>\n<p><strong><span style=\"font-size: 12pt; font-family: georgia, palatino, serif;\">2. November | Dresden: Keine Maske, daf\u00fcr Hitlergru\u00df<\/span><\/strong><\/p>\n<div id=\"attachment_6649\" style=\"width: 676px\" class=\"wp-caption aligncenter\"><img aria-describedby=\"caption-attachment-6649\" loading=\"lazy\" class=\"size-full wp-image-6649\" src=\"https:\/\/rotermorgen.eu\/wp-content\/uploads\/2020\/11\/jz5re.png\" alt=\"\" width=\"666\" height=\"180\" \/><p id=\"caption-attachment-6649\" class=\"wp-caption-text\"><span style=\"font-family: georgia, palatino, serif; font-size: 10pt;\">Dresden, 31. Okt. 2020. Demo ohne Mund-Nasen-Schutz &#8211; daf\u00fcr mit Hitlergru\u00df. <span style=\"color: #808080;\">Bild: YouTube<\/span><\/span><\/p><\/div>\n<p style=\"text-align: justify;\"><span style=\"font-family: georgia, palatino, serif; font-size: 12pt;\">Mehrere Tausend Menschen haben am Samstag in Dresden gegen die Corona-Eind\u00e4mmungsma\u00dfnahmen demonstriert. Insgesamt h\u00e4tten sich zwischen 3.000 und 4.000 Menschen daran beteiligt, erkl\u00e4rte ein Sprecher der Polizeidirektion Dresden, am Sonntag. Zu der Demonstration hatten demnach mehrere Initiativen aufgerufen, unter anderem die Gruppe \u201eQuerdenken 351Dresden\u201c.<br \/>\n<span style=\"color: #ffffff;\">..<\/span>Anstatt einen Mund-Nasen-Schutz zu tragen, der bei Kundgebungen in der Dresdner Innenstadt vorgeschrieben ist, h\u00e4tten mehrere Hundert Menschen Atteste oder Bescheinigungen f\u00fcr eine Befreiung der Maskenpflicht vorgezeigt, teilte die Polizei am Samstagabend mit. Ob diese Bescheide authentisch seien, h\u00e4tten die Einsatzkr\u00e4fte vor Ort nicht kl\u00e4ren k\u00f6nnen. Es seien von der Polizei mehrere Anzeigen wegen des Verdachts der Urkundenf\u00e4lschung gefertigt worden. Zudem sei der Veranstalter der Demonstration mehrfach auf die Verst\u00f6\u00dfe der Auflagen hingewiesen worden, hie\u00df es.<br \/>\n<span style=\"color: #ffffff;\">..<\/span><\/span><span style=\"font-family: georgia, palatino, serif; font-size: 12pt;\">Jeder der sich in solchen Demontrationen einreiht, ist sein Anliegen auch noch so gerechtfertigt, sollte wissen das er damit die rechten Elemente mit ihrem faschistischen Gedankengut unterst\u00fctzt.<\/span><br \/>\n<span style=\"color: #ffffff;\">.<\/span><br \/>\n<span style=\"color: #ffffff;\">.<\/span><br \/>\n<span style=\"font-family: georgia, palatino, serif; font-size: 12pt;\"><strong>2. November | \u00bbDie Angst vor dem eigenen Volk.<\/strong><\/span><br \/>\n<span style=\"font-family: georgia, palatino, serif; font-size: 12pt;\"><strong>\u00ab Wie die chinesischen Beh\u00f6rden die B\u00fcrger auf Schritt und Tritt \u00fcberwachen<\/strong><\/span><\/p>\n<div id=\"attachment_6665\" style=\"width: 675px\" class=\"wp-caption aligncenter\"><img aria-describedby=\"caption-attachment-6665\" loading=\"lazy\" class=\"size-full wp-image-6665\" src=\"https:\/\/rotermorgen.eu\/wp-content\/uploads\/2020\/11\/hhh.jpg\" alt=\"\" width=\"665\" height=\"191\" \/><p id=\"caption-attachment-6665\" class=\"wp-caption-text\"><span style=\"font-family: georgia, palatino, serif; font-size: 10pt;\">626 Millionen \u00dcberwachungskameras bis Ende 2020 in China installiert werden. <span style=\"color: #808080;\">Bild: Symbolbild Pixabay<\/span><\/span><\/p><\/div>\n<p style=\"text-align: justify;\"><span style=\"font-family: georgia, palatino, serif; font-size: 12pt;\">\u00bbBis 2020 will Xi Jinping 600 Millionen Kameras installieren. Dahinter steckt nicht nur der Drang nach Kontrolle, sondern auch die Angst vor dem eigenen Volk.\u00ab SWR Marktcheck: Chinas digitale Diktatur hat auch Folgen f\u00fcr deutsche Firmen \u00bbChina ist auf dem Weg zur digitalen Diktatur. Seit diesem Jahr entgeht niemand mehr der totalen \u00dcberwachung. Das sogenannte Sozialkreditsystem bewertet nicht nur das Verhalten der B\u00fcrger\/innen, sondern auch von Unternehmen. Zahlungsverzug bei Rechnungen, juristische Auseinandersetzung und vielesmehr f\u00fchrt zu Punkteabzug. Auch deutsche Firmen sind betroffen. F\u00fcr sie steht viel auf dem Spiel. Denn zuwenig Punkte k\u00f6nnen sogar zu einem Marktausschluss f\u00fchren.&#8220; (&#8230;) \u201eDas ist etwas v\u00f6llig Neues, ein Regulierungssystem wie es noch nie eines gab.\u201c<br \/>\n<em><span style=\"color: #ffffff;\">..<\/span>\u201ePlusminus\u201c <a href=\"https:\/\/www.youtube.com\/watch?v=IxsDAsxWEZk\" target=\"_blank\" rel=\"noopener noreferrer\">begleitet zwei deutsche Unternehmen<\/a> <span style=\"font-size: 10pt;\">(YouTube-Verlinkung)<\/span><\/em><\/span><br \/>\n<span style=\"color: #ffffff;\">.<\/span><br \/>\n<span style=\"color: #ffffff;\">.<\/span><strong><br \/>\n<span style=\"font-family: georgia, palatino, serif; font-size: 12pt;\">2. November | Wien nach Terroranschlag im Ausnahmezustand<\/span><\/strong><\/p>\n<div id=\"attachment_6764\" style=\"width: 676px\" class=\"wp-caption aligncenter\"><img aria-describedby=\"caption-attachment-6764\" loading=\"lazy\" class=\"size-full wp-image-6764\" src=\"https:\/\/rotermorgen.eu\/wp-content\/uploads\/2020\/11\/bnn.jpg\" alt=\"\" width=\"666\" height=\"180\" \/><p id=\"caption-attachment-6764\" class=\"wp-caption-text\"><span style=\"font-family: georgia, palatino, serif; font-size: 10pt;\">Wien: Polizisten bewachen nach dem Terrorangriff die Synagoge in der Wiener Innenstadt. <span style=\"color: #808080;\">Bild: Ronald Zak. Quelle: YouTube<\/span><\/span><\/p><\/div>\n<p style=\"text-align: justify;\"><span style=\"font-family: georgia, palatino, serif; font-size: 12pt;\">Gestern Abend scho\u00df eine Person in der Wiener Innenstadt auf Personen, best\u00e4tigt sind bislang f\u00fcnf Tote \u2014 darunter der von der Polizei erschossene T\u00e4ter \u2014 und mehrere Verletzte, sieben davon wohl lebensbedrohlich. Der Anschlag fand in der N\u00e4he der Wiener Hauptsynagoge statt.<br \/>\n<span style=\"color: #ffffff;\">..<\/span>Eine Entwarnung wurde aktuell noch nicht gegeben, denn die Polizei kann die Existenz weiterer T\u00e4ter, die noch aktiv werden k\u00f6nnten, noch nicht ausschlie\u00dfen. Deswegen ist die Wiener Bev\u00f6lkerung weiterhin dazu angehalten ihre Wohnungen nicht zu verlassen, die Schulpflicht ist vor\u00fcbergehend aufgehoben.<br \/>\n<span style=\"color: #ffffff;\">..<\/span>Der T\u00e4ter ist nach Angaben des Innenministeriums ein 20-j\u00e4hriger \u00d6sterreicher mit nordmazedonischen Wurzeln, der zuletzt eine Haftstrafe wegen Mitgliedschaft in einer terroristischen Organisation absitzen musste. Er hatte versucht nach Syrien auszureisen um sich dem Islamischen Staat anzuschlie\u00dfen.<\/span><\/p>\n<p><div class=\"hide-this-part-wrap\"><div class=\"hide-this-part-more\" id=\"hide-this-part-0\" morelink-text=\"hier geht es weiter\">hier geht es weiter \u00bb<\/div><div class=\"hide-this-part\" status=\"invisible\"><br \/>\n<span style=\"font-family: georgia, palatino, serif; font-size: 12pt;\"><strong>5. November | Prozess gegen Brandstifter<br \/>\nkurzfristig verschoben<\/strong><br \/>\n<\/span><\/p>\n<div id=\"attachment_6766\" style=\"width: 676px\" class=\"wp-caption aligncenter\"><img aria-describedby=\"caption-attachment-6766\" loading=\"lazy\" class=\"size-full wp-image-6766\" src=\"https:\/\/rotermorgen.eu\/wp-content\/uploads\/2020\/11\/j3r4g.jpg\" alt=\"\" width=\"666\" height=\"180\" \/><p id=\"caption-attachment-6766\" class=\"wp-caption-text\"><span style=\"font-family: georgia, palatino, serif; font-size: 10pt;\">Symbolbild Polizei. <span style=\"color: #808080;\">Bild www.beobachternews.de<\/span><\/span><\/p><\/div>\n<p style=\"text-align: justify;\"><span style=\"font-family: georgia, palatino, serif; font-size: 12pt;\">Frankfurt. Vor der 4. Gro\u00dfen Strafkammer des Landgerichts in Frankfurt sollte am Freitag, 6. November, eigentlich der Prozess gegen den Brandstifter Joachim S. beginnen. Laut Medienberichten ist er wegen 16 teils schweren Brandstiftungen angeklagt. Unklar ist, ob zwei Anschl\u00e4ge auf linke Projekte, bei denen er ertappt wurde, Teil des Verfahrens sein werden. Am Mittwochnachmittag erfuhren die Betroffenen eher zuf\u00e4llig von der Aufhebung des ersten Prozesstermins.<br \/>\n<span style=\"color: #ffffff;\">..<\/span>Zwischen September 2018 und Juli 2019 gab es im Rhein-Main-Gebiet eine Serie von zw\u00f6lf Brandanschl\u00e4gen, die sich gegen linke Wohnprojekte und Zentren richteten. Bei zwei dieser Taten wurde der seit Dezember 2019 in U-Haft sitzende S. auf frischer Tat ertappt. Laut Medienberichten ist er wegen 16 Brandstiftungen angeklagt, die er zwischen Dezember 2018 und Dezember 2019 begangen haben soll.<br \/>\n<em>beobachternews <a href=\"https:\/\/beobachternews.de\/2020\/11\/05\/prozess-gegen-brandstifter-kurzfristig-verschoben\/\" target=\"_blank\" rel=\"noopener noreferrer\">berichtete<\/a><\/em><br \/>\n<span style=\"color: #ffffff;\">.<\/span><br \/>\n<span style=\"color: #ffffff;\">.<\/span><strong><br \/>\n<\/strong><strong>5. November | \u201eQuerdenken\u201c-Demo Kritik wegen Vergleich<br \/>\nmit friedlicher Revolution im Herbst 1989<\/strong><\/span><\/p>\n<div dir=\"auto\" style=\"text-align: justify;\">\n<div id=\"attachment_6752\" style=\"width: 676px\" class=\"wp-caption aligncenter\"><img aria-describedby=\"caption-attachment-6752\" loading=\"lazy\" class=\"size-full wp-image-6752\" src=\"https:\/\/rotermorgen.eu\/wp-content\/uploads\/2020\/11\/1-Kopie.png\" alt=\"\" width=\"666\" height=\"180\" \/><p id=\"caption-attachment-6752\" class=\"wp-caption-text\"><span style=\"font-family: georgia, palatino, serif; font-size: 10pt;\">Schild an der Autobahn, kurz vor Leipzig. <span style=\"color: #808080;\">Bild: Jacobi<\/span><\/span><\/p><\/div>\n<p style=\"text-align: justify;\"><span style=\"font-family: georgia, palatino, serif; font-size: 12pt;\">Die Quarkdenker wollen allen Ernstes f\u00fcr sich den Geist von 89 heraufbeschw\u00f6ren.<br \/>\n<span style=\"color: #ffffff;\">..<\/span>\u201eFreiheit durch Einheit. Die zweite &#8222;friedliche Revolution&#8220; unter dem Motto soll am Samstag protestiert werden.<br \/>\n<span style=\"color: #ffffff;\">..<\/span>In den Kommentaren finden sich viele, die angeblich dabei waren &#8211; aber dann sicher nur f\u00fcr die sprichw\u00f6rtliche Banane.<br \/>\n<span style=\"color: #ffffff;\">..<\/span>Der Leipziger B\u00fcrgerrechtler Uwe Schwabe wies die gezogenen Parallelen emp\u00f6rt zur\u00fcck. \u201eDas als <span style=\"color: #ffffff;\">..<\/span>Friedliche Revolution 2.0 zu bezeichnen, ist gegen\u00fcber den Menschen, die damals dabei waren, eine infame Verharmlosung f\u00fcr deren Mut und der Opfer, die sie gebracht haben\u201c, sagte er der \u201eLeipziger Volkszeitung\u201c am heutigen Donnerstag.<br \/>\n<span style=\"color: #ffffff;\">.<\/span><\/span><br \/>\n<span style=\"font-family: georgia, palatino, serif; font-size: 12pt;\"><span style=\"color: #ffffff;\">.<\/span><\/span><br \/>\n<span style=\"font-family: georgia, palatino, serif; font-size: 12pt;\"><strong>6. November | <\/strong><strong>Attentat in Nizza: Zwischen Dschihad<br \/>\nund R\u00e9publique en Marche<\/strong><br \/>\n<\/span><\/p>\n<div id=\"attachment_6754\" style=\"width: 676px\" class=\"wp-caption aligncenter\"><img aria-describedby=\"caption-attachment-6754\" loading=\"lazy\" class=\"size-full wp-image-6754\" src=\"https:\/\/rotermorgen.eu\/wp-content\/uploads\/2020\/11\/f.jpg\" alt=\"\" width=\"666\" height=\"180\" \/><p id=\"caption-attachment-6754\" class=\"wp-caption-text\"><span style=\"font-family: georgia, palatino, serif; font-size: 10pt;\">Erste Ermittlungen nach dem attentat. <span style=\"color: #808080;\">Bild: VALERY HACHE \/ AFP \/ R\u00e9volution Permanente<\/span><\/span><\/p><\/div>\n<p><span style=\"font-family: georgia, palatino, serif; font-size: 12pt;\">In einem Frankreich, das sich auf einen neuen Lockdown vorbereitet, hat das Grauen erneut zugeschlagen. Ein Mann marschierte am Donnerstag in eine Basilika in Nizza t\u00f6tete drei Gottesdienstbesucher mit einem Messer. Derzeit hat es den Anschein, dass diese Morde im Namen dschihadistischer Ideen begangen wurden. Wir verurteilen diese Morde auf das Sch\u00e4rfste und bekunden unsere Solidarit\u00e4t mit den Opfern, ihren Familien und Angeh\u00f6rigen. Zugleich kritisieren wir die heuchlerische Politik der Regierung Macrons, die eine kriegerische Stimmung er\u00f6ffnet weiter sch\u00fcrt.<br \/>\n<span style=\"color: #ffffff;\">.<\/span><br \/>\n<span style=\"color: #ffffff;\">.<\/span><br \/>\n<strong>6. November | <\/strong><strong>Wie das Schufa-System Menschenrechte ver-<br \/>\nwehrt <\/strong><strong>und die Spaltung zwischen Arm und Reich vergr\u00f6\u00dfert<\/strong><\/span><\/p>\n<div id=\"attachment_6769\" style=\"width: 676px\" class=\"wp-caption aligncenter\"><img aria-describedby=\"caption-attachment-6769\" loading=\"lazy\" class=\"size-full wp-image-6769\" src=\"https:\/\/rotermorgen.eu\/wp-content\/uploads\/2020\/11\/mmmj.jpg\" alt=\"\" width=\"666\" height=\"180\" \/><p id=\"caption-attachment-6769\" class=\"wp-caption-text\"><span style=\"font-family: georgia, palatino, serif; font-size: 10pt;\">Schufa-Eintrag, Symbolbin. <span style=\"color: #808080;\">Bild: YouTube<\/span><\/span><\/p><\/div>\n<p><span style=\"font-family: georgia, palatino, serif; font-size: 12pt;\">Vermutlich hat jeder von uns bereits Kontakt zur Schufa gehabt, bewusst oder unbewusst. Beim Abschluss eines Vertrages m\u00fcssen wir regelm\u00e4\u00dfig unterschreiben (oder anklicken), dass das Unternehmen, mit dem wir einen Mobilfunk- oder Energievertrag abschlie\u00dfen wollen oder bei dem wir online auf Rechnung einkaufen wollen, sich Daten \u00fcber uns bei der Schufa einholen darf. Das scheint auf den ersten Blick kein gr\u00f6\u00dferes Problem darzustellen, doch unter anderem bei Menschen mit geringem Einkommen, Menschen in \u00dcberschuldungssituationen und Menschen in Sozialleistungsbezug wird der Vertragsabschluss oft verweigert, weil die Schufa ihrem Partnerunternehmen eine zu geringe Wahrscheinlichkeit \u00fcbermittelt, dass die Rechnung bezahlt wird. Diese wird in einem so genannten Score ausgedr\u00fcckt, der zwischen 0 und 100 liegt. Er zeigt die berechnete Wahrscheinlichkeit der Rechnungsbegleichung an. Je h\u00f6her, desto besser.<\/span><br \/>\n<span style=\"font-family: georgia, palatino, serif; font-size: 12pt;\"><em>\u017daklin Nasti\u0107 <a href=\"https:\/\/diefreiheitsliebe.de\/politik\/wie-das-schufa-system-menschenrechte-verwehrt-und-die-spaltung-zwischen-arm-und-reich-vergroessert\/\" target=\"_blank\" rel=\"noopener noreferrer\">ver\u00f6ffentlichte ihre Erkenntnisse<\/a> auf \u00bbDie Friedensliebe\u00ab<\/em><br \/>\n<span style=\"color: #ffffff;\">.<\/span><strong><br \/>\n<span style=\"color: #ffffff;\">.<\/span><br \/>\n<\/strong><strong>6. November | Die Geschichte wiederholt sich:<br \/>\nZur Fingerabdruck-Pflicht<\/strong><\/span><\/p>\n<p><span style=\"font-family: georgia, palatino, serif; font-size: 12pt;\"><img loading=\"lazy\" class=\"size-full wp-image-6763 aligncenter\" src=\"https:\/\/rotermorgen.eu\/wp-content\/uploads\/2020\/11\/er.jpeg\" alt=\"\" width=\"666\" height=\"180\" \/><\/span><\/p>\n<p><span style=\"font-family: georgia, palatino, serif; font-size: 12pt;\">Was bei der Bev\u00f6lkerung unpopul\u00e4r ist, durch Berufung auf Br\u00fcssel einf\u00fchren: Dieser Trick, bekannt von der ersten Durchsetzung der Vorratsdatenspeicherung 2007, war bei der am heutigen Donnerstag sp\u00e4tabends vom Bundestag beschlossenen Pflicht zur Abgabe von Fingerabdr\u00fccken f\u00fcr alle B\u00fcrger*innen wieder zu bewundern. Dabei f\u00e4llt es fast schwer, die Emp\u00f6rung aufzubringen, die gegen diesen b\u00fcrger*innenrechtlichen Dammbruch eigentlich angebracht w\u00e4re, denn mit EURODAC und VIS setzt die EU Daktyloskopie schon seit Jahren gegen Menschen ohne passende Staatsb\u00fcrgerschaft ein. Dass dies nun auf die eigenen B\u00fcrger*innen zur\u00fcckf\u00e4llt, k\u00f6nnte geradezu als Fluch der Gleichg\u00fcltigkeit angesehen werden.<\/span><br \/>\n<span style=\"font-family: georgia, palatino, serif; font-size: 12pt;\"><em>Der Bundesvorstand der Roten Hilfe e.V. <a href=\"https:\/\/www.rote-hilfe.de\/news\/bundesvorstand\/1092-die-geschichte-wiederholt-sich-zur-fingerabdruck-pflicht\" target=\"_blank\" rel=\"noopener noreferrer\">erkl\u00e4rte dazu<\/a>:<\/em><\/span><br \/>\n<span style=\"font-family: georgia, palatino, serif; font-size: 12pt; color: #ffffff;\">.<\/span><br \/>\n<span style=\"font-family: georgia, palatino, serif; font-size: 12pt;\"><span style=\"color: #ffffff;\">.<\/span><\/span><br \/>\n<span style=\"font-family: georgia, palatino, serif; font-size: 12pt;\"><strong>7. November | <\/strong><strong>Die EU will den Verkauf von Sp\u00e4hsoftware<br \/>\nbesser kontrollieren<\/strong><\/span><\/p>\n<div class=\"entry-excerpt\">\n<div id=\"attachment_6757\" style=\"width: 676px\" class=\"wp-caption aligncenter\"><img aria-describedby=\"caption-attachment-6757\" loading=\"lazy\" class=\"size-full wp-image-6757\" src=\"https:\/\/rotermorgen.eu\/wp-content\/uploads\/2020\/11\/jki.jpg\" alt=\"\" width=\"666\" height=\"180\" \/><p id=\"caption-attachment-6757\" class=\"wp-caption-text\"><span style=\"font-family: georgia, palatino, serif; font-size: 10pt;\">\u00dcberwachungstechnologie aus Europa wird in Staaten wie China oder \u00c4gypten gegen Oppositionelle eingesetzt. <span style=\"color: #808080;\">Gemeinfrei-\u00e4hnlich freigegeben durch unsplash.com Lianhao Qu<\/span><\/span><\/p><\/div>\n<p style=\"text-align: justify;\"><span style=\"font-family: georgia, palatino, serif; font-size: 12pt;\">Die Reform der Dual-Use-Verordnung ist als Tiger gestartet und droht als Bettvorleger zu enden. Der Export von \u00dcberwachungstechnologie an autorit\u00e4re Regime k\u00f6nnte weitgehend unkontrolliert bleiben, warnt Lena Rohrbach von Amnesty International. Die Konsequenzen w\u00fcrden Oppositionelle und Journalisten auf der ganzen Welt tragen.<time class=\"published dt-published posted-on\" datetime=\"7. November 2020\"><br \/>\n<em><span style=\"color: #ffffff;\">..<\/span><\/em><\/time><em>Lena Rohrbach <a href=\"https:\/\/netzpolitik.org\/2020\/ueberwachungsexporte-die-eu-will-den-verkauf-von-spaehsoftware-kaum-besser-kontrollieren\/\" target=\"_blank\" rel=\"noopener noreferrer\">ver\u00f6ffentlichte ihre Rechercheergebmisse<\/a> auf<br \/>\nNETZPOLITIK.ORG<br \/>\n<\/em><span style=\"color: #ffffff;\">.<br \/>\n.<br \/>\n.<\/span><strong>7. November |<\/strong> <strong>Querdenkerdemos eskalierten Hassausbr\u00fcchen von rechten Elementen<\/strong><\/span><\/p>\n<\/div>\n<\/div>\n<div dir=\"auto\" style=\"text-align: justify;\">\n<div id=\"attachment_6749\" style=\"width: 676px\" class=\"wp-caption aligncenter\"><img aria-describedby=\"caption-attachment-6749\" loading=\"lazy\" class=\"size-full wp-image-6749\" src=\"https:\/\/rotermorgen.eu\/wp-content\/uploads\/2020\/11\/cvgg.png\" alt=\"\" width=\"666\" height=\"180\" \/><p id=\"caption-attachment-6749\" class=\"wp-caption-text\"><span style=\"font-family: georgia, palatino, serif; font-size: 10pt;\">Polizei provoziert in Leipzig die Demonstranten. Rechte Elemente griffen, insbesondere nach Aufl\u00f6sung der Protestaktion durch die Polzei, Polizisten an. <span style=\"color: #808080;\">Bild: Caruso, Quelle: YouTube<\/span><\/span><\/p><\/div>\n<p><span style=\"font-family: georgia, palatino, serif; font-size: 12pt;\">In Leipzig und Dresden ist es am Sonnabend zu gewaltt\u00e4gigen Protesten im Umfeld der rechten &#8222;Querdenken&#8220;-Demonstration gekommen. Dabei wurden Polizisten und auch zahlreiche Medienvertreter verletzt. Eine genaue \u00dcbersicht, auch \u00fcber m\u00f6gliche weitere Verletzte, lag am sp\u00e4ten Samstagabend noch nicht vor. Verdi spricht von mindestens 32 Pressevertretern, die eine Verletzung gemeldet haben. Die Polizei Sachsen twitterte am Nachmittag, dass Beamte mit Pyrotechnik beworfen worden seien.<br \/>\n<span style=\"color: #ffffff;\">.<\/span><br \/>\n<span style=\"color: #ffffff;\">.<\/span><strong><br \/>\n7. November | Cholera <\/strong><strong><span class=\"headline\">gewinnt die US-Pr\u00e4sidentenwahl<\/span> \u2013<br \/>\ndie Pest muss gehen<\/strong><br \/>\n<\/span><\/p>\n<div id=\"attachment_6746\" style=\"width: 676px\" class=\"wp-caption aligncenter\"><img aria-describedby=\"caption-attachment-6746\" loading=\"lazy\" class=\"size-full wp-image-6746\" src=\"https:\/\/rotermorgen.eu\/wp-content\/uploads\/2020\/11\/ghh.jpeg\" alt=\"\" width=\"666\" height=\"180\" \/><p id=\"caption-attachment-6746\" class=\"wp-caption-text\"><span style=\"font-family: georgia, palatino, serif; font-size: 10pt;\">Biden zusammen mit der neuen &#8222;First Lady&#8220; im Freudenrausch. <span style=\"color: #808080;\">Bild: YouTube (Ausschnitt)<\/span><\/span><\/p><\/div>\n<p class=\"text small\"><span style=\"font-family: georgia, palatino, serif; font-size: 12pt;\">Der Kandidat der sogenannte Demokratischen Partei Joe Biden, hat die US-Pr\u00e4sidentenwahl gewonnen. Laut mehreren US-Fernsehsendern konnte er sich auch im Bundesstaat Pennsylvania gegen den republikanischen Rassisten Trump durchsetzen und damit die erforderliche Mehrheit in der Wahlversammlung erreichen.<br \/>\n<span style=\"color: #ffffff;\">..<\/span>Biden hat nach Hochrechnungen der Sender CNN, NBC, Fox News und der Nachrichtenagentur AP die Wahl gewonnen. Die US-Medien riefen den fr\u00fcheren Vizepr\u00e4sidenten zum Sieger des umk\u00e4mpften Duells mit Amtsinhaber Donald Trump aus. Er wird der 46. Pr\u00e4sident der US-Geschichte und sicherlich gewissenhaft das Verm\u00e4chnis seiner, mit Blut beschmierten H\u00e4nden, Vorg\u00e4nger erf\u00fcllen.<br \/>\n<span style=\"color: #ffffff;\">.<\/span><\/span><br \/>\n<span style=\"font-family: georgia, palatino, serif; font-size: 12pt; color: #ffffff;\">.<\/span><\/p>\n<\/div>\n<p style=\"text-align: center;\"><span style=\"font-size: 10pt; font-family: verdana, geneva, sans-serif;\"><strong>Die Redaktion dankt Hosteni, J\u00fcrgen E., Heinz M. V., Rui G. und Reinhold S.<br \/>\nf\u00fcr die Unterst\u00fctzung <\/strong><strong>bei der Erstellung der Wochenr\u00fcckblicke.<\/strong><br \/>\nDieser R\u00fcckblick erhebt nicht den Anspruch auf Vollst\u00e4ndigkeit.<br \/>\nVerlinkte- und mit Namen gekennzeichnete Texte m\u00fcssen<br \/>\nnicht in allen Punkten der Meinung der Redaktionen entsprechen.<br \/>\n<strong>Wochenr\u00fcckblick ist ein Gemeinschaftsprojekt von<\/strong><br \/>\n<strong> \u00bbAmerican Rebel\u00ab, \u00bbInfo Welt\u201c und \u00bbRoter Morgen\u00ab<\/strong><br \/>\nDie Redaktion freut sich \u00fcber jede Hilfe und bittet um Texte und Hinweise an<br \/>\neMail: <a href=\"mailto:Wochenrueckblick@RoterMorgen.eu\" target=\"_blank\" rel=\"noopener noreferrer\">Wochenrueckblick(at)RoterMorgen.eu<\/a><br \/>\n<strong><span style=\"font-family: verdana, geneva, sans-serif; font-size: 10pt;\">Redaktionsschluss: Jeden Sonntag 1:00 Uhr <\/span><br \/>\n<\/strong><\/span><\/p>\n<div class=\"\" dir=\"auto\">\n<div id=\"jsc_c_54\" class=\"ecm0bbzt hv4rvrfc ihqw7lf3 dati1w0a\" data-ad-comet-preview=\"message\" data-ad-preview=\"message\">\n<div class=\"j83agx80 cbu4d94t ew0dbk1b irj2b8pg\">\n<div class=\"qzhwtbm6 knvmm38d\">\n<div class=\"kvgmc6g5 cxmmr5t8 oygrvhab hcukyx3x c1et5uql ii04i59q\">\n<div dir=\"auto\">\n<div class=\"nc684nl6\" style=\"text-align: justify;\">\n<p>&nbsp;<\/p>\n<p style=\"text-align: center;\"><span style=\"font-family: verdana, geneva, sans-serif;\"><span style=\"font-size: 10pt;\"><\/div><!-- .hide-this-part --><\/div><!-- hide-this-part-wrap --><\/span><br \/>\n<\/span><\/p>\n<\/div>\n<\/div>\n<\/div>\n<\/div>\n<\/div>\n<\/div>\n<\/div>\n","protected":false},"excerpt":{"rendered":"<p>Zur\u00fcckblickend auf die letzten Tage sind uns einige kommentierbare Vorkommnisse ins Auge gefallen, die wir hier zur Diskussion stellen. (Kommentar bitte unten eintragen!) . 2. November | Dresden: Keine Maske, daf\u00fcr Hitlergru\u00df Mehrere Tausend Menschen haben am Samstag in Dresden [&hellip;]<a class=\"more-link\" href=\"http:\/\/www.deanreed.de\/AmericanRebel\/2017\/2020\/11\/09\/wochenrueckblick-45-kalenderwoche\/\">&darr; Lese den Rest von diesem Eintrag&#8230;<\/a><\/p>\n","protected":false},"author":2,"featured_media":0,"comment_status":"open","ping_status":"open","sticky":false,"template":"","format":"standard","meta":[],"categories":[1],"tags":[1183,748,4786,2594,8,4787,4788,4728,4789,4790,2224,255,4729,4730,4791,2021,4731,4792,4793,2225,4601,4794,1329,4732,4734,4735,4736],"yoast_head":"<!-- This site is optimized with the Yoast SEO plugin v17.5 - https:\/\/yoast.com\/wordpress\/plugins\/seo\/ -->\n<title>Wochenr\u00fcckblick 45. Kalenderwoche &ndash; Onlinezeitung AmericanRebel<\/title>\n<meta name=\"robots\" content=\"index, follow, max-snippet:-1, max-image-preview:large, max-video-preview:-1\" \/>\n<link rel=\"canonical\" href=\"https:\/\/www.deanreed.de\/AmericanRebel\/2017\/2020\/11\/09\/wochenrueckblick-45-kalenderwoche\/\" \/>\n<meta property=\"og:locale\" content=\"de_DE\" \/>\n<meta property=\"og:type\" content=\"article\" \/>\n<meta property=\"og:title\" content=\"Wochenr\u00fcckblick 45. Kalenderwoche &ndash; Onlinezeitung AmericanRebel\" \/>\n<meta property=\"og:description\" content=\"Zur\u00fcckblickend auf die letzten Tage sind uns einige kommentierbare Vorkommnisse ins Auge gefallen, die wir hier zur Diskussion stellen. (Kommentar bitte unten eintragen!) . 2. November | Dresden: Keine Maske, daf\u00fcr Hitlergru\u00df Mehrere Tausend Menschen haben am Samstag in Dresden [&hellip;]&darr; Lese den Rest von diesem Eintrag...\" \/>\n<meta property=\"og:url\" content=\"https:\/\/www.deanreed.de\/AmericanRebel\/2017\/2020\/11\/09\/wochenrueckblick-45-kalenderwoche\/\" \/>\n<meta property=\"og:site_name\" content=\"Onlinezeitung AmericanRebel\" \/>\n<meta property=\"article:published_time\" content=\"2020-11-09T11:53:56+00:00\" \/>\n<meta property=\"article:modified_time\" content=\"2020-11-10T08:28:51+00:00\" \/>\n<meta property=\"og:image\" content=\"https:\/\/www.deanreed.de\/AmericanRebel\/2017\/wp-content\/uploads\/2020\/07\/7889.png\" \/>\n\t<meta property=\"og:image:width\" content=\"640\" \/>\n\t<meta property=\"og:image:height\" content=\"460\" \/>\n<meta name=\"twitter:card\" content=\"summary_large_image\" \/>\n<meta name=\"twitter:label1\" content=\"Verfasst von\" \/>\n\t<meta name=\"twitter:data1\" content=\"Redaktion\" \/>\n\t<meta name=\"twitter:label2\" content=\"Gesch\u00e4tzte Lesezeit\" \/>\n\t<meta name=\"twitter:data2\" content=\"8\u00a0Minuten\" \/>\n<script type=\"application\/ld+json\" class=\"yoast-schema-graph\">{\"@context\":\"https:\/\/schema.org\",\"@graph\":[{\"@type\":\"WebSite\",\"@id\":\"https:\/\/www.deanreed.de\/AmericanRebel\/2017\/#website\",\"url\":\"https:\/\/www.deanreed.de\/AmericanRebel\/2017\/\",\"name\":\"Onlinezeitung AmericanRebel\",\"description\":\"Internationale Onlinezeitung f\\u00fcr Frieden, Humanismus, V\\u00f6lkerverst\\u00e4ndigung und Kultur\",\"potentialAction\":[{\"@type\":\"SearchAction\",\"target\":{\"@type\":\"EntryPoint\",\"urlTemplate\":\"https:\/\/www.deanreed.de\/AmericanRebel\/2017\/?s={search_term_string}\"},\"query-input\":\"required name=search_term_string\"}],\"inLanguage\":\"de\"},{\"@type\":\"ImageObject\",\"@id\":\"https:\/\/www.deanreed.de\/AmericanRebel\/2017\/2020\/11\/09\/wochenrueckblick-45-kalenderwoche\/#primaryimage\",\"inLanguage\":\"de\",\"url\":\"http:\/\/www.deanreed.de\/AmericanRebel\/2017\/wp-content\/uploads\/2020\/07\/7889.png\",\"contentUrl\":\"http:\/\/www.deanreed.de\/AmericanRebel\/2017\/wp-content\/uploads\/2020\/07\/7889.png\",\"width\":640,\"height\":460},{\"@type\":\"WebPage\",\"@id\":\"https:\/\/www.deanreed.de\/AmericanRebel\/2017\/2020\/11\/09\/wochenrueckblick-45-kalenderwoche\/#webpage\",\"url\":\"https:\/\/www.deanreed.de\/AmericanRebel\/2017\/2020\/11\/09\/wochenrueckblick-45-kalenderwoche\/\",\"name\":\"Wochenr\\u00fcckblick 45. Kalenderwoche &ndash; Onlinezeitung AmericanRebel\",\"isPartOf\":{\"@id\":\"https:\/\/www.deanreed.de\/AmericanRebel\/2017\/#website\"},\"primaryImageOfPage\":{\"@id\":\"https:\/\/www.deanreed.de\/AmericanRebel\/2017\/2020\/11\/09\/wochenrueckblick-45-kalenderwoche\/#primaryimage\"},\"datePublished\":\"2020-11-09T11:53:56+00:00\",\"dateModified\":\"2020-11-10T08:28:51+00:00\",\"author\":{\"@id\":\"https:\/\/www.deanreed.de\/AmericanRebel\/2017\/#\/schema\/person\/9edfca7917cd10b75edaae51c6e7935a\"},\"breadcrumb\":{\"@id\":\"https:\/\/www.deanreed.de\/AmericanRebel\/2017\/2020\/11\/09\/wochenrueckblick-45-kalenderwoche\/#breadcrumb\"},\"inLanguage\":\"de\",\"potentialAction\":[{\"@type\":\"ReadAction\",\"target\":[\"https:\/\/www.deanreed.de\/AmericanRebel\/2017\/2020\/11\/09\/wochenrueckblick-45-kalenderwoche\/\"]}]},{\"@type\":\"BreadcrumbList\",\"@id\":\"https:\/\/www.deanreed.de\/AmericanRebel\/2017\/2020\/11\/09\/wochenrueckblick-45-kalenderwoche\/#breadcrumb\",\"itemListElement\":[{\"@type\":\"ListItem\",\"position\":1,\"name\":\"Startseite\",\"item\":\"https:\/\/www.deanreed.de\/AmericanRebel\/2017\/\"},{\"@type\":\"ListItem\",\"position\":2,\"name\":\"Wochenr\\u00fcckblick 45. Kalenderwoche\"}]},{\"@type\":\"Person\",\"@id\":\"https:\/\/www.deanreed.de\/AmericanRebel\/2017\/#\/schema\/person\/9edfca7917cd10b75edaae51c6e7935a\",\"name\":\"Redaktion\",\"url\":\"http:\/\/www.deanreed.de\/AmericanRebel\/2017\/author\/redaktion\/\"}]}<\/script>\n<!-- \/ Yoast SEO plugin. -->","yoast_head_json":{"title":"Wochenr\u00fcckblick 45. Kalenderwoche &ndash; Onlinezeitung AmericanRebel","robots":{"index":"index","follow":"follow","max-snippet":"max-snippet:-1","max-image-preview":"max-image-preview:large","max-video-preview":"max-video-preview:-1"},"canonical":"https:\/\/www.deanreed.de\/AmericanRebel\/2017\/2020\/11\/09\/wochenrueckblick-45-kalenderwoche\/","og_locale":"de_DE","og_type":"article","og_title":"Wochenr\u00fcckblick 45. Kalenderwoche &ndash; Onlinezeitung AmericanRebel","og_description":"Zur\u00fcckblickend auf die letzten Tage sind uns einige kommentierbare Vorkommnisse ins Auge gefallen, die wir hier zur Diskussion stellen. (Kommentar bitte unten eintragen!) . 2. November | Dresden: Keine Maske, daf\u00fcr Hitlergru\u00df Mehrere Tausend Menschen haben am Samstag in Dresden [&hellip;]&darr; Lese den Rest von diesem Eintrag...","og_url":"https:\/\/www.deanreed.de\/AmericanRebel\/2017\/2020\/11\/09\/wochenrueckblick-45-kalenderwoche\/","og_site_name":"Onlinezeitung AmericanRebel","article_published_time":"2020-11-09T11:53:56+00:00","article_modified_time":"2020-11-10T08:28:51+00:00","og_image":[{"width":640,"height":460,"url":"https:\/\/www.deanreed.de\/AmericanRebel\/2017\/wp-content\/uploads\/2020\/07\/7889.png","type":"image\/png"}],"twitter_card":"summary_large_image","twitter_misc":{"Verfasst von":"Redaktion","Gesch\u00e4tzte Lesezeit":"8\u00a0Minuten"},"schema":{"@context":"https:\/\/schema.org","@graph":[{"@type":"WebSite","@id":"https:\/\/www.deanreed.de\/AmericanRebel\/2017\/#website","url":"https:\/\/www.deanreed.de\/AmericanRebel\/2017\/","name":"Onlinezeitung AmericanRebel","description":"Internationale Onlinezeitung f\u00fcr Frieden, Humanismus, V\u00f6lkerverst\u00e4ndigung und Kultur","potentialAction":[{"@type":"SearchAction","target":{"@type":"EntryPoint","urlTemplate":"https:\/\/www.deanreed.de\/AmericanRebel\/2017\/?s={search_term_string}"},"query-input":"required name=search_term_string"}],"inLanguage":"de"},{"@type":"ImageObject","@id":"https:\/\/www.deanreed.de\/AmericanRebel\/2017\/2020\/11\/09\/wochenrueckblick-45-kalenderwoche\/#primaryimage","inLanguage":"de","url":"http:\/\/www.deanreed.de\/AmericanRebel\/2017\/wp-content\/uploads\/2020\/07\/7889.png","contentUrl":"http:\/\/www.deanreed.de\/AmericanRebel\/2017\/wp-content\/uploads\/2020\/07\/7889.png","width":640,"height":460},{"@type":"WebPage","@id":"https:\/\/www.deanreed.de\/AmericanRebel\/2017\/2020\/11\/09\/wochenrueckblick-45-kalenderwoche\/#webpage","url":"https:\/\/www.deanreed.de\/AmericanRebel\/2017\/2020\/11\/09\/wochenrueckblick-45-kalenderwoche\/","name":"Wochenr\u00fcckblick 45. Kalenderwoche &ndash; Onlinezeitung AmericanRebel","isPartOf":{"@id":"https:\/\/www.deanreed.de\/AmericanRebel\/2017\/#website"},"primaryImageOfPage":{"@id":"https:\/\/www.deanreed.de\/AmericanRebel\/2017\/2020\/11\/09\/wochenrueckblick-45-kalenderwoche\/#primaryimage"},"datePublished":"2020-11-09T11:53:56+00:00","dateModified":"2020-11-10T08:28:51+00:00","author":{"@id":"https:\/\/www.deanreed.de\/AmericanRebel\/2017\/#\/schema\/person\/9edfca7917cd10b75edaae51c6e7935a"},"breadcrumb":{"@id":"https:\/\/www.deanreed.de\/AmericanRebel\/2017\/2020\/11\/09\/wochenrueckblick-45-kalenderwoche\/#breadcrumb"},"inLanguage":"de","potentialAction":[{"@type":"ReadAction","target":["https:\/\/www.deanreed.de\/AmericanRebel\/2017\/2020\/11\/09\/wochenrueckblick-45-kalenderwoche\/"]}]},{"@type":"BreadcrumbList","@id":"https:\/\/www.deanreed.de\/AmericanRebel\/2017\/2020\/11\/09\/wochenrueckblick-45-kalenderwoche\/#breadcrumb","itemListElement":[{"@type":"ListItem","position":1,"name":"Startseite","item":"https:\/\/www.deanreed.de\/AmericanRebel\/2017\/"},{"@type":"ListItem","position":2,"name":"Wochenr\u00fcckblick 45. Kalenderwoche"}]},{"@type":"Person","@id":"https:\/\/www.deanreed.de\/AmericanRebel\/2017\/#\/schema\/person\/9edfca7917cd10b75edaae51c6e7935a","name":"Redaktion","url":"http:\/\/www.deanreed.de\/AmericanRebel\/2017\/author\/redaktion\/"}]}},"_links":{"self":[{"href":"http:\/\/www.deanreed.de\/AmericanRebel\/2017\/wp-json\/wp\/v2\/posts\/26156"}],"collection":[{"href":"http:\/\/www.deanreed.de\/AmericanRebel\/2017\/wp-json\/wp\/v2\/posts"}],"about":[{"href":"http:\/\/www.deanreed.de\/AmericanRebel\/2017\/wp-json\/wp\/v2\/types\/post"}],"author":[{"embeddable":true,"href":"http:\/\/www.deanreed.de\/AmericanRebel\/2017\/wp-json\/wp\/v2\/users\/2"}],"replies":[{"embeddable":true,"href":"http:\/\/www.deanreed.de\/AmericanRebel\/2017\/wp-json\/wp\/v2\/comments?post=26156"}],"version-history":[{"count":20,"href":"http:\/\/www.deanreed.de\/AmericanRebel\/2017\/wp-json\/wp\/v2\/posts\/26156\/revisions"}],"predecessor-version":[{"id":26191,"href":"http:\/\/www.deanreed.de\/AmericanRebel\/2017\/wp-json\/wp\/v2\/posts\/26156\/revisions\/26191"}],"wp:attachment":[{"href":"http:\/\/www.deanreed.de\/AmericanRebel\/2017\/wp-json\/wp\/v2\/media?parent=26156"}],"wp:term":[{"taxonomy":"category","embeddable":true,"href":"http:\/\/www.deanreed.de\/AmericanRebel\/2017\/wp-json\/wp\/v2\/categories?post=26156"},{"taxonomy":"post_tag","embeddable":true,"href":"http:\/\/www.deanreed.de\/AmericanRebel\/2017\/wp-json\/wp\/v2\/tags?post=26156"}],"curies":[{"name":"wp","href":"https:\/\/api.w.org\/{rel}","templated":true}]}}