{"id":26046,"date":"2020-10-19T14:10:36","date_gmt":"2020-10-19T12:10:36","guid":{"rendered":"http:\/\/www.deanreed.de\/AmericanRebel\/2017\/?p=26046"},"modified":"2020-10-19T18:48:27","modified_gmt":"2020-10-19T16:48:27","slug":"wochenrueckblick-42-kalenderwoche","status":"publish","type":"post","link":"http:\/\/www.deanreed.de\/AmericanRebel\/2017\/2020\/10\/19\/wochenrueckblick-42-kalenderwoche\/","title":{"rendered":"Wochenr\u00fcckblick 42. Kalenderwoche"},"content":{"rendered":"<p><img loading=\"lazy\" class=\" wp-image-26025 aligncenter\" src=\"http:\/\/www.deanreed.de\/AmericanRebel\/2017\/wp-content\/uploads\/2020\/10\/AR_WR_2-300x75.png\" alt=\"\" width=\"668\" height=\"167\" srcset=\"http:\/\/www.deanreed.de\/AmericanRebel\/2017\/wp-content\/uploads\/2020\/10\/AR_WR_2-300x75.png 300w, http:\/\/www.deanreed.de\/AmericanRebel\/2017\/wp-content\/uploads\/2020\/10\/AR_WR_2.png 700w\" sizes=\"(max-width: 668px) 100vw, 668px\" \/><\/p>\n<p style=\"text-align: justify;\"><span style=\"font-family: georgia, palatino, serif; font-size: 12pt;\"><span style=\"font-family: verdana, geneva, sans-serif;\"><span style=\"color: #993300;\"><strong><span style=\"font-family: georgia, palatino, serif; font-size: 12pt;\">Zur\u00fcckblickend auf die letzten Tage sind uns einige <\/span><\/strong><span style=\"font-family: georgia, palatino, serif; font-size: 12pt;\"><strong>kommentierbare Vorkommnisse ins Auge gefallen, <\/strong><\/span><\/span><span style=\"font-family: georgia, palatino, serif; font-size: 12pt;\"><span style=\"color: #993300;\"><strong><span style=\"color: #993300;\">die wir hier zur Diskussion stellen.<\/span><br \/>\n<\/strong><\/span><strong><span style=\"color: #ffffff;\">\u2028<\/span><\/strong><\/span><\/span><strong>(Kommis bitte unten eintragen!)<br \/>\n<span style=\"color: #ffffff;\">.<\/span><br \/>\n<span style=\"color: #ffffff;\">.<\/span><br \/>\n<\/strong><\/span><\/p>\n<p style=\"text-align: justify;\"><span style=\"font-family: georgia, palatino, serif; font-size: 12pt;\"><span style=\"font-size: 14pt;\"><strong>12<\/strong><strong><span style=\"color: #000000;\"><strong>.<\/strong><\/span> Oktober | <\/strong><span class=\"titletext\"><strong>Kolkwitz: <span class=\"titletext\">&#8222;Mitarbeit als Muslim unerw\u00fcnscht&#8220;<\/span><\/strong> <\/span><\/span><time class=\"archivedisclaimer\" datetime=\"2020-10-12T22:02\"><\/time><\/span><\/p>\n<div class=\"shorttext\">\n<p style=\"text-align: justify;\"><span style=\"font-family: georgia, palatino, serif; font-size: 12pt;\"><img loading=\"lazy\" class=\"size-full wp-image-6017 aligncenter\" src=\"https:\/\/rotermorgen.eu\/wp-content\/uploads\/2020\/10\/tzz.jpg\" alt=\"\" width=\"666\" height=\"180\" \/><br \/>\nEin junger Mann bewarb sich k\u00fcrzlich f\u00fcr einen Ausbildungsplatz als Tief-\/Stra\u00dfenbauer bei einem Unternehmen im Landkreis Spree-Nei\u00dfe. Die Absage, die er nach dem Vorstellungsgespr\u00e4ch vom Stra\u00dfenbauer erh\u00e4lt, beinhaltet rassistische Aussagen.<br \/>\n<span style=\"color: #ffffff;\">..<\/span>Die <a href=\"http:\/\/www.asg-kolkwitz.de\/\" target=\"_blank\" rel=\"noopener noreferrer\">Asphalt Stra\u00dfenbau Gesellschaft mbH<\/a> verweist in ihrer Antwort darauf, dass &#8222;besser geeignete Kandidaten&#8220; f\u00fcr die Position gefunden worden seien. Gleich danach hei\u00dft es allerdings: <em>&#8222;Desweiteren ist die Mitarbeit in unserem Unternehmen als praktizierender Moslem unerw\u00fcnscht. Der Islam ist in meinen Augen nicht mit der Verfassung der BRD in Einklang zu bringen&#8220;<\/em>, schreibt das Unternehmen an den Bewerber.<br \/>\nProtest kann gerichtet werden an: Frank Pilzecker Gesch\u00e4ftsf\u00fchrer der Asphalt Stra\u00dfenbau Gesellschaft mbH, eMail: <a href=\"mailto:info@asg-kolkwitz.de\" target=\"_blank\" rel=\"noopener noreferrer\">info@asg-kolkwitz.de<\/a><\/span><br \/>\n<span style=\"font-family: georgia, palatino, serif; font-size: 12pt;\"><span style=\"color: #ffffff;\">.<\/span><br \/>\n<span style=\"color: #ffffff;\">.<\/span><strong><br \/>\n<span style=\"font-size: 14pt;\">12. Oktober | Halle war kein Einzelfall<\/span><\/strong><\/span><\/p>\n<p style=\"text-align: justify;\"><span style=\"font-size: 12pt; font-family: georgia, palatino, serif;\"><a href=\"https:\/\/www.youtube.com\/watch?v=YnU9E0kYTnQ&amp;feature=youtu.be\" target=\"_blank\" rel=\"noopener noreferrer\"><img loading=\"lazy\" class=\"size-full wp-image-6186 aligncenter\" src=\"https:\/\/rotermorgen.eu\/wp-content\/uploads\/2020\/10\/rtthz65.png\" alt=\"\" width=\"666\" height=\"180\" \/><\/a><br \/>\nStuttgart: \u00dcber hundert Menschen gedachten am Freitag, 9. Oktober, in der Stuttgarter Innenstadt mit Reden und einer Schweigeminute der beiden Todesopfer von Halle und aller anderer Opfer rechter Gewalt. An diesem Tag j\u00e4hrte sich der Terroranschlag. Zu der Gedenkkundgebung riefen das Antifaschistische Aktionsb\u00fcndnis Stuttgart und Region (AABS) und die Vereinigung der Verfolgten des Naziregimes (VVN-BdA) auf. Im Anschluss wurden 100 Kerzen und die Namen der Menschen aufgestellt, um an sie zu erinnern.<\/span><br \/>\n<span style=\"font-size: 12pt; font-family: georgia, palatino, serif;\"><span style=\"color: #ffffff;\">..<\/span>Auf dem Schlossplatz standen Stellw\u00e4nde, die den Prozess in Halle dokumentierten. Als Redner und Moderatoren gingen Janka Kluge von der VVN-BdA und AktivistInnen des OTKM (Offenes Treffen gegen Krieg und Militarisierung) und des AABS auf den geschichtlichen Hintergrund des Antisemitismus und die Verstrickungen von Staat und Neonazis ein. Alle Redner betonten, dass antifaschistische Arbeit notwendig sei. Wer gegen Neonazis k\u00e4mpfe, k\u00f6nne sich auf den Staat nicht verlassen. Auch wurden Neonazi-Aktivit\u00e4ten im Stuttgarter Raum thematisiert.<\/span><br \/>\n<span style=\"font-size: 12pt; font-family: georgia, palatino, serif;\"><em>Sahra Barkini<\/em> <a href=\"https:\/\/beobachternews.de\/2020\/10\/16\/halle-war-kein-einzelfall\/\" target=\"_blank\" rel=\"noopener noreferrer\"><em>berichtete auf beobachternews<\/em><\/a><\/span><br \/>\n<span style=\"font-size: 12pt; color: #ffffff; font-family: georgia, palatino, serif;\">.<\/span><br \/>\n<span style=\"font-family: georgia, palatino, serif; font-size: 12pt;\"><span style=\"color: #ffffff;\">.<\/span><strong><br \/>\n<span style=\"font-size: 14pt;\">12. Oktober | <\/span><\/strong><span style=\"color: #ffffff;\"><span style=\"color: #000000;\"><span style=\"font-size: 14pt;\"><strong>\u201eEs werden wahllos Wohngebiete angegriffen\u201c \u2013 im Gespr\u00e4ch mit Hovhannes Gevorkian \u00fcber den Krieg in Bergkarabach<\/strong><\/span><br \/>\n<\/span><\/span><\/span><\/p>\n<p style=\"text-align: justify;\"><span style=\"font-family: georgia, palatino, serif; font-size: 12pt;\"><span style=\"color: #ffffff;\"><span style=\"color: #000000;\"><img loading=\"lazy\" class=\"size-full wp-image-6040 aligncenter\" src=\"https:\/\/rotermorgen.eu\/wp-content\/uploads\/2020\/10\/t88.jpg\" alt=\"\" width=\"660\" height=\"180\" \/><br \/>\nSeit dem 27. September w\u00fctet in der umstrittenen Region Bergkarabach der blutigste Krieg zwischen Armenien und Aserbaidschan. Bewohnt ist diese Region fast ausschlie\u00dflich von christlichen Armenier\/innen. Nach v\u00f6lkerrechtlicher Lehrmeinung geh\u00f6rt diese autonome Region nach zu Aserbaidschan.<br \/>\nEin friedliches und freies Zusammenleben kann niemals unter kapitalistischen Bedingungen m\u00f6glich sein, sodass die kapitalistische Ordnung nicht nur in Armenien und Aserbaidschan, sondern in der gesamten Region gest\u00fcrzt werden muss!<br \/>\n<em>ROTER MORGEN <a href=\"https:\/\/rotermorgen.eu\/bergkarabach-es-werden-wahllos-wohngebiete-angegriffen\/\" target=\"_blank\" rel=\"noopener noreferrer\">berichtete<\/a><\/em><\/span><\/span> <div class=\"hide-this-part-wrap\"><div class=\"hide-this-part-more\" id=\"hide-this-part-0\" morelink-text=\"hier geht es weiter\">hier geht es weiter \u00bb<\/div><div class=\"hide-this-part\" status=\"invisible\"><br \/>\n<span style=\"color: #ffffff;\">.<\/span><br \/>\n<span style=\"color: #ffffff;\">.<\/span><br \/>\n<span style=\"font-size: 14pt;\"><strong>14. Oktober | <\/strong><strong><em>Die Sonne der betrieblichen Mitbestimmung geht auf, bei Media Markt in Pirmasens!<\/em><\/strong><\/span><\/span><\/p>\n<div dir=\"auto\" style=\"text-align: justify;\"><span style=\"font-family: georgia, palatino, serif; font-size: 12pt;\"><img loading=\"lazy\" class=\"size-full wp-image-6161 aligncenter\" src=\"https:\/\/rotermorgen.eu\/wp-content\/uploads\/2020\/10\/dff.jpg\" alt=\"\" width=\"666\" height=\"180\" \/><br \/>\nSeit heute entscheidet die Belegschaft mit, denn heute hat die erste Betriebsratswahl beim Media Markt in Pirmasens stattgefunden. Mit einer unglaublichen Wahlbeteiligung von 97,6% hat die Belegschaft ihre Vertretung gew\u00e4hlt. Wir gratulieren den Kollegen und Kolleginnen. Gemeinsam mit ver.di wird sich das Gremium zuk\u00fcnftig f\u00fcr gute Arbeitsbedingungen im Einzelhandel einsetzen.<br \/>\n<span style=\"color: #ffffff;\">.<\/span><br \/>\n<span style=\"color: #ffffff;\">.<\/span><strong><br \/>\n<\/strong><span style=\"font-size: 14pt;\"><strong>15. Oktober |<\/strong> <\/span><strong><span style=\"font-size: 14pt;\">Chinas Aufstieg zur kapitalistischen Supermacht<\/span><br \/>\n<\/strong><\/span><\/div>\n<div dir=\"auto\" style=\"text-align: justify;\">\n<div id=\"attachment_6199\" style=\"width: 676px\" class=\"wp-caption aligncenter\"><img aria-describedby=\"caption-attachment-6199\" loading=\"lazy\" class=\"size-full wp-image-6199\" src=\"https:\/\/rotermorgen.eu\/wp-content\/uploads\/2020\/10\/ertz.jpg\" alt=\"\" width=\"666\" height=\"180\" \/><p id=\"caption-attachment-6199\" class=\"wp-caption-text\"><span style=\"font-family: georgia, palatino, serif; font-size: 10pt;\">Ist es Gro\u00dfstadtplanung oder Gr\u00f6\u00dfenwahn? China will im S\u00fcden des Landes neun Metropolen zusammenlegen. Entstehen soll so die gewaltigste Megacity der Welt &#8211; 26-mal so gro\u00df wie London<\/span><\/p><\/div>\n<p><span style=\"font-family: georgia, palatino, serif; font-size: 12pt;\">China durchlebte in den letzten Jahrzehnten einen wirtschaftlichen Aufstieg, der beispiellos in der Menschheitsgeschichte ist. Dieser ging einher mit blutigen politischen Zerw\u00fcrfnissen und Krisen.<br \/>\nDarum ging es in <a href=\"https:\/\/diefreiheitsliebe.de\/politik\/chinas-aufstieg-ein-blick-zurueck\/\">Teil 1 des China-Specials<\/a>. Teil 2 behandelt nun die aufkommenden sozialen Spannungen, die zur Herausbildung neuer Klassenbeziehungen innerhalb der chinesischen Gesellschaft und zu Konflikten zwischen Bauern, Wanderarbeitern, Staatsbediensteten und Kapitalisten f\u00fchrten.<br \/>\n<em><span class=\"autor-artikel\"> <a title=\"Beitr\u00e4ge von Ulrike Eifler\" href=\"https:\/\/diefreiheitsliebe.de\/author\/ulrike-eifler\/\" rel=\"author\">Ulrike Eifler<\/a> <\/span> ver\u00f6ffentlichte auf \u00bbDie Freiheitsliebe\u00ab <a href=\"https:\/\/diefreiheitsliebe.de\/politik\/chinas-aufstieg-die-entstehung-neuer-klassenbeziehungen\/\" target=\"_blank\" rel=\"noopener noreferrer\">den zweiten Teil ihren Arbeit<\/a><\/em><br \/>\n<span style=\"color: #ffffff;\">.<\/span><br \/>\n<span style=\"color: #ffffff;\">.<\/span><strong><br \/>\n<\/strong><span style=\"font-size: 14pt;\"><strong>16. Oktober |<\/strong> <strong>Wahlen in Westafrika \u2013 Probleme vorprogrammiert<\/strong><\/span><\/span><\/p>\n<p><span style=\"font-family: georgia, palatino, serif; font-size: 12pt;\"><img loading=\"lazy\" class=\"size-full wp-image-6206 aligncenter\" src=\"https:\/\/rotermorgen.eu\/wp-content\/uploads\/2020\/10\/r457.jpg\" alt=\"\" width=\"666\" height=\"180\" \/><br \/>\nIn vier L\u00e4ndern Westafrikas finden in den kommenden drei Monaten wichtige Wahlen statt. Die Medien hierzulande schenken dem wenig Aufmerksamkeit, obwohl in drei dieser L\u00e4nder auch europ\u00e4ische Soldaten aktiv sind. Nur auf Guinea trifft dies nicht zu. Dort wird mit den Pr\u00e4sidentschaftswahlen am kommenden Sonntag, dem 18. Oktober, die Wahlsaison er\u00f6ffnet. Zwei Wochen sp\u00e4ter, am 31. Oktober, folgt die Elfenbeink\u00fcste, Burkina Faso am 22. November und am 27. Dezember dann der Niger, je mit sowohl Parlaments- wie auch Pr\u00e4sidentschaftswahlen. In der Elfenbeink\u00fcste hat Frankreich eine feste Truppe stationiert.<\/span><br \/>\n<span style=\"font-family: georgia, palatino, serif; font-size: 12pt;\"><em>Pablo Flock <a href=\"https:\/\/www.imi-online.de\/2020\/10\/16\/wahlen-in-westafrika-probleme-vorprogrammiert\/\" target=\"_blank\" rel=\"noopener noreferrer\">berichtete ausf\u00fchrlich<\/a> auf IMI-Standpunkt 2020\/053<br \/>\n<\/em><span style=\"color: #ffffff;\">.<\/span><br \/>\n<span style=\"color: #ffffff;\">.<\/span><strong><br \/>\n<\/strong><span style=\"font-size: 14pt;\"><strong>16. Oktober |<\/strong> <strong>\u00bbLiebig34\u00ab: T\u00e4uschungsman\u00f6ver zur Entsolidarisierung der \u00d6ffentlichkeit<\/strong><\/span><\/span><\/p>\n<\/div>\n<div id=\"attachment_6149\" style=\"width: 676px\" class=\"wp-caption aligncenter\"><img aria-describedby=\"caption-attachment-6149\" loading=\"lazy\" class=\"size-full wp-image-6149\" src=\"https:\/\/rotermorgen.eu\/wp-content\/uploads\/2020\/10\/ff.jpg\" alt=\"\" width=\"666\" height=\"180\" \/><p id=\"caption-attachment-6149\" class=\"wp-caption-text\"><span style=\"font-family: georgia, palatino, serif; font-size: 10pt;\">Fotomontage f\u00fcr das T\u00e4uschungsman\u00f6ver<\/span><\/p><\/div>\n<p style=\"text-align: justify;\"><span style=\"font-family: georgia, palatino, serif; font-size: 12pt;\">Nachdem die letzte Betonbarrikade in der Liebigstra\u00dfe 34 durchbrochen, der letzte Besetzer beziehungsweise Besetzerin von der Polizei hinausgef\u00fchrt, aber noch l\u00e4ngst nicht die letzten Autos in dem folgenden Vergeltungsfeldzug angez\u00fcndet waren, liefen Bilder durch die sozialen Medien, die Einrichtungsdetails des laut Selbstdefinition \u201eeinzigartigen Freiraums\u201c in dem gut 30 Jahre lang besetzten Haus zeigten.<br \/>\n<span style=\"color: #ffffff;\">..<\/span>Um es gleich zu sagen: Bei den Aufnahmen einer zerschlissenen Schlafmatratze und eines \u00fcber Wochen oder Monate gewachsenen Abwaschstapels in der Sp\u00fcle handelte es sich zwar um authentische Fotos, die stammten allerdings nicht aus der Liebigstra\u00dfe 34, sondern aus der schon \u00e4lteren Werbung eines Unternehmens, das so genannte Messi-Wohnungen r\u00e4umt und wieder herrichtet.<br \/>\n<em>ROTER MORGEN <a href=\"https:\/\/rotermorgen.eu\/zur-raeumung\/\" target=\"_blank\" rel=\"noopener noreferrer\">berichtete<\/a><\/em><br \/>\n<span style=\"color: #ffffff;\">.<\/span><br \/>\n<span style=\"color: #ffffff;\">.<\/span><br \/>\n<span style=\"font-size: 14pt;\"><strong>18. Oktober | <\/strong><\/span><strong><span style=\"font-size: 14pt;\">129b-Prozesse am laufenden Band: Verfahrenser\u00f6ffnung gegen G\u00f6kmen \u00c7. vor dem OLG Koblenz<\/span> <\/strong><\/span><\/p>\n<p style=\"text-align: justify;\"><span style=\"font-family: georgia, palatino, serif; font-size: 12pt;\"><img loading=\"lazy\" class=\"size-full wp-image-6203 aligncenter\" src=\"https:\/\/rotermorgen.eu\/wp-content\/uploads\/2020\/10\/seer.jpg\" alt=\"\" width=\"666\" height=\"180\" \/><br \/>\nNachdem ein Prozess vor dem OLG Koblenz im August und ein anderer vor dem OLG Hamburg im Oktober mit Verurteilungen der Angeklagten zu mehrj\u00e4hrigen Haftstrafen beendet wurden, steht das n\u00e4chste Verfahren gegen einen kurdischen Aktivisten bevor.<br \/>\n<span style=\"color: #ffffff;\">..<\/span>So wird am 20. Oktober das Hauptverfahren gegen G\u00f6kmen \u00c7. (38) vor dem Staatsschutzsenat des Oberlandesgerichts Koblenz er\u00f6ffnet. Die Anklage beschuldigt ihn der Mitgliedschaft in einer \u201eterroristischen\u201c Vereinigung im Ausland gem. \u00a7\u00a7 129a\/b StGB. Als \u201ehauptamtlicher Kader\u201c habe er ab Ende 2017 unter dem Decknamen \u201eRojhat\u201c das \u201ePKK-Gebiet\u201c Saarbr\u00fccken geleitet und sei bis Juni 2019 f\u00fcr die Regionen Hessen bzw. Rheinland-Pfalz verantwortlich gewesen.<\/span><br \/>\n<span style=\"font-family: georgia, palatino, serif; font-size: 12pt;\"><em>Rote Hilfe e.V. online <a href=\"https:\/\/www.rote-hilfe.de\/\" target=\"_blank\" rel=\"noopener noreferrer\">berichtete<\/a><\/em><\/span><span style=\"font-family: verdana, geneva, sans-serif; font-size: 14pt;\"><span style=\"font-family: georgia, palatino, serif; font-size: 12pt;\"><em> ausf\u00fchrlich<\/em><\/span><br \/>\n<span style=\"font-size: 12pt; color: #ffffff;\">.<\/span><strong><br \/>\n<\/strong><\/span><\/p>\n<\/div>\n<p style=\"text-align: center;\"><span style=\"font-size: 10pt; font-family: verdana, geneva, sans-serif;\"><strong>Die Redaktion dankt Hosteni, J\u00fcrgen E., Heinz M. V., Rui G. und Reinhold S.<br \/>\nf\u00fcr die Unterst\u00fctzung <\/strong><strong>bei der Erstellung der Wochenr\u00fcckblicke.<\/strong><br \/>\nDieser R\u00fcckblick erhebt nicht den Anspruch auf Vollst\u00e4ndigkeit.<br \/>\nVerlinkte- und mit Namen gekennzeichnete Texte m\u00fcssen<br \/>\nnicht in allen Punkten der Meinung der Redaktionen entsprechen.<br \/>\n<strong>Wochenr\u00fcckblick ist ein Gemeinschaftsprojekt von<\/strong><br \/>\n<strong> \u00bbAmerican Rebel\u00ab, \u00bbInfo Welt\u201c und \u00bbRoter Morgen\u00ab<\/strong><br \/>\nDie Redaktion freut sich \u00fcber jede Hilfe und bittet um Texte und Hinweise an<br \/>\n<strong>eMail: <\/strong><a href=\"mailto:Wochenrueckblick@RoterMorgen.eu\" target=\"_blank\" rel=\"noopener noreferrer\">Wochenrueckblick(at)RoterMorgen.eu<\/a><\/span><br \/>\n<strong><span style=\"font-family: verdana, geneva, sans-serif; font-size: 10pt;\">Redaktionsschluss ist jeden Sonntag 1 Uhr<\/span><\/strong><\/p>\n<div class=\"\" dir=\"auto\">\n<div id=\"jsc_c_54\" class=\"ecm0bbzt hv4rvrfc ihqw7lf3 dati1w0a\" data-ad-comet-preview=\"message\" data-ad-preview=\"message\">\n<div class=\"j83agx80 cbu4d94t ew0dbk1b irj2b8pg\">\n<div class=\"qzhwtbm6 knvmm38d\">\n<div class=\"kvgmc6g5 cxmmr5t8 oygrvhab hcukyx3x c1et5uql ii04i59q\">\n<div dir=\"auto\">\n<div class=\"nc684nl6\" style=\"text-align: justify;\">\n<p style=\"text-align: center;\"><span style=\"font-family: verdana, geneva, sans-serif;\"><span style=\"font-size: 10pt;\"><\/div><!-- .hide-this-part --><\/div><!-- hide-this-part-wrap --><\/span><br \/>\n<span style=\"color: #ffffff;\">.<\/span><br \/>\n<\/span><\/p>\n<\/div>\n<\/div>\n<\/div>\n<\/div>\n<\/div>\n<\/div>\n<\/div>\n","protected":false},"excerpt":{"rendered":"<p>Zur\u00fcckblickend auf die letzten Tage sind uns einige kommentierbare Vorkommnisse ins Auge gefallen, die wir hier zur Diskussion stellen. \u2028(Kommis bitte unten eintragen!) . . 12. Oktober | Kolkwitz: &#8222;Mitarbeit als Muslim unerw\u00fcnscht&#8220; Ein junger Mann bewarb sich k\u00fcrzlich f\u00fcr [&hellip;]<a class=\"more-link\" href=\"http:\/\/www.deanreed.de\/AmericanRebel\/2017\/2020\/10\/19\/wochenrueckblick-42-kalenderwoche\/\">&darr; Lese den Rest von diesem Eintrag&#8230;<\/a><\/p>\n","protected":false},"author":2,"featured_media":0,"comment_status":"open","ping_status":"open","sticky":false,"template":"","format":"standard","meta":[],"categories":[1],"tags":[1183,748,4786,2594,8,4787,4788,4728,4789,4790,2224,255,4729,4730,4791,2021,4731,4792,4793,2225,4601,4794,1329,4732,4734,4735,4736],"yoast_head":"<!-- This site is optimized with the Yoast SEO plugin v17.5 - https:\/\/yoast.com\/wordpress\/plugins\/seo\/ -->\n<title>Wochenr\u00fcckblick 42. Kalenderwoche &ndash; Onlinezeitung AmericanRebel<\/title>\n<meta name=\"robots\" content=\"index, follow, max-snippet:-1, max-image-preview:large, max-video-preview:-1\" \/>\n<link rel=\"canonical\" href=\"https:\/\/www.deanreed.de\/AmericanRebel\/2017\/2020\/10\/19\/wochenrueckblick-42-kalenderwoche\/\" \/>\n<meta property=\"og:locale\" content=\"de_DE\" \/>\n<meta property=\"og:type\" content=\"article\" \/>\n<meta property=\"og:title\" content=\"Wochenr\u00fcckblick 42. Kalenderwoche &ndash; Onlinezeitung AmericanRebel\" \/>\n<meta property=\"og:description\" content=\"Zur\u00fcckblickend auf die letzten Tage sind uns einige kommentierbare Vorkommnisse ins Auge gefallen, die wir hier zur Diskussion stellen. \u2028(Kommis bitte unten eintragen!) . . 12. Oktober | Kolkwitz: &#8222;Mitarbeit als Muslim unerw\u00fcnscht&#8220; Ein junger Mann bewarb sich k\u00fcrzlich f\u00fcr [&hellip;]&darr; Lese den Rest von diesem Eintrag...\" \/>\n<meta property=\"og:url\" content=\"https:\/\/www.deanreed.de\/AmericanRebel\/2017\/2020\/10\/19\/wochenrueckblick-42-kalenderwoche\/\" \/>\n<meta property=\"og:site_name\" content=\"Onlinezeitung AmericanRebel\" \/>\n<meta property=\"article:published_time\" content=\"2020-10-19T12:10:36+00:00\" \/>\n<meta property=\"article:modified_time\" content=\"2020-10-19T16:48:27+00:00\" \/>\n<meta property=\"og:image\" content=\"https:\/\/www.deanreed.de\/AmericanRebel\/2017\/wp-content\/uploads\/2020\/09\/erttz.png\" \/>\n\t<meta property=\"og:image:width\" content=\"640\" \/>\n\t<meta property=\"og:image:height\" content=\"460\" \/>\n<meta name=\"twitter:card\" content=\"summary_large_image\" \/>\n<meta name=\"twitter:label1\" content=\"Verfasst von\" \/>\n\t<meta name=\"twitter:data1\" content=\"Redaktion\" \/>\n\t<meta name=\"twitter:label2\" content=\"Gesch\u00e4tzte Lesezeit\" \/>\n\t<meta name=\"twitter:data2\" content=\"5\u00a0Minuten\" \/>\n<script type=\"application\/ld+json\" class=\"yoast-schema-graph\">{\"@context\":\"https:\/\/schema.org\",\"@graph\":[{\"@type\":\"WebSite\",\"@id\":\"https:\/\/www.deanreed.de\/AmericanRebel\/2017\/#website\",\"url\":\"https:\/\/www.deanreed.de\/AmericanRebel\/2017\/\",\"name\":\"Onlinezeitung AmericanRebel\",\"description\":\"Internationale Onlinezeitung f\\u00fcr Frieden, Humanismus, V\\u00f6lkerverst\\u00e4ndigung und Kultur\",\"potentialAction\":[{\"@type\":\"SearchAction\",\"target\":{\"@type\":\"EntryPoint\",\"urlTemplate\":\"https:\/\/www.deanreed.de\/AmericanRebel\/2017\/?s={search_term_string}\"},\"query-input\":\"required name=search_term_string\"}],\"inLanguage\":\"de\"},{\"@type\":\"ImageObject\",\"@id\":\"https:\/\/www.deanreed.de\/AmericanRebel\/2017\/2020\/10\/19\/wochenrueckblick-42-kalenderwoche\/#primaryimage\",\"inLanguage\":\"de\",\"url\":\"http:\/\/www.deanreed.de\/AmericanRebel\/2017\/wp-content\/uploads\/2020\/09\/erttz.png\",\"contentUrl\":\"http:\/\/www.deanreed.de\/AmericanRebel\/2017\/wp-content\/uploads\/2020\/09\/erttz.png\",\"width\":640,\"height\":460},{\"@type\":\"WebPage\",\"@id\":\"https:\/\/www.deanreed.de\/AmericanRebel\/2017\/2020\/10\/19\/wochenrueckblick-42-kalenderwoche\/#webpage\",\"url\":\"https:\/\/www.deanreed.de\/AmericanRebel\/2017\/2020\/10\/19\/wochenrueckblick-42-kalenderwoche\/\",\"name\":\"Wochenr\\u00fcckblick 42. Kalenderwoche &ndash; Onlinezeitung AmericanRebel\",\"isPartOf\":{\"@id\":\"https:\/\/www.deanreed.de\/AmericanRebel\/2017\/#website\"},\"primaryImageOfPage\":{\"@id\":\"https:\/\/www.deanreed.de\/AmericanRebel\/2017\/2020\/10\/19\/wochenrueckblick-42-kalenderwoche\/#primaryimage\"},\"datePublished\":\"2020-10-19T12:10:36+00:00\",\"dateModified\":\"2020-10-19T16:48:27+00:00\",\"author\":{\"@id\":\"https:\/\/www.deanreed.de\/AmericanRebel\/2017\/#\/schema\/person\/9edfca7917cd10b75edaae51c6e7935a\"},\"breadcrumb\":{\"@id\":\"https:\/\/www.deanreed.de\/AmericanRebel\/2017\/2020\/10\/19\/wochenrueckblick-42-kalenderwoche\/#breadcrumb\"},\"inLanguage\":\"de\",\"potentialAction\":[{\"@type\":\"ReadAction\",\"target\":[\"https:\/\/www.deanreed.de\/AmericanRebel\/2017\/2020\/10\/19\/wochenrueckblick-42-kalenderwoche\/\"]}]},{\"@type\":\"BreadcrumbList\",\"@id\":\"https:\/\/www.deanreed.de\/AmericanRebel\/2017\/2020\/10\/19\/wochenrueckblick-42-kalenderwoche\/#breadcrumb\",\"itemListElement\":[{\"@type\":\"ListItem\",\"position\":1,\"name\":\"Startseite\",\"item\":\"https:\/\/www.deanreed.de\/AmericanRebel\/2017\/\"},{\"@type\":\"ListItem\",\"position\":2,\"name\":\"Wochenr\\u00fcckblick 42. Kalenderwoche\"}]},{\"@type\":\"Person\",\"@id\":\"https:\/\/www.deanreed.de\/AmericanRebel\/2017\/#\/schema\/person\/9edfca7917cd10b75edaae51c6e7935a\",\"name\":\"Redaktion\",\"url\":\"http:\/\/www.deanreed.de\/AmericanRebel\/2017\/author\/redaktion\/\"}]}<\/script>\n<!-- \/ Yoast SEO plugin. -->","yoast_head_json":{"title":"Wochenr\u00fcckblick 42. Kalenderwoche &ndash; Onlinezeitung AmericanRebel","robots":{"index":"index","follow":"follow","max-snippet":"max-snippet:-1","max-image-preview":"max-image-preview:large","max-video-preview":"max-video-preview:-1"},"canonical":"https:\/\/www.deanreed.de\/AmericanRebel\/2017\/2020\/10\/19\/wochenrueckblick-42-kalenderwoche\/","og_locale":"de_DE","og_type":"article","og_title":"Wochenr\u00fcckblick 42. Kalenderwoche &ndash; Onlinezeitung AmericanRebel","og_description":"Zur\u00fcckblickend auf die letzten Tage sind uns einige kommentierbare Vorkommnisse ins Auge gefallen, die wir hier zur Diskussion stellen. \u2028(Kommis bitte unten eintragen!) . . 12. Oktober | Kolkwitz: &#8222;Mitarbeit als Muslim unerw\u00fcnscht&#8220; Ein junger Mann bewarb sich k\u00fcrzlich f\u00fcr [&hellip;]&darr; Lese den Rest von diesem Eintrag...","og_url":"https:\/\/www.deanreed.de\/AmericanRebel\/2017\/2020\/10\/19\/wochenrueckblick-42-kalenderwoche\/","og_site_name":"Onlinezeitung AmericanRebel","article_published_time":"2020-10-19T12:10:36+00:00","article_modified_time":"2020-10-19T16:48:27+00:00","og_image":[{"width":640,"height":460,"url":"https:\/\/www.deanreed.de\/AmericanRebel\/2017\/wp-content\/uploads\/2020\/09\/erttz.png","type":"image\/png"}],"twitter_card":"summary_large_image","twitter_misc":{"Verfasst von":"Redaktion","Gesch\u00e4tzte Lesezeit":"5\u00a0Minuten"},"schema":{"@context":"https:\/\/schema.org","@graph":[{"@type":"WebSite","@id":"https:\/\/www.deanreed.de\/AmericanRebel\/2017\/#website","url":"https:\/\/www.deanreed.de\/AmericanRebel\/2017\/","name":"Onlinezeitung AmericanRebel","description":"Internationale Onlinezeitung f\u00fcr Frieden, Humanismus, V\u00f6lkerverst\u00e4ndigung und Kultur","potentialAction":[{"@type":"SearchAction","target":{"@type":"EntryPoint","urlTemplate":"https:\/\/www.deanreed.de\/AmericanRebel\/2017\/?s={search_term_string}"},"query-input":"required name=search_term_string"}],"inLanguage":"de"},{"@type":"ImageObject","@id":"https:\/\/www.deanreed.de\/AmericanRebel\/2017\/2020\/10\/19\/wochenrueckblick-42-kalenderwoche\/#primaryimage","inLanguage":"de","url":"http:\/\/www.deanreed.de\/AmericanRebel\/2017\/wp-content\/uploads\/2020\/09\/erttz.png","contentUrl":"http:\/\/www.deanreed.de\/AmericanRebel\/2017\/wp-content\/uploads\/2020\/09\/erttz.png","width":640,"height":460},{"@type":"WebPage","@id":"https:\/\/www.deanreed.de\/AmericanRebel\/2017\/2020\/10\/19\/wochenrueckblick-42-kalenderwoche\/#webpage","url":"https:\/\/www.deanreed.de\/AmericanRebel\/2017\/2020\/10\/19\/wochenrueckblick-42-kalenderwoche\/","name":"Wochenr\u00fcckblick 42. Kalenderwoche &ndash; Onlinezeitung AmericanRebel","isPartOf":{"@id":"https:\/\/www.deanreed.de\/AmericanRebel\/2017\/#website"},"primaryImageOfPage":{"@id":"https:\/\/www.deanreed.de\/AmericanRebel\/2017\/2020\/10\/19\/wochenrueckblick-42-kalenderwoche\/#primaryimage"},"datePublished":"2020-10-19T12:10:36+00:00","dateModified":"2020-10-19T16:48:27+00:00","author":{"@id":"https:\/\/www.deanreed.de\/AmericanRebel\/2017\/#\/schema\/person\/9edfca7917cd10b75edaae51c6e7935a"},"breadcrumb":{"@id":"https:\/\/www.deanreed.de\/AmericanRebel\/2017\/2020\/10\/19\/wochenrueckblick-42-kalenderwoche\/#breadcrumb"},"inLanguage":"de","potentialAction":[{"@type":"ReadAction","target":["https:\/\/www.deanreed.de\/AmericanRebel\/2017\/2020\/10\/19\/wochenrueckblick-42-kalenderwoche\/"]}]},{"@type":"BreadcrumbList","@id":"https:\/\/www.deanreed.de\/AmericanRebel\/2017\/2020\/10\/19\/wochenrueckblick-42-kalenderwoche\/#breadcrumb","itemListElement":[{"@type":"ListItem","position":1,"name":"Startseite","item":"https:\/\/www.deanreed.de\/AmericanRebel\/2017\/"},{"@type":"ListItem","position":2,"name":"Wochenr\u00fcckblick 42. Kalenderwoche"}]},{"@type":"Person","@id":"https:\/\/www.deanreed.de\/AmericanRebel\/2017\/#\/schema\/person\/9edfca7917cd10b75edaae51c6e7935a","name":"Redaktion","url":"http:\/\/www.deanreed.de\/AmericanRebel\/2017\/author\/redaktion\/"}]}},"_links":{"self":[{"href":"http:\/\/www.deanreed.de\/AmericanRebel\/2017\/wp-json\/wp\/v2\/posts\/26046"}],"collection":[{"href":"http:\/\/www.deanreed.de\/AmericanRebel\/2017\/wp-json\/wp\/v2\/posts"}],"about":[{"href":"http:\/\/www.deanreed.de\/AmericanRebel\/2017\/wp-json\/wp\/v2\/types\/post"}],"author":[{"embeddable":true,"href":"http:\/\/www.deanreed.de\/AmericanRebel\/2017\/wp-json\/wp\/v2\/users\/2"}],"replies":[{"embeddable":true,"href":"http:\/\/www.deanreed.de\/AmericanRebel\/2017\/wp-json\/wp\/v2\/comments?post=26046"}],"version-history":[{"count":8,"href":"http:\/\/www.deanreed.de\/AmericanRebel\/2017\/wp-json\/wp\/v2\/posts\/26046\/revisions"}],"predecessor-version":[{"id":26054,"href":"http:\/\/www.deanreed.de\/AmericanRebel\/2017\/wp-json\/wp\/v2\/posts\/26046\/revisions\/26054"}],"wp:attachment":[{"href":"http:\/\/www.deanreed.de\/AmericanRebel\/2017\/wp-json\/wp\/v2\/media?parent=26046"}],"wp:term":[{"taxonomy":"category","embeddable":true,"href":"http:\/\/www.deanreed.de\/AmericanRebel\/2017\/wp-json\/wp\/v2\/categories?post=26046"},{"taxonomy":"post_tag","embeddable":true,"href":"http:\/\/www.deanreed.de\/AmericanRebel\/2017\/wp-json\/wp\/v2\/tags?post=26046"}],"curies":[{"name":"wp","href":"https:\/\/api.w.org\/{rel}","templated":true}]}}