{"id":26023,"date":"2020-10-13T15:47:56","date_gmt":"2020-10-13T13:47:56","guid":{"rendered":"http:\/\/www.deanreed.de\/AmericanRebel\/2017\/?p=26023"},"modified":"2020-10-18T18:17:25","modified_gmt":"2020-10-18T16:17:25","slug":"wochenrueckblick-41-kalenderwoche","status":"publish","type":"post","link":"http:\/\/www.deanreed.de\/AmericanRebel\/2017\/2020\/10\/13\/wochenrueckblick-41-kalenderwoche\/","title":{"rendered":"Wochenr\u00fcckblick 41. Kalenderwoche"},"content":{"rendered":"<p><img loading=\"lazy\" class=\" wp-image-26025 aligncenter\" src=\"http:\/\/www.deanreed.de\/AmericanRebel\/2017\/wp-content\/uploads\/2020\/10\/AR_WR_2-300x75.png\" alt=\"\" width=\"668\" height=\"167\" srcset=\"http:\/\/www.deanreed.de\/AmericanRebel\/2017\/wp-content\/uploads\/2020\/10\/AR_WR_2-300x75.png 300w, http:\/\/www.deanreed.de\/AmericanRebel\/2017\/wp-content\/uploads\/2020\/10\/AR_WR_2.png 700w\" sizes=\"(max-width: 668px) 100vw, 668px\" \/><\/p>\n<p style=\"text-align: justify;\"><span style=\"font-family: georgia, palatino, serif; font-size: 12pt;\"><span style=\"font-family: verdana, geneva, sans-serif;\"><span style=\"color: #993300;\"><strong><span style=\"font-family: georgia, palatino, serif; font-size: 12pt;\">Zur\u00fcckblickend auf die letzten Tage sind uns einige <\/span><\/strong><span style=\"font-family: georgia, palatino, serif; font-size: 12pt;\"><strong>kommentierbare Vorkommnisse ins Auge gefallen, <\/strong><\/span><\/span><span style=\"font-family: georgia, palatino, serif; font-size: 12pt;\"><span style=\"color: #993300;\"><strong><span style=\"color: #993300;\">die wir hier zur Diskussion stellen.<\/span><br \/>\n<\/strong><\/span><strong><span style=\"color: #ffffff;\">\u2028<\/span><\/strong><\/span><\/span><strong>(Kommis bitte unten eintragen!)<br \/>\n<span style=\"color: #ffffff;\">.<\/span><br \/>\n<span style=\"color: #ffffff;\">.<\/span><br \/>\n<\/strong><\/span><\/p>\n<p style=\"text-align: left;\"><span style=\"font-family: georgia, palatino, serif; font-size: 12pt;\"><span style=\"font-size: 14pt;\"><strong>5. Oktober | Fremdenfeindliche Brandanschl\u00e4ge in Marbach \u2013<br \/>\nPolizei: kein Rassismus!<\/strong><\/span><\/span><\/p>\n<p style=\"text-align: justify;\"><img loading=\"lazy\" class=\"size-full wp-image-5822 aligncenter\" src=\"https:\/\/rotermorgen.eu\/wp-content\/uploads\/2020\/10\/raddd161.png\" alt=\"\" width=\"666\" height=\"180\" \/><br \/>\n<span style=\"font-family: georgia, palatino, serif; font-size: 12pt;\">In der Nacht zum 3. Oktober, dem \u201eTag der deutschen Einheit\u201c hat ein 42-J\u00e4hriger in Marbach am Neckar drei Brandanschl\u00e4ge auf ein Wohnhaus, eine Kirche und ein Polizeirevier ver\u00fcbt. \u00dcber 500.000 Euro Sachschaden, 8 Verletzte. Zwei Bewohner des Hauses mussten vom Dach gerettet werden, 2 weitere aus dem Flur. Sie h\u00e4tten auch tot sein k\u00f6nnen.<\/span><br \/>\n<span style=\"font-family: georgia, palatino, serif; font-size: 12pt;\">Wie die Polizei bei einem offensichtlich rechten Terroranschlag vorgeht, zeigt die erste Meldung der Stuttgarter Zeitung vom 5.10.20 auf S.1:<\/span><br \/>\n<a href=\"https:\/\/www.arbeit-zukunft.de\/2020\/10\/06\/fremdenfeindliche-brandanschlaege-in-marbach-polizei-kein-rassismus\/#more-7569\" target=\"_blank\" rel=\"noopener noreferrer\"><em><span style=\"font-family: georgia, palatino, serif; font-size: 12pt;\">Arbeit Zukunft berichtete ausf\u00fchrlich<\/span><\/em><\/a><br \/>\n<span style=\"color: #ffffff;\">.<\/span><br \/>\n<span style=\"color: #ffffff;\">.<\/span><br \/>\n<span style=\"font-size: 14pt;\"><strong>6. Oktober | <\/strong><strong>Trumps R\u00fcckkehr<br \/>\nin den Corona-Hotspot &#8222;White House&#8220;<\/strong><\/span><\/p>\n<div class=\"o9v6fnle cxmmr5t8 oygrvhab hcukyx3x c1et5uql ii04i59q\" style=\"text-align: justify;\">\n<div dir=\"auto\" style=\"text-align: justify;\"><span style=\"font-family: georgia, palatino, serif; font-size: 12pt;\"><img loading=\"lazy\" class=\"size-full wp-image-5870 aligncenter\" src=\"https:\/\/rotermorgen.eu\/wp-content\/uploads\/2020\/10\/err.png\" alt=\"\" width=\"666\" height=\"180\" \/><br \/>\nWas man in Trumps Wahlkampfspot nicht sieht, ist die M\u00fche, die Trump offenbar beim Atmen versp\u00fcrte, nachdem er die Treppen zum Balkon des Wei\u00dfen Hauses hoch geschritten war. TV-Bilder zeigten einen Pr\u00e4sidenten, der w\u00e4hrend einigen Momenten nach Luft zu schnappen schien und dabei das Gesicht verzog. Ganz \u00fcberraschend ist das nicht: Nach seiner Infektion musste Trump zweimal mit Sauerstoff behandelt werden. Trumps \u00c4rzte hatten vor seiner Entlassung am Montag gesagt, dass er &#8222;noch nicht ganz \u00fcber den Berg&#8220; sei. Journalistenfragen nach dem Zustand von Trumps Lunge beantworteten die \u00c4rzte nicht.&#8220;<\/span><br \/>\n<span style=\"font-family: georgia, palatino, serif; font-size: 12pt;\"><span style=\"font-family: georgia, palatino, serif; font-size: 12pt;\"><em>Heinz Michael Vilsmeier<\/em><br \/>\n<span style=\"color: #ffffff;\">.<\/span><br \/>\n<span style=\"color: #ffffff;\">.<\/span><strong><br \/>\n<span style=\"font-size: 14pt;\">9. Oktober | US-Elitendemokratie<br \/>\n<\/span><\/strong><strong><span style=\"font-size: 14pt;\"><br \/>\n<\/span><\/strong><\/span><\/span><\/div>\n<\/div>\n<p style=\"text-align: justify;\"><span style=\"font-family: georgia, palatino, serif; font-size: 12pt;\"><img loading=\"lazy\" class=\"size-full wp-image-5913 aligncenter\" src=\"https:\/\/rotermorgen.eu\/wp-content\/uploads\/2020\/10\/Bie4.55.png\" alt=\"\" width=\"666\" height=\"180\" \/><br \/>\nGibt es \u00fcberhaupt einen Unterschied zwischen den Demokraten und Republikanern in der asozial-politischenund gesellschaftspolitischen Zielsetzung der USA? In beiden neoliberalen Parteien sind die Interessen der Million\u00e4re, Multimillion\u00e4re und Milliard\u00e4re der Vereinigten Staaten tonangebend, aber nicht die sozialen Interessen der Mehrheit der Bev\u00f6lkerung! Zudem manipulieren nicht nur die privaten und staatlichen Medien das Massenbewusstsein der Bev\u00f6lkerung, sondern ebenso auch alle privaten und staatlichen Bildungseinrichtungen der Vereinigten Staaten. Die Finanz- und Monopolbourgeoisie, zudem deren rund 690 Dividenden-, Kapital- und Verm\u00f6gensmilliard\u00e4r\/innen, beherrschen das gesamte gesellschaftspolitische Leben in den Vereinigten Staaten. Sie betreiben mit ihrer politischen Gefolgschaft eine ausschlie\u00dflich vom Kapital und R\u00fcstungsinteresse formierte Elitendemokratie und zerst\u00f6ren seit Jahrzehnten fortw\u00e4hrend humanistische Ans\u00e4tze und die sozialen Lebensgrundlagen in den USA, aber auch weltweit.<\/span><br \/>\n<span style=\"font-family: georgia, palatino, serif; font-size: 12pt;\"><em>Reinhold Schramm, <\/em><a href=\"https:\/\/navigator.gmx.net\/mail?sid=9427f9fd210be959532c0bec6a9519d660146399f600733ab9be5f63b2a46d81530d45029a674c0b5484993f96817706\"><em>hier geht&#8217;s weiter &gt;&gt;&gt;<\/em><\/a><em> \u00a0\u00a0\u00a0\u00a0\u00a0 <\/em><span lang=\"de-DE\"><div class=\"hide-this-part-wrap\"><div class=\"hide-this-part-more\" id=\"hide-this-part-0\" morelink-text=\"hier geht es weiter\">hier geht es weiter \u00bb<\/div><div class=\"hide-this-part\" status=\"invisible\"><\/span><\/span><br \/>\n<span style=\"font-family: georgia, palatino, serif; font-size: 12pt;\"><strong><span style=\"font-size: 14pt;\">9. Oktober | Metallindustrie: Wer k\u00e4mpft, kann verlieren!<\/span><br \/>\n<span style=\"font-size: 14pt;\">wer nicht k\u00e4mpft, hat schon verloren!<\/span><\/strong><\/span><\/p>\n<p style=\"text-align: justify;\"><span style=\"font-family: georgia, palatino, serif; font-size: 12pt;\"><img loading=\"lazy\" class=\"size-full wp-image-5899 aligncenter\" src=\"https:\/\/rotermorgen.eu\/wp-content\/uploads\/2020\/10\/tz78.jpg\" alt=\"\" width=\"666\" height=\"180\" \/><br \/>\nJetzt, im Herbst 2020, gehen die Mitgliederversammlungen der IG Metall zur Lohn- und Gehaltstarifrunde in der Metallindustrie \u00fcber die B\u00fchne. Doch dazu ist bis jetzt von der Gewerkschaftsf\u00fchrung nur sehr wenig zu h\u00f6ren. Stattdessen schl\u00e4gt J\u00f6rg Hofmann, der Erste Vorsitzende der IG Metall, ohne zuvor die Mitglieder zu befragen, \u201eeine 4-Tagewoche als Wahlm\u00f6glichkeit f\u00fcr Unternehmen\u201c (so w\u00f6rtlich!) vor. (\u2026)<\/span><br \/>\n<span style=\"font-family: georgia, palatino, serif; font-size: 12pt;\"><em>Aus dem <a href=\"https:\/\/bap.navigator.gmx.net\/mail?sid=f05d14bd73f01b51d5488596ea9ca8369b73f4ee3817ab65fb49a3b2109880b7fa7e247a658faea6abd67c9fd7dce2f7\">aktuellen Flugblatt<\/a> zur \u201eMetalltarifrunde 2020\u201c von Arbeit-Zukunft<\/em><br \/>\n<span style=\"color: #ffffff;\">.<br \/>\n.<\/span><strong><br \/>\n<span style=\"font-size: 14pt;\">10. Oktober |<\/span><\/strong><span style=\"font-size: 14pt;\"><strong>Ukraine will Flotte von Kampfdrohnen<br \/>\naus der T\u00fcrkei<\/strong><\/span><\/span><\/p>\n<div class=\"entry-excerpt\">\n<p style=\"text-align: justify;\"><span style=\"font-family: georgia, palatino, serif; font-size: 12pt;\"><img loading=\"lazy\" class=\"size-full wp-image-6006 aligncenter\" src=\"https:\/\/rotermorgen.eu\/wp-content\/uploads\/2020\/10\/rrr.jpeg\" alt=\"\" width=\"666\" height=\"180\" \/><br \/>\nDie T\u00fcrkei ist eines der wenigen L\u00e4nder, das bewaffnete Drohnen herstellt, exportiert, im AuDie Regierung der Ukraine will bis zu 48 t\u00fcrkische Kampfdrohnen und dazugeh\u00f6rige Kontrollstationen f\u00fcr das Milit\u00e4r einkaufen. Weil es sich bei der Bestellung um eine betr\u00e4chtliche Menge handelt, erw\u00e4gen die Regierungen in Kiew und Ankara ein Abkommen zur Produktion der Luftfahrtzeuge in der Ukraine.sland und sogar im eigenen Land einsetzt. Die unbemannten Angriffswaffen k\u00f6nnten demn\u00e4chst in der Ukraine hergestellt werden. Bald soll au\u00dferdem ein gemeinsam produzierter Drohnen-Bomber in Serie gehen. <\/span><br \/>\n<span style=\"font-family: georgia, palatino, serif; font-size: 12pt;\"><em>Netzpolitik.org <a href=\"https:\/\/netzpolitik.org\/2020\/neuer-ruestungsdeal-ukraine-will-kampfdrohnenflotte-aus-der-tuerkei\/\" target=\"_blank\" rel=\"noopener noreferrer\">berichtete<\/a><\/em><\/span><br \/>\n<span style=\"font-family: georgia, palatino, serif; font-size: 12pt;\"><span style=\"color: #ffffff;\">.<\/span><br \/>\n<span style=\"color: #ffffff;\">.<\/span><strong><br \/>\n<span style=\"font-size: 14pt;\">11. Oktober |Unser Haus k\u00f6nnt ihr haben,<\/span><br \/>\n<span style=\"font-size: 14pt;\">unsere Leidenschaft kriegt ihr nie!<\/span><\/strong><\/span><\/p>\n<\/div>\n<p style=\"text-align: justify;\"><span style=\"font-family: georgia, palatino, serif; font-size: 12pt;\"><img loading=\"lazy\" class=\"size-full wp-image-5968 aligncenter\" src=\"https:\/\/rotermorgen.eu\/wp-content\/uploads\/2020\/10\/Bildschirmfoto-2020-10-11-um-14.25.33.png\" alt=\"\" width=\"666\" height=\"180\" \/><br \/>\nAm Freitag, 9. Oktober, hat der Berliner Senat wieder einmal sein brutales Gesicht im Einsatz eine Stadt der Reichen gezeigt. Das beliebte Hausprojekt der Liebigstra\u00dfe 34 im Traditionsstadtteil Friedrichshain wurde mit einer unvorstellbaren Brutalit\u00e4t von der Polizei ger\u00e4umt.<strong><br \/>\n<\/strong><em>ROTER MORGEN <a href=\"https:\/\/rotermorgen.eu\/berlin-polizei-im-einsatz-fuer-eine-stadt-der-reichen\/\" target=\"_blank\" rel=\"noopener noreferrer\">berichtete ausf\u00fchrlich<\/a><\/em><strong><br \/>\n<\/strong><span style=\"color: #ffffff;\">.<\/span><\/span><br \/>\n<span style=\"font-family: georgia, palatino, serif; font-size: 12pt;\"><span style=\"color: #ffffff;\">.<\/span><strong><br \/>\n<\/strong><\/span><\/p>\n<p style=\"text-align: center;\"><span style=\"font-size: 10pt; font-family: verdana, geneva, sans-serif;\"><span style=\"font-family: georgia, palatino, serif;\"><strong>Die Redaktion dankt Hosteni, J\u00fcrgen E., Heinz M. V., Rui G. und Reinhold S.<br \/>\nf\u00fcr die Unterst\u00fctzung <\/strong><strong>bei der Erstellung der Wochenr\u00fcckblicke.<\/strong><\/span><br \/>\n<span style=\"font-family: georgia, palatino, serif;\">Dieser R\u00fcckblick erhebt nicht den Anspruch auf Vollst\u00e4ndigkeit.<\/span><br \/>\n<span style=\"font-family: georgia, palatino, serif;\">Verlinkte- und mit Namen gekennzeichnete Texte m\u00fcssen<\/span><br \/>\n<span style=\"font-family: georgia, palatino, serif;\">nicht in allen Punkten der Meinung der Redaktionen entsprechen.<\/span><br \/>\n<span style=\"font-family: georgia, palatino, serif;\"><strong>Wochenr\u00fcckblick ist ein Gemeinschaftsprojekt von<\/strong><\/span><br \/>\n<span style=\"font-family: georgia, palatino, serif;\"><strong> \u00bbAmerican Rebel\u00ab, \u00bbInfo Welt\u201c und \u00bbRoter Morgen\u00ab<\/strong><\/span><br \/>\n<span style=\"font-family: georgia, palatino, serif;\">Die Redaktion freut sich \u00fcber jede Hilfe und bittet um Texte und Hinweise an<\/span><br \/>\n<span style=\"font-family: georgia, palatino, serif;\">eMail: <\/span><a href=\"mailto:Wochenrueckblick@RoterMorgen.eu\" target=\"_blank\" rel=\"noopener noreferrer\"><span style=\"font-family: georgia, palatino, serif; font-size: 12pt;\"><span style=\"font-size: 10pt;\">Wochenrueckblick(at)RoterMorgen.eu<\/span><\/span><\/a><\/span><\/p>\n<div class=\"\" dir=\"auto\">\n<div id=\"jsc_c_54\" class=\"ecm0bbzt hv4rvrfc ihqw7lf3 dati1w0a\" data-ad-comet-preview=\"message\" data-ad-preview=\"message\">\n<div class=\"j83agx80 cbu4d94t ew0dbk1b irj2b8pg\">\n<div class=\"qzhwtbm6 knvmm38d\">\n<div class=\"kvgmc6g5 cxmmr5t8 oygrvhab hcukyx3x c1et5uql ii04i59q\">\n<div dir=\"auto\">\n<div class=\"nc684nl6\" style=\"text-align: justify;\">\n<p style=\"text-align: center;\"><span style=\"font-family: verdana, geneva, sans-serif;\"><span style=\"font-size: 10pt;\"><\/div><!-- .hide-this-part --><\/div><!-- hide-this-part-wrap --><\/span><br \/>\n<span style=\"color: #ffffff;\">.<\/span><br \/>\n<\/span><\/p>\n<\/div>\n<\/div>\n<\/div>\n<\/div>\n<\/div>\n<\/div>\n<\/div>\n","protected":false},"excerpt":{"rendered":"<p>Zur\u00fcckblickend auf die letzten Tage sind uns einige kommentierbare Vorkommnisse ins Auge gefallen, die wir hier zur Diskussion stellen. \u2028(Kommis bitte unten eintragen!) . . 5. Oktober | Fremdenfeindliche Brandanschl\u00e4ge in Marbach \u2013 Polizei: kein Rassismus! In der Nacht zum [&hellip;]<a class=\"more-link\" href=\"http:\/\/www.deanreed.de\/AmericanRebel\/2017\/2020\/10\/13\/wochenrueckblick-41-kalenderwoche\/\">&darr; Lese den Rest von diesem Eintrag&#8230;<\/a><\/p>\n","protected":false},"author":2,"featured_media":0,"comment_status":"open","ping_status":"open","sticky":false,"template":"","format":"standard","meta":[],"categories":[1],"tags":[1183,748,4786,2594,8,4787,4788,4728,4789,4790,2224,255,4729,4730,4791,2021,4731,4792,4793,2225,4601,4794,1329,4732,4734,4735,4736],"yoast_head":"<!-- This site is optimized with the Yoast SEO plugin v17.5 - https:\/\/yoast.com\/wordpress\/plugins\/seo\/ -->\n<title>Wochenr\u00fcckblick 41. Kalenderwoche &ndash; Onlinezeitung AmericanRebel<\/title>\n<meta name=\"robots\" content=\"index, follow, max-snippet:-1, max-image-preview:large, max-video-preview:-1\" \/>\n<link rel=\"canonical\" href=\"https:\/\/www.deanreed.de\/AmericanRebel\/2017\/2020\/10\/13\/wochenrueckblick-41-kalenderwoche\/\" \/>\n<meta property=\"og:locale\" content=\"de_DE\" \/>\n<meta property=\"og:type\" content=\"article\" \/>\n<meta property=\"og:title\" content=\"Wochenr\u00fcckblick 41. Kalenderwoche &ndash; Onlinezeitung AmericanRebel\" \/>\n<meta property=\"og:description\" content=\"Zur\u00fcckblickend auf die letzten Tage sind uns einige kommentierbare Vorkommnisse ins Auge gefallen, die wir hier zur Diskussion stellen. \u2028(Kommis bitte unten eintragen!) . . 5. Oktober | Fremdenfeindliche Brandanschl\u00e4ge in Marbach \u2013 Polizei: kein Rassismus! In der Nacht zum [&hellip;]&darr; Lese den Rest von diesem Eintrag...\" \/>\n<meta property=\"og:url\" content=\"https:\/\/www.deanreed.de\/AmericanRebel\/2017\/2020\/10\/13\/wochenrueckblick-41-kalenderwoche\/\" \/>\n<meta property=\"og:site_name\" content=\"Onlinezeitung AmericanRebel\" \/>\n<meta property=\"article:published_time\" content=\"2020-10-13T13:47:56+00:00\" \/>\n<meta property=\"article:modified_time\" content=\"2020-10-18T16:17:25+00:00\" \/>\n<meta property=\"og:image\" content=\"https:\/\/www.deanreed.de\/AmericanRebel\/2017\/wp-content\/uploads\/2020\/09\/erttz.png\" \/>\n\t<meta property=\"og:image:width\" content=\"640\" \/>\n\t<meta property=\"og:image:height\" content=\"460\" \/>\n<meta name=\"twitter:card\" content=\"summary_large_image\" \/>\n<meta name=\"twitter:label1\" content=\"Verfasst von\" \/>\n\t<meta name=\"twitter:data1\" content=\"Redaktion\" \/>\n\t<meta name=\"twitter:label2\" content=\"Gesch\u00e4tzte Lesezeit\" \/>\n\t<meta name=\"twitter:data2\" content=\"4\u00a0Minuten\" \/>\n<script type=\"application\/ld+json\" class=\"yoast-schema-graph\">{\"@context\":\"https:\/\/schema.org\",\"@graph\":[{\"@type\":\"WebSite\",\"@id\":\"https:\/\/www.deanreed.de\/AmericanRebel\/2017\/#website\",\"url\":\"https:\/\/www.deanreed.de\/AmericanRebel\/2017\/\",\"name\":\"Onlinezeitung AmericanRebel\",\"description\":\"Internationale Onlinezeitung f\\u00fcr Frieden, Humanismus, V\\u00f6lkerverst\\u00e4ndigung und Kultur\",\"potentialAction\":[{\"@type\":\"SearchAction\",\"target\":{\"@type\":\"EntryPoint\",\"urlTemplate\":\"https:\/\/www.deanreed.de\/AmericanRebel\/2017\/?s={search_term_string}\"},\"query-input\":\"required name=search_term_string\"}],\"inLanguage\":\"de\"},{\"@type\":\"ImageObject\",\"@id\":\"https:\/\/www.deanreed.de\/AmericanRebel\/2017\/2020\/10\/13\/wochenrueckblick-41-kalenderwoche\/#primaryimage\",\"inLanguage\":\"de\",\"url\":\"http:\/\/www.deanreed.de\/AmericanRebel\/2017\/wp-content\/uploads\/2020\/09\/erttz.png\",\"contentUrl\":\"http:\/\/www.deanreed.de\/AmericanRebel\/2017\/wp-content\/uploads\/2020\/09\/erttz.png\",\"width\":640,\"height\":460},{\"@type\":\"WebPage\",\"@id\":\"https:\/\/www.deanreed.de\/AmericanRebel\/2017\/2020\/10\/13\/wochenrueckblick-41-kalenderwoche\/#webpage\",\"url\":\"https:\/\/www.deanreed.de\/AmericanRebel\/2017\/2020\/10\/13\/wochenrueckblick-41-kalenderwoche\/\",\"name\":\"Wochenr\\u00fcckblick 41. Kalenderwoche &ndash; Onlinezeitung AmericanRebel\",\"isPartOf\":{\"@id\":\"https:\/\/www.deanreed.de\/AmericanRebel\/2017\/#website\"},\"primaryImageOfPage\":{\"@id\":\"https:\/\/www.deanreed.de\/AmericanRebel\/2017\/2020\/10\/13\/wochenrueckblick-41-kalenderwoche\/#primaryimage\"},\"datePublished\":\"2020-10-13T13:47:56+00:00\",\"dateModified\":\"2020-10-18T16:17:25+00:00\",\"author\":{\"@id\":\"https:\/\/www.deanreed.de\/AmericanRebel\/2017\/#\/schema\/person\/9edfca7917cd10b75edaae51c6e7935a\"},\"breadcrumb\":{\"@id\":\"https:\/\/www.deanreed.de\/AmericanRebel\/2017\/2020\/10\/13\/wochenrueckblick-41-kalenderwoche\/#breadcrumb\"},\"inLanguage\":\"de\",\"potentialAction\":[{\"@type\":\"ReadAction\",\"target\":[\"https:\/\/www.deanreed.de\/AmericanRebel\/2017\/2020\/10\/13\/wochenrueckblick-41-kalenderwoche\/\"]}]},{\"@type\":\"BreadcrumbList\",\"@id\":\"https:\/\/www.deanreed.de\/AmericanRebel\/2017\/2020\/10\/13\/wochenrueckblick-41-kalenderwoche\/#breadcrumb\",\"itemListElement\":[{\"@type\":\"ListItem\",\"position\":1,\"name\":\"Startseite\",\"item\":\"https:\/\/www.deanreed.de\/AmericanRebel\/2017\/\"},{\"@type\":\"ListItem\",\"position\":2,\"name\":\"Wochenr\\u00fcckblick 41. Kalenderwoche\"}]},{\"@type\":\"Person\",\"@id\":\"https:\/\/www.deanreed.de\/AmericanRebel\/2017\/#\/schema\/person\/9edfca7917cd10b75edaae51c6e7935a\",\"name\":\"Redaktion\",\"url\":\"http:\/\/www.deanreed.de\/AmericanRebel\/2017\/author\/redaktion\/\"}]}<\/script>\n<!-- \/ Yoast SEO plugin. -->","yoast_head_json":{"title":"Wochenr\u00fcckblick 41. Kalenderwoche &ndash; Onlinezeitung AmericanRebel","robots":{"index":"index","follow":"follow","max-snippet":"max-snippet:-1","max-image-preview":"max-image-preview:large","max-video-preview":"max-video-preview:-1"},"canonical":"https:\/\/www.deanreed.de\/AmericanRebel\/2017\/2020\/10\/13\/wochenrueckblick-41-kalenderwoche\/","og_locale":"de_DE","og_type":"article","og_title":"Wochenr\u00fcckblick 41. Kalenderwoche &ndash; Onlinezeitung AmericanRebel","og_description":"Zur\u00fcckblickend auf die letzten Tage sind uns einige kommentierbare Vorkommnisse ins Auge gefallen, die wir hier zur Diskussion stellen. \u2028(Kommis bitte unten eintragen!) . . 5. Oktober | Fremdenfeindliche Brandanschl\u00e4ge in Marbach \u2013 Polizei: kein Rassismus! In der Nacht zum [&hellip;]&darr; Lese den Rest von diesem Eintrag...","og_url":"https:\/\/www.deanreed.de\/AmericanRebel\/2017\/2020\/10\/13\/wochenrueckblick-41-kalenderwoche\/","og_site_name":"Onlinezeitung AmericanRebel","article_published_time":"2020-10-13T13:47:56+00:00","article_modified_time":"2020-10-18T16:17:25+00:00","og_image":[{"width":640,"height":460,"url":"https:\/\/www.deanreed.de\/AmericanRebel\/2017\/wp-content\/uploads\/2020\/09\/erttz.png","type":"image\/png"}],"twitter_card":"summary_large_image","twitter_misc":{"Verfasst von":"Redaktion","Gesch\u00e4tzte Lesezeit":"4\u00a0Minuten"},"schema":{"@context":"https:\/\/schema.org","@graph":[{"@type":"WebSite","@id":"https:\/\/www.deanreed.de\/AmericanRebel\/2017\/#website","url":"https:\/\/www.deanreed.de\/AmericanRebel\/2017\/","name":"Onlinezeitung AmericanRebel","description":"Internationale Onlinezeitung f\u00fcr Frieden, Humanismus, V\u00f6lkerverst\u00e4ndigung und Kultur","potentialAction":[{"@type":"SearchAction","target":{"@type":"EntryPoint","urlTemplate":"https:\/\/www.deanreed.de\/AmericanRebel\/2017\/?s={search_term_string}"},"query-input":"required name=search_term_string"}],"inLanguage":"de"},{"@type":"ImageObject","@id":"https:\/\/www.deanreed.de\/AmericanRebel\/2017\/2020\/10\/13\/wochenrueckblick-41-kalenderwoche\/#primaryimage","inLanguage":"de","url":"http:\/\/www.deanreed.de\/AmericanRebel\/2017\/wp-content\/uploads\/2020\/09\/erttz.png","contentUrl":"http:\/\/www.deanreed.de\/AmericanRebel\/2017\/wp-content\/uploads\/2020\/09\/erttz.png","width":640,"height":460},{"@type":"WebPage","@id":"https:\/\/www.deanreed.de\/AmericanRebel\/2017\/2020\/10\/13\/wochenrueckblick-41-kalenderwoche\/#webpage","url":"https:\/\/www.deanreed.de\/AmericanRebel\/2017\/2020\/10\/13\/wochenrueckblick-41-kalenderwoche\/","name":"Wochenr\u00fcckblick 41. Kalenderwoche &ndash; Onlinezeitung AmericanRebel","isPartOf":{"@id":"https:\/\/www.deanreed.de\/AmericanRebel\/2017\/#website"},"primaryImageOfPage":{"@id":"https:\/\/www.deanreed.de\/AmericanRebel\/2017\/2020\/10\/13\/wochenrueckblick-41-kalenderwoche\/#primaryimage"},"datePublished":"2020-10-13T13:47:56+00:00","dateModified":"2020-10-18T16:17:25+00:00","author":{"@id":"https:\/\/www.deanreed.de\/AmericanRebel\/2017\/#\/schema\/person\/9edfca7917cd10b75edaae51c6e7935a"},"breadcrumb":{"@id":"https:\/\/www.deanreed.de\/AmericanRebel\/2017\/2020\/10\/13\/wochenrueckblick-41-kalenderwoche\/#breadcrumb"},"inLanguage":"de","potentialAction":[{"@type":"ReadAction","target":["https:\/\/www.deanreed.de\/AmericanRebel\/2017\/2020\/10\/13\/wochenrueckblick-41-kalenderwoche\/"]}]},{"@type":"BreadcrumbList","@id":"https:\/\/www.deanreed.de\/AmericanRebel\/2017\/2020\/10\/13\/wochenrueckblick-41-kalenderwoche\/#breadcrumb","itemListElement":[{"@type":"ListItem","position":1,"name":"Startseite","item":"https:\/\/www.deanreed.de\/AmericanRebel\/2017\/"},{"@type":"ListItem","position":2,"name":"Wochenr\u00fcckblick 41. Kalenderwoche"}]},{"@type":"Person","@id":"https:\/\/www.deanreed.de\/AmericanRebel\/2017\/#\/schema\/person\/9edfca7917cd10b75edaae51c6e7935a","name":"Redaktion","url":"http:\/\/www.deanreed.de\/AmericanRebel\/2017\/author\/redaktion\/"}]}},"_links":{"self":[{"href":"http:\/\/www.deanreed.de\/AmericanRebel\/2017\/wp-json\/wp\/v2\/posts\/26023"}],"collection":[{"href":"http:\/\/www.deanreed.de\/AmericanRebel\/2017\/wp-json\/wp\/v2\/posts"}],"about":[{"href":"http:\/\/www.deanreed.de\/AmericanRebel\/2017\/wp-json\/wp\/v2\/types\/post"}],"author":[{"embeddable":true,"href":"http:\/\/www.deanreed.de\/AmericanRebel\/2017\/wp-json\/wp\/v2\/users\/2"}],"replies":[{"embeddable":true,"href":"http:\/\/www.deanreed.de\/AmericanRebel\/2017\/wp-json\/wp\/v2\/comments?post=26023"}],"version-history":[{"count":9,"href":"http:\/\/www.deanreed.de\/AmericanRebel\/2017\/wp-json\/wp\/v2\/posts\/26023\/revisions"}],"predecessor-version":[{"id":26045,"href":"http:\/\/www.deanreed.de\/AmericanRebel\/2017\/wp-json\/wp\/v2\/posts\/26023\/revisions\/26045"}],"wp:attachment":[{"href":"http:\/\/www.deanreed.de\/AmericanRebel\/2017\/wp-json\/wp\/v2\/media?parent=26023"}],"wp:term":[{"taxonomy":"category","embeddable":true,"href":"http:\/\/www.deanreed.de\/AmericanRebel\/2017\/wp-json\/wp\/v2\/categories?post=26023"},{"taxonomy":"post_tag","embeddable":true,"href":"http:\/\/www.deanreed.de\/AmericanRebel\/2017\/wp-json\/wp\/v2\/tags?post=26023"}],"curies":[{"name":"wp","href":"https:\/\/api.w.org\/{rel}","templated":true}]}}