{"id":25897,"date":"2020-09-21T14:39:15","date_gmt":"2020-09-21T12:39:15","guid":{"rendered":"http:\/\/www.deanreed.de\/AmericanRebel\/2017\/?p=25897"},"modified":"2020-09-24T03:47:18","modified_gmt":"2020-09-24T01:47:18","slug":"wochenrueckblick-38-kalenderwoche","status":"publish","type":"post","link":"http:\/\/www.deanreed.de\/AmericanRebel\/2017\/2020\/09\/21\/wochenrueckblick-38-kalenderwoche\/","title":{"rendered":"&#8211; Wochenr\u00fcckblick 38. Kalenderwoche"},"content":{"rendered":"<p><span style=\"font-family: georgia, palatino, serif; font-size: 12pt;\"><span style=\"font-family: verdana, geneva, sans-serif;\"><span style=\"color: #000000;\"><strong><img loading=\"lazy\" class=\" wp-image-25918 aligncenter\" src=\"http:\/\/www.deanreed.de\/AmericanRebel\/2017\/wp-content\/uploads\/2020\/09\/t6u-300x75.png\" alt=\"\" width=\"668\" height=\"167\" srcset=\"http:\/\/www.deanreed.de\/AmericanRebel\/2017\/wp-content\/uploads\/2020\/09\/t6u-300x75.png 300w, http:\/\/www.deanreed.de\/AmericanRebel\/2017\/wp-content\/uploads\/2020\/09\/t6u.png 700w\" sizes=\"(max-width: 668px) 100vw, 668px\" \/><br \/>\n<span style=\"font-family: georgia, palatino, serif; font-size: 12pt;\">Zur\u00fcckblickend auf die letzten Tage sind uns einige <\/span><\/strong><span style=\"font-family: georgia, palatino, serif; font-size: 12pt;\"><strong>kommentierbare Vorkommnisse ins Auge gefallen, <\/strong><\/span><\/span><span style=\"font-family: georgia, palatino, serif; font-size: 12pt;\"><span style=\"color: #993300;\"><strong><span style=\"color: #000000;\">die wir hier zur Diskussion stellen.<\/span><br \/>\n<\/strong><\/span><strong><span style=\"color: #ffffff;\">\u2028<\/span><\/strong><\/span><\/span><strong>(Kommis bitte unten eintragen!)<br \/>\n<span style=\"color: #ffffff;\">.<\/span><br \/>\n<span style=\"color: #ffffff;\">.<\/span><br \/>\n<\/strong><\/span><\/p>\n<p style=\"text-align: left;\"><span style=\"font-family: georgia, palatino, serif; font-size: 14pt;\"><strong>14<\/strong><strong><span style=\"color: #000000;\"><strong>.<\/strong><\/span> September | <\/strong><strong>Verbale Attacken und Brandstiftung in Landau Rheinland-Pfalz<\/strong><\/span><\/p>\n<div class=\"o9v6fnle cxmmr5t8 oygrvhab hcukyx3x c1et5uql ii04i59q\">\n<div dir=\"auto\" style=\"text-align: justify;\">\n<div id=\"attachment_5268\" style=\"width: 676px\" class=\"wp-caption aligncenter\"><img aria-describedby=\"caption-attachment-5268\" loading=\"lazy\" class=\"size-full wp-image-5268\" src=\"https:\/\/rotermorgen.eu\/wp-content\/uploads\/2020\/09\/119566802_3235929076442946_4991039808478802948_o.jpg\" alt=\"\" width=\"666\" height=\"180\" \/><p id=\"caption-attachment-5268\" class=\"wp-caption-text\"><span style=\"color: #808080; font-family: georgia, palatino, serif; font-size: 12pt;\">Bild: Der Rote Rabe<\/span><\/p><\/div>\n<p><span style=\"font-family: georgia, palatino, serif; font-size: 12pt;\">Jeden Montag im Wechsel kommt es in der S\u00fcdpfalz weiter zu Protestkundgebung gegen die Corona-Ma\u00dfnahmen der Bundesregierung. Diese Versammlungen in Landau und Neustadt\/Weinstra\u00dfe sind wie bundesweit von Rechtsextremen, Nazis, Verschw\u00f6rungstheoretiker und Reichsb\u00fcrger nicht nur unterwandert, sondern werden u.a. sogar von ihnen organisiert<br \/>\n<span style=\"color: #ffffff;\">..<\/span>Nicht nur, dass sie \u00fcber diese Proteste ihre Verschw\u00f6rungstheorien, Hass und Hetze gegen\u00fcber Migranten und Demokratie versuchen zu platzieren, sie zeigen auch v\u00f6llig offen, ihre hochaggressive, gewaltbereite und gef\u00e4hrliche Gesinnung.<br \/>\n<span style=\"color: #ffffff;\">..<\/span>Nicht von ungef\u00e4hr mischt das rechtsextreme Frauenb\u00fcndnis Kandel von Anfang an in vorderster Reihe mit. Regelm\u00e4\u00dfig wird in Telegramkan\u00e4len &#8222;Elternstehenauf RHEINPFALZKREIS&#8220;, &#8222;Visionen_M_Wege&#8220; &#8222;HandinHand-Landau&#8220; und &#8222;Kandel-Team 2020&#8220; f\u00fcr diese Veranstaltungen nicht nur geworben, sondern auch massiv gegen alles gehetzt was nicht ihrer Meinung oder Gesinnung entspricht.<\/span><br \/>\n<span style=\"font-family: georgia, palatino, serif; font-size: 12pt;\"><strong>Beiteiligt Euch an den Antifaschistischen Aktionen!<\/strong> Mehr dazu &gt;&gt;&gt;<span style=\"color: #000000;\"><span lang=\"de-DE\"><a href=\"https:\/\/www.facebook.com\/Der-Rote-Rabe-BlogSpot-f%C3%BCr-politische-Kultur--1902364746466059\/\" target=\"_blank\" rel=\"noopener noreferrer\"><em> Der Rote Rabe<\/em><\/a><\/span><\/span><span style=\"color: #000000;\"><span style=\"color: #ffffff;\"><br \/>\n.<br \/>\n<\/span><\/span><span style=\"color: #ffffff;\">.<\/span><br \/>\n<\/span><\/p>\n<\/div>\n<\/div>\n<p style=\"text-align: left;\"><span style=\"font-family: georgia, palatino, serif; font-size: 12pt;\"><strong><span style=\"font-size: 14pt;\">15. September | Portugal begegnet zweiter Corona-Welle mit neuem Notstand<\/span><br \/>\n<\/strong><\/span><\/p>\n<p style=\"text-align: justify;\"><span style=\"font-family: georgia, palatino, serif; font-size: 12pt;\"><span lang=\"de-DE\"><img loading=\"lazy\" class=\"size-full wp-image-5279 aligncenter\" src=\"https:\/\/rotermorgen.eu\/wp-content\/uploads\/2020\/09\/dfggg.jpg\" alt=\"\" width=\"666\" height=\"180\" \/>Seit heute den 15. September 2020 gilt in Portugal wieder ein Notstandsgesetz \u2013 der \u201eEind\u00e4mmungszustand\u201c. Die Regierung von Premierminister Ant\u00f3nio Costa beschloss die Versch\u00e4rfung der Ma\u00dfnahmen, die der Eind\u00e4mmung der Covid-19 Pandemie dienen. Dabei sind die Ma\u00dfnahmen bei weitem nicht so streng wie im M\u00e4rz und beim Grossteil der Bev\u00f6lkerung besteht ein Bewusstsein f\u00fcr die Notwendigkeit dieser Regeln. Aber auch hier w\u00e4chst der Unmut \u00fcber die Einschr\u00e4nkungen, die nicht nur f\u00fcr die Wirtschaft, sondern auch das soziale Leben pures Gift sind. Findet die Mittelinksregierung Portugals \u201eden goldenen Mittelweg\u201c?<br \/>\n<\/span><i>Rui Filipe Gutschmidt <\/i><a href=\"https:\/\/info-welt.eu\/portugal-begegnet-zweiter-welle-mit-neuem-notstand\/\" target=\"_blank\" rel=\"noopener noreferrer\"><em>berichtete auf Info-Welt<\/em><\/a><\/span><br \/>\n<span style=\"font-family: georgia, palatino, serif; font-size: 12pt;\"><span style=\"color: #ffffff;\">.<\/span><br \/>\n<span style=\"color: #ffffff;\">.<\/span><br \/>\n<\/span><\/p>\n<p style=\"text-align: left;\"><span style=\"font-family: georgia, palatino, serif; font-size: 14pt;\"><strong>15. September | <\/strong><strong>Rail Baltica Die milit\u00e4risch-geopolitische Dimension eines EU-Eisenbahnprojektes<\/strong><\/span><\/p>\n<div id=\"attachment_5361\" style=\"width: 676px\" class=\"wp-caption aligncenter\"><img aria-describedby=\"caption-attachment-5361\" loading=\"lazy\" class=\"size-full wp-image-5361\" src=\"https:\/\/rotermorgen.eu\/wp-content\/uploads\/2020\/09\/ddf.jpg\" alt=\"\" width=\"666\" height=\"180\" \/><p id=\"caption-attachment-5361\" class=\"wp-caption-text\"><span style=\"color: #808080; font-family: georgia, palatino, serif; font-size: 12pt;\">Milit\u00e4rische G\u00fctertransporte greifen besonders vor dem Hintergrund der aktuellen NATO-Planspiele gegen Russland. Deren Kern besteht in dem Ziel, bei Bedarf binnen k\u00fcrzester Zeit gro\u00dfe Truppen- und G\u00fctermengen an die russische Grenze verlegen zu k\u00f6nnen.<\/span><\/p><\/div>\n<p style=\"text-align: justify;\"><span style=\"font-family: georgia, palatino, serif; font-size: 12pt;\">Mit der Rail Baltica soll eine 870 Kilometer lange Schnellbahntrasse entstehen, die Tallinn (Estland), Riga (Lettland) und Kaunas (Litauen) mit Warschau (und daran ankn\u00fcpfend Berlin) mittels westeurop\u00e4ischer Spurbreite verbinden und elektrifizieren soll. Die Fertigstellung ist reichlich optimistisch f\u00fcr das Jahr 2026 geplant, zum selben Zeitpunkt soll auch ein 100 Kilometer langer Ostseetunnel fertiggebaut sein, mit dem eine Anbindung an Helsinki gew\u00e4hrleistet w\u00e4re. Die Trasse soll ein deutlich h\u00f6heres Fahrtempo erm\u00f6glichen und auch das bisher erforderliche Umspuren von der in den baltischen Staaten bislang \u00fcblichen russischen Breitspur auf die ansonsten g\u00e4ngige Normalspur an der polnischen Grenze w\u00fcrde dann entfallen. Dadurch soll sich die Fahrtzeit auf der gesamten Strecke deutlich reduzieren \u2013 Sch\u00e4tzungen gehen f\u00fcr die Strecke von Berlin nach Tallinn zum Beispiel von weniger als der H\u00e4lfte der Zeit aus.<br \/>\n<span style=\"color: #ffffff;\">..<\/span>Was steckt dahinter!<br \/>\n<em>J\u00fcrgen Wagner ging auf <\/em><em>IMI-Analyse 2020\/37 <a href=\"https:\/\/www.imi-online.de\/2020\/09\/15\/rail-baltica\/\" target=\"_blank\" rel=\"noopener noreferrer\">der Sache auf den Grund<\/a><\/em><span lang=\"de-DE\">\u00a0 <div class=\"hide-this-part-wrap\"><div class=\"hide-this-part-more\" id=\"hide-this-part-0\" morelink-text=\"hier geht es weiter\">hier geht es weiter \u00bb<\/div><div class=\"hide-this-part\" status=\"invisible\"><\/span><\/span><\/p>\n<p style=\"text-align: left;\"><span style=\"font-size: 14pt; font-family: georgia, palatino, serif;\"><strong>16. September | Antifaschistische Aktion: Kein Dialog mit Rechtspopulisten!<\/strong><\/span><\/p>\n<div id=\"attachment_5354\" style=\"width: 676px\" class=\"wp-caption aligncenter\"><img aria-describedby=\"caption-attachment-5354\" loading=\"lazy\" class=\"size-full wp-image-5354\" src=\"https:\/\/rotermorgen.eu\/wp-content\/uploads\/2020\/09\/Bildschirmfoto-2020-09-19-um-19.26.19.png\" alt=\"\" width=\"666\" height=\"180\" \/><p id=\"caption-attachment-5354\" class=\"wp-caption-text\"><span style=\"color: #808080; font-family: georgia, palatino, serif; font-size: 12pt;\">Samstag, 12. September, in Stuttgart\/Weilimdorf. Bilder: Alfred Denzinger f\u00fcr <em>\u00bbbeobachternews\u00ab<\/em><\/span><\/p><\/div>\n<p style=\"text-align: justify;\"><span style=\"font-family: georgia, palatino, serif; font-size: 12pt;\">Stuttgart: Etwa 200 Menschen folgten einem Aufruf des B\u00fcndnisses \u201eStuttgart gegen Rechts\u201c und protestierten am Samstag, 12. September, in Stuttgart\/Weilimdorf gegen eine Veranstaltung der AfD. Die \u201eAlternative f\u00fcr Deutschland\u201c hatte zu einem \u201eB\u00fcrgerdialog\u201c eingeladen. F\u00fcr ihre Veranstaltung, die kaum \u00f6ffentlich beworben wurde, nutzte sie die st\u00e4dtische Lindenbachhalle. Der Hauptredner war Dirk Spaniel. Er gilt als Vertreter des faschistischen Fl\u00fcgels seiner Partei. Au\u00dferdem erwartet wurden die Bundestagsabgeordneten J\u00fcrgen Braun und Thomas Seitz, der ebenfalls dem v\u00f6lkisch nationalen Fl\u00fcgel zugerechnet wird.<br \/>\n<span style=\"color: #ffffff;\">&#8230;<\/span>Obwohl die Halle weitr\u00e4umig abgesperrt wurde brachten die AntifaschistInnen ihren Protest in H\u00f6r- und Sichtweite zum Ausdruck.<br \/>\n<em>Sahra Barkini <a href=\"https:\/\/beobachternews.de\/2020\/09\/16\/kein-dialog-mit-rechtspopulisten-2\/\" target=\"_blank\" rel=\"noopener noreferrer\">berichtete auf beobachternews<\/a><\/em><br \/>\n<span style=\"color: #ffffff;\">.<\/span><br \/>\n<span style=\"color: #ffffff;\">.<\/span><br \/>\n<\/span><\/p>\n<p style=\"text-align: left;\"><span style=\"font-family: georgia, palatino, serif; font-size: 12pt;\"><strong>1<span style=\"font-size: 14pt;\">6. September | <\/span><\/strong><span style=\"font-size: 14pt;\"><strong><span style=\"color: #000000;\">Rechtsextreme Chat-Gruppen bei Polizei in NRW aufgedeckt<\/span><\/strong><\/span><\/span><\/p>\n<div class=\"o9v6fnle cxmmr5t8 oygrvhab hcukyx3x c1et5uql ii04i59q\" style=\"text-align: justify;\">\n<div dir=\"auto\"><span style=\"font-family: georgia, palatino, serif; font-size: 12pt;\"><img loading=\"lazy\" class=\"size-full wp-image-5271 aligncenter\" src=\"https:\/\/rotermorgen.eu\/wp-content\/uploads\/2020\/09\/119567749_3236103226425531_3891120694975612728_o.jpg\" alt=\"\" width=\"666\" height=\"180\" \/><br \/>\nBei der Essener Polizei stehen 29 Polizeibeamte im Verdacht, an mindesten f\u00fcnf rechtsextremen Chat-Gruppen beteiligt gewesen zu sein. Das teilte NRW Innenminister Herbert Reul (CDU) mit.<\/span><\/div>\n<\/div>\n<div class=\"o9v6fnle cxmmr5t8 oygrvhab hcukyx3x c1et5uql ii04i59q\" style=\"text-align: justify;\">\n<div dir=\"auto\" style=\"text-align: justify;\"><span style=\"font-family: georgia, palatino, serif; font-size: 12pt;\"><span style=\"color: #ffffff;\">..<\/span>Laut dem Innenministerium NRW wurden 34 Polizeidienststellen und Privatwohnungen in Duisburg, Essen, Moers, M\u00fclheim, Oberhausen durchsucht.<\/span><\/div>\n<\/div>\n<div class=\"o9v6fnle cxmmr5t8 oygrvhab hcukyx3x c1et5uql ii04i59q\">\n<div dir=\"auto\" style=\"text-align: justify;\"><span style=\"font-family: georgia, palatino, serif; font-size: 12pt;\"><span style=\"color: #ffffff;\">..<\/span>Alle Beamten wurden sofort vom Dienst suspendiert. In diesen f\u00fcnf aufgedeckten rechtsextremen Chat-Gruppen wurden insgesamt 126 Bilddateien verteilt. Unter anderem wurden dort Fotografien von Adolf Hitler und die fiktive Darstellung eines Fl\u00fcchtlings in einer Gaskammer verbreitet.<br \/>\n<span style=\"color: #ffffff;\">.<\/span><\/span><br \/>\n<span style=\"font-family: georgia, palatino, serif; font-size: 12pt;\"><span style=\"color: #ffffff;\">.<\/span><br \/>\n<\/span><\/div>\n<\/div>\n<p style=\"text-align: left;\"><span style=\"font-family: georgia, palatino, serif; font-size: 14pt;\"><strong>16. September | \u00d6sterreich: Polizei nutzt Gesichtserkennung f\u00fcr Demonstrationen<\/strong><\/span><\/p>\n<div class=\"entry-excerpt\">\n<div id=\"attachment_5367\" style=\"width: 676px\" class=\"wp-caption aligncenter\"><img aria-describedby=\"caption-attachment-5367\" loading=\"lazy\" class=\"size-full wp-image-5367\" src=\"https:\/\/rotermorgen.eu\/wp-content\/uploads\/2020\/09\/drrrr.jpg\" alt=\"\" width=\"666\" height=\"180\" \/><p id=\"caption-attachment-5367\" class=\"wp-caption-text\"><span style=\"color: #808080; font-family: georgia, palatino, serif; font-size: 12pt;\">Unter dem Codenamen \u201eTundra Freeze\u201c sammelt der amerikanische Geheimdienst NSA t\u00e4glich Millionen Bilder aus dem Internet. Mittels Gesichtserkennung sollen Personen besser aufgesp\u00fcrt werden.<\/span><\/p><\/div>\n<p style=\"text-align: justify;\"><span style=\"font-family: georgia, palatino, serif; font-size: 12pt;\">Der polizeiliche Lichtbildvergleich in \u00d6sterreich und Deutschland stammt von der Firma Cognitech aus Dresden. In beiden L\u00e4ndern wurde die Technik in Ermittlungen nach politischen Versammlungen genutzt. Die EU will Abfragen von Gesichtsbildern zuk\u00fcnftig in allen Mitgliedstaaten erm\u00f6glichen.<\/span><br \/>\n<span style=\"font-family: georgia, palatino, serif; font-size: 12pt;\"><span style=\"color: #ffffff;\">..<\/span>Das Bundeskriminalamt (BKA) in \u00d6sterreich nutzt seine neue Gesichtserkennungssoftware auch f\u00fcr Ermittlungen zu politischen Versammlungen. <a href=\"https:\/\/www.derstandard.de\/story\/2000119996329\/polizei-nutzt-neue-gesichtserkennung-um-demonstranten-zu-identifizieren\">Das berichtet die Tageszeitung \u201eDer Standard\u201c<\/a> unter Berufung auf nicht n\u00e4her bezeichnete Dokumente. Demnach wertet die Polizei mit der Anwendung Bilder von Demonstrationen aus, die im Sommer <a href=\"https:\/\/www.derstandard.de\/story\/2000118369179\/demos-in-wien-favoriten-was-steckt-dahinter-wer-ist-involviert\">im Wiener Stadtteil Favoriten stattgefunden haben<\/a>. Damals hatten t\u00fcrkische Rechtsextreme zuerst feministische und anschlie\u00dfend kurdische sowie antifaschistische AktivistInnen attackiert und verletzt. In den mehrt\u00e4gigen Auseinandersetzungen wurde auch ein linkes Zentrum angegriffen.<br \/>\n<em>Matthias Monroy Wissensarbeiter, Aktivist und Mitglied der Redaktion der Zeitschrift B\u00fcrgerrechte &amp; Polizei <a href=\"https:\/\/netzpolitik.org\/2020\/polizei-nutzt-gesichtserkennung-fuer-demonstrationen\/#vorschaltbanner\" target=\"_blank\" rel=\"noopener noreferrer\">befasste sich ausf\u00fchrlich mit dem Thema<\/a><br \/>\n<\/em><span style=\"color: #ffffff;\">.<\/span><br \/>\n<span style=\"color: #ffffff;\">.<\/span><br \/>\n<\/span><\/p>\n<\/div>\n<p style=\"text-align: left;\"><span style=\"font-family: georgia, palatino, serif; font-size: 14pt;\"><strong>17. September |<\/strong> <strong>Meldung: \u00bbDie Bundesregierung will 1553 Fl\u00fcchtlinge aus Griechenland aufnehmen<\/strong><\/span><\/p>\n<p style=\"text-align: justify;\"><span style=\"font-family: georgia, palatino, serif; font-size: 12pt;\"><img loading=\"lazy\" class=\"size-full wp-image-5276 aligncenter\" src=\"https:\/\/rotermorgen.eu\/wp-content\/uploads\/2020\/09\/ce4r5t.jpg\" alt=\"\" width=\"666\" height=\"180\" \/><br \/>\nDie SPD dr\u00e4ngte nach dem Brand in Moria auf die Aufnahme von Fl\u00fcchtlingen, dann einigten sich Angela Merkel und Horst Seehofer. Nun steht der Beschluss der Bundesregierung.\u00ab Das ist gut, doch haben diese Herrschaften v\u00f6llig andere Gr\u00fcnde f\u00fcr ihr Handeln! Sie suchen Facharbeiter f\u00fcr die deutsche Wirtschaft!<br \/>\n<strong>Unsere Gr\u00fcnde sind nicht ihre Gr\u00fcnde!<\/strong><br \/>\n<span style=\"color: #ffffff;\">..<\/span>F\u00fcr uns steht die Klassensolidarit\u00e4t an erster Stelle, den jetzt Leidenden von Moria muss sofort geholfen werden, unabh\u00e4ngig davon ob andere kapitalistische Staat es ebenfalls tun!<br \/>\n<span style=\"color: #ffffff;\">..<\/span>Aber die Jugend in Asien und Afrika muss sich auch selbst am revolution\u00e4ren Widerstand beteiligen und darf nicht den einheimischen Oligarchen, Familien- und Stammesclans und deren korrupten politischen Eliten ihre Heimat zur Ausbeutung und zum Verkauf der vorhandenen Rohstoffe \u00fcberlassen. Die Pl\u00fcnderung der vorhandenen Reicht\u00fcmer in den Herkunftsl\u00e4ndern der Migranten muss von ihnen selbst vor Ort beendet werden! Wir, das deutsche Proletariat k\u00f6nnen unseren Beitrag f\u00fcr den Sturz dieser Ausbeuterklasse mit ihren hervorragenden Verbindungen zum Imperialismus am besten unterst\u00fctzen indem wir unsere Ausbeuter, die Bosse der Fabriken und Banken, an den Pranger stellen, zum Teufel schicken und ihnen die Macht entreissen.<br \/>\n<em>ROTER MORGEN <a href=\"https:\/\/rotermorgen.eu\/deutsche-arbeiter-auslaendische-arbeiter-eine-arbeiterklasse_1\/\" target=\"_blank\" rel=\"noopener noreferrer\">berichtete<\/a><\/em><br \/>\n<span style=\"color: #ffffff;\">.<\/span><\/span><br \/>\n<span style=\"font-family: georgia, palatino, serif; color: #ffffff; font-size: 12pt;\">.<\/span><\/p>\n<p style=\"text-align: left;\"><span style=\"font-family: georgia, palatino, serif; font-size: 14pt;\"><strong>17. September | Stuttgart: <\/strong><strong>Bei Mahle brennt die Bude!<\/strong><\/span><\/p>\n<div id=\"attachment_5369\" style=\"width: 676px\" class=\"wp-caption aligncenter\"><img aria-describedby=\"caption-attachment-5369\" loading=\"lazy\" class=\"size-full wp-image-5369\" src=\"https:\/\/rotermorgen.eu\/wp-content\/uploads\/2020\/09\/fgg.png\" alt=\"\" width=\"666\" height=\"180\" \/><p id=\"caption-attachment-5369\" class=\"wp-caption-text\"><span style=\"color: #808080; font-family: georgia, palatino, serif; font-size: 12pt;\">Protestaktionen bei Mahle. Bilder: Arbeit-Zukunft, IG Metall<\/span><\/p><\/div>\n<p style=\"text-align: justify;\"><span style=\"font-family: georgia, palatino, serif; font-size: 12pt;\">Hunderte Mahle-Jobs sind in Gefahr! Ca. 200 Kolleginnen und Kollegen des Stuttgarter Automobilzulieferers protestierten am Mittwoch, dem 16. September 2020, vor dem Verwaltungsgeb\u00e4ude Mauserstra\u00dfe in Stuttgart Feuerbach. <\/span><br \/>\n<span style=\"font-family: georgia, palatino, serif; font-size: 12pt;\">..<span id=\"more-7478\"><\/span>Sie verurteilten weitere Entlassungspl\u00e4ne. Anlass war die Aufsichtsratssitzung, die dort stattfand. Aufgerufen hatten Betriebsrat und Vertrauensleute des Werkes Feuerbach. Auf beiden Stra\u00dfenseiten stellten sich die Kolleginnen und Kollegen in Menschenketten auf, zeigten Protestplakate und forderten die Mahle-Gesch\u00e4ftsf\u00fchrung auf, die Finger vom geplanten neuen Job-Abbau zu lassen. Ein Schild einer Teilnehmerin richtet sich auch klar an IG Metall die Betriebr\u00e4te: \u201e<strong><i>Keine Zustimmung zum Personalabbau!<\/i><\/strong>\u201c.<br \/>\n<em>Arbeit-Zukunft online <a href=\"https:\/\/www.arbeit-zukunft.de\/2020\/09\/17\/protest-von-kolleg-innen-bei-mahle-dort-brennt-die-bude\/#more-7478\" target=\"_blank\" rel=\"noopener noreferrer\">berichtete ausf\u00fchrlich<\/a><\/em><br \/>\n<span style=\"color: #ffffff;\">.<\/span><br \/>\n<span style=\"color: #ffffff;\">.<\/span><\/span><\/p>\n<p style=\"text-align: justify;\"><span style=\"font-family: georgia, palatino, serif; font-size: 12pt;\"><strong><span style=\"font-size: 14pt;\">19. September | Bremen verbietet Reichsflaggen<\/span><br \/>\n<\/strong><\/span><\/p>\n<p style=\"text-align: justify;\"><span style=\"font-family: georgia, palatino, serif; font-size: 12pt;\"><img loading=\"lazy\" class=\"size-full wp-image-5345 aligncenter\" src=\"https:\/\/rotermorgen.eu\/wp-content\/uploads\/2020\/09\/Bildschirmfoto-2020-09-19-um-01.44.02.png\" alt=\"\" width=\"666\" height=\"180\" \/><br \/>\nDas Zeigen von Reichs- und Reichskriegsflaggen in der \u00d6ffentlichkeit kann in Bremen zuk\u00fcnftig bis zu 1000 Euro Strafe bedeuten. Der Erlass gilt ab 21. September und hat hoffentlich eine Signalwirkung f\u00fcr andere Bundesl\u00e4nder.<br \/>\n<span style=\"color: #ffffff;\">.<\/span><br \/>\n<span style=\"color: #ffffff;\">.<\/span><br \/>\n<\/span><\/p>\n<p style=\"text-align: justify;\"><span style=\"font-family: georgia, palatino, serif; font-size: 12pt;\"><strong><span style=\"font-size: 14pt;\">19. September | Neum\u00fcnster: NPD-Kndgebung verhindert<\/span><br \/>\n<\/strong><\/span><\/p>\n<div id=\"attachment_5351\" style=\"width: 676px\" class=\"wp-caption aligncenter\"><img aria-describedby=\"caption-attachment-5351\" loading=\"lazy\" class=\"size-full wp-image-5351\" src=\"https:\/\/rotermorgen.eu\/wp-content\/uploads\/2020\/09\/Bildschirmfoto-2020-09-19-um-18.32.12.png\" alt=\"\" width=\"666\" height=\"180\" \/><p id=\"caption-attachment-5351\" class=\"wp-caption-text\"><span style=\"color: #808080; font-family: georgia, palatino, serif; font-size: 12pt;\">NPD-&#8222;Kundgebung&#8220; am Gro\u00dfflecken in Neum\u00fcnster. Rechts die Faschos mit Trasparent, links die Antifaschisten und Passanten und in der Mitte die uniformierten Besch\u00fctzer der Faschisten. Bild: Mika<\/span><\/p><\/div>\n<div data-contents=\"true\">\n<div class=\"\" data-block=\"true\" data-editor=\"dgj0f\" data-offset-key=\"84ta3-0-0\">\n<div class=\"public-DraftStyleDefault-block public-DraftStyleDefault-ltr\" style=\"text-align: justify;\" data-offset-key=\"84ta3-0-0\"><span style=\"font-family: georgia, palatino, serif; font-size: 12pt;\">Heute haben die zwei NPD-Ratsmitglieder der Stadt Neum\u00fcnster in Schleswig-Holstein versucht, eine Kundgebung in der Neum\u00fcnsteraner Innenstadt zu veranstalten. Was sie und die drei bis vier anderen Faschos versucht haben, zu erz\u00e4hlen, kann ich euch nicht verraten. Es war leider etwas zu laut.<span class=\"d2edcug0 hpfvmrgz qv66sw1b c1et5uql oi732d6d ik7dh3pa fgxwclzu a8c37x1j keod5gw0 nxhoafnm aigsh9s9 d3f4x2em fe6kdd0r mau55g9w c8b282yb iv3no6db jq4qci2q a3bd9o3v knj5qynh oo9gr5id\" dir=\"auto\"><span class=\"pq6dq46d tbxw36s4 knj5qynh kvgmc6g5 ditlmg2l oygrvhab nvdbi5me sf5mxxl7 gl3lb2sf hhz5lgdu\"><img loading=\"lazy\" src=\"https:\/\/static.xx.fbcdn.net\/images\/emoji.php\/v9\/taa\/1.5\/16\/1f603.png\" alt=\"\ud83d\ude03\" width=\"16\" height=\"16\" \/><\/span><\/span> Trotz zahlreichen Polizeischutz (siehe Foto) kamen die Volksverhetzer nicht zu Wort, weil gen\u00fcgend Antifaschisten so lange ein Pfeifkonzert boten, bis die Braunen ihren Klamauk beendeten.<\/span><br \/>\n<span class=\"d2edcug0 hpfvmrgz qv66sw1b c1et5uql oi732d6d ik7dh3pa fgxwclzu a8c37x1j keod5gw0 nxhoafnm aigsh9s9 d3f4x2em fe6kdd0r mau55g9w c8b282yb iv3no6db jq4qci2q a3bd9o3v knj5qynh oo9gr5id\" dir=\"auto\" style=\"font-family: georgia, palatino, serif; font-size: 12pt;\"><span class=\"pq6dq46d tbxw36s4 knj5qynh kvgmc6g5 ditlmg2l oygrvhab nvdbi5me sf5mxxl7 gl3lb2sf hhz5lgdu\"><em>Quelle: Mika<\/em><\/span><\/span><br \/>\n<span style=\"font-family: georgia, palatino, serif; font-size: 12pt;\"><span style=\"color: #ffffff;\">.<\/span><br \/>\n<span style=\"color: #ffffff;\">.<\/span><br \/>\n<\/span><\/div>\n<\/div>\n<\/div>\n<p style=\"text-align: left;\"><span style=\"font-family: georgia, palatino, serif; font-size: 14pt;\"><strong>19. September |<\/strong> <strong>Mecklenburg-Vorpommern: Polizisten wegen rechter Chats suspendiert<\/strong><\/span><\/p>\n<div id=\"attachment_5357\" style=\"width: 676px\" class=\"wp-caption aligncenter\"><img aria-describedby=\"caption-attachment-5357\" loading=\"lazy\" class=\"size-full wp-image-5357\" src=\"https:\/\/rotermorgen.eu\/wp-content\/uploads\/2020\/09\/Untitled-design-Kopie-2-1.png\" alt=\"\" width=\"666\" height=\"180\" \/><p id=\"caption-attachment-5357\" class=\"wp-caption-text\"><span style=\"color: #808080; font-family: georgia, palatino, serif; font-size: 12pt;\">Symbolbild\/Karrikatur: Rechtes Gedankengut in den K\u00f6pfen von Polizisten<\/span><\/p><\/div>\n<p style=\"text-align: justify;\"><span style=\"font-family: georgia, palatino, serif; font-size: 12pt;\">Auch in Mecklenburg-Vorpommern stehen vier Polizisten unter Verdacht, antisemitische und Nazis verherrlichende Chats gef\u00fchrt zu haben. Zwei sind bis auf weiteres suspendiert, bei Hausdurchsuchungen sichergestellte Datentr\u00e4ger untersuchen Ermittler derzeit.<br \/>\n<span style=\"color: #ffffff;\">..<span style=\"color: #000000;\">N<\/span><\/span>achdem rund 30 Polizisten der Essener Polizei wegen rechter \u00c4u\u00dferungen zeitweise vom Dienst entlassen wurden (siehe oben), gibt es \u00e4hnliche F\u00e4lle in Meck-Pom. Interne Untersuchungen haben den Verdacht best\u00e4tigt, dass auch bei der M.-V.schen Landespolizei antisemitische rassistische und nazistische Nachrichten ausgetauscht wurden.<br \/>\n<span style=\"color: #ffffff;\">..<\/span>Zwei der verd\u00e4chtigten Polizisten waren zuletzt in Rostock und Neubrandenburg t\u00e4tig. Sie sind bis auf weiteres suspendiert, in ihren Wohnungen haben Durchsuchungen stattgefunden. Die gefundenen Datentr\u00e4ger sind noch auszuwerten.<br \/>\n<span style=\"color: #ffffff;\">..<\/span>Der Landesinnenminister Caffier stellt im selben Atemzug fest, dass nicht mehr von Einzelf\u00e4llen zu reden sei in dem er bekannt gibt, dass er kein rechtes Netzwerk bei seiner Landespolizei vermutet. Insgesamt sind derzeit 17 Beamte der Meckleburger Lanespolizei beschuldigt, online rechte Beitr\u00e4ge zu posten.<span style=\"color: #ffffff;\">.<\/span><\/span><\/p>\n<p style=\"text-align: center;\"><span style=\"font-size: 10pt;\"><strong><span style=\"color: #ffffff;\">.<\/span><br \/>\nDie Redaktion dankt Hosteni, Rui G. und Reinhold S. f\u00fcr die Unterst\u00fctzung<\/strong><br \/>\n<strong>bei der Erstellung dieseses Wochenr\u00fcckblicks.<\/strong><br \/>\nDieser R\u00fcckblick erhebt nicht den Anspruch auf Vollst\u00e4ndigkeit.<br \/>\nVerlinkte- und mit Namen gekennzeichnete Texte m\u00fcssen<br \/>\nnicht in allen Punkten der Meinung der Redaktion entsprechen.<br \/>\nDie Redaktion freut sich \u00fcber jede Hilfe und bittet um Texte und Hinweise an<br \/>\neMail: <a href=\"mailto:Redaktion@RoterMorgen.eu\" target=\"_blank\" rel=\"noopener noreferrer\">Redaktion@RoterMorgen.eu<\/a><br \/>\n<strong>Redaktionsschluss: Jeden Sonntag, 1:00 Uhr<\/strong><\/span><\/p>\n<p style=\"text-align: center;\"><span style=\"font-size: 10pt; color: #ffffff;\">.<\/span><\/div><!-- .hide-this-part --><\/div><!-- hide-this-part-wrap --><\/p>\n<p style=\"text-align: center;\"><span style=\"font-family: Verdana, sans-serif;\">\u00a0<\/span><\/p>\n","protected":false},"excerpt":{"rendered":"<p>Zur\u00fcckblickend auf die letzten Tage sind uns einige kommentierbare Vorkommnisse ins Auge gefallen, die wir hier zur Diskussion stellen. \u2028(Kommis bitte unten eintragen!) . . 14. September | Verbale Attacken und Brandstiftung in Landau Rheinland-Pfalz Jeden Montag im Wechsel kommt [&hellip;]<a class=\"more-link\" href=\"http:\/\/www.deanreed.de\/AmericanRebel\/2017\/2020\/09\/21\/wochenrueckblick-38-kalenderwoche\/\">&darr; Lese den Rest von diesem Eintrag&#8230;<\/a><\/p>\n","protected":false},"author":2,"featured_media":0,"comment_status":"open","ping_status":"open","sticky":false,"template":"","format":"standard","meta":[],"categories":[1,79],"tags":[1183,748,4786,2594,8,4787,4788,4728,4789,4790,2224,255,4729,4730,4791,2021,4731,4792,4793,2225,4601,4794,1329,4732,4734,4735,4736],"yoast_head":"<!-- This site is optimized with the Yoast SEO plugin v17.5 - https:\/\/yoast.com\/wordpress\/plugins\/seo\/ -->\n<title>- Wochenr\u00fcckblick 38. Kalenderwoche &ndash; Onlinezeitung AmericanRebel<\/title>\n<meta name=\"robots\" content=\"index, follow, max-snippet:-1, max-image-preview:large, max-video-preview:-1\" \/>\n<link rel=\"canonical\" href=\"https:\/\/www.deanreed.de\/AmericanRebel\/2017\/2020\/09\/21\/wochenrueckblick-38-kalenderwoche\/\" \/>\n<meta property=\"og:locale\" content=\"de_DE\" \/>\n<meta property=\"og:type\" content=\"article\" \/>\n<meta property=\"og:title\" content=\"- Wochenr\u00fcckblick 38. Kalenderwoche &ndash; Onlinezeitung AmericanRebel\" \/>\n<meta property=\"og:description\" content=\"Zur\u00fcckblickend auf die letzten Tage sind uns einige kommentierbare Vorkommnisse ins Auge gefallen, die wir hier zur Diskussion stellen.\" \/>\n<meta property=\"og:url\" content=\"https:\/\/www.deanreed.de\/AmericanRebel\/2017\/2020\/09\/21\/wochenrueckblick-38-kalenderwoche\/\" \/>\n<meta property=\"og:site_name\" content=\"Onlinezeitung AmericanRebel\" \/>\n<meta property=\"article:published_time\" content=\"2020-09-21T12:39:15+00:00\" \/>\n<meta property=\"article:modified_time\" content=\"2020-09-24T01:47:18+00:00\" \/>\n<meta property=\"og:image\" content=\"https:\/\/www.deanreed.de\/AmericanRebel\/2017\/wp-content\/uploads\/2020\/09\/erttz.png\" \/>\n\t<meta property=\"og:image:width\" content=\"640\" \/>\n\t<meta property=\"og:image:height\" content=\"460\" \/>\n<meta name=\"twitter:card\" content=\"summary_large_image\" \/>\n<meta name=\"twitter:label1\" content=\"Verfasst von\" \/>\n\t<meta name=\"twitter:data1\" content=\"Redaktion\" \/>\n\t<meta name=\"twitter:label2\" content=\"Gesch\u00e4tzte Lesezeit\" \/>\n\t<meta name=\"twitter:data2\" content=\"8\u00a0Minuten\" \/>\n<script type=\"application\/ld+json\" class=\"yoast-schema-graph\">{\"@context\":\"https:\/\/schema.org\",\"@graph\":[{\"@type\":\"WebSite\",\"@id\":\"https:\/\/www.deanreed.de\/AmericanRebel\/2017\/#website\",\"url\":\"https:\/\/www.deanreed.de\/AmericanRebel\/2017\/\",\"name\":\"Onlinezeitung AmericanRebel\",\"description\":\"Internationale Onlinezeitung f\\u00fcr Frieden, Humanismus, V\\u00f6lkerverst\\u00e4ndigung und Kultur\",\"potentialAction\":[{\"@type\":\"SearchAction\",\"target\":{\"@type\":\"EntryPoint\",\"urlTemplate\":\"https:\/\/www.deanreed.de\/AmericanRebel\/2017\/?s={search_term_string}\"},\"query-input\":\"required name=search_term_string\"}],\"inLanguage\":\"de\"},{\"@type\":\"ImageObject\",\"@id\":\"https:\/\/www.deanreed.de\/AmericanRebel\/2017\/2020\/09\/21\/wochenrueckblick-38-kalenderwoche\/#primaryimage\",\"inLanguage\":\"de\",\"url\":\"http:\/\/www.deanreed.de\/AmericanRebel\/2017\/wp-content\/uploads\/2020\/09\/erttz.png\",\"contentUrl\":\"http:\/\/www.deanreed.de\/AmericanRebel\/2017\/wp-content\/uploads\/2020\/09\/erttz.png\",\"width\":640,\"height\":460},{\"@type\":\"WebPage\",\"@id\":\"https:\/\/www.deanreed.de\/AmericanRebel\/2017\/2020\/09\/21\/wochenrueckblick-38-kalenderwoche\/#webpage\",\"url\":\"https:\/\/www.deanreed.de\/AmericanRebel\/2017\/2020\/09\/21\/wochenrueckblick-38-kalenderwoche\/\",\"name\":\"- Wochenr\\u00fcckblick 38. Kalenderwoche &ndash; Onlinezeitung AmericanRebel\",\"isPartOf\":{\"@id\":\"https:\/\/www.deanreed.de\/AmericanRebel\/2017\/#website\"},\"primaryImageOfPage\":{\"@id\":\"https:\/\/www.deanreed.de\/AmericanRebel\/2017\/2020\/09\/21\/wochenrueckblick-38-kalenderwoche\/#primaryimage\"},\"datePublished\":\"2020-09-21T12:39:15+00:00\",\"dateModified\":\"2020-09-24T01:47:18+00:00\",\"author\":{\"@id\":\"https:\/\/www.deanreed.de\/AmericanRebel\/2017\/#\/schema\/person\/9edfca7917cd10b75edaae51c6e7935a\"},\"breadcrumb\":{\"@id\":\"https:\/\/www.deanreed.de\/AmericanRebel\/2017\/2020\/09\/21\/wochenrueckblick-38-kalenderwoche\/#breadcrumb\"},\"inLanguage\":\"de\",\"potentialAction\":[{\"@type\":\"ReadAction\",\"target\":[\"https:\/\/www.deanreed.de\/AmericanRebel\/2017\/2020\/09\/21\/wochenrueckblick-38-kalenderwoche\/\"]}]},{\"@type\":\"BreadcrumbList\",\"@id\":\"https:\/\/www.deanreed.de\/AmericanRebel\/2017\/2020\/09\/21\/wochenrueckblick-38-kalenderwoche\/#breadcrumb\",\"itemListElement\":[{\"@type\":\"ListItem\",\"position\":1,\"name\":\"Startseite\",\"item\":\"https:\/\/www.deanreed.de\/AmericanRebel\/2017\/\"},{\"@type\":\"ListItem\",\"position\":2,\"name\":\"&#8211; Wochenr\\u00fcckblick 38. Kalenderwoche\"}]},{\"@type\":\"Person\",\"@id\":\"https:\/\/www.deanreed.de\/AmericanRebel\/2017\/#\/schema\/person\/9edfca7917cd10b75edaae51c6e7935a\",\"name\":\"Redaktion\",\"url\":\"http:\/\/www.deanreed.de\/AmericanRebel\/2017\/author\/redaktion\/\"}]}<\/script>\n<!-- \/ Yoast SEO plugin. -->","yoast_head_json":{"title":"- Wochenr\u00fcckblick 38. Kalenderwoche &ndash; Onlinezeitung AmericanRebel","robots":{"index":"index","follow":"follow","max-snippet":"max-snippet:-1","max-image-preview":"max-image-preview:large","max-video-preview":"max-video-preview:-1"},"canonical":"https:\/\/www.deanreed.de\/AmericanRebel\/2017\/2020\/09\/21\/wochenrueckblick-38-kalenderwoche\/","og_locale":"de_DE","og_type":"article","og_title":"- Wochenr\u00fcckblick 38. Kalenderwoche &ndash; Onlinezeitung AmericanRebel","og_description":"Zur\u00fcckblickend auf die letzten Tage sind uns einige kommentierbare Vorkommnisse ins Auge gefallen, die wir hier zur Diskussion stellen.","og_url":"https:\/\/www.deanreed.de\/AmericanRebel\/2017\/2020\/09\/21\/wochenrueckblick-38-kalenderwoche\/","og_site_name":"Onlinezeitung AmericanRebel","article_published_time":"2020-09-21T12:39:15+00:00","article_modified_time":"2020-09-24T01:47:18+00:00","og_image":[{"width":640,"height":460,"url":"https:\/\/www.deanreed.de\/AmericanRebel\/2017\/wp-content\/uploads\/2020\/09\/erttz.png","type":"image\/png"}],"twitter_card":"summary_large_image","twitter_misc":{"Verfasst von":"Redaktion","Gesch\u00e4tzte Lesezeit":"8\u00a0Minuten"},"schema":{"@context":"https:\/\/schema.org","@graph":[{"@type":"WebSite","@id":"https:\/\/www.deanreed.de\/AmericanRebel\/2017\/#website","url":"https:\/\/www.deanreed.de\/AmericanRebel\/2017\/","name":"Onlinezeitung AmericanRebel","description":"Internationale Onlinezeitung f\u00fcr Frieden, Humanismus, V\u00f6lkerverst\u00e4ndigung und Kultur","potentialAction":[{"@type":"SearchAction","target":{"@type":"EntryPoint","urlTemplate":"https:\/\/www.deanreed.de\/AmericanRebel\/2017\/?s={search_term_string}"},"query-input":"required name=search_term_string"}],"inLanguage":"de"},{"@type":"ImageObject","@id":"https:\/\/www.deanreed.de\/AmericanRebel\/2017\/2020\/09\/21\/wochenrueckblick-38-kalenderwoche\/#primaryimage","inLanguage":"de","url":"http:\/\/www.deanreed.de\/AmericanRebel\/2017\/wp-content\/uploads\/2020\/09\/erttz.png","contentUrl":"http:\/\/www.deanreed.de\/AmericanRebel\/2017\/wp-content\/uploads\/2020\/09\/erttz.png","width":640,"height":460},{"@type":"WebPage","@id":"https:\/\/www.deanreed.de\/AmericanRebel\/2017\/2020\/09\/21\/wochenrueckblick-38-kalenderwoche\/#webpage","url":"https:\/\/www.deanreed.de\/AmericanRebel\/2017\/2020\/09\/21\/wochenrueckblick-38-kalenderwoche\/","name":"- Wochenr\u00fcckblick 38. Kalenderwoche &ndash; Onlinezeitung AmericanRebel","isPartOf":{"@id":"https:\/\/www.deanreed.de\/AmericanRebel\/2017\/#website"},"primaryImageOfPage":{"@id":"https:\/\/www.deanreed.de\/AmericanRebel\/2017\/2020\/09\/21\/wochenrueckblick-38-kalenderwoche\/#primaryimage"},"datePublished":"2020-09-21T12:39:15+00:00","dateModified":"2020-09-24T01:47:18+00:00","author":{"@id":"https:\/\/www.deanreed.de\/AmericanRebel\/2017\/#\/schema\/person\/9edfca7917cd10b75edaae51c6e7935a"},"breadcrumb":{"@id":"https:\/\/www.deanreed.de\/AmericanRebel\/2017\/2020\/09\/21\/wochenrueckblick-38-kalenderwoche\/#breadcrumb"},"inLanguage":"de","potentialAction":[{"@type":"ReadAction","target":["https:\/\/www.deanreed.de\/AmericanRebel\/2017\/2020\/09\/21\/wochenrueckblick-38-kalenderwoche\/"]}]},{"@type":"BreadcrumbList","@id":"https:\/\/www.deanreed.de\/AmericanRebel\/2017\/2020\/09\/21\/wochenrueckblick-38-kalenderwoche\/#breadcrumb","itemListElement":[{"@type":"ListItem","position":1,"name":"Startseite","item":"https:\/\/www.deanreed.de\/AmericanRebel\/2017\/"},{"@type":"ListItem","position":2,"name":"&#8211; Wochenr\u00fcckblick 38. Kalenderwoche"}]},{"@type":"Person","@id":"https:\/\/www.deanreed.de\/AmericanRebel\/2017\/#\/schema\/person\/9edfca7917cd10b75edaae51c6e7935a","name":"Redaktion","url":"http:\/\/www.deanreed.de\/AmericanRebel\/2017\/author\/redaktion\/"}]}},"_links":{"self":[{"href":"http:\/\/www.deanreed.de\/AmericanRebel\/2017\/wp-json\/wp\/v2\/posts\/25897"}],"collection":[{"href":"http:\/\/www.deanreed.de\/AmericanRebel\/2017\/wp-json\/wp\/v2\/posts"}],"about":[{"href":"http:\/\/www.deanreed.de\/AmericanRebel\/2017\/wp-json\/wp\/v2\/types\/post"}],"author":[{"embeddable":true,"href":"http:\/\/www.deanreed.de\/AmericanRebel\/2017\/wp-json\/wp\/v2\/users\/2"}],"replies":[{"embeddable":true,"href":"http:\/\/www.deanreed.de\/AmericanRebel\/2017\/wp-json\/wp\/v2\/comments?post=25897"}],"version-history":[{"count":7,"href":"http:\/\/www.deanreed.de\/AmericanRebel\/2017\/wp-json\/wp\/v2\/posts\/25897\/revisions"}],"predecessor-version":[{"id":25923,"href":"http:\/\/www.deanreed.de\/AmericanRebel\/2017\/wp-json\/wp\/v2\/posts\/25897\/revisions\/25923"}],"wp:attachment":[{"href":"http:\/\/www.deanreed.de\/AmericanRebel\/2017\/wp-json\/wp\/v2\/media?parent=25897"}],"wp:term":[{"taxonomy":"category","embeddable":true,"href":"http:\/\/www.deanreed.de\/AmericanRebel\/2017\/wp-json\/wp\/v2\/categories?post=25897"},{"taxonomy":"post_tag","embeddable":true,"href":"http:\/\/www.deanreed.de\/AmericanRebel\/2017\/wp-json\/wp\/v2\/tags?post=25897"}],"curies":[{"name":"wp","href":"https:\/\/api.w.org\/{rel}","templated":true}]}}