{"id":25838,"date":"2020-09-12T13:05:41","date_gmt":"2020-09-12T11:05:41","guid":{"rendered":"http:\/\/www.deanreed.de\/AmericanRebel\/2017\/?p=25838"},"modified":"2020-09-12T13:10:26","modified_gmt":"2020-09-12T11:10:26","slug":"moria-in-flammen-fluechtlinge-rennen-um-ihr-leben","status":"publish","type":"post","link":"http:\/\/www.deanreed.de\/AmericanRebel\/2017\/2020\/09\/12\/moria-in-flammen-fluechtlinge-rennen-um-ihr-leben\/","title":{"rendered":"&#8211; Moria in Flammen &#8211; Fl\u00fcchtlinge rennen um ihr Leben"},"content":{"rendered":"<div class=\"entry\">\n<h4>Redaktion Roter Morgen<\/h4>\n<p><span style=\"color: #993300;\"><strong><span style=\"font-family: georgia, palatino, serif; font-size: 16pt;\">Moria in Flammen &#8211; Fl\u00fcchtlinge rennen um ihr Leben<\/span><\/strong><\/span><\/p>\n<p lang=\"de-DE\" style=\"text-align: justify;\"><span style=\"font-size: 12pt; font-family: georgia, palatino, serif; color: #993300;\"><strong>Sofortige Aufnahme der Gefl\u00fcchteten in Deutschland und anderen L\u00e4ndern!<\/strong><\/span><\/p>\n<p lang=\"de-DE\" style=\"text-align: justify;\"><span style=\"font-family: georgia, palatino, serif; font-size: 12pt;\"><strong><img loading=\"lazy\" class=\"alignleft wp-image-25841\" src=\"http:\/\/www.deanreed.de\/AmericanRebel\/2017\/wp-content\/uploads\/2020\/09\/tt43s3-251x300.png\" alt=\"\" width=\"213\" height=\"255\" srcset=\"http:\/\/www.deanreed.de\/AmericanRebel\/2017\/wp-content\/uploads\/2020\/09\/tt43s3-251x300.png 251w, http:\/\/www.deanreed.de\/AmericanRebel\/2017\/wp-content\/uploads\/2020\/09\/tt43s3.png 590w\" sizes=\"(max-width: 213px) 100vw, 213px\" \/><\/strong><\/span><\/p>\n<div style=\"text-align: justify;\" data-contents=\"true\">\n<div class=\"\" data-block=\"true\" data-editor=\"2o4jd\" data-offset-key=\"2a9rj-0-0\">\n<div class=\"public-DraftStyleDefault-block public-DraftStyleDefault-ltr\" data-offset-key=\"2a9rj-0-0\"><span style=\"font-family: georgia, palatino, serif; font-size: 12pt;\"><strong>Nachdem sie um ihr Leben gerannt sind, um dem Krieg, Verfolgungen und Misshandlungen in ihren Heimatl\u00e4ndern, zu entkommen, sind die Schutzsuchenden, nach einer oft riskanten Flucht, an Europas Au\u00dfengrenzen gestrandet. <span id=\"decorator-corrected-entity-id-8\" data-entity-key=\"8\" data-offset-key=\"2a9rj-1-0\">Eingepfercht<\/span> vegetierten sie zu \u00fcber 12 &#8211;<span id=\"decorator-corrected-entity-id-11\" data-entity-key=\"11\" data-offset-key=\"2a9rj-3-0\">tausend<\/span> in einem Lager, das f\u00fcr 2800 Personen gebaut wurde.<br \/>\n<\/strong><\/span><span style=\"font-family: georgia, palatino, serif; font-size: 12pt;\"><span style=\"color: #ffffff;\">.<\/span><br \/>\n<\/span><span style=\"font-family: georgia, palatino, serif; font-size: 12pt;\">In der Nacht vom 8. auf den 9. September brachen mehrere Feuer im Fl\u00fcchtlingslager Moria, auf der griechischen Insel Lesbos, aus und das Lager wurde komplett zerst\u00f6rt. Das Lager wurde angeblich evakuiert, aber nun sind tausende Menschen auf der Flucht.<\/span><\/div>\n<\/div>\n<\/div>\n<p lang=\"de-DE\" style=\"text-align: justify;\"><span style=\"font-family: georgia, palatino, serif; font-size: 12pt;\">Die Feuer sind zwar mittlerweile gel\u00f6scht, aber die Situation ist weiter v\u00f6llig au\u00dfer Kontrolle. Die Menschen harrten teilweise seit Jahren in dem menschenunw\u00fcrdigen Lager aus und sind l\u00e4ngst an ihrer Grenze des belastbaren angekommen. Ersch\u00f6pft, m\u00fcde und verzweifelt. Ohne Hoffnung auf ein Leben in W\u00fcrde. Die Grenze des Ertragbaren ist schon lange erreicht. Seit Jahren wurde darauf hingewiesen, dass die Situation nur eine Frage der Zeit ist, wann es in Moria eskaliert.<\/span><\/p>\n<p lang=\"de-DE\" style=\"text-align: justify;\"><span style=\"font-family: georgia, palatino, serif; font-size: 12pt;\">Nun geht auch die Polizei massiv gegen die Schutzsuchenden vor. Sie werden beschuldigt, die Feuer selber gelegt zu haben, was verst\u00e4ndlich w\u00e4re, wenn sie so auf ihre hoffnungslose Lage hinweisen wollten. Aber es gibt auf der Insel Lesbos auch laufend Waldbr\u00e4nde, deren Funkenflug ausreicht, um das total \u00fcberf\u00fcllte und meist aus Behelfszelten bestehen Lager anzuz\u00fcnden.<\/span><\/p>\n<p lang=\"de-DE\" style=\"text-align: justify;\"><span style=\"font-family: georgia, palatino, serif; font-size: 12pt;\">Mehrere Bundesl\u00e4nder, Kommunen und St\u00e4dte w\u00e4ren l\u00e4ngst bereit Menschen, aus diesen menschenunw\u00fcrdigen Situationen, zu befreien und sie aufzunehmen. Doch ihnen ist die Aufnahme aus rechtlichen Gr\u00fcnden vom Innen- und &#8222;Heimatminister&#8220; Seehofer untersagt. Der quatscht immer noch davon, das Deutschland erst helfen kann, wenn sich auch andere europ\u00e4ische Staaten gleichberechtigt beteiligen. Die Feuerh\u00f6lle von Moria ist ein Sinnbild des Versagens der europ\u00e4ischen Asylpolitik. Die Katastrophe war schon l\u00e4ngst absehbar, lange wurde sie ignoriert, auch von Deutschland. Damit muss nun Schluss sein! Die H\u00f6lle auf Lesbos schuf sich die Europ\u00e4ische Union selbst, sie ist zum Sinnbild des Versagens europ\u00e4ischer Solidarit\u00e4t geworden und die Glaubw\u00fcrdigkeit europ\u00e4ischer Werte sind l\u00e4ngst im NICHTS verschwunden.<\/span><\/p>\n<p lang=\"de-DE\" style=\"text-align: justify;\"><span style=\"font-family: georgia, palatino, serif; font-size: 12pt;\">Au\u00dferdem gibt es einen starken Ausbruch von \u201eCorona\u201c. Gestern Abend gab es in Moria Proteste gegen die drakonischen Quarant\u00e4nema\u00dfnahmen im Lager. Schon vorher war dort die humanit\u00e4re und menschenrechtliche Lage unertr\u00e4glich und f\u00fcr die Menschen v\u00f6llig indiskutabel! Die Situation hat bisher schon starke internationale Solidarit\u00e4t und Proteste hervorgerufen.<\/span><\/p>\n<div id=\"attachment_25840\" style=\"width: 608px\" class=\"wp-caption aligncenter\"><img aria-describedby=\"caption-attachment-25840\" loading=\"lazy\" class=\" wp-image-25840\" src=\"http:\/\/www.deanreed.de\/AmericanRebel\/2017\/wp-content\/uploads\/2020\/09\/tzzuj-1-300x142.jpg\" alt=\"\" width=\"598\" height=\"283\" srcset=\"http:\/\/www.deanreed.de\/AmericanRebel\/2017\/wp-content\/uploads\/2020\/09\/tzzuj-1-300x142.jpg 300w, http:\/\/www.deanreed.de\/AmericanRebel\/2017\/wp-content\/uploads\/2020\/09\/tzzuj-1-1024x486.jpg 1024w, http:\/\/www.deanreed.de\/AmericanRebel\/2017\/wp-content\/uploads\/2020\/09\/tzzuj-1-768x364.jpg 768w, http:\/\/www.deanreed.de\/AmericanRebel\/2017\/wp-content\/uploads\/2020\/09\/tzzuj-1.jpg 1197w\" sizes=\"(max-width: 598px) 100vw, 598px\" \/><p id=\"caption-attachment-25840\" class=\"wp-caption-text\"><span style=\"color: #808080;\">Spielendes Fl\u00fcchtlingskind vor den Ruinen der Behelfsunterkunft. Bild: YouTube<\/span><\/p><\/div>\n<p style=\"text-align: justify;\"><span style=\"font-family: georgia, palatino, serif; font-size: 12pt;\">Hilfsorganisationen und freiwillige Helfer vor Ort berichteten in sozialen Medien von Menschen, denen Rauch und Flammen zeitweise die Fluchtwege abgeschnitten h\u00e4tten. Griechische Beh\u00f6rden stehen machtlos da, tausende Fl\u00fcchtlinge und Migranten versuchen, \u00fcber eine Autobahn, bis zum Hafen zu gelangen. Die Polizei ist mit einem Gro\u00dfaufgebot vor Ort, nicht um zu helfen, sondern um das zu verhindern! Die Regierung in Athen verweigert bisher jedes Zugest\u00e4ndnis und verbietet das Verlassen der Insel!<\/span><\/p>\n<p style=\"text-align: left;\"><strong><span style=\"font-family: georgia, palatino, serif; font-size: 12pt;\">Wir fordern:<\/span><\/strong><br \/>\n<span style=\"font-family: georgia, palatino, serif; font-size: 12pt;\"><strong>&gt;&gt;&gt; Die sofortige Aufnahme der Gefl\u00fcchteten und vom Brand Betroffenen in Deutschland und in anderen L\u00e4ndern der EU!<\/strong><\/span><br \/>\n<span style=\"font-family: georgia, palatino, serif; font-size: 12pt;\"><strong>&gt;&gt;&gt; Die Solidarit\u00e4t aller Arbeiterinnen und Arbeiter sowie der Gewerkschaften, denn wir haben den gleichen Gegner, das Kapital!<\/strong><\/span><\/p>\n<p style=\"text-align: justify;\"><span style=\"font-family: georgia, palatino, serif; font-size: 12pt; color: #ffffff;\">.<\/span><br \/>\n<span style=\"font-family: georgia, palatino, serif; font-size: 10pt;\"><strong>Quellen:<\/strong><\/span><br \/>\n<span style=\"font-family: georgia, palatino, serif; font-size: 10pt;\">Arbeit-Zukunft, Tagesschau, John NY Brambach u.a.<\/span><\/p>\n<\/div>\n<div class=\"entry\">\n<p style=\"text-align: justify;\"><span style=\"font-size: 10pt; color: #000000;\">Erstver\u00f6ffentlichung heute oder vor wenigen Tagen in \u00bb<a href=\"https:\/\/rotermorgen.eu\/\" target=\"_blank\" rel=\"noopener noreferrer\">ROTER MORGEN.eu<\/a>.\u00ab. Ver\u00f6ffentlichung mit freundlicher Genehmigung des Herausgebers und des Autors.<\/span><\/p>\n<p>&nbsp;<\/p>\n<\/div>\n<blockquote>\n<p style=\"text-align: center;\"><span style=\"font-size: 10pt; color: #000000;\">F\u00fcr den Inhalt dieses Artikels ist der Autor bzw. die Autorin verantwortlich.<br \/>\nDabei muss es sich nicht grunds\u00e4tzlich um die Meinung der Redaktion handeln.<\/span><\/p>\n<table width=\"100%\" align=\"center\">\n<tbody>\n<tr>\n<td>\n<form action=\"https:\/\/www.paypal.com\/cgi-bin\/webscr\" method=\"post\" target=\"_top\"><input alt=\"Jetzt einfach, schnell und sicher online bezahlen \u2013 mit PayPal.\" name=\"submit\" src=\"https:\/\/www.paypalobjects.com\/de_DE\/DE\/i\/btn\/btn_donateCC_LG.gif\" type=\"image\" \/><\/form>\n<\/td>\n<td><span style=\"color: #993300;\"><strong>Auch linker Journalismus ist nicht kostenlos<br \/>\nund auch kleine Spenden k\u00f6nnen helfen Gro\u00dfes zu ver\u00f6ffentlichen!<\/strong><\/span><\/td>\n<\/tr>\n<\/tbody>\n<\/table>\n<div style=\"margin-left: 10px;\"><a title=\"zur Startseite\" href=\"http:\/\/www.americanrebel.de\/\"><img loading=\"lazy\" class=\"alignleft\" src=\"http:\/\/www.deanreed.de\/AmericanRebel\/2017\/wp-content\/uploads\/2017\/03\/back_ar.png\" alt=\"zur\u00fcck zur Startseite\" width=\"156\" height=\"15\" \/><\/a><\/div>\n<div style=\"margin-right: 10px;\"><a href=\"https:\/\/www.facebook.com\/groups\/1683837971860223\/permalink\/1987214344855916\/\" target=\"_blank\" rel=\"noopener noreferrer\"><img loading=\"lazy\" class=\"alignright\" src=\"http:\/\/www.deanreed.de\/AmericanRebel\/2017\/wp-content\/uploads\/2017\/03\/ar_zu_fb.png\" alt=\"hier geht es zur Facebook Diskussionsgruppe\" width=\"353\" height=\"15\" \/><\/a><\/div>\n<p style=\"text-align: center;\"><a href=\"#respond\" target=\"_blank\" rel=\"noopener noreferrer\"><img loading=\"lazy\" class=\"aligncenter\" src=\"http:\/\/www.deanreed.de\/AmericanRebel\/2017\/wp-content\/uploads\/2017\/03\/ar_kommentar-1.png\" alt=\"Sag uns deine Meinung zum Artikel mit einem Kommentar\/Leserbrief\" width=\"627\" height=\"20\" \/><\/a><\/p>\n<p style=\"text-align: center;\">\n<\/blockquote>\n","protected":false},"excerpt":{"rendered":"<p>Redaktion Roter Morgen Moria in Flammen &#8211; Fl\u00fcchtlinge rennen um ihr Leben Sofortige Aufnahme der Gefl\u00fcchteten in Deutschland und anderen L\u00e4ndern! Nachdem sie um ihr Leben gerannt sind, um dem Krieg, Verfolgungen und Misshandlungen in ihren Heimatl\u00e4ndern, zu entkommen, sind [&hellip;]<a class=\"more-link\" href=\"http:\/\/www.deanreed.de\/AmericanRebel\/2017\/2020\/09\/12\/moria-in-flammen-fluechtlinge-rennen-um-ihr-leben\/\">&darr; Lese den Rest von diesem Eintrag&#8230;<\/a><\/p>\n","protected":false},"author":2,"featured_media":0,"comment_status":"open","ping_status":"open","sticky":false,"template":"","format":"standard","meta":[],"categories":[1],"tags":[748,845,902,430],"yoast_head":"<!-- This site is optimized with the Yoast SEO plugin v17.5 - https:\/\/yoast.com\/wordpress\/plugins\/seo\/ -->\n<title>- Moria in Flammen - Fl\u00fcchtlinge rennen um ihr Leben &ndash; Onlinezeitung AmericanRebel<\/title>\n<meta name=\"robots\" content=\"index, follow, max-snippet:-1, max-image-preview:large, max-video-preview:-1\" \/>\n<link rel=\"canonical\" href=\"http:\/\/www.deanreed.de\/AmericanRebel\/2017\/2020\/09\/12\/moria-in-flammen-fluechtlinge-rennen-um-ihr-leben\/\" \/>\n<meta property=\"og:locale\" content=\"de_DE\" \/>\n<meta property=\"og:type\" content=\"article\" \/>\n<meta property=\"og:title\" content=\"- Moria in Flammen - Fl\u00fcchtlinge rennen um ihr Leben &ndash; Onlinezeitung AmericanRebel\" \/>\n<meta property=\"og:description\" content=\"Nachdem sie um ihr Leben gerannt sind, um dem Krieg, Verfolgungen und Misshandlungen in ihren Heimatl\u00e4ndern, zu entkommen, sind die Schutzsuchenden, nach einer oft riskanten Flucht, an Europas Au\u00dfengrenzen gestrandet.\" \/>\n<meta property=\"og:url\" content=\"http:\/\/www.deanreed.de\/AmericanRebel\/2017\/2020\/09\/12\/moria-in-flammen-fluechtlinge-rennen-um-ihr-leben\/\" \/>\n<meta property=\"og:site_name\" content=\"Onlinezeitung AmericanRebel\" \/>\n<meta property=\"article:published_time\" content=\"2020-09-12T11:05:41+00:00\" \/>\n<meta property=\"article:modified_time\" content=\"2020-09-12T11:10:26+00:00\" \/>\n<meta property=\"og:image\" content=\"http:\/\/www.deanreed.de\/AmericanRebel\/2017\/wp-content\/uploads\/2020\/09\/dfee_phixr.png\" \/>\n\t<meta property=\"og:image:width\" content=\"640\" \/>\n\t<meta property=\"og:image:height\" content=\"460\" \/>\n<meta name=\"twitter:card\" content=\"summary_large_image\" \/>\n<meta name=\"twitter:label1\" content=\"Verfasst von\" \/>\n\t<meta name=\"twitter:data1\" content=\"Redaktion\" \/>\n\t<meta name=\"twitter:label2\" content=\"Gesch\u00e4tzte Lesezeit\" \/>\n\t<meta name=\"twitter:data2\" content=\"3\u00a0Minuten\" \/>\n<script type=\"application\/ld+json\" class=\"yoast-schema-graph\">{\"@context\":\"https:\/\/schema.org\",\"@graph\":[{\"@type\":\"WebSite\",\"@id\":\"https:\/\/www.deanreed.de\/AmericanRebel\/2017\/#website\",\"url\":\"https:\/\/www.deanreed.de\/AmericanRebel\/2017\/\",\"name\":\"Onlinezeitung AmericanRebel\",\"description\":\"Internationale Onlinezeitung f\\u00fcr Frieden, Humanismus, V\\u00f6lkerverst\\u00e4ndigung und Kultur\",\"potentialAction\":[{\"@type\":\"SearchAction\",\"target\":{\"@type\":\"EntryPoint\",\"urlTemplate\":\"https:\/\/www.deanreed.de\/AmericanRebel\/2017\/?s={search_term_string}\"},\"query-input\":\"required name=search_term_string\"}],\"inLanguage\":\"de\"},{\"@type\":\"ImageObject\",\"@id\":\"http:\/\/www.deanreed.de\/AmericanRebel\/2017\/2020\/09\/12\/moria-in-flammen-fluechtlinge-rennen-um-ihr-leben\/#primaryimage\",\"inLanguage\":\"de\",\"url\":\"http:\/\/www.deanreed.de\/AmericanRebel\/2017\/wp-content\/uploads\/2020\/09\/dfee_phixr.png\",\"contentUrl\":\"http:\/\/www.deanreed.de\/AmericanRebel\/2017\/wp-content\/uploads\/2020\/09\/dfee_phixr.png\",\"width\":640,\"height\":460},{\"@type\":\"WebPage\",\"@id\":\"http:\/\/www.deanreed.de\/AmericanRebel\/2017\/2020\/09\/12\/moria-in-flammen-fluechtlinge-rennen-um-ihr-leben\/#webpage\",\"url\":\"http:\/\/www.deanreed.de\/AmericanRebel\/2017\/2020\/09\/12\/moria-in-flammen-fluechtlinge-rennen-um-ihr-leben\/\",\"name\":\"- Moria in Flammen - Fl\\u00fcchtlinge rennen um ihr Leben &ndash; Onlinezeitung AmericanRebel\",\"isPartOf\":{\"@id\":\"https:\/\/www.deanreed.de\/AmericanRebel\/2017\/#website\"},\"primaryImageOfPage\":{\"@id\":\"http:\/\/www.deanreed.de\/AmericanRebel\/2017\/2020\/09\/12\/moria-in-flammen-fluechtlinge-rennen-um-ihr-leben\/#primaryimage\"},\"datePublished\":\"2020-09-12T11:05:41+00:00\",\"dateModified\":\"2020-09-12T11:10:26+00:00\",\"author\":{\"@id\":\"https:\/\/www.deanreed.de\/AmericanRebel\/2017\/#\/schema\/person\/9edfca7917cd10b75edaae51c6e7935a\"},\"breadcrumb\":{\"@id\":\"http:\/\/www.deanreed.de\/AmericanRebel\/2017\/2020\/09\/12\/moria-in-flammen-fluechtlinge-rennen-um-ihr-leben\/#breadcrumb\"},\"inLanguage\":\"de\",\"potentialAction\":[{\"@type\":\"ReadAction\",\"target\":[\"http:\/\/www.deanreed.de\/AmericanRebel\/2017\/2020\/09\/12\/moria-in-flammen-fluechtlinge-rennen-um-ihr-leben\/\"]}]},{\"@type\":\"BreadcrumbList\",\"@id\":\"http:\/\/www.deanreed.de\/AmericanRebel\/2017\/2020\/09\/12\/moria-in-flammen-fluechtlinge-rennen-um-ihr-leben\/#breadcrumb\",\"itemListElement\":[{\"@type\":\"ListItem\",\"position\":1,\"name\":\"Startseite\",\"item\":\"https:\/\/www.deanreed.de\/AmericanRebel\/2017\/\"},{\"@type\":\"ListItem\",\"position\":2,\"name\":\"&#8211; Moria in Flammen &#8211; Fl\\u00fcchtlinge rennen um ihr Leben\"}]},{\"@type\":\"Person\",\"@id\":\"https:\/\/www.deanreed.de\/AmericanRebel\/2017\/#\/schema\/person\/9edfca7917cd10b75edaae51c6e7935a\",\"name\":\"Redaktion\",\"url\":\"http:\/\/www.deanreed.de\/AmericanRebel\/2017\/author\/redaktion\/\"}]}<\/script>\n<!-- \/ Yoast SEO plugin. -->","yoast_head_json":{"title":"- Moria in Flammen - Fl\u00fcchtlinge rennen um ihr Leben &ndash; Onlinezeitung AmericanRebel","robots":{"index":"index","follow":"follow","max-snippet":"max-snippet:-1","max-image-preview":"max-image-preview:large","max-video-preview":"max-video-preview:-1"},"canonical":"http:\/\/www.deanreed.de\/AmericanRebel\/2017\/2020\/09\/12\/moria-in-flammen-fluechtlinge-rennen-um-ihr-leben\/","og_locale":"de_DE","og_type":"article","og_title":"- Moria in Flammen - Fl\u00fcchtlinge rennen um ihr Leben &ndash; Onlinezeitung AmericanRebel","og_description":"Nachdem sie um ihr Leben gerannt sind, um dem Krieg, Verfolgungen und Misshandlungen in ihren Heimatl\u00e4ndern, zu entkommen, sind die Schutzsuchenden, nach einer oft riskanten Flucht, an Europas Au\u00dfengrenzen gestrandet.","og_url":"http:\/\/www.deanreed.de\/AmericanRebel\/2017\/2020\/09\/12\/moria-in-flammen-fluechtlinge-rennen-um-ihr-leben\/","og_site_name":"Onlinezeitung AmericanRebel","article_published_time":"2020-09-12T11:05:41+00:00","article_modified_time":"2020-09-12T11:10:26+00:00","og_image":[{"width":640,"height":460,"url":"http:\/\/www.deanreed.de\/AmericanRebel\/2017\/wp-content\/uploads\/2020\/09\/dfee_phixr.png","type":"image\/png"}],"twitter_card":"summary_large_image","twitter_misc":{"Verfasst von":"Redaktion","Gesch\u00e4tzte Lesezeit":"3\u00a0Minuten"},"schema":{"@context":"https:\/\/schema.org","@graph":[{"@type":"WebSite","@id":"https:\/\/www.deanreed.de\/AmericanRebel\/2017\/#website","url":"https:\/\/www.deanreed.de\/AmericanRebel\/2017\/","name":"Onlinezeitung AmericanRebel","description":"Internationale Onlinezeitung f\u00fcr Frieden, Humanismus, V\u00f6lkerverst\u00e4ndigung und Kultur","potentialAction":[{"@type":"SearchAction","target":{"@type":"EntryPoint","urlTemplate":"https:\/\/www.deanreed.de\/AmericanRebel\/2017\/?s={search_term_string}"},"query-input":"required name=search_term_string"}],"inLanguage":"de"},{"@type":"ImageObject","@id":"http:\/\/www.deanreed.de\/AmericanRebel\/2017\/2020\/09\/12\/moria-in-flammen-fluechtlinge-rennen-um-ihr-leben\/#primaryimage","inLanguage":"de","url":"http:\/\/www.deanreed.de\/AmericanRebel\/2017\/wp-content\/uploads\/2020\/09\/dfee_phixr.png","contentUrl":"http:\/\/www.deanreed.de\/AmericanRebel\/2017\/wp-content\/uploads\/2020\/09\/dfee_phixr.png","width":640,"height":460},{"@type":"WebPage","@id":"http:\/\/www.deanreed.de\/AmericanRebel\/2017\/2020\/09\/12\/moria-in-flammen-fluechtlinge-rennen-um-ihr-leben\/#webpage","url":"http:\/\/www.deanreed.de\/AmericanRebel\/2017\/2020\/09\/12\/moria-in-flammen-fluechtlinge-rennen-um-ihr-leben\/","name":"- Moria in Flammen - Fl\u00fcchtlinge rennen um ihr Leben &ndash; Onlinezeitung AmericanRebel","isPartOf":{"@id":"https:\/\/www.deanreed.de\/AmericanRebel\/2017\/#website"},"primaryImageOfPage":{"@id":"http:\/\/www.deanreed.de\/AmericanRebel\/2017\/2020\/09\/12\/moria-in-flammen-fluechtlinge-rennen-um-ihr-leben\/#primaryimage"},"datePublished":"2020-09-12T11:05:41+00:00","dateModified":"2020-09-12T11:10:26+00:00","author":{"@id":"https:\/\/www.deanreed.de\/AmericanRebel\/2017\/#\/schema\/person\/9edfca7917cd10b75edaae51c6e7935a"},"breadcrumb":{"@id":"http:\/\/www.deanreed.de\/AmericanRebel\/2017\/2020\/09\/12\/moria-in-flammen-fluechtlinge-rennen-um-ihr-leben\/#breadcrumb"},"inLanguage":"de","potentialAction":[{"@type":"ReadAction","target":["http:\/\/www.deanreed.de\/AmericanRebel\/2017\/2020\/09\/12\/moria-in-flammen-fluechtlinge-rennen-um-ihr-leben\/"]}]},{"@type":"BreadcrumbList","@id":"http:\/\/www.deanreed.de\/AmericanRebel\/2017\/2020\/09\/12\/moria-in-flammen-fluechtlinge-rennen-um-ihr-leben\/#breadcrumb","itemListElement":[{"@type":"ListItem","position":1,"name":"Startseite","item":"https:\/\/www.deanreed.de\/AmericanRebel\/2017\/"},{"@type":"ListItem","position":2,"name":"&#8211; Moria in Flammen &#8211; Fl\u00fcchtlinge rennen um ihr Leben"}]},{"@type":"Person","@id":"https:\/\/www.deanreed.de\/AmericanRebel\/2017\/#\/schema\/person\/9edfca7917cd10b75edaae51c6e7935a","name":"Redaktion","url":"http:\/\/www.deanreed.de\/AmericanRebel\/2017\/author\/redaktion\/"}]}},"_links":{"self":[{"href":"http:\/\/www.deanreed.de\/AmericanRebel\/2017\/wp-json\/wp\/v2\/posts\/25838"}],"collection":[{"href":"http:\/\/www.deanreed.de\/AmericanRebel\/2017\/wp-json\/wp\/v2\/posts"}],"about":[{"href":"http:\/\/www.deanreed.de\/AmericanRebel\/2017\/wp-json\/wp\/v2\/types\/post"}],"author":[{"embeddable":true,"href":"http:\/\/www.deanreed.de\/AmericanRebel\/2017\/wp-json\/wp\/v2\/users\/2"}],"replies":[{"embeddable":true,"href":"http:\/\/www.deanreed.de\/AmericanRebel\/2017\/wp-json\/wp\/v2\/comments?post=25838"}],"version-history":[{"count":7,"href":"http:\/\/www.deanreed.de\/AmericanRebel\/2017\/wp-json\/wp\/v2\/posts\/25838\/revisions"}],"predecessor-version":[{"id":25848,"href":"http:\/\/www.deanreed.de\/AmericanRebel\/2017\/wp-json\/wp\/v2\/posts\/25838\/revisions\/25848"}],"wp:attachment":[{"href":"http:\/\/www.deanreed.de\/AmericanRebel\/2017\/wp-json\/wp\/v2\/media?parent=25838"}],"wp:term":[{"taxonomy":"category","embeddable":true,"href":"http:\/\/www.deanreed.de\/AmericanRebel\/2017\/wp-json\/wp\/v2\/categories?post=25838"},{"taxonomy":"post_tag","embeddable":true,"href":"http:\/\/www.deanreed.de\/AmericanRebel\/2017\/wp-json\/wp\/v2\/tags?post=25838"}],"curies":[{"name":"wp","href":"https:\/\/api.w.org\/{rel}","templated":true}]}}