{"id":25831,"date":"2020-09-14T00:01:17","date_gmt":"2020-09-13T22:01:17","guid":{"rendered":"http:\/\/www.deanreed.de\/AmericanRebel\/2017\/?p=25831"},"modified":"2020-09-14T23:40:51","modified_gmt":"2020-09-14T21:40:51","slug":"wochenrueckblick-27-kalenderwoche","status":"publish","type":"post","link":"http:\/\/www.deanreed.de\/AmericanRebel\/2017\/2020\/09\/14\/wochenrueckblick-27-kalenderwoche\/","title":{"rendered":"&#8211; Wochenr\u00fcckblick 37. Kalenderwoche"},"content":{"rendered":"<p><img loading=\"lazy\" class=\"alignleft size-full wp-image-180\" src=\"http:\/\/www.deanreed.de\/AmericanRebel\/2017\/wp-content\/uploads\/2017\/02\/Nico_Diener_Tagesshow.jpg\" alt=\"\" width=\"100\" height=\"150\" \/><\/p>\n<p><span style=\"font-family: georgia, palatino, serif; font-size: 12pt;\"><strong>Nico Diener<br \/>\n<\/strong><\/span><\/p>\n<h2><span style=\"color: #993300; font-family: georgia, palatino, serif;\"><span style=\"color: #ffffff;\">.<\/span><br \/>\nWochenr\u00fcckblick<\/span><\/h2>\n<p><span style=\"font-family: georgia, palatino, serif; font-size: 12pt;\"><span style=\"font-family: verdana, geneva, sans-serif;\"><span style=\"color: #000000;\"><strong><span style=\"color: #ffffff;\">.<\/span><br \/>\n<span style=\"font-family: georgia, palatino, serif; font-size: 12pt;\">Zur\u00fcckblickend auf die letzten Tage sind uns einige <\/span><\/strong><span style=\"font-family: georgia, palatino, serif; font-size: 12pt;\"><strong>kommentierbare Vorkommnisse ins Auge gefallen, <\/strong><\/span><\/span><span style=\"font-family: georgia, palatino, serif; font-size: 12pt;\"><span style=\"color: #993300;\"><strong><span style=\"color: #000000;\">die wir hier zur Diskussion stellen.<\/span><br \/>\n<\/strong><\/span><strong><span style=\"color: #ffffff;\">\u2028.\u2028<\/span><br \/>\n<\/strong><\/span><\/span><strong>(Kommis bitte unten eintragen!)<br \/>\n<span style=\"color: #ffffff;\">.<\/span><br \/>\n<span style=\"color: #ffffff;\">.<\/span><br \/>\n<\/strong><\/span><\/p>\n<p style=\"text-align: left;\"><span style=\"font-family: georgia, palatino, serif; font-size: 12pt;\"><strong>7<\/strong><strong>. September | Inge Hannemann: Erkl\u00e4rung<br \/>\nzum Austritt aus der Partei DIE LINKE.<\/strong><\/span><\/p>\n<p style=\"text-align: justify;\"><span style=\"font-family: georgia, palatino, serif; font-size: 12pt;\"><img loading=\"lazy\" class=\"size-full wp-image-5143 aligncenter\" src=\"https:\/\/rotermorgen.eu\/wp-content\/uploads\/2020\/09\/t6z799.jpg\" alt=\"\" width=\"666\" height=\"180\" \/><br \/>\n<em>&#8222;Liebe Genoss*innen. Mit diesem Schreiben m\u00f6chte ich ein wenig meinen Austritt aus der Partei DIE LINKE. begr\u00fcnden. Es umfasst, schon aus Lesefreudigkeit, nicht alle politischen Themen, sondern Einzelpunkte aus Sicht kaum mehr ber\u00fccksichtigten Gruppen durch DIE LINKE.&#8220;<\/em> beginnt die Ex Jobcenter-Mitarbeiterin Inge Hannemann ihre Austrittserkl\u00e4rung aus der PdL.<br \/>\n<span style=\"color: #ffffff;\">..<\/span>Hannemann f\u00fchlt sich in der verst\u00e4ndlicher Weise in der PdL, der immer mehr W\u00e4hler und Mitglieder den R\u00fccken zu kehren nicht mehr wohl! Im Gegenteil, sie f\u00fchlt sich ausgegrenzt und schreibt weiter:<br \/>\n<span style=\"color: #ffffff;\">..<\/span><em>Mir fehlen die physischen Kr\u00e4fte f\u00fcr etwas zu k\u00e4mpfen, wenn ich die politische Unterst\u00fctzung nicht erhalte und stattdessen der Wunsch herangetragen wird, doch etwas leiser zu sein. Nein, das werde ich nat\u00fcrlich nicht tun \u2013 aber, es geht auch parteilos. Wenn Profilierungssucht oder Kompetenzgerangel \u00dcberhand nehmen, l\u00e4uft etwas gewaltig schief. Daf\u00fcr sind mir meine Mitmenschen zu wichtig, als mich diesen Auseinandersetzungen hinzugeben. Und wenn von Armut Betroffene nicht mehr bereit sind Kompromisse einzugehen, trage ich dieses mit. Es ist deren berechtigte Forderung gleichberechtigt gesehen und behandelt zu werden. Und es ist kein Demokratieunverst\u00e4ndnis-, oder Unf\u00e4higkeit diese Forderungen einzufordern. Es ist ihr legitimer Anspruch gegen\u00fcber linker Politik.&#8220;<br \/>\n<\/em><span style=\"color: #ffffff;\">..<\/span>Achtung vor der Standfestigkeit der Genossin! Nur in einem Punkt irrt sie sich: Es geht nicht ohne Partei! Aber es muss die richtige sein und nicht der sozialdemokratische Karrierekl\u00fcngel Namens PdL.<br \/>\n<em><a href=\"https:\/\/rotermorgen.eu\/was-schert-mich-mein-geschwaetz-von-gestern-zum-wesen-der-partei-die-linke-teil-3\/\" target=\"_blank\" rel=\"noopener noreferrer\">Zur kompletten Austrittserkl\u00e4rung auf<\/a> Roter Morgen<\/em><\/span><br \/>\n<span style=\"color: #ffffff; font-family: georgia, palatino, serif; font-size: 12pt;\">.<\/span><br \/>\n<span style=\"font-family: georgia, palatino, serif; font-size: 12pt; color: #ffffff;\">.<\/span><\/p>\n<p style=\"text-align: left;\"><span style=\"font-family: georgia, palatino, serif; font-size: 12pt;\"><span style=\"color: #000000;\"><strong>7<\/strong><\/span><strong><span style=\"color: #000000;\"><strong>.<\/strong><\/span> September |<span style=\"color: #111c69;\"> Die Trotzkistin Janine Wissler<br \/>\n<\/span><\/strong><strong>will an die Spitze der Linkspartei<\/strong><\/span><\/p>\n<p style=\"text-align: justify;\"><span style=\"font-family: georgia, palatino, serif; font-size: 12pt;\"><span style=\"color: #000000;\"><span lang=\"de-DE\"><img loading=\"lazy\" class=\"size-full wp-image-5080 aligncenter\" src=\"https:\/\/rotermorgen.eu\/wp-content\/uploads\/2020\/09\/t52scr.jpg\" alt=\"\" width=\"666\" height=\"180\" \/><br \/>\nMarx w\u00fcrde \u00fcber die autorit\u00e4re trotzkistische Politsekte &#8222;Marx21&#8220;, der auch Janine Wissler geh\u00f6rt, sagen: &#8222;Wenn das Marxisten sind dann bin ich kein Marxist&#8220;. Ein echter Kummunist strebt eine herrschaftsfreie Gesellschaft der Freien und Gleichen an. &#8222;Marx21&#8220; hat mehr die Tradition in Unterdr\u00fcckung, Kontrolle und Selbstbedienung. Jetzt kandidiert die Trotzkistin Janine wissler f\u00fcr den Vorsitz in der Linkspartei.<br \/>\n<\/span><\/span><span style=\"color: #ffffff;\">.<\/span><br \/>\n<span style=\"color: #ffffff;\">.<\/span><br \/>\n<\/span><\/p>\n<p style=\"text-align: left;\"><span style=\"font-family: georgia, palatino, serif; font-size: 12pt;\"><strong>8. September | China entwickelt ersten gehirn\u00e4hnlichen Computer<br \/>\n<\/strong><\/span><\/p>\n<p style=\"text-align: justify;\"><span style=\"font-family: georgia, palatino, serif; font-size: 12pt;\"><span lang=\"de-DE\"><img loading=\"lazy\" class=\"size-full wp-image-5098 aligncenter\" src=\"https:\/\/rotermorgen.eu\/wp-content\/uploads\/2020\/09\/vg56.jpg\" alt=\"\" width=\"666\" height=\"180\" \/><br \/>\n\u00bbIngenieure der Zhejiang-Universit\u00e4t haben Chinas ersten gehirn\u00e4hnlichen Computer namensDarwin Mouse entwickelt, der die Funktionsweise eines menschlichen Gehirns nachahmen undkomplexe Berechnungen durchf\u00fchren kann, w\u00e4hrend er nur einen Bruchteil der von bisherigenSupercomputern aufgewendeten Energie verbraucht. Obwohl die Technologie noch entwickelt wird,meinen Experten, dass sie verwendet werden k\u00f6nnte, um gro\u00dfe Echtzeitsimulationen durchzuf\u00fchrenund neue Entdeckungen in Chemie, Medizin und Neurowissenschaften zu machen. Sie k\u00f6nnte auchverwendet werden, um das Computerdesign zu revolutionieren und zu einer leistungsf\u00e4higeren undeffizienteren k\u00fcnstlichen Intelligenz zu f\u00fchren.<br \/>\n<em>Quelle: Beijing Rundschau vom 08.09.2020<\/em> \u00a0 <div class=\"hide-this-part-wrap\"><div class=\"hide-this-part-more\" id=\"hide-this-part-0\" morelink-text=\"hier geht es weiter\">hier geht es weiter \u00bb<\/div><div class=\"hide-this-part\" status=\"invisible\"><\/span><\/span><\/p>\n<p style=\"text-align: left;\"><span style=\"font-family: georgia, palatino, serif; font-size: 12pt;\"><strong>8. September |<\/strong> <span lang=\"de-DE\"><strong>Amtsenthebungsverfahren<br \/>\nwegen Betriebsratsarbeit bei Adient<\/strong><br \/>\n<\/span><\/span><\/p>\n<p style=\"text-align: justify;\"><span style=\"font-family: georgia, palatino, serif; font-size: 12pt;\"><span lang=\"de-DE\"><img loading=\"lazy\" class=\"size-full wp-image-5172 aligncenter\" src=\"https:\/\/rotermorgen.eu\/wp-content\/uploads\/2020\/09\/vhhh.jpg\" alt=\"\" width=\"666\" height=\"180\" \/><br \/>\nWegen unterschiedlichen Meinungen und Forderungen \u00fcber die H\u00f6he des Kurzarbeitergeldes will VW-Zulieferer Adient den Betriebsratsvorsitzenden seines Amtes entheben lassen.<br \/>\n<span style=\"color: #ffffff;\">..<\/span>Grundlage der Auseinandersetzung war die Forderung des Betriebsrats, dass das w\u00e4hrend der Corona-Krise staatlich garantierte Kurzarbeitergeld von 60 bzw. 67 Prozent des Lohns von Adient auf bis zu 80 Prozent aufgestockt werden sollte.<br \/>\n<em><a href=\"https:\/\/rotermorgen.eu\/zwickau-vw-zulieferer-adient-will-den-betriebsratsvorsezenden-an-die-luft-setzen\/\" target=\"_blank\" rel=\"noopener noreferrer\">Roter Morgen berichtete<\/a><\/em><br \/>\n<\/span><span style=\"color: #ffffff;\">.<\/span><\/span><br \/>\n<span style=\"font-family: georgia, palatino, serif; color: #ffffff; font-size: 12pt;\">.<\/span><\/p>\n<p style=\"text-align: left;\"><span style=\"font-family: georgia, palatino, serif; font-size: 12pt;\"><strong>8. September |<\/strong> <strong>Facebook stellt Emi Palmor, eine israelische Beamtin, ein, um Beitr\u00e4ge zu zensieren, die Israel kritisieren<\/strong><br \/>\n<\/span><\/p>\n<div id=\"attachment_5184\" style=\"width: 676px\" class=\"wp-caption aligncenter\"><img aria-describedby=\"caption-attachment-5184\" loading=\"lazy\" class=\"size-full wp-image-5184\" src=\"https:\/\/rotermorgen.eu\/wp-content\/uploads\/2020\/09\/fgg.jpg\" alt=\"\" width=\"666\" height=\"180\" \/><p id=\"caption-attachment-5184\" class=\"wp-caption-text\"><span style=\"color: #808080; font-family: georgia, palatino, serif; font-size: 12pt;\">Emi Palmor, neu ernannte Facebook-Zensorin. Quelle: Emi Palmor: Wikipedia, 2015.<\/span><\/p><\/div>\n<p style=\"text-align: justify;\"><span style=\"font-family: georgia, palatino, serif; font-size: 12pt;\">Die israelische Regierung und insbesondere das Ministerium f\u00fcr strategische Angelegenheiten haben einen gro\u00dfen Schritt in Richtung Unterdr\u00fcckung kritischer Stimmen auf Facebook getan. Nachdem Facebook unter Druck gesetzt wurde, die umstrittene IHRA-Arbeitsdefinition von Antisemitismus zu \u00fcbernehmen und umzusetzen, hat Facebook eine hochrangige israelische Regierungsbeamtin und ehemalige Geheimdienstoffizierin eingestellt, die als Zensorin in seinem Aufsichtsgremium fungieren soll.<br \/>\n<a href=\"https:\/\/bibjetzt.wordpress.com\/2020\/09\/12\/bip-aktuell-137-israel-unterdruckt-kritik-auf-facebook\/\" target=\"_blank\" rel=\"noopener noreferrer\"><em>BIP-Aktuell 137 berichtete<\/em><\/a><br \/>\n<span style=\"color: #ffffff;\">.<\/span><br \/>\n<span style=\"color: #ffffff;\">.<\/span><\/span><\/p>\n<p><span style=\"font-size: 12pt; font-family: georgia, palatino, serif;\"><strong>8. September |<\/strong> <strong>Wirtschaftskrise: Unternehmerverband fordert \u201eAgenda 2025\u201c<\/strong><\/span><\/p>\n<p style=\"text-align: justify;\"><span style=\"font-family: georgia, palatino, serif; font-size: 12pt;\"><img loading=\"lazy\" class=\"size-full wp-image-5213 aligncenter\" src=\"https:\/\/rotermorgen.eu\/wp-content\/uploads\/2020\/09\/fgj.jpg\" alt=\"\" width=\"666\" height=\"180\" \/><br \/>\nDie deutsche Wirtschaft ist im zweiten Quartal um fast zehn Prozent eingebrochen. Die Regierung antwortet mit historischen Konjunkturpaketen. Jetzt fordert der Bundesverband mittelst\u00e4ndische Wirtschaft (BVMW) Reformen und spricht von einer \u201eAgenda 2025\u201c. Steuern f\u00fcr Unternehmen und Reiche sollen sinken, die Mehrwertsteuer auf Lebensmittel dagegen steigen. <\/span><br \/>\n<span style=\"font-family: georgia, palatino, serif; font-size: 12pt;\"><em>\u00bbNachrichtenPerspektive Online\u00ab <a href=\"https:\/\/perspektive-online.net\/2020\/09\/wirtschaftskrise-unternehmerverband-fordert-agenda-2025\/\" target=\"_blank\" rel=\"noopener noreferrer\">berichtete<\/a><\/em><br \/>\n<span style=\"color: #ffffff;\">.<\/span><br \/>\n<span style=\"color: #ffffff;\">.<\/span><br \/>\n<\/span><\/p>\n<p><span style=\"font-size: 12pt; font-family: georgia, palatino, serif;\"><strong>9. September | <\/strong><strong>Weiterhin fast 500 Faschisten untergetaucht<\/strong><\/span><\/p>\n<div id=\"attachment_5215\" style=\"width: 676px\" class=\"wp-caption aligncenter\"><img aria-describedby=\"caption-attachment-5215\" loading=\"lazy\" class=\"size-full wp-image-5215\" src=\"https:\/\/rotermorgen.eu\/wp-content\/uploads\/2020\/09\/h4dw3.jpeg\" alt=\"\" width=\"666\" height=\"180\" \/><p id=\"caption-attachment-5215\" class=\"wp-caption-text\"><span style=\"color: #808080; font-family: georgia, palatino, serif; font-size: 12pt;\">02.06.2018, Niedersachsen, Goslar: Teilnehmer am &#8222;Tag der deutschen Zukunft&#8220; stehen zusammen.<\/span><\/p><\/div>\n<p style=\"text-align: justify;\"><span style=\"font-family: georgia, palatino, serif; font-size: 12pt;\">Halle, Hanau, Celle: Deutschland hat in den letzten Monate eine Welle faschistischer Gewalt erlebt. Dennoch sind noch immer 481 als \u201erechtsextremistisch\u201c eingestufte Personen auf freiem Fu\u00df \u2013 obwohl sie per Haftbefehl gesucht werden. Ihre Zahl bleibt seit 2017 unver\u00e4ndert<br \/>\n<em>\u00bbNachrichtenPerspektive Online\u00ab <a href=\"https:\/\/perspektive-online.net\/2020\/09\/weiterhin-fast-500-faschisten-untergetaucht\/\" target=\"_blank\" rel=\"noopener noreferrer\">berichtete<\/a><\/em><br \/>\n<span style=\"color: #ffffff;\">.<\/span><br \/>\n<span style=\"color: #ffffff;\">.<\/span><br \/>\n<\/span><\/p>\n<p style=\"text-align: left;\"><span style=\"font-size: 12pt; font-family: georgia, palatino, serif;\"><strong>10. September | EU: Jeder achte Todesfall in Zusammenhang mit Umweltverschmutzung<\/strong><\/span><\/p>\n<p><span style=\"font-family: georgia, palatino, serif; font-size: 12pt;\"><img loading=\"lazy\" class=\"size-full wp-image-5248 aligncenter\" src=\"https:\/\/rotermorgen.eu\/wp-content\/uploads\/2020\/09\/fr3edf.jpg\" alt=\"\" width=\"666\" height=\"180\" \/><\/span><\/p>\n<p style=\"text-align: justify;\"><span style=\"font-family: georgia, palatino, serif; font-size: 12pt;\">Laut einem Bericht der Europ\u00e4ischen Umweltagentur sterben in der EU mehr als 630.000 Menschen j\u00e4hrlich vorzeitig an den Folgen von Umweltverschmutzung.<br \/>\n<span style=\"color: #ffffff;\">..\u2028<\/span>F\u00fcr den am Dienstag in Kopenhagen ver\u00f6ffentlichten Bericht hat die Europ\u00e4ische Umweltagentur (EEA) Daten zum Einfluss der Umwelt auf die Gesundheit und das Wohlbefinden der Europ\u00e4erInnen analysiert.<br \/>\n<span style=\"color: #ffffff;\">\u2028..<\/span>Die Untersuchungen st\u00fctzen sich auf Daten der Weltgesundheitsorganisation (WHO) zu den Todes- und Krankheitsursachen von 2012.\u2028 Demnach lassen sich rund 13 Prozent der j\u00e4hrlichen vorzeitigen Todesf\u00e4lle in der EU \u2013 das entspricht 630.000 der Verstorbenen \u2013 auf Umweltfaktoren zur\u00fcckf\u00fchren und w\u00e4ren daher vermeidbar. Zu den h\u00e4ufigsten Todesursachen z\u00e4hlen dabei Krebs, Herzerkrankungen und Schlaganf\u00e4lle.<\/span><br \/>\n<span style=\"font-family: georgia, palatino, serif; font-size: 12pt;\"><em>\u00bbNachrichtenPerspektive Online\u00ab <a href=\"https:\/\/perspektive-online.net\/2020\/09\/eu-jeder-achte-todesfall-in-zusammenhang-mit-umweltverschmutzung\/\" target=\"_blank\" rel=\"noopener noreferrer\">berichtete<\/a><\/em><strong><em><br \/>\n<\/em><\/strong><span style=\"color: #ffffff;\">.<\/span><\/span><br \/>\n<span style=\"color: #ffffff; font-family: georgia, palatino, serif; font-size: 12pt;\">.<\/span><\/p>\n<p style=\"text-align: left;\"><span style=\"font-family: georgia, palatino, serif; font-size: 12pt;\"><strong>10. September | Zum Sirenengeheul am 10. September<br \/>\n<\/strong><\/span><\/p>\n<div id=\"attachment_5190\" style=\"width: 676px\" class=\"wp-caption aligncenter\"><img aria-describedby=\"caption-attachment-5190\" loading=\"lazy\" class=\"size-full wp-image-5190\" src=\"https:\/\/rotermorgen.eu\/wp-content\/uploads\/2020\/09\/ggjjj.jpg\" alt=\"\" width=\"666\" height=\"180\" \/><p id=\"caption-attachment-5190\" class=\"wp-caption-text\"><span style=\"color: #808080; font-family: georgia, palatino, serif; font-size: 12pt;\">Wer Krieg will, muss die Bev\u00f6lkerung psychologisch darauf vorbereiten \u2013 mit Angst und Hetze. Foto: Symbolbild &#8211; Krieg<\/span><\/p><\/div>\n<p style=\"text-align: justify;\"><span style=\"font-family: georgia, palatino, serif; font-size: 12pt;\">Zum ersten Mal seit 30 Jahren haben am 10.9.20 in der Bundesrepublik wieder die Sirenen geheult.<\/span><br \/>\n<span style=\"font-family: georgia, palatino, serif; font-size: 12pt;\">Jahrzehntelang haben w\u00e4hrend des \u201ekalten Krieges\u201c regelm\u00e4\u00dfig Sirenen geheult. Damit wurden die Menschen auf einen m\u00f6glichen Krieg eingestellt. Zugleich wurde die \u201eBedrohung\u201c durch die \u201eb\u00f6sen Kommunisten\u201c an die Wand gemalt.<\/span><br \/>\n<span style=\"font-family: georgia, palatino, serif; font-size: 12pt;\"><span style=\"background-color: #ffffff; color: #ffffff;\">..<\/span>Nach dem Zusammenbruch der ehemals sozialistischen, sp\u00e4ter aber revisionistisch entarteten Staaten wurde der \u201eSieg\u201c des Kapitalismus und zugleich eine \u201e\u00c4ra des Friedens\u201c verk\u00fcndet. Das war nur ein kurzes Zwischenspiel. Denn tats\u00e4chlich stiegen die Widerspr\u00fcche und Konflikte zwischen den imperialistischen Gro\u00dfm\u00e4chten und damit verbunden die Zahl und Grausamkeit lokaler Kriege wie im Irak, in Libyen, Syrien.<br \/>\n<em>Arbeit-Zukunft <\/em><a href=\"https:\/\/www.arbeit-zukunft.de\/2020\/09\/10\/sirenengeheul-wozu\/#more-7464\" target=\"_blank\" rel=\"noopener noreferrer\"><em>berichtete<\/em><\/a><\/span><br \/>\n<span style=\"font-family: georgia, palatino, serif; font-size: 12pt;\"><span style=\"color: #ffffff;\">.<\/span><br \/>\n<span style=\"color: #ffffff;\">.<\/span><\/span><\/p>\n<p style=\"text-align: left;\"><span style=\"font-family: georgia, palatino, serif; font-size: 12pt;\"><strong>12. September | <\/strong><strong>Warnstreiks f\u00fcr h\u00f6here L\u00f6hne bei der Deutschen Post<\/strong><\/span><\/p>\n<div id=\"attachment_5208\" style=\"width: 676px\" class=\"wp-caption aligncenter\"><img aria-describedby=\"caption-attachment-5208\" loading=\"lazy\" class=\"size-full wp-image-5208\" src=\"https:\/\/rotermorgen.eu\/wp-content\/uploads\/2020\/09\/rrtt.jpg\" alt=\"\" width=\"666\" height=\"180\" \/><p id=\"caption-attachment-5208\" class=\"wp-caption-text\"><span style=\"color: #808080; font-family: georgia, palatino, serif; font-size: 12pt;\">Mit Blick auf die n\u00e4chste Verhandlungsrunde mit der Deutschen Post hat die Gewerkschaft Verdi zu Warnstreiks aufgerufen.<\/span><\/p><\/div>\n<p style=\"text-align: justify;\"><span style=\"font-family: georgia, palatino, serif; font-size: 12pt;\">Die Deutsche Post AG steigerte durch die Corona-Pandemie ihren Gewinn um knapp 50%. In diesem Zusammenhang fordert Verdi unter anderem eine Lohnerh\u00f6hung von 5,5% f\u00fcr die MitarbeiterInnen der Post. Der Konzern \u201eprovoziert\u201c mit mickrigen 1,5%. Am 21. und 22. September gehen die Verhandlungen weiter.<br \/>\n<em>\u00bbNachrichtenPerspektive Online\u00ab <a href=\"https:\/\/perspektive-online.net\/2020\/09\/warnstreiks-fuer-hoehere-loehne-bei-der-deutschen-post\/\" target=\"_blank\" rel=\"noopener noreferrer\">berichtete<\/a><\/em><br \/>\n<span style=\"color: #ffffff;\">.<\/span><br \/>\n<span style=\"color: #ffffff;\">.<\/span><br \/>\n<\/span><\/p>\n<p style=\"text-align: left;\"><span style=\"font-family: georgia, palatino, serif; font-size: 12pt;\"><strong>12. September | Waffenlager bei mutma\u00dflich Rechtem in Seevetal entdeckt<\/strong><\/span><\/p>\n<div id=\"attachment_5221\" style=\"width: 676px\" class=\"wp-caption aligncenter\"><img aria-describedby=\"caption-attachment-5221\" loading=\"lazy\" class=\"size-full wp-image-5221\" src=\"https:\/\/rotermorgen.eu\/wp-content\/uploads\/2020\/09\/bf4r5b.jpg\" alt=\"\" width=\"666\" height=\"180\" \/><p id=\"caption-attachment-5221\" class=\"wp-caption-text\"><span style=\"color: #808080; font-family: georgia, palatino, serif; font-size: 12pt;\">Waffenlager: Symbolbild<\/span><\/p><\/div>\n<p style=\"text-align: justify;\"><span style=\"font-family: georgia, palatino, serif; font-size: 12pt;\">Die Polizei fand ein umfangreiches Waffenlager in Seevetal bei Hamburg. Die Polizei gehen von einer rechten Gesinnung des Mannes aus und ermitteln wegen Verdachts auf Versto\u00dfes gegen das Waffen- und Kriegswaffenkontrollgesetz. Der Verdacht bewahrheitete sich: Es wurden rund 250 scharfe Schusswaffen gefunden. Es seien Kurz-, Lang- und Kriegswaffen sichergestellt worden, genauere Angaben machen die Ermittelnden nicht.<\/span><br \/>\n<span style=\"font-family: georgia, palatino, serif; font-size: 12pt;\"><span style=\"color: #ffffff;\">..<\/span>Nach Informationen des Landeskriminalamts Niedersachsen seien dar\u00fcber hinaus tausende Schuss Munition sichergestellt worden.<\/span><br \/>\n<span style=\"font-family: verdana, geneva, sans-serif; font-size: 12pt;\"><span style=\"font-family: georgia, palatino, serif;\"><span style=\"color: #ffffff;\">..<\/span>\u201eAufgrund der Gesamtumst\u00e4nde\u201c gingen die ErmittlerInnen von einer rechten Gesinnung des Waffensammlers aus. Mit Verweis auf laufende Ermittlungen machen sie keine weiteren Angaben dazu. Roter Morgen wird weiter dar\u00fcber berichten.<\/span><br \/>\n<\/span><\/p>\n<p style=\"text-align: center;\"><span style=\"font-size: 10pt; color: #ffffff;\">.<\/span><\/p>\n<p style=\"text-align: center;\"><span style=\"font-size: 10pt;\"><strong>Die Redaktion dankt Hosteni, Rui G. und Reinhold S. f\u00fcr die Unterst\u00fctzung<br \/>\nbei der Erstellung dieseses Wochenr\u00fcckblicks.<\/strong><br \/>\nDieser R\u00fcckblick erhebt nicht den Anspruch auf Vollst\u00e4ndigkeit.<br \/>\nVerlinkte- und mit Namen gekennzeichnete Texte m\u00fcssen<br \/>\nnicht in allen Punkten der Meinung der Redaktion entsprechen.<br \/>\nDie Redaktion freut sich \u00fcber jede Hilfe und bittet um Texte und Hinweise an<br \/>\neMail: <a href=\"mailto:Redaktion@RoterMorgen.eu\" target=\"_blank\" rel=\"noopener noreferrer\">Redaktion@RoterMorgen.eu<\/a><\/span><\/p>\n<p style=\"text-align: center;\"><span style=\"font-size: 10pt; color: #ffffff;\">.<\/span><\/p>\n<p><\/div><!-- .hide-this-part --><\/div><!-- hide-this-part-wrap --><\/p>\n<p style=\"text-align: center;\"><span style=\"font-family: Verdana, sans-serif;\"><span style=\"color: #ffffff;\">.<\/span><br \/>\n<\/span><\/p>\n","protected":false},"excerpt":{"rendered":"<p>Nico Diener . Wochenr\u00fcckblick . Zur\u00fcckblickend auf die letzten Tage sind uns einige kommentierbare Vorkommnisse ins Auge gefallen, die wir hier zur Diskussion stellen. \u2028.\u2028 (Kommis bitte unten eintragen!) . . 7. September | Inge Hannemann: Erkl\u00e4rung zum Austritt aus [&hellip;]<a class=\"more-link\" href=\"http:\/\/www.deanreed.de\/AmericanRebel\/2017\/2020\/09\/14\/wochenrueckblick-27-kalenderwoche\/\">&darr; Lese den Rest von diesem Eintrag&#8230;<\/a><\/p>\n","protected":false},"author":5,"featured_media":0,"comment_status":"open","ping_status":"open","sticky":false,"template":"","format":"standard","meta":[],"categories":[1,79],"tags":[1183,748,2594,8,4728,511,2244,2224,255,4729,4730,2021,4731,2225,4601,1329,4732,4733,4734,4735,4736],"yoast_head":"<!-- This site is optimized with the Yoast SEO plugin v17.5 - https:\/\/yoast.com\/wordpress\/plugins\/seo\/ -->\n<title>- Wochenr\u00fcckblick 37. Kalenderwoche &ndash; Onlinezeitung AmericanRebel<\/title>\n<meta name=\"robots\" content=\"index, follow, max-snippet:-1, max-image-preview:large, max-video-preview:-1\" \/>\n<link rel=\"canonical\" href=\"https:\/\/www.deanreed.de\/AmericanRebel\/2017\/2020\/09\/14\/wochenrueckblick-27-kalenderwoche\/\" \/>\n<meta property=\"og:locale\" content=\"de_DE\" \/>\n<meta property=\"og:type\" content=\"article\" \/>\n<meta property=\"og:title\" content=\"- Wochenr\u00fcckblick 37. Kalenderwoche &ndash; Onlinezeitung AmericanRebel\" \/>\n<meta property=\"og:description\" content=\"Nico Diener . Wochenr\u00fcckblick . Zur\u00fcckblickend auf die letzten Tage sind uns einige kommentierbare Vorkommnisse ins Auge gefallen, die wir hier zur Diskussion stellen. \u2028.\u2028 (Kommis bitte unten eintragen!) . . 7. September | Inge Hannemann: Erkl\u00e4rung zum Austritt aus [&hellip;]&darr; Lese den Rest von diesem Eintrag...\" \/>\n<meta property=\"og:url\" content=\"https:\/\/www.deanreed.de\/AmericanRebel\/2017\/2020\/09\/14\/wochenrueckblick-27-kalenderwoche\/\" \/>\n<meta property=\"og:site_name\" content=\"Onlinezeitung AmericanRebel\" \/>\n<meta property=\"article:published_time\" content=\"2020-09-13T22:01:17+00:00\" \/>\n<meta property=\"article:modified_time\" content=\"2020-09-14T21:40:51+00:00\" \/>\n<meta property=\"og:image\" content=\"http:\/\/www.deanreed.de\/AmericanRebel\/2017\/wp-content\/uploads\/2020\/07\/7889.png\" \/>\n\t<meta property=\"og:image:width\" content=\"640\" \/>\n\t<meta property=\"og:image:height\" content=\"460\" \/>\n<meta name=\"twitter:card\" content=\"summary_large_image\" \/>\n<meta name=\"twitter:label1\" content=\"Verfasst von\" \/>\n\t<meta name=\"twitter:data1\" content=\"Ina\" \/>\n\t<meta name=\"twitter:label2\" content=\"Gesch\u00e4tzte Lesezeit\" \/>\n\t<meta name=\"twitter:data2\" content=\"6\u00a0Minuten\" \/>\n<script type=\"application\/ld+json\" class=\"yoast-schema-graph\">{\"@context\":\"https:\/\/schema.org\",\"@graph\":[{\"@type\":\"WebSite\",\"@id\":\"https:\/\/www.deanreed.de\/AmericanRebel\/2017\/#website\",\"url\":\"https:\/\/www.deanreed.de\/AmericanRebel\/2017\/\",\"name\":\"Onlinezeitung AmericanRebel\",\"description\":\"Internationale Onlinezeitung f\\u00fcr Frieden, Humanismus, V\\u00f6lkerverst\\u00e4ndigung und Kultur\",\"potentialAction\":[{\"@type\":\"SearchAction\",\"target\":{\"@type\":\"EntryPoint\",\"urlTemplate\":\"https:\/\/www.deanreed.de\/AmericanRebel\/2017\/?s={search_term_string}\"},\"query-input\":\"required name=search_term_string\"}],\"inLanguage\":\"de\"},{\"@type\":\"ImageObject\",\"@id\":\"https:\/\/www.deanreed.de\/AmericanRebel\/2017\/2020\/09\/14\/wochenrueckblick-27-kalenderwoche\/#primaryimage\",\"inLanguage\":\"de\",\"url\":\"http:\/\/www.deanreed.de\/AmericanRebel\/2017\/wp-content\/uploads\/2020\/07\/7889.png\",\"contentUrl\":\"http:\/\/www.deanreed.de\/AmericanRebel\/2017\/wp-content\/uploads\/2020\/07\/7889.png\",\"width\":640,\"height\":460},{\"@type\":\"WebPage\",\"@id\":\"https:\/\/www.deanreed.de\/AmericanRebel\/2017\/2020\/09\/14\/wochenrueckblick-27-kalenderwoche\/#webpage\",\"url\":\"https:\/\/www.deanreed.de\/AmericanRebel\/2017\/2020\/09\/14\/wochenrueckblick-27-kalenderwoche\/\",\"name\":\"- Wochenr\\u00fcckblick 37. Kalenderwoche &ndash; Onlinezeitung AmericanRebel\",\"isPartOf\":{\"@id\":\"https:\/\/www.deanreed.de\/AmericanRebel\/2017\/#website\"},\"primaryImageOfPage\":{\"@id\":\"https:\/\/www.deanreed.de\/AmericanRebel\/2017\/2020\/09\/14\/wochenrueckblick-27-kalenderwoche\/#primaryimage\"},\"datePublished\":\"2020-09-13T22:01:17+00:00\",\"dateModified\":\"2020-09-14T21:40:51+00:00\",\"author\":{\"@id\":\"https:\/\/www.deanreed.de\/AmericanRebel\/2017\/#\/schema\/person\/da28fa2a6fc81939d1574bec87d1a0c6\"},\"breadcrumb\":{\"@id\":\"https:\/\/www.deanreed.de\/AmericanRebel\/2017\/2020\/09\/14\/wochenrueckblick-27-kalenderwoche\/#breadcrumb\"},\"inLanguage\":\"de\",\"potentialAction\":[{\"@type\":\"ReadAction\",\"target\":[\"https:\/\/www.deanreed.de\/AmericanRebel\/2017\/2020\/09\/14\/wochenrueckblick-27-kalenderwoche\/\"]}]},{\"@type\":\"BreadcrumbList\",\"@id\":\"https:\/\/www.deanreed.de\/AmericanRebel\/2017\/2020\/09\/14\/wochenrueckblick-27-kalenderwoche\/#breadcrumb\",\"itemListElement\":[{\"@type\":\"ListItem\",\"position\":1,\"name\":\"Startseite\",\"item\":\"https:\/\/www.deanreed.de\/AmericanRebel\/2017\/\"},{\"@type\":\"ListItem\",\"position\":2,\"name\":\"&#8211; Wochenr\\u00fcckblick 37. Kalenderwoche\"}]},{\"@type\":\"Person\",\"@id\":\"https:\/\/www.deanreed.de\/AmericanRebel\/2017\/#\/schema\/person\/da28fa2a6fc81939d1574bec87d1a0c6\",\"name\":\"Ina\",\"url\":\"http:\/\/www.deanreed.de\/AmericanRebel\/2017\/author\/ina-moeller\/\"}]}<\/script>\n<!-- \/ Yoast SEO plugin. -->","yoast_head_json":{"title":"- Wochenr\u00fcckblick 37. Kalenderwoche &ndash; Onlinezeitung AmericanRebel","robots":{"index":"index","follow":"follow","max-snippet":"max-snippet:-1","max-image-preview":"max-image-preview:large","max-video-preview":"max-video-preview:-1"},"canonical":"https:\/\/www.deanreed.de\/AmericanRebel\/2017\/2020\/09\/14\/wochenrueckblick-27-kalenderwoche\/","og_locale":"de_DE","og_type":"article","og_title":"- Wochenr\u00fcckblick 37. Kalenderwoche &ndash; Onlinezeitung AmericanRebel","og_description":"Nico Diener . Wochenr\u00fcckblick . Zur\u00fcckblickend auf die letzten Tage sind uns einige kommentierbare Vorkommnisse ins Auge gefallen, die wir hier zur Diskussion stellen. \u2028.\u2028 (Kommis bitte unten eintragen!) . . 7. September | Inge Hannemann: Erkl\u00e4rung zum Austritt aus [&hellip;]&darr; Lese den Rest von diesem Eintrag...","og_url":"https:\/\/www.deanreed.de\/AmericanRebel\/2017\/2020\/09\/14\/wochenrueckblick-27-kalenderwoche\/","og_site_name":"Onlinezeitung AmericanRebel","article_published_time":"2020-09-13T22:01:17+00:00","article_modified_time":"2020-09-14T21:40:51+00:00","og_image":[{"width":640,"height":460,"url":"http:\/\/www.deanreed.de\/AmericanRebel\/2017\/wp-content\/uploads\/2020\/07\/7889.png","type":"image\/png"}],"twitter_card":"summary_large_image","twitter_misc":{"Verfasst von":"Ina","Gesch\u00e4tzte Lesezeit":"6\u00a0Minuten"},"schema":{"@context":"https:\/\/schema.org","@graph":[{"@type":"WebSite","@id":"https:\/\/www.deanreed.de\/AmericanRebel\/2017\/#website","url":"https:\/\/www.deanreed.de\/AmericanRebel\/2017\/","name":"Onlinezeitung AmericanRebel","description":"Internationale Onlinezeitung f\u00fcr Frieden, Humanismus, V\u00f6lkerverst\u00e4ndigung und Kultur","potentialAction":[{"@type":"SearchAction","target":{"@type":"EntryPoint","urlTemplate":"https:\/\/www.deanreed.de\/AmericanRebel\/2017\/?s={search_term_string}"},"query-input":"required name=search_term_string"}],"inLanguage":"de"},{"@type":"ImageObject","@id":"https:\/\/www.deanreed.de\/AmericanRebel\/2017\/2020\/09\/14\/wochenrueckblick-27-kalenderwoche\/#primaryimage","inLanguage":"de","url":"http:\/\/www.deanreed.de\/AmericanRebel\/2017\/wp-content\/uploads\/2020\/07\/7889.png","contentUrl":"http:\/\/www.deanreed.de\/AmericanRebel\/2017\/wp-content\/uploads\/2020\/07\/7889.png","width":640,"height":460},{"@type":"WebPage","@id":"https:\/\/www.deanreed.de\/AmericanRebel\/2017\/2020\/09\/14\/wochenrueckblick-27-kalenderwoche\/#webpage","url":"https:\/\/www.deanreed.de\/AmericanRebel\/2017\/2020\/09\/14\/wochenrueckblick-27-kalenderwoche\/","name":"- Wochenr\u00fcckblick 37. Kalenderwoche &ndash; Onlinezeitung AmericanRebel","isPartOf":{"@id":"https:\/\/www.deanreed.de\/AmericanRebel\/2017\/#website"},"primaryImageOfPage":{"@id":"https:\/\/www.deanreed.de\/AmericanRebel\/2017\/2020\/09\/14\/wochenrueckblick-27-kalenderwoche\/#primaryimage"},"datePublished":"2020-09-13T22:01:17+00:00","dateModified":"2020-09-14T21:40:51+00:00","author":{"@id":"https:\/\/www.deanreed.de\/AmericanRebel\/2017\/#\/schema\/person\/da28fa2a6fc81939d1574bec87d1a0c6"},"breadcrumb":{"@id":"https:\/\/www.deanreed.de\/AmericanRebel\/2017\/2020\/09\/14\/wochenrueckblick-27-kalenderwoche\/#breadcrumb"},"inLanguage":"de","potentialAction":[{"@type":"ReadAction","target":["https:\/\/www.deanreed.de\/AmericanRebel\/2017\/2020\/09\/14\/wochenrueckblick-27-kalenderwoche\/"]}]},{"@type":"BreadcrumbList","@id":"https:\/\/www.deanreed.de\/AmericanRebel\/2017\/2020\/09\/14\/wochenrueckblick-27-kalenderwoche\/#breadcrumb","itemListElement":[{"@type":"ListItem","position":1,"name":"Startseite","item":"https:\/\/www.deanreed.de\/AmericanRebel\/2017\/"},{"@type":"ListItem","position":2,"name":"&#8211; Wochenr\u00fcckblick 37. Kalenderwoche"}]},{"@type":"Person","@id":"https:\/\/www.deanreed.de\/AmericanRebel\/2017\/#\/schema\/person\/da28fa2a6fc81939d1574bec87d1a0c6","name":"Ina","url":"http:\/\/www.deanreed.de\/AmericanRebel\/2017\/author\/ina-moeller\/"}]}},"_links":{"self":[{"href":"http:\/\/www.deanreed.de\/AmericanRebel\/2017\/wp-json\/wp\/v2\/posts\/25831"}],"collection":[{"href":"http:\/\/www.deanreed.de\/AmericanRebel\/2017\/wp-json\/wp\/v2\/posts"}],"about":[{"href":"http:\/\/www.deanreed.de\/AmericanRebel\/2017\/wp-json\/wp\/v2\/types\/post"}],"author":[{"embeddable":true,"href":"http:\/\/www.deanreed.de\/AmericanRebel\/2017\/wp-json\/wp\/v2\/users\/5"}],"replies":[{"embeddable":true,"href":"http:\/\/www.deanreed.de\/AmericanRebel\/2017\/wp-json\/wp\/v2\/comments?post=25831"}],"version-history":[{"count":8,"href":"http:\/\/www.deanreed.de\/AmericanRebel\/2017\/wp-json\/wp\/v2\/posts\/25831\/revisions"}],"predecessor-version":[{"id":25866,"href":"http:\/\/www.deanreed.de\/AmericanRebel\/2017\/wp-json\/wp\/v2\/posts\/25831\/revisions\/25866"}],"wp:attachment":[{"href":"http:\/\/www.deanreed.de\/AmericanRebel\/2017\/wp-json\/wp\/v2\/media?parent=25831"}],"wp:term":[{"taxonomy":"category","embeddable":true,"href":"http:\/\/www.deanreed.de\/AmericanRebel\/2017\/wp-json\/wp\/v2\/categories?post=25831"},{"taxonomy":"post_tag","embeddable":true,"href":"http:\/\/www.deanreed.de\/AmericanRebel\/2017\/wp-json\/wp\/v2\/tags?post=25831"}],"curies":[{"name":"wp","href":"https:\/\/api.w.org\/{rel}","templated":true}]}}