{"id":25822,"date":"2020-09-06T12:41:58","date_gmt":"2020-09-06T10:41:58","guid":{"rendered":"http:\/\/www.deanreed.de\/AmericanRebel\/2017\/?p=25822"},"modified":"2020-09-06T12:58:48","modified_gmt":"2020-09-06T10:58:48","slug":"bad-schmiedeberg-rote-karte-fuer-reichstagsstuermer","status":"publish","type":"post","link":"http:\/\/www.deanreed.de\/AmericanRebel\/2017\/2020\/09\/06\/bad-schmiedeberg-rote-karte-fuer-reichstagsstuermer\/","title":{"rendered":"&#8211; Bad Schmiedeberg &#8211; Rote Karte f\u00fcr Reichstagsst\u00fcrmer"},"content":{"rendered":"<h4>Rui Filipe Gutschmidt<\/h4>\n<h2><strong>Bad Schmiedeberg &#8211; Rote Karte f\u00fcr Reichstagsst\u00fcrmer<br \/>\n<\/strong><\/h2>\n<div id=\"attachment_8722\" style=\"width: 110px\" class=\"wp-caption alignleft\"><img aria-describedby=\"caption-attachment-8722\" loading=\"lazy\" class=\"size-full wp-image-8722\" src=\"http:\/\/www.deanreed.de\/AmericanRebel\/2017\/wp-content\/uploads\/2037\/12\/Rui_Gutschmidt.jpg\" alt=\"\" width=\"100\" height=\"150\" \/><p id=\"caption-attachment-8722\" class=\"wp-caption-text\"><span style=\"color: #808080;\">Rui Filipe Gutschmidt<\/span><\/p><\/div>\n<p style=\"text-align: justify;\"><strong><span lang=\"de-DE\"><span style=\"font-family: georgia, palatino, serif; font-size: 12pt;\">Die Stadt Bad Schmiedeberg in Sachsen-Anhalt ist ein bekannter Kurort, der seinen guten Ruf nicht von einer handvoll Verschw\u00f6rungstheoretikern besudeln lassen m\u00f6chte. Die B\u00fcrger der Stadt verteidigen diesen Ruf jetzt mit einer Plakataktion gegen ein paar Rechtspopulisten aus ihrer Stadt, die am \u201eSturm auf den Reichstag\u201c am 29. August teilgenommen haben.<\/span><\/span><\/strong><\/p>\n<p style=\"text-align: justify;\"><span style=\"font-family: georgia, palatino, serif; font-size: 12pt;\">Es ist ein zweiseitiges Plakat, auf dem die B\u00fcrger der Stadt eindeutig Stellung gegen Mitb\u00fcrger beziehen, die bei der Demo am 29. August 2020 in Berlin dabei waren. <\/span><\/p>\n<p style=\"text-align: justify;\"><span style=\"font-family: georgia, palatino, serif; font-size: 12pt;\">Auf den Plakaten werden zwei von diesen \u201ehasssch\u00fcrenden, L\u00fcgen und Verschw\u00f6rungstheorien verbreitenden Provokateuren\u201c namentlich genannt und zur Persona-non-grata gestempelt. Auch ihre Mitl\u00e4ufer seien in der Kurstadt nicht willkommen.<\/span><\/p>\n<p style=\"text-align: justify;\"><span style=\"font-family: georgia, palatino, serif; font-size: 12pt;\"><img loading=\"lazy\" class=\" wp-image-25823 alignright\" src=\"http:\/\/www.deanreed.de\/AmericanRebel\/2017\/wp-content\/uploads\/2020\/09\/5-Kopie-3-300x216.png\" alt=\"\" width=\"332\" height=\"239\" srcset=\"http:\/\/www.deanreed.de\/AmericanRebel\/2017\/wp-content\/uploads\/2020\/09\/5-Kopie-3-300x216.png 300w, http:\/\/www.deanreed.de\/AmericanRebel\/2017\/wp-content\/uploads\/2020\/09\/5-Kopie-3.png 640w\" sizes=\"(max-width: 332px) 100vw, 332px\" \/>Die Plakate sprechen eine deutliche Sprache. Es hei\u00dft dort w\u00f6rtlich \u201eFlagge zeigen gegen Hass &amp; Bl\u00f6dheit!\u201c. Die Autoren distanzieren sich deutlich von den Gastst\u00e4ttenbetreibern und stellen offen ihre Meinung dazu in den \u00f6ffentlichen Raum.<\/span><\/p>\n<p style=\"text-align: justify;\"><span style=\"font-family: georgia, palatino, serif; font-size: 12pt;\">\u201eEs ist ekelhaft und besch\u00e4mend zu wissen, dass in Berlin B\u00fcrger unserer Stadt unter wehenden Reichskriegsflaggen lauthals und provokativ menschenverachtende Parolen br\u00fcllten!\u201c<\/span><\/p>\n<p style=\"text-align: justify;\"><span style=\"font-family: georgia, palatino, serif; font-size: 12pt;\">Es mag ja im legalen Kontext grenzwertig sein Menschen \u00f6ffentlich so blo\u00df zustellen, aber andererseits haben diese \u201ebesorgten B\u00fcrger\u201c auch \u00f6ffentlich an dem traurigen Spektakel vor dem Reichstagsgeb\u00e4ude teilgenommen. Ihre Propagandaaktionen sind ebenfalls \u00f6ffentlich und so gesehen kann man sie als Personen des \u00f6ffentlichen Lebens betrachten.<\/span><\/p>\n<p style=\"text-align: justify;\"><span style=\"font-family: georgia, palatino, serif; font-size: 12pt;\">Info-Welt sieht sich als seri\u00f6ses Nachrichten und Meinungsmagazin. Daher habe ich die Namen geschw\u00e4rzt, auch um ungewollte Propaganda f\u00fcr diese Extremisten zu vermeiden. Hier nun die beiden Plakate:<\/span><\/p>\n<div id=\"attachment_25826\" style=\"width: 615px\" class=\"wp-caption aligncenter\"><img aria-describedby=\"caption-attachment-25826\" loading=\"lazy\" class=\" wp-image-25826\" src=\"http:\/\/www.deanreed.de\/AmericanRebel\/2017\/wp-content\/uploads\/2020\/09\/Bad-Schmiedeberg-zeigt-Nazis-und-Aluhuttraegern-die-Rote-Karte-Screenshot-Netzfund-300x197.jpg\" alt=\"\" width=\"605\" height=\"397\" srcset=\"http:\/\/www.deanreed.de\/AmericanRebel\/2017\/wp-content\/uploads\/2020\/09\/Bad-Schmiedeberg-zeigt-Nazis-und-Aluhuttraegern-die-Rote-Karte-Screenshot-Netzfund-300x197.jpg 300w, http:\/\/www.deanreed.de\/AmericanRebel\/2017\/wp-content\/uploads\/2020\/09\/Bad-Schmiedeberg-zeigt-Nazis-und-Aluhuttraegern-die-Rote-Karte-Screenshot-Netzfund.jpg 640w\" sizes=\"(max-width: 605px) 100vw, 605px\" \/><p id=\"caption-attachment-25826\" class=\"wp-caption-text\"><span style=\"color: #808080;\">Bad Schmiedeberg zeigt Nazis und Aluhuttr\u00e4gern die Rote Karte &#8211; Screenshot Netzfund<\/span><\/p><\/div>\n<div id=\"sdfootnote12\">\n<p><span style=\"font-size: 10pt;\"><br \/>\nErstver\u00f6ffentlichung heute oder vor ein paar Tagen in unserer Partnerzeitung <a href=\"http:\/\/www.Info-Welt.eu\" target=\"_blank\" rel=\"noopener noreferrer\">INFO-WELT<\/a>. <\/span><br \/>\n<span style=\"color: #ffffff;\">.<\/span><br \/>\n<span style=\"font-size: 10pt;\"><a href=\"http:\/\/www.deanreed.de\/AmericanRebel\/2017\/?cat=122\" target=\"_blank\" rel=\"noopener noreferrer\">Weitere Artikel von Rui Filipe Gutschmidt<\/a><\/span><br \/>\n<span style=\"color: #ffffff;\">.<\/span><\/p>\n<\/div>\n<blockquote>\n<p style=\"text-align: center;\"><span style=\"font-size: 10pt; color: #000000;\">F\u00fcr den Inhalt dieses Artikels ist der Autor bzw. die Autorin verantwortlich.<br \/>\nDabei muss es sich nicht grunds\u00e4tzlich um die Meinung der Redaktion handeln.<\/span><\/p>\n<table width=\"100%\" align=\"center\">\n<tbody>\n<tr>\n<td>\n<form action=\"https:\/\/www.paypal.com\/cgi-bin\/webscr\" method=\"post\" target=\"_top\"><input alt=\"Jetzt einfach, schnell und sicher online bezahlen \u2013 mit PayPal.\" name=\"submit\" src=\"https:\/\/www.paypalobjects.com\/de_DE\/DE\/i\/btn\/btn_donateCC_LG.gif\" type=\"image\" \/><\/form>\n<\/td>\n<td><span style=\"color: #993300;\"><strong>Auch linker Journalismus ist nicht kostenlos<br \/>\nund auch kleine Spenden k\u00f6nnen helfen Gro\u00dfes zu ver\u00f6ffentlichen!<\/strong><\/span><\/td>\n<\/tr>\n<\/tbody>\n<\/table>\n<div style=\"margin-left: 10px;\"><a title=\"zur Startseite\" href=\"http:\/\/www.americanrebel.de\/\"><img loading=\"lazy\" class=\"alignleft\" src=\"http:\/\/www.deanreed.de\/AmericanRebel\/2017\/wp-content\/uploads\/2017\/03\/back_ar.png\" alt=\"zur\u00fcck zur Startseite\" width=\"156\" height=\"15\" \/><\/a><\/div>\n<div style=\"margin-right: 10px;\"><a href=\"https:\/\/www.facebook.com\/groups\/1683837971860223\/permalink\/1987214344855916\/\" target=\"_blank\" rel=\"noopener noreferrer\"><img loading=\"lazy\" class=\"alignright\" src=\"http:\/\/www.deanreed.de\/AmericanRebel\/2017\/wp-content\/uploads\/2017\/03\/ar_zu_fb.png\" alt=\"hier geht es zur Facebook Diskussionsgruppe\" width=\"353\" height=\"15\" \/><\/a><\/div>\n<p style=\"text-align: center;\"><a href=\"#respond\" target=\"_blank\" rel=\"noopener noreferrer\"><img loading=\"lazy\" class=\"aligncenter\" src=\"http:\/\/www.deanreed.de\/AmericanRebel\/2017\/wp-content\/uploads\/2017\/03\/ar_kommentar-1.png\" alt=\"Sag uns deine Meinung zum Artikel mit einem Kommentar\/Leserbrief\" width=\"627\" height=\"20\" \/><\/a><\/p>\n<\/blockquote>\n","protected":false},"excerpt":{"rendered":"<p>Rui Filipe Gutschmidt Bad Schmiedeberg &#8211; Rote Karte f\u00fcr Reichstagsst\u00fcrmer Die Stadt Bad Schmiedeberg in Sachsen-Anhalt ist ein bekannter Kurort, der seinen guten Ruf nicht von einer handvoll Verschw\u00f6rungstheoretikern besudeln lassen m\u00f6chte. Die B\u00fcrger der Stadt verteidigen diesen Ruf jetzt [&hellip;]<a class=\"more-link\" href=\"http:\/\/www.deanreed.de\/AmericanRebel\/2017\/2020\/09\/06\/bad-schmiedeberg-rote-karte-fuer-reichstagsstuermer\/\">&darr; Lese den Rest von diesem Eintrag&#8230;<\/a><\/p>\n","protected":false},"author":5,"featured_media":0,"comment_status":"open","ping_status":"open","sticky":false,"template":"","format":"standard","meta":[],"categories":[1,122],"tags":[4799,4800,4801,4802,4803,2682,4804,4805,4806,3379,4807,4808],"yoast_head":"<!-- This site is optimized with the Yoast SEO plugin v17.5 - https:\/\/yoast.com\/wordpress\/plugins\/seo\/ -->\n<title>- Bad Schmiedeberg - Rote Karte f\u00fcr Reichstagsst\u00fcrmer &ndash; Onlinezeitung AmericanRebel<\/title>\n<meta name=\"robots\" content=\"index, follow, max-snippet:-1, max-image-preview:large, max-video-preview:-1\" \/>\n<link rel=\"canonical\" href=\"http:\/\/www.deanreed.de\/AmericanRebel\/2017\/2020\/09\/06\/bad-schmiedeberg-rote-karte-fuer-reichstagsstuermer\/\" \/>\n<meta property=\"og:locale\" content=\"de_DE\" \/>\n<meta property=\"og:type\" content=\"article\" \/>\n<meta property=\"og:title\" content=\"- Bad Schmiedeberg - Rote Karte f\u00fcr Reichstagsst\u00fcrmer &ndash; Onlinezeitung AmericanRebel\" \/>\n<meta property=\"og:description\" content=\"Rui Filipe Gutschmidt Bad Schmiedeberg &#8211; Rote Karte f\u00fcr Reichstagsst\u00fcrmer Die Stadt Bad Schmiedeberg in Sachsen-Anhalt ist ein bekannter Kurort, der seinen guten Ruf nicht von einer handvoll Verschw\u00f6rungstheoretikern besudeln lassen m\u00f6chte. Die B\u00fcrger der Stadt verteidigen diesen Ruf jetzt [&hellip;]&darr; Lese den Rest von diesem Eintrag...\" \/>\n<meta property=\"og:url\" content=\"http:\/\/www.deanreed.de\/AmericanRebel\/2017\/2020\/09\/06\/bad-schmiedeberg-rote-karte-fuer-reichstagsstuermer\/\" \/>\n<meta property=\"og:site_name\" content=\"Onlinezeitung AmericanRebel\" \/>\n<meta property=\"article:published_time\" content=\"2020-09-06T10:41:58+00:00\" \/>\n<meta property=\"article:modified_time\" content=\"2020-09-06T10:58:48+00:00\" \/>\n<meta property=\"og:image\" content=\"http:\/\/www.deanreed.de\/AmericanRebel\/2017\/wp-content\/uploads\/2020\/09\/5-Kopie-3.png\" \/>\n\t<meta property=\"og:image:width\" content=\"640\" \/>\n\t<meta property=\"og:image:height\" content=\"460\" \/>\n<meta name=\"twitter:card\" content=\"summary_large_image\" \/>\n<meta name=\"twitter:label1\" content=\"Verfasst von\" \/>\n\t<meta name=\"twitter:data1\" content=\"Ina\" \/>\n\t<meta name=\"twitter:label2\" content=\"Gesch\u00e4tzte Lesezeit\" \/>\n\t<meta name=\"twitter:data2\" content=\"2\u00a0Minuten\" \/>\n<script type=\"application\/ld+json\" class=\"yoast-schema-graph\">{\"@context\":\"https:\/\/schema.org\",\"@graph\":[{\"@type\":\"WebSite\",\"@id\":\"https:\/\/www.deanreed.de\/AmericanRebel\/2017\/#website\",\"url\":\"https:\/\/www.deanreed.de\/AmericanRebel\/2017\/\",\"name\":\"Onlinezeitung AmericanRebel\",\"description\":\"Internationale Onlinezeitung f\\u00fcr Frieden, Humanismus, V\\u00f6lkerverst\\u00e4ndigung und Kultur\",\"potentialAction\":[{\"@type\":\"SearchAction\",\"target\":{\"@type\":\"EntryPoint\",\"urlTemplate\":\"https:\/\/www.deanreed.de\/AmericanRebel\/2017\/?s={search_term_string}\"},\"query-input\":\"required name=search_term_string\"}],\"inLanguage\":\"de\"},{\"@type\":\"ImageObject\",\"@id\":\"http:\/\/www.deanreed.de\/AmericanRebel\/2017\/2020\/09\/06\/bad-schmiedeberg-rote-karte-fuer-reichstagsstuermer\/#primaryimage\",\"inLanguage\":\"de\",\"url\":\"http:\/\/www.deanreed.de\/AmericanRebel\/2017\/wp-content\/uploads\/2020\/09\/5-Kopie-3.png\",\"contentUrl\":\"http:\/\/www.deanreed.de\/AmericanRebel\/2017\/wp-content\/uploads\/2020\/09\/5-Kopie-3.png\",\"width\":640,\"height\":460},{\"@type\":\"WebPage\",\"@id\":\"http:\/\/www.deanreed.de\/AmericanRebel\/2017\/2020\/09\/06\/bad-schmiedeberg-rote-karte-fuer-reichstagsstuermer\/#webpage\",\"url\":\"http:\/\/www.deanreed.de\/AmericanRebel\/2017\/2020\/09\/06\/bad-schmiedeberg-rote-karte-fuer-reichstagsstuermer\/\",\"name\":\"- Bad Schmiedeberg - Rote Karte f\\u00fcr Reichstagsst\\u00fcrmer &ndash; Onlinezeitung AmericanRebel\",\"isPartOf\":{\"@id\":\"https:\/\/www.deanreed.de\/AmericanRebel\/2017\/#website\"},\"primaryImageOfPage\":{\"@id\":\"http:\/\/www.deanreed.de\/AmericanRebel\/2017\/2020\/09\/06\/bad-schmiedeberg-rote-karte-fuer-reichstagsstuermer\/#primaryimage\"},\"datePublished\":\"2020-09-06T10:41:58+00:00\",\"dateModified\":\"2020-09-06T10:58:48+00:00\",\"author\":{\"@id\":\"https:\/\/www.deanreed.de\/AmericanRebel\/2017\/#\/schema\/person\/da28fa2a6fc81939d1574bec87d1a0c6\"},\"breadcrumb\":{\"@id\":\"http:\/\/www.deanreed.de\/AmericanRebel\/2017\/2020\/09\/06\/bad-schmiedeberg-rote-karte-fuer-reichstagsstuermer\/#breadcrumb\"},\"inLanguage\":\"de\",\"potentialAction\":[{\"@type\":\"ReadAction\",\"target\":[\"http:\/\/www.deanreed.de\/AmericanRebel\/2017\/2020\/09\/06\/bad-schmiedeberg-rote-karte-fuer-reichstagsstuermer\/\"]}]},{\"@type\":\"BreadcrumbList\",\"@id\":\"http:\/\/www.deanreed.de\/AmericanRebel\/2017\/2020\/09\/06\/bad-schmiedeberg-rote-karte-fuer-reichstagsstuermer\/#breadcrumb\",\"itemListElement\":[{\"@type\":\"ListItem\",\"position\":1,\"name\":\"Startseite\",\"item\":\"https:\/\/www.deanreed.de\/AmericanRebel\/2017\/\"},{\"@type\":\"ListItem\",\"position\":2,\"name\":\"&#8211; Bad Schmiedeberg &#8211; Rote Karte f\\u00fcr Reichstagsst\\u00fcrmer\"}]},{\"@type\":\"Person\",\"@id\":\"https:\/\/www.deanreed.de\/AmericanRebel\/2017\/#\/schema\/person\/da28fa2a6fc81939d1574bec87d1a0c6\",\"name\":\"Ina\",\"url\":\"http:\/\/www.deanreed.de\/AmericanRebel\/2017\/author\/ina-moeller\/\"}]}<\/script>\n<!-- \/ Yoast SEO plugin. -->","yoast_head_json":{"title":"- Bad Schmiedeberg - Rote Karte f\u00fcr Reichstagsst\u00fcrmer &ndash; Onlinezeitung AmericanRebel","robots":{"index":"index","follow":"follow","max-snippet":"max-snippet:-1","max-image-preview":"max-image-preview:large","max-video-preview":"max-video-preview:-1"},"canonical":"http:\/\/www.deanreed.de\/AmericanRebel\/2017\/2020\/09\/06\/bad-schmiedeberg-rote-karte-fuer-reichstagsstuermer\/","og_locale":"de_DE","og_type":"article","og_title":"- Bad Schmiedeberg - Rote Karte f\u00fcr Reichstagsst\u00fcrmer &ndash; Onlinezeitung AmericanRebel","og_description":"Rui Filipe Gutschmidt Bad Schmiedeberg &#8211; Rote Karte f\u00fcr Reichstagsst\u00fcrmer Die Stadt Bad Schmiedeberg in Sachsen-Anhalt ist ein bekannter Kurort, der seinen guten Ruf nicht von einer handvoll Verschw\u00f6rungstheoretikern besudeln lassen m\u00f6chte. Die B\u00fcrger der Stadt verteidigen diesen Ruf jetzt [&hellip;]&darr; Lese den Rest von diesem Eintrag...","og_url":"http:\/\/www.deanreed.de\/AmericanRebel\/2017\/2020\/09\/06\/bad-schmiedeberg-rote-karte-fuer-reichstagsstuermer\/","og_site_name":"Onlinezeitung AmericanRebel","article_published_time":"2020-09-06T10:41:58+00:00","article_modified_time":"2020-09-06T10:58:48+00:00","og_image":[{"width":640,"height":460,"url":"http:\/\/www.deanreed.de\/AmericanRebel\/2017\/wp-content\/uploads\/2020\/09\/5-Kopie-3.png","type":"image\/png"}],"twitter_card":"summary_large_image","twitter_misc":{"Verfasst von":"Ina","Gesch\u00e4tzte Lesezeit":"2\u00a0Minuten"},"schema":{"@context":"https:\/\/schema.org","@graph":[{"@type":"WebSite","@id":"https:\/\/www.deanreed.de\/AmericanRebel\/2017\/#website","url":"https:\/\/www.deanreed.de\/AmericanRebel\/2017\/","name":"Onlinezeitung AmericanRebel","description":"Internationale Onlinezeitung f\u00fcr Frieden, Humanismus, V\u00f6lkerverst\u00e4ndigung und Kultur","potentialAction":[{"@type":"SearchAction","target":{"@type":"EntryPoint","urlTemplate":"https:\/\/www.deanreed.de\/AmericanRebel\/2017\/?s={search_term_string}"},"query-input":"required name=search_term_string"}],"inLanguage":"de"},{"@type":"ImageObject","@id":"http:\/\/www.deanreed.de\/AmericanRebel\/2017\/2020\/09\/06\/bad-schmiedeberg-rote-karte-fuer-reichstagsstuermer\/#primaryimage","inLanguage":"de","url":"http:\/\/www.deanreed.de\/AmericanRebel\/2017\/wp-content\/uploads\/2020\/09\/5-Kopie-3.png","contentUrl":"http:\/\/www.deanreed.de\/AmericanRebel\/2017\/wp-content\/uploads\/2020\/09\/5-Kopie-3.png","width":640,"height":460},{"@type":"WebPage","@id":"http:\/\/www.deanreed.de\/AmericanRebel\/2017\/2020\/09\/06\/bad-schmiedeberg-rote-karte-fuer-reichstagsstuermer\/#webpage","url":"http:\/\/www.deanreed.de\/AmericanRebel\/2017\/2020\/09\/06\/bad-schmiedeberg-rote-karte-fuer-reichstagsstuermer\/","name":"- Bad Schmiedeberg - Rote Karte f\u00fcr Reichstagsst\u00fcrmer &ndash; Onlinezeitung AmericanRebel","isPartOf":{"@id":"https:\/\/www.deanreed.de\/AmericanRebel\/2017\/#website"},"primaryImageOfPage":{"@id":"http:\/\/www.deanreed.de\/AmericanRebel\/2017\/2020\/09\/06\/bad-schmiedeberg-rote-karte-fuer-reichstagsstuermer\/#primaryimage"},"datePublished":"2020-09-06T10:41:58+00:00","dateModified":"2020-09-06T10:58:48+00:00","author":{"@id":"https:\/\/www.deanreed.de\/AmericanRebel\/2017\/#\/schema\/person\/da28fa2a6fc81939d1574bec87d1a0c6"},"breadcrumb":{"@id":"http:\/\/www.deanreed.de\/AmericanRebel\/2017\/2020\/09\/06\/bad-schmiedeberg-rote-karte-fuer-reichstagsstuermer\/#breadcrumb"},"inLanguage":"de","potentialAction":[{"@type":"ReadAction","target":["http:\/\/www.deanreed.de\/AmericanRebel\/2017\/2020\/09\/06\/bad-schmiedeberg-rote-karte-fuer-reichstagsstuermer\/"]}]},{"@type":"BreadcrumbList","@id":"http:\/\/www.deanreed.de\/AmericanRebel\/2017\/2020\/09\/06\/bad-schmiedeberg-rote-karte-fuer-reichstagsstuermer\/#breadcrumb","itemListElement":[{"@type":"ListItem","position":1,"name":"Startseite","item":"https:\/\/www.deanreed.de\/AmericanRebel\/2017\/"},{"@type":"ListItem","position":2,"name":"&#8211; Bad Schmiedeberg &#8211; Rote Karte f\u00fcr Reichstagsst\u00fcrmer"}]},{"@type":"Person","@id":"https:\/\/www.deanreed.de\/AmericanRebel\/2017\/#\/schema\/person\/da28fa2a6fc81939d1574bec87d1a0c6","name":"Ina","url":"http:\/\/www.deanreed.de\/AmericanRebel\/2017\/author\/ina-moeller\/"}]}},"_links":{"self":[{"href":"http:\/\/www.deanreed.de\/AmericanRebel\/2017\/wp-json\/wp\/v2\/posts\/25822"}],"collection":[{"href":"http:\/\/www.deanreed.de\/AmericanRebel\/2017\/wp-json\/wp\/v2\/posts"}],"about":[{"href":"http:\/\/www.deanreed.de\/AmericanRebel\/2017\/wp-json\/wp\/v2\/types\/post"}],"author":[{"embeddable":true,"href":"http:\/\/www.deanreed.de\/AmericanRebel\/2017\/wp-json\/wp\/v2\/users\/5"}],"replies":[{"embeddable":true,"href":"http:\/\/www.deanreed.de\/AmericanRebel\/2017\/wp-json\/wp\/v2\/comments?post=25822"}],"version-history":[{"count":6,"href":"http:\/\/www.deanreed.de\/AmericanRebel\/2017\/wp-json\/wp\/v2\/posts\/25822\/revisions"}],"predecessor-version":[{"id":25830,"href":"http:\/\/www.deanreed.de\/AmericanRebel\/2017\/wp-json\/wp\/v2\/posts\/25822\/revisions\/25830"}],"wp:attachment":[{"href":"http:\/\/www.deanreed.de\/AmericanRebel\/2017\/wp-json\/wp\/v2\/media?parent=25822"}],"wp:term":[{"taxonomy":"category","embeddable":true,"href":"http:\/\/www.deanreed.de\/AmericanRebel\/2017\/wp-json\/wp\/v2\/categories?post=25822"},{"taxonomy":"post_tag","embeddable":true,"href":"http:\/\/www.deanreed.de\/AmericanRebel\/2017\/wp-json\/wp\/v2\/tags?post=25822"}],"curies":[{"name":"wp","href":"https:\/\/api.w.org\/{rel}","templated":true}]}}