{"id":25776,"date":"2020-08-24T23:03:20","date_gmt":"2020-08-24T21:03:20","guid":{"rendered":"http:\/\/www.deanreed.de\/AmericanRebel\/2017\/?p=25776"},"modified":"2020-08-25T15:35:17","modified_gmt":"2020-08-25T13:35:17","slug":"eine-pandemie-ruft-gefaehrliche-figuren-auf-die-buehne","status":"publish","type":"post","link":"http:\/\/www.deanreed.de\/AmericanRebel\/2017\/2020\/08\/24\/eine-pandemie-ruft-gefaehrliche-figuren-auf-die-buehne\/","title":{"rendered":"&#8211; Eine Pandemie ruft gef\u00e4hrliche Figuren auf die B\u00fchne"},"content":{"rendered":"<div id=\"attachment_25778\" style=\"width: 669px\" class=\"wp-caption aligncenter\"><img aria-describedby=\"caption-attachment-25778\" loading=\"lazy\" class=\" wp-image-25778\" src=\"http:\/\/www.deanreed.de\/AmericanRebel\/2017\/wp-content\/uploads\/2020\/08\/hhu7t54-300x216.png\" alt=\"\" width=\"659\" height=\"474\" srcset=\"http:\/\/www.deanreed.de\/AmericanRebel\/2017\/wp-content\/uploads\/2020\/08\/hhu7t54-300x216.png 300w, http:\/\/www.deanreed.de\/AmericanRebel\/2017\/wp-content\/uploads\/2020\/08\/hhu7t54.png 640w\" sizes=\"(max-width: 659px) 100vw, 659px\" \/><p id=\"caption-attachment-25778\" class=\"wp-caption-text\"><span style=\"color: #808080;\">Corona Symbolbild, Pixabay<\/span><\/p><\/div>\n<p>&nbsp;<\/p>\n<p><span style=\"font-size: 16pt; color: #993300;\"><strong><span style=\"font-family: verdana, geneva, sans-serif;\">Eine Pandemie ruft gef\u00e4hrliche Figuren auf die B\u00fchne<\/span><\/strong><\/span><\/p>\n<p>&nbsp;<\/p>\n<p style=\"text-align: justify;\"><span style=\"font-family: verdana, geneva, sans-serif; font-size: 12pt;\"><strong><span style=\"font-size: 14pt; background-color: #c91414; color: #ffffff;\"><span style=\"color: #bf1b1b;\">.<\/span>Erkl\u00e4rung zur gegenwertigen &#8222;Corona-Krise&#8220;<br \/>\n<span style=\"color: #bd2828;\">.<\/span>und den rechten Rattenf\u00e4ngern<span style=\"color: #bf1b1b;\">.<\/span><\/span><\/strong><\/span><\/p>\n<p><strong><span style=\"color: #000000; background-color: #f7c80a; font-family: verdana, geneva, sans-serif; font-size: 12pt;\"><span style=\"color: #ffcc00;\">.<\/span>Du kannst Dich mit Deinem Namen dieser Erkl\u00e4rung anschlie\u00dfen.<br \/>\n<span style=\"color: #ffcc00;\">.<\/span>Setze deinen Namen unten in den Kommentarbereich er wird sp\u00e4ter <span style=\"color: #ffcc00;\">.<\/span>hinzugef\u00fcgt<span style=\"color: #ffcc00;\">..<\/span><\/span><\/strong><\/p>\n<p style=\"text-align: justify;\"><strong><span style=\"font-family: verdana, geneva, sans-serif; font-size: 12pt;\">Die meisten Menschen sind mit der Pandemie inhaltlich \u00fcberfordert und auch meistens nicht in der Lage, die Angaben der Experten zu \u00fcberpr\u00fcfen oder zu verstehen. Denn kaum jemand versteht wirklich etwas vom Thema Viren, auch wenn jetzt aus allen politischen Richtungen vermeintlich Experten der Meinung sind, ihre Expertise abgeben zu m\u00fcssen. Sind wir doch mal ehrlich, die Mehrheit kennt die Thematik \u201eViren\u201c nur als Lehrstoff aus der Schule oder von einer Erk\u00e4ltung, und das macht keinen von uns zu einem Experten.<\/span><\/strong><\/p>\n<p style=\"text-align: justify;\"><span style=\"font-family: verdana, geneva, sans-serif; font-size: 12pt;\">Fakt ist, dass dieser Virus das Potenzial hat, Linke zu spalten und rechte Elemente ihn missbrauchen, um ihr rechtes Gedankengut zu verbreiten. Hinzu kommt, dass das herrschende System, der \u201eKapitalismus\u201c die Pandemie nutzt, um die Gewinnmaximierung weiter voranzutreiben. Aus dieser Situation heraus und der Erkenntnis, dass Medien und Wissenschaft im Kapitalismus grunds\u00e4tzlich korrupt sind, erkl\u00e4ren wir:<\/span><\/p>\n<p style=\"text-align: justify;\"><span style=\"font-family: verdana, geneva, sans-serif; font-size: 12pt;\">Die Erkrankung und der Tod vieler Menschen durch Covid-19 ist ein Fakt, den man nicht wegdiskutieren kann oder sollte. Ebenso ist es Fakt, dass es derzeitig weder einen Impfschutz noch ein Medikament gegen diese Viruserkrankung gibt. Der Virus verbreitet sich weiter und muss gebremst\/gestoppt werden, zum Wohle aller.<\/span><\/p>\n<p style=\"text-align: justify;\"><span style=\"font-family: verdana, geneva, sans-serif; font-size: 12pt;\">Zurzeit sind hierf\u00fcr drei Ma\u00dfnahmen das Einzige, was wir haben:<\/span><\/p>\n<ul style=\"text-align: justify;\">\n<li><strong><span style=\"font-family: verdana, geneva, sans-serif; font-size: 12pt;\">In der \u00d6ffentlichkeit geeigneten Mund-Nasen-Schutz tragen<\/span><\/strong><\/li>\n<li><strong><span style=\"font-family: verdana, geneva, sans-serif; font-size: 12pt;\">Abstandsempfehlungen einhalten<\/span><\/strong><\/li>\n<li><strong><span style=\"font-family: verdana, geneva, sans-serif; font-size: 12pt;\">Verst\u00e4rkte Desinfektion der H\u00e4nde<\/span><\/strong><\/li>\n<\/ul>\n<p style=\"text-align: justify;\"><span style=\"font-family: verdana, geneva, sans-serif; font-size: 12pt;\">Auch wenn der Wirkungsgrad dieser drei Ma\u00dfnahmen zurzeit umstritten ist, ist es das Einzige, was zurzeit die Ausbreitung der Virusinfektion bremsen kann.<\/span><\/p>\n<p style=\"text-align: justify;\"><span style=\"font-family: verdana, geneva, sans-serif; font-size: 12pt;\">Deshalb ist es auch unverantwortlich, dass sich Menschen in Massen treffen, Seite an Seite und das ohne geeigneten Mund-Nasen-Schutz und ohne Abstand voneinander zu halten. Die linke Bewegung hat schon gezeigt, dass es auch anders geht. Diejenigen, ohne geeignete Ma\u00dfnahmen, unwissende Menschen zu solchen Massenproteste\/Zusammenk\u00fcnften animieren, begehen ein Verbrechen an der Menschheit.<br \/>\n<\/span><\/p>\n<p style=\"text-align: justify;\"><em><span style=\"font-family: verdana, geneva, sans-serif; font-size: 12pt;\">Klaus Meier (Hartz-IV-Nachrichten), KikiRebell (ElCantor), Nico Diener (American Rebel), Fiete Jensen (Roter Morgen), Monika Froese, Petra Radtke, <span class=\"_5yl5\">Tanja (Die Linke), Heinz Dieter Haferkorn, Gert und Hanna Schlegel, Thomas Schlaack (KPD-Wasserkante), Heiko Goddeng, Horst-Dieter Bartz (Arbeit Zukunft), Heinz Schneider, Karl-Heinz Schulze (MLPD), Petra Reichel, Matthias Wolf,<\/span><\/span><\/em><span style=\"font-family: verdana, geneva, sans-serif; font-size: 12pt;\"> <em><span style=\"color: #1d2129; background: white none repeat scroll 0% 0%; font-weight: normal;\">Jochen L\u00fccke, <\/span><span class=\"2tq\"><span style=\"color: black; font-weight: normal;\"><span style=\"color: black;\">Alexander Kuznecov-Ru\u00dfige<\/span>, <\/span><\/span><span class=\"2tq\"><span style=\"font-weight: normal;\">Celi<\/span><\/span><span class=\"2tq\"><span style=\"font-weight: normal;\">a Bach, <\/span><\/span><span class=\"_5yl5\">Hartmut V\u00f6lkner, <\/span><span class=\"_5yl5\">Stefan Costabel,<span style=\"font-size: 12pt;\"> Roland Gebhardt, Andre Accardi, Andreas Habicht, Kevin Mueller, Rosemarie Schneider-V\u00f6lker, Manuel Soler, Leyla Emre, Marion Fritsch (Die Linke), <\/span>Andreas Waibel, <span style=\"font-size: 12pt;\">Andrea Greinacher<\/span><br \/>\n<\/span><\/em><\/span><\/p>\n<p><span style=\"font-family: verdana, geneva, sans-serif; background-color: #f0c518; font-size: 12pt;\"><strong><span style=\"background-color: #f0c518; color: #ffcc00;\">.<\/span>Du kannst Dich mit Deinem Namen dieser Erkl\u00e4rung anschlie\u00dfen.<br \/>\n<span style=\"color: #ffcc00;\">.<\/span>Setze deinen Namen unten in den Kommentarbereich er wird sp\u00e4ter <span style=\"color: #ffcc00;\">.<\/span>hinzugef\u00fcgt<span style=\"color: #ffcc00;\">.<\/span><\/strong><\/span><\/p>\n<p><span style=\"color: #ffffff;\">.<\/span><\/p>\n","protected":false},"excerpt":{"rendered":"<p>&nbsp; Eine Pandemie ruft gef\u00e4hrliche Figuren auf die B\u00fchne &nbsp; .Erkl\u00e4rung zur gegenwertigen &#8222;Corona-Krise&#8220; .und den rechten Rattenf\u00e4ngern. .Du kannst Dich mit Deinem Namen dieser Erkl\u00e4rung anschlie\u00dfen. .Setze deinen Namen unten in den Kommentarbereich er wird sp\u00e4ter .hinzugef\u00fcgt.. Die meisten [&hellip;]<a class=\"more-link\" href=\"http:\/\/www.deanreed.de\/AmericanRebel\/2017\/2020\/08\/24\/eine-pandemie-ruft-gefaehrliche-figuren-auf-die-buehne\/\">&darr; Lese den Rest von diesem Eintrag&#8230;<\/a><\/p>\n","protected":false},"author":2,"featured_media":0,"comment_status":"open","ping_status":"open","sticky":false,"template":"","format":"standard","meta":[],"categories":[1],"tags":[4776,4777,4778,4362,4779,4780,4781],"yoast_head":"<!-- This site is optimized with the Yoast SEO plugin v17.5 - https:\/\/yoast.com\/wordpress\/plugins\/seo\/ -->\n<title>- Eine Pandemie ruft gef\u00e4hrliche Figuren auf die B\u00fchne &ndash; Onlinezeitung AmericanRebel<\/title>\n<meta name=\"robots\" content=\"index, follow, max-snippet:-1, max-image-preview:large, max-video-preview:-1\" \/>\n<link rel=\"canonical\" href=\"https:\/\/www.deanreed.de\/AmericanRebel\/2017\/2020\/08\/24\/eine-pandemie-ruft-gefaehrliche-figuren-auf-die-buehne\/\" \/>\n<meta property=\"og:locale\" content=\"de_DE\" \/>\n<meta property=\"og:type\" content=\"article\" \/>\n<meta property=\"og:title\" content=\"- Eine Pandemie ruft gef\u00e4hrliche Figuren auf die B\u00fchne &ndash; Onlinezeitung AmericanRebel\" \/>\n<meta property=\"og:description\" content=\"Die meisten Menschen sind mit der Pandemie inhaltlich \u00fcberfordert und auch meistens nicht in der Lage, die Angaben der Experten zu \u00fcberpr\u00fcfen oder zu verstehen. Denn kaum jemand versteht wirklich etwas vom Thema Viren, auch wenn jetzt aus allen politischen Richtungen vermeintlich Experten der Meinung sind, ihre Expertise abgeben zu m\u00fcssen.\" \/>\n<meta property=\"og:url\" content=\"https:\/\/www.deanreed.de\/AmericanRebel\/2017\/2020\/08\/24\/eine-pandemie-ruft-gefaehrliche-figuren-auf-die-buehne\/\" \/>\n<meta property=\"og:site_name\" content=\"Onlinezeitung AmericanRebel\" \/>\n<meta property=\"article:published_time\" content=\"2020-08-24T21:03:20+00:00\" \/>\n<meta property=\"article:modified_time\" content=\"2020-08-25T13:35:17+00:00\" \/>\n<meta property=\"og:image\" content=\"http:\/\/www.deanreed.de\/AmericanRebel\/2017\/wp-content\/uploads\/2020\/08\/hhu7t54.png\" \/>\n\t<meta property=\"og:image:width\" content=\"640\" \/>\n\t<meta property=\"og:image:height\" content=\"460\" \/>\n<meta name=\"twitter:card\" content=\"summary_large_image\" \/>\n<meta name=\"twitter:label1\" content=\"Verfasst von\" \/>\n\t<meta name=\"twitter:data1\" content=\"Redaktion\" \/>\n\t<meta name=\"twitter:label2\" content=\"Gesch\u00e4tzte Lesezeit\" \/>\n\t<meta name=\"twitter:data2\" content=\"2\u00a0Minuten\" \/>\n<script type=\"application\/ld+json\" class=\"yoast-schema-graph\">{\"@context\":\"https:\/\/schema.org\",\"@graph\":[{\"@type\":\"WebSite\",\"@id\":\"https:\/\/www.deanreed.de\/AmericanRebel\/2017\/#website\",\"url\":\"https:\/\/www.deanreed.de\/AmericanRebel\/2017\/\",\"name\":\"Onlinezeitung AmericanRebel\",\"description\":\"Internationale Onlinezeitung f\\u00fcr Frieden, Humanismus, V\\u00f6lkerverst\\u00e4ndigung und Kultur\",\"potentialAction\":[{\"@type\":\"SearchAction\",\"target\":{\"@type\":\"EntryPoint\",\"urlTemplate\":\"https:\/\/www.deanreed.de\/AmericanRebel\/2017\/?s={search_term_string}\"},\"query-input\":\"required name=search_term_string\"}],\"inLanguage\":\"de\"},{\"@type\":\"ImageObject\",\"@id\":\"https:\/\/www.deanreed.de\/AmericanRebel\/2017\/2020\/08\/24\/eine-pandemie-ruft-gefaehrliche-figuren-auf-die-buehne\/#primaryimage\",\"inLanguage\":\"de\",\"url\":\"http:\/\/www.deanreed.de\/AmericanRebel\/2017\/wp-content\/uploads\/2020\/08\/hhu7t54.png\",\"contentUrl\":\"http:\/\/www.deanreed.de\/AmericanRebel\/2017\/wp-content\/uploads\/2020\/08\/hhu7t54.png\",\"width\":640,\"height\":460,\"caption\":\"Corona Symbolbild, Pixabay\"},{\"@type\":\"WebPage\",\"@id\":\"https:\/\/www.deanreed.de\/AmericanRebel\/2017\/2020\/08\/24\/eine-pandemie-ruft-gefaehrliche-figuren-auf-die-buehne\/#webpage\",\"url\":\"https:\/\/www.deanreed.de\/AmericanRebel\/2017\/2020\/08\/24\/eine-pandemie-ruft-gefaehrliche-figuren-auf-die-buehne\/\",\"name\":\"- Eine Pandemie ruft gef\\u00e4hrliche Figuren auf die B\\u00fchne &ndash; Onlinezeitung AmericanRebel\",\"isPartOf\":{\"@id\":\"https:\/\/www.deanreed.de\/AmericanRebel\/2017\/#website\"},\"primaryImageOfPage\":{\"@id\":\"https:\/\/www.deanreed.de\/AmericanRebel\/2017\/2020\/08\/24\/eine-pandemie-ruft-gefaehrliche-figuren-auf-die-buehne\/#primaryimage\"},\"datePublished\":\"2020-08-24T21:03:20+00:00\",\"dateModified\":\"2020-08-25T13:35:17+00:00\",\"author\":{\"@id\":\"https:\/\/www.deanreed.de\/AmericanRebel\/2017\/#\/schema\/person\/9edfca7917cd10b75edaae51c6e7935a\"},\"breadcrumb\":{\"@id\":\"https:\/\/www.deanreed.de\/AmericanRebel\/2017\/2020\/08\/24\/eine-pandemie-ruft-gefaehrliche-figuren-auf-die-buehne\/#breadcrumb\"},\"inLanguage\":\"de\",\"potentialAction\":[{\"@type\":\"ReadAction\",\"target\":[\"https:\/\/www.deanreed.de\/AmericanRebel\/2017\/2020\/08\/24\/eine-pandemie-ruft-gefaehrliche-figuren-auf-die-buehne\/\"]}]},{\"@type\":\"BreadcrumbList\",\"@id\":\"https:\/\/www.deanreed.de\/AmericanRebel\/2017\/2020\/08\/24\/eine-pandemie-ruft-gefaehrliche-figuren-auf-die-buehne\/#breadcrumb\",\"itemListElement\":[{\"@type\":\"ListItem\",\"position\":1,\"name\":\"Startseite\",\"item\":\"https:\/\/www.deanreed.de\/AmericanRebel\/2017\/\"},{\"@type\":\"ListItem\",\"position\":2,\"name\":\"&#8211; Eine Pandemie ruft gef\\u00e4hrliche Figuren auf die B\\u00fchne\"}]},{\"@type\":\"Person\",\"@id\":\"https:\/\/www.deanreed.de\/AmericanRebel\/2017\/#\/schema\/person\/9edfca7917cd10b75edaae51c6e7935a\",\"name\":\"Redaktion\",\"url\":\"http:\/\/www.deanreed.de\/AmericanRebel\/2017\/author\/redaktion\/\"}]}<\/script>\n<!-- \/ Yoast SEO plugin. -->","yoast_head_json":{"title":"- Eine Pandemie ruft gef\u00e4hrliche Figuren auf die B\u00fchne &ndash; Onlinezeitung AmericanRebel","robots":{"index":"index","follow":"follow","max-snippet":"max-snippet:-1","max-image-preview":"max-image-preview:large","max-video-preview":"max-video-preview:-1"},"canonical":"https:\/\/www.deanreed.de\/AmericanRebel\/2017\/2020\/08\/24\/eine-pandemie-ruft-gefaehrliche-figuren-auf-die-buehne\/","og_locale":"de_DE","og_type":"article","og_title":"- Eine Pandemie ruft gef\u00e4hrliche Figuren auf die B\u00fchne &ndash; Onlinezeitung AmericanRebel","og_description":"Die meisten Menschen sind mit der Pandemie inhaltlich \u00fcberfordert und auch meistens nicht in der Lage, die Angaben der Experten zu \u00fcberpr\u00fcfen oder zu verstehen. Denn kaum jemand versteht wirklich etwas vom Thema Viren, auch wenn jetzt aus allen politischen Richtungen vermeintlich Experten der Meinung sind, ihre Expertise abgeben zu m\u00fcssen.","og_url":"https:\/\/www.deanreed.de\/AmericanRebel\/2017\/2020\/08\/24\/eine-pandemie-ruft-gefaehrliche-figuren-auf-die-buehne\/","og_site_name":"Onlinezeitung AmericanRebel","article_published_time":"2020-08-24T21:03:20+00:00","article_modified_time":"2020-08-25T13:35:17+00:00","og_image":[{"width":640,"height":460,"url":"http:\/\/www.deanreed.de\/AmericanRebel\/2017\/wp-content\/uploads\/2020\/08\/hhu7t54.png","type":"image\/png"}],"twitter_card":"summary_large_image","twitter_misc":{"Verfasst von":"Redaktion","Gesch\u00e4tzte Lesezeit":"2\u00a0Minuten"},"schema":{"@context":"https:\/\/schema.org","@graph":[{"@type":"WebSite","@id":"https:\/\/www.deanreed.de\/AmericanRebel\/2017\/#website","url":"https:\/\/www.deanreed.de\/AmericanRebel\/2017\/","name":"Onlinezeitung AmericanRebel","description":"Internationale Onlinezeitung f\u00fcr Frieden, Humanismus, V\u00f6lkerverst\u00e4ndigung und Kultur","potentialAction":[{"@type":"SearchAction","target":{"@type":"EntryPoint","urlTemplate":"https:\/\/www.deanreed.de\/AmericanRebel\/2017\/?s={search_term_string}"},"query-input":"required name=search_term_string"}],"inLanguage":"de"},{"@type":"ImageObject","@id":"https:\/\/www.deanreed.de\/AmericanRebel\/2017\/2020\/08\/24\/eine-pandemie-ruft-gefaehrliche-figuren-auf-die-buehne\/#primaryimage","inLanguage":"de","url":"http:\/\/www.deanreed.de\/AmericanRebel\/2017\/wp-content\/uploads\/2020\/08\/hhu7t54.png","contentUrl":"http:\/\/www.deanreed.de\/AmericanRebel\/2017\/wp-content\/uploads\/2020\/08\/hhu7t54.png","width":640,"height":460,"caption":"Corona Symbolbild, Pixabay"},{"@type":"WebPage","@id":"https:\/\/www.deanreed.de\/AmericanRebel\/2017\/2020\/08\/24\/eine-pandemie-ruft-gefaehrliche-figuren-auf-die-buehne\/#webpage","url":"https:\/\/www.deanreed.de\/AmericanRebel\/2017\/2020\/08\/24\/eine-pandemie-ruft-gefaehrliche-figuren-auf-die-buehne\/","name":"- Eine Pandemie ruft gef\u00e4hrliche Figuren auf die B\u00fchne &ndash; Onlinezeitung AmericanRebel","isPartOf":{"@id":"https:\/\/www.deanreed.de\/AmericanRebel\/2017\/#website"},"primaryImageOfPage":{"@id":"https:\/\/www.deanreed.de\/AmericanRebel\/2017\/2020\/08\/24\/eine-pandemie-ruft-gefaehrliche-figuren-auf-die-buehne\/#primaryimage"},"datePublished":"2020-08-24T21:03:20+00:00","dateModified":"2020-08-25T13:35:17+00:00","author":{"@id":"https:\/\/www.deanreed.de\/AmericanRebel\/2017\/#\/schema\/person\/9edfca7917cd10b75edaae51c6e7935a"},"breadcrumb":{"@id":"https:\/\/www.deanreed.de\/AmericanRebel\/2017\/2020\/08\/24\/eine-pandemie-ruft-gefaehrliche-figuren-auf-die-buehne\/#breadcrumb"},"inLanguage":"de","potentialAction":[{"@type":"ReadAction","target":["https:\/\/www.deanreed.de\/AmericanRebel\/2017\/2020\/08\/24\/eine-pandemie-ruft-gefaehrliche-figuren-auf-die-buehne\/"]}]},{"@type":"BreadcrumbList","@id":"https:\/\/www.deanreed.de\/AmericanRebel\/2017\/2020\/08\/24\/eine-pandemie-ruft-gefaehrliche-figuren-auf-die-buehne\/#breadcrumb","itemListElement":[{"@type":"ListItem","position":1,"name":"Startseite","item":"https:\/\/www.deanreed.de\/AmericanRebel\/2017\/"},{"@type":"ListItem","position":2,"name":"&#8211; Eine Pandemie ruft gef\u00e4hrliche Figuren auf die B\u00fchne"}]},{"@type":"Person","@id":"https:\/\/www.deanreed.de\/AmericanRebel\/2017\/#\/schema\/person\/9edfca7917cd10b75edaae51c6e7935a","name":"Redaktion","url":"http:\/\/www.deanreed.de\/AmericanRebel\/2017\/author\/redaktion\/"}]}},"_links":{"self":[{"href":"http:\/\/www.deanreed.de\/AmericanRebel\/2017\/wp-json\/wp\/v2\/posts\/25776"}],"collection":[{"href":"http:\/\/www.deanreed.de\/AmericanRebel\/2017\/wp-json\/wp\/v2\/posts"}],"about":[{"href":"http:\/\/www.deanreed.de\/AmericanRebel\/2017\/wp-json\/wp\/v2\/types\/post"}],"author":[{"embeddable":true,"href":"http:\/\/www.deanreed.de\/AmericanRebel\/2017\/wp-json\/wp\/v2\/users\/2"}],"replies":[{"embeddable":true,"href":"http:\/\/www.deanreed.de\/AmericanRebel\/2017\/wp-json\/wp\/v2\/comments?post=25776"}],"version-history":[{"count":12,"href":"http:\/\/www.deanreed.de\/AmericanRebel\/2017\/wp-json\/wp\/v2\/posts\/25776\/revisions"}],"predecessor-version":[{"id":25797,"href":"http:\/\/www.deanreed.de\/AmericanRebel\/2017\/wp-json\/wp\/v2\/posts\/25776\/revisions\/25797"}],"wp:attachment":[{"href":"http:\/\/www.deanreed.de\/AmericanRebel\/2017\/wp-json\/wp\/v2\/media?parent=25776"}],"wp:term":[{"taxonomy":"category","embeddable":true,"href":"http:\/\/www.deanreed.de\/AmericanRebel\/2017\/wp-json\/wp\/v2\/categories?post=25776"},{"taxonomy":"post_tag","embeddable":true,"href":"http:\/\/www.deanreed.de\/AmericanRebel\/2017\/wp-json\/wp\/v2\/tags?post=25776"}],"curies":[{"name":"wp","href":"https:\/\/api.w.org\/{rel}","templated":true}]}}