{"id":24799,"date":"2020-03-30T18:04:22","date_gmt":"2020-03-30T16:04:22","guid":{"rendered":"http:\/\/www.deanreed.de\/AmericanRebel\/2017\/?p=24799"},"modified":"2020-03-30T18:21:13","modified_gmt":"2020-03-30T16:21:13","slug":"rassismus-in-zeiten-der-corona-krise","status":"publish","type":"post","link":"http:\/\/www.deanreed.de\/AmericanRebel\/2017\/2020\/03\/30\/rassismus-in-zeiten-der-corona-krise\/","title":{"rendered":"&#8211; Rassismus in Zeiten der Corona-Krise"},"content":{"rendered":"<h4><span class=\"autor-artikel\"><strong>Christine Buchholz<br \/>\n<\/strong><\/span><\/h4>\n<h2>Rassismus in Zeiten der Corona-Krise<\/h2>\n<div id=\"attachment_24797\" style=\"width: 110px\" class=\"wp-caption alignleft\"><img aria-describedby=\"caption-attachment-24797\" loading=\"lazy\" class=\"size-full wp-image-24797\" src=\"http:\/\/www.deanreed.de\/AmericanRebel\/2017\/wp-content\/uploads\/2037\/12\/Christine_Buchholz.jpg\" alt=\"\" width=\"100\" height=\"150\" \/><p id=\"caption-attachment-24797\" class=\"wp-caption-text\"><span style=\"color: #808080;\">Christine Buchholz<\/span><\/p><\/div>\n<p style=\"text-align: justify;\"><span style=\"color: #000000;\"><strong>Gerade in Zeiten der Corona-Krise m\u00fcssen wir lautstarke Zeichen gegen Rassismus setzen! Diese Krise zeigt wie durch ein Brennglas die Missst\u00e4nde in unserer Gesellschaft auf.<\/strong><\/span><\/p>\n<p>Ein Feuer im <a href=\"https:\/\/diefreiheitsliebe.de\/politik\/faschisten-und-ein-rassistischer-staat-attackieren-fluechtlinge-auf-lesbos\/\" target=\"_blank\" rel=\"noopener noreferrer\">Lager Moria<\/a> auf der griechischen Insel Lesbos t\u00f6tete Mitte M\u00e4rz ein Kind. 25.000 Menschen leben in dem Lager, das f\u00fcr 3.000 Menschen vorgesehen ist. Wie sollen sich die Menschen dort vor dem Corona-Virus sch\u00fctzen? Es gibt nicht einmal ausreichend flie\u00dfend Wasser und Seife.<\/p>\n<p style=\"text-align: justify;\">Aus der ganzen Welt werden deutsche Staatsb\u00fcrger nach Deutschland zur\u00fcckgeholt. Gleichzeitig wird das Aufnahmeprogramm f\u00fcr Gefl\u00fcchtete gestoppt. Auch in Zeiten von Corona ist es wichtig, gegen die Abschottung Europas zu protestieren. Die Lager an der europ\u00e4ischen Au\u00dfengrenze m\u00fcssen aufgel\u00f6st und die Menschen unter humanen Bedingungen in der EU untergebracht werden.<\/p>\n<div id=\"attachment_24802\" style=\"width: 281px\" class=\"wp-caption alignleft\"><img aria-describedby=\"caption-attachment-24802\" loading=\"lazy\" class=\" wp-image-24802\" src=\"http:\/\/www.deanreed.de\/AmericanRebel\/2017\/wp-content\/uploads\/2020\/03\/fgtt-212x300.jpg\" alt=\"\" width=\"271\" height=\"383\" srcset=\"http:\/\/www.deanreed.de\/AmericanRebel\/2017\/wp-content\/uploads\/2020\/03\/fgtt-212x300.jpg 212w, http:\/\/www.deanreed.de\/AmericanRebel\/2017\/wp-content\/uploads\/2020\/03\/fgtt.jpg 679w\" sizes=\"(max-width: 271px) 100vw, 271px\" \/><p id=\"caption-attachment-24802\" class=\"wp-caption-text\">Alle Muslime werden unter Generalverdacht gestellt \u2013 Quelle: Karsten<\/p><\/div>\n<p style=\"text-align: justify;\">Auch in Deutschland werden Gefl\u00fcchtete tagt\u00e4glich zu Menschen zweiter Klasse degradiert. Corona versch\u00e4rft, was vorher unhaltbar war.<\/p>\n<p style=\"text-align: justify;\">In Suhl in Th\u00fcringen wurde Mitte M\u00e4rz eine Fl\u00fcchtlingsunterkunft unter Quarant\u00e4ne gestellt. Als Bewohner dagegen protestierten, fuhr die Polizei ihre gesamten Kr\u00e4fte auf: R\u00e4umpanzer, Wasserwerfer und sogar das SEK. In den Sammelunterk\u00fcnften mit enger Belegung und der gemeinschaftlichen Nutzung von B\u00e4dern, Toiletten und K\u00fcchen ist es schwer m\u00f6glich, den n\u00f6tigen Abstand zu halten. Deswegen m\u00fcssen Gefl\u00fcchteten Wohnungen zur Verf\u00fcgung gestellt werden. Um den Wohnraum daf\u00fcr zu schaffen, k\u00f6nnen beispielsweise Hotels genutzt oder leerstehende, als Spekulationsobjekte genutzte H\u00e4user enteignet werden.<\/p>\n<p style=\"text-align: justify;\">Nun versucht die AfD, in der Corona-Krise Gefl\u00fcchtete und Migranten als Bedrohung und als Tr\u00e4ger des Virus darzustellen. Abschottung statt internationaler Solidarit\u00e4t war schon immer die Devise der AfD. Beatrix von Storch schreibt: \u201eZum Schutz der B\u00fcrger in Deutschland ist es dringend notwendig, dass die Bundesregierung von der EU-Sonderregelung Gebrauch macht, die es erlaubt, Asylbewerber zur\u00fcckzuweisen. Der Nationalstaat kann seine B\u00fcrger sch\u00fctzen, wenn er will und entschlossen handelt.\u201c<\/p>\n<p style=\"text-align: justify;\">Die AfD versucht in gewohnter Manier, Rassismus und Nationalismus zu sch\u00fcren. Das d\u00fcrfen wir ihr nicht durchgehen lassen. Deswegen betonen wir auch weiter, dass sie der politische Arm des rechten Terrors ist und eine Mitverantwortung f\u00fcr eine gesellschaftliche Stimmung tr\u00e4gt, in der Morde wie die von <a href=\"https:\/\/diefreiheitsliebe.de\/politik\/hier-ist-der-ort-jetzt-ist-die-zeit-migrantifa-for-life\/\" target=\"_blank\" rel=\"noopener noreferrer\">Kassel<\/a>, Halle oder <a href=\"https:\/\/diefreiheitsliebe.de\/politik\/das-massaker-von-hanau-und-die-verantwortung-des-deutschen-staates\/\">Hanau<\/a> m\u00f6glich sind.<div class=\"hide-this-part-wrap\"><div class=\"hide-this-part-more\" id=\"hide-this-part-0\" morelink-text=\"hier geht es weiter\">hier geht es weiter \u00bb<\/div><div class=\"hide-this-part\" status=\"invisible\">Allt\u00e4glicher und struktureller Rassismus versch\u00e4rfen die Folgen der Corona-Pandemie f\u00fcr die Betroffenen von Rassimus. So ist die Armutsquote unter Migrant\/innen doppelt so hoch wie unter Nichtmigranten. Das bedeutet beengtere Wohnverh\u00e4ltnisse, unsicherere Arbeitsverh\u00e4ltnisse \u2013 alles Rahmenbedingungen, die einen Umgang mit Corona erschweren.<\/p>\n<p style=\"text-align: justify;\">Auch im Schulsystem sind Migrantinnen und Migranten besonders benachteiligt. Eine Neuk\u00f6llner Lehrerin schlug Alarm, dass es f\u00fcr viele Kinder aus Familien mit mehreren Geschwistern und beengten Wohnverh\u00e4ltnissen keine Lernorte f\u00fcr Homeschooling gibt.<\/p>\n<div id=\"attachment_24807\" style=\"width: 515px\" class=\"wp-caption aligncenter\"><img aria-describedby=\"caption-attachment-24807\" loading=\"lazy\" class=\" wp-image-24807\" src=\"http:\/\/www.deanreed.de\/AmericanRebel\/2017\/wp-content\/uploads\/2020\/03\/3ggwwww7-300x123.png\" alt=\"\" width=\"505\" height=\"207\" srcset=\"http:\/\/www.deanreed.de\/AmericanRebel\/2017\/wp-content\/uploads\/2020\/03\/3ggwwww7-300x123.png 300w, http:\/\/www.deanreed.de\/AmericanRebel\/2017\/wp-content\/uploads\/2020\/03\/3ggwwww7-1024x418.png 1024w, http:\/\/www.deanreed.de\/AmericanRebel\/2017\/wp-content\/uploads\/2020\/03\/3ggwwww7-768x314.png 768w, http:\/\/www.deanreed.de\/AmericanRebel\/2017\/wp-content\/uploads\/2020\/03\/3ggwwww7.png 1354w\" sizes=\"(max-width: 505px) 100vw, 505px\" \/><p id=\"caption-attachment-24807\" class=\"wp-caption-text\"><span style=\"color: #808080;\">Suhl, Fl\u00fcchtlingsunterkunft unter Quarant\u00e4ne. Bild: YouTube<\/span><\/p><\/div>\n<p style=\"text-align: justify;\">Auch die jetzt von Bund und L\u00e4ndern beschlossenen Ausgangsbeschr\u00e4nkungen treffen Migrant\/innen h\u00e4rter. Beengtere Wohnverh\u00e4ltnissen erschweren das Zuhause-Bleiben. Zudem ist es absehbar, dass die Polizei, die die Einhaltung der Regeln kontrolliert, Racial-Profiling-Praktiken versch\u00e4rfen wird. Beim Racial-Profiling werden Menschen aufgrund von rassistischen Stereotypen als verd\u00e4chtig kontrolliert. Racial-Profiling kommt bisher vor, weil die Polizei in bestimmten Situationen das Recht hat, verdachtsunabh\u00e4ngige Kontrollen zu unternehmen. Dieses Recht ist nun ausgeweitet. Es besteht die Gefahr, dass die Polizei verst\u00e4rkt Menschen mit Migrationshintergrund oder Muslime kontrolliert.<\/p>\n<p style=\"text-align: justify;\">Deswegen m\u00fcssen wir betonen: Der Coronavirus kennt keine Grenzen und keine Nationalit\u00e4ten, Religion oder Hautfarbe. Was allen hilft, ist kein Rassismus, sondern ein gutes Gesundheitssystem f\u00fcr alle, gen\u00fcgend Wohnraum f\u00fcr alle und Hilfe f\u00fcr alle. Der Virus muss global bek\u00e4mpft werden und daf\u00fcr brauchen wir internationale Solidarit\u00e4t und ein klares Nein zu jeder Form des Rassismus.<\/p>\n<p><span style=\"font-size: 10pt; color: #000000;\">Erstver\u00f6ffentlichung in <a style=\"color: #000000;\" href=\"https:\/\/diefreiheitsliebe.de\/\">\u201eDie Freiheitsliebe\u201c<\/a> vor wenigen Tagen. Ver\u00f6ffentlichung mit freundlicher Genehmigung des Herausgebers und des Autors. Bilder und Bildunterschriften wurden von der Redaktion American Rebel hinzugef\u00fcgt.<br \/>\n<\/span><span style=\"color: #ffffff;\">.<\/span><\/p>\n<p><em><strong>Lest dazu auch:<\/strong><\/em><\/p>\n<blockquote class=\"wp-embedded-content\" data-secret=\"RoWBn1v1ew\"><p><a href=\"http:\/\/www.deanreed.de\/AmericanRebel\/2017\/?p=24623\">&#8211; Die Corona-Pandemie-Hysterie<\/a><\/p><\/blockquote>\n<p><iframe title=\"&#8222;&#8211; Die Corona-Pandemie-Hysterie&#8220; &#8212; Onlinezeitung AmericanRebel\" class=\"wp-embedded-content\" sandbox=\"allow-scripts\" security=\"restricted\" style=\"position: absolute; clip: rect(1px, 1px, 1px, 1px);\" src=\"http:\/\/www.deanreed.de\/AmericanRebel\/2017\/?p=24623&#038;embed=true#?secret=RoWBn1v1ew\" data-secret=\"RoWBn1v1ew\" width=\"500\" height=\"282\" frameborder=\"0\" marginwidth=\"0\" marginheight=\"0\" scrolling=\"no\"><\/iframe><br \/>\n<span style=\"font-size: 10pt; color: #000000;\"><span style=\"color: #ffffff;\"> .<\/span><\/span><\/p>\n<blockquote>\n<p style=\"text-align: center;\"><span style=\"font-size: 10pt; color: #000000;\">F\u00fcr den Inhalt dieses Artikels ist der Autor bzw. die Autorin verantwortlich.<br \/>\nDabei muss es sich nicht grunds\u00e4tzlich um die Meinung der Redaktion handeln.<\/span><\/p>\n<table width=\"100%\" align=\"center\">\n<tbody>\n<tr>\n<td>\n<form action=\"https:\/\/www.paypal.com\/cgi-bin\/webscr\" method=\"post\" target=\"_top\"><input alt=\"Jetzt einfach, schnell und sicher online bezahlen \u2013 mit PayPal.\" name=\"submit\" src=\"https:\/\/www.paypalobjects.com\/de_DE\/DE\/i\/btn\/btn_donateCC_LG.gif\" type=\"image\" \/><\/form>\n<\/td>\n<td><span style=\"color: #993300;\"><strong>Auch linker Journalismus ist nicht kostenlos<br \/>\nund auch kleine Spenden k\u00f6nnen helfen Gro\u00dfes zu ver\u00f6ffentlichen!<\/strong><\/span><\/td>\n<\/tr>\n<\/tbody>\n<\/table>\n<div style=\"margin-left: 10px;\"><a title=\"zur Startseite\" href=\"http:\/\/www.americanrebel.de\/\"><img loading=\"lazy\" class=\"alignleft\" src=\"http:\/\/www.deanreed.de\/AmericanRebel\/2017\/wp-content\/uploads\/2017\/03\/back_ar.png\" alt=\"zur\u00fcck zur Startseite\" width=\"156\" height=\"15\" \/><\/a><\/div>\n<div style=\"margin-right: 10px;\"><a href=\"https:\/\/www.facebook.com\/groups\/1683837971860223\/permalink\/1987214344855916\/\" target=\"_blank\" rel=\"noopener noreferrer\"><img loading=\"lazy\" class=\"alignright\" src=\"http:\/\/www.deanreed.de\/AmericanRebel\/2017\/wp-content\/uploads\/2017\/03\/ar_zu_fb.png\" alt=\"hier geht es zur Facebook Diskussionsgruppe\" width=\"353\" height=\"15\" \/><\/a><\/div>\n<p style=\"text-align: center;\"><a href=\"#respond\" target=\"_blank\" rel=\"noopener noreferrer\"><img loading=\"lazy\" class=\"aligncenter\" src=\"http:\/\/www.deanreed.de\/AmericanRebel\/2017\/wp-content\/uploads\/2017\/03\/ar_kommentar-1.png\" alt=\"Sag uns deine Meinung zum Artikel mit einem Kommentar\/Leserbrief\" width=\"627\" height=\"20\" \/><\/a><span class=\"_4n-j _fbReactionComponent__eventDetailsContentTags fsl\" data-testid=\"event-permalink-details\"><\/div><!-- .hide-this-part --><\/div><!-- hide-this-part-wrap --><\/span><\/p>\n<\/blockquote>\n","protected":false},"excerpt":{"rendered":"<p>Christine Buchholz Rassismus in Zeiten der Corona-Krise Gerade in Zeiten der Corona-Krise m\u00fcssen wir lautstarke Zeichen gegen Rassismus setzen! Diese Krise zeigt wie durch ein Brennglas die Missst\u00e4nde in unserer Gesellschaft auf. Ein Feuer im Lager Moria auf der griechischen [&hellip;]<a class=\"more-link\" href=\"http:\/\/www.deanreed.de\/AmericanRebel\/2017\/2020\/03\/30\/rassismus-in-zeiten-der-corona-krise\/\">&darr; Lese den Rest von diesem Eintrag&#8230;<\/a><\/p>\n","protected":false},"author":2,"featured_media":0,"comment_status":"open","ping_status":"open","sticky":false,"template":"","format":"standard","meta":[],"categories":[1],"tags":[4372,748,2987,135,4368,4359,4386,845,4378,838,4382,4367,4364,4360,4380,4387,4381,2149,4377,4376,4366,4370,4374,4373,4388,4389,4390,829,3936,4391,4371,4392,1060,1053,4385,4375,4228,902,4393,4361,4394,4395,4362,4396,2928,4384,3345,4379,4397,4398,4399,3832,1219,4369,4383,430,4400,1371],"yoast_head":"<!-- This site is optimized with the Yoast SEO plugin v17.5 - https:\/\/yoast.com\/wordpress\/plugins\/seo\/ -->\n<title>- Rassismus in Zeiten der Corona-Krise &ndash; Onlinezeitung AmericanRebel<\/title>\n<meta name=\"robots\" content=\"index, follow, max-snippet:-1, max-image-preview:large, max-video-preview:-1\" \/>\n<link rel=\"canonical\" href=\"https:\/\/www.deanreed.de\/AmericanRebel\/2017\/2020\/03\/30\/rassismus-in-zeiten-der-corona-krise\/\" \/>\n<meta property=\"og:locale\" content=\"de_DE\" \/>\n<meta property=\"og:type\" content=\"article\" \/>\n<meta property=\"og:title\" content=\"- Rassismus in Zeiten der Corona-Krise &ndash; Onlinezeitung AmericanRebel\" \/>\n<meta property=\"og:description\" content=\"Christine Buchholz Rassismus in Zeiten der Corona-Krise Gerade in Zeiten der Corona-Krise m\u00fcssen wir lautstarke Zeichen gegen Rassismus setzen! Diese Krise zeigt wie durch ein Brennglas die Missst\u00e4nde in unserer Gesellschaft auf. Ein Feuer im Lager Moria auf der griechischen [&hellip;]&darr; Lese den Rest von diesem Eintrag...\" \/>\n<meta property=\"og:url\" content=\"https:\/\/www.deanreed.de\/AmericanRebel\/2017\/2020\/03\/30\/rassismus-in-zeiten-der-corona-krise\/\" \/>\n<meta property=\"og:site_name\" content=\"Onlinezeitung AmericanRebel\" \/>\n<meta property=\"article:published_time\" content=\"2020-03-30T16:04:22+00:00\" \/>\n<meta property=\"article:modified_time\" content=\"2020-03-30T16:21:13+00:00\" \/>\n<meta property=\"og:image\" content=\"http:\/\/www.deanreed.de\/AmericanRebel\/2017\/wp-content\/uploads\/2020\/03\/3ggwwww7.png\" \/>\n\t<meta property=\"og:image:width\" content=\"1354\" \/>\n\t<meta property=\"og:image:height\" content=\"553\" \/>\n<meta name=\"twitter:card\" content=\"summary_large_image\" \/>\n<meta name=\"twitter:label1\" content=\"Verfasst von\" \/>\n\t<meta name=\"twitter:data1\" content=\"Redaktion\" \/>\n\t<meta name=\"twitter:label2\" content=\"Gesch\u00e4tzte Lesezeit\" \/>\n\t<meta name=\"twitter:data2\" content=\"4\u00a0Minuten\" \/>\n<script type=\"application\/ld+json\" class=\"yoast-schema-graph\">{\"@context\":\"https:\/\/schema.org\",\"@graph\":[{\"@type\":\"WebSite\",\"@id\":\"https:\/\/www.deanreed.de\/AmericanRebel\/2017\/#website\",\"url\":\"https:\/\/www.deanreed.de\/AmericanRebel\/2017\/\",\"name\":\"Onlinezeitung AmericanRebel\",\"description\":\"Internationale Onlinezeitung f\\u00fcr Frieden, Humanismus, V\\u00f6lkerverst\\u00e4ndigung und Kultur\",\"potentialAction\":[{\"@type\":\"SearchAction\",\"target\":{\"@type\":\"EntryPoint\",\"urlTemplate\":\"https:\/\/www.deanreed.de\/AmericanRebel\/2017\/?s={search_term_string}\"},\"query-input\":\"required name=search_term_string\"}],\"inLanguage\":\"de\"},{\"@type\":\"ImageObject\",\"@id\":\"https:\/\/www.deanreed.de\/AmericanRebel\/2017\/2020\/03\/30\/rassismus-in-zeiten-der-corona-krise\/#primaryimage\",\"inLanguage\":\"de\",\"url\":\"http:\/\/www.deanreed.de\/AmericanRebel\/2017\/wp-content\/uploads\/2020\/03\/3ggwwww7.png\",\"contentUrl\":\"http:\/\/www.deanreed.de\/AmericanRebel\/2017\/wp-content\/uploads\/2020\/03\/3ggwwww7.png\",\"width\":1354,\"height\":553,\"caption\":\"Suhl, Fl\\u00fcchtlingsunterkunft unter Quarant\\u00e4ne. Bild YouTube\"},{\"@type\":\"WebPage\",\"@id\":\"https:\/\/www.deanreed.de\/AmericanRebel\/2017\/2020\/03\/30\/rassismus-in-zeiten-der-corona-krise\/#webpage\",\"url\":\"https:\/\/www.deanreed.de\/AmericanRebel\/2017\/2020\/03\/30\/rassismus-in-zeiten-der-corona-krise\/\",\"name\":\"- Rassismus in Zeiten der Corona-Krise &ndash; Onlinezeitung AmericanRebel\",\"isPartOf\":{\"@id\":\"https:\/\/www.deanreed.de\/AmericanRebel\/2017\/#website\"},\"primaryImageOfPage\":{\"@id\":\"https:\/\/www.deanreed.de\/AmericanRebel\/2017\/2020\/03\/30\/rassismus-in-zeiten-der-corona-krise\/#primaryimage\"},\"datePublished\":\"2020-03-30T16:04:22+00:00\",\"dateModified\":\"2020-03-30T16:21:13+00:00\",\"author\":{\"@id\":\"https:\/\/www.deanreed.de\/AmericanRebel\/2017\/#\/schema\/person\/9edfca7917cd10b75edaae51c6e7935a\"},\"breadcrumb\":{\"@id\":\"https:\/\/www.deanreed.de\/AmericanRebel\/2017\/2020\/03\/30\/rassismus-in-zeiten-der-corona-krise\/#breadcrumb\"},\"inLanguage\":\"de\",\"potentialAction\":[{\"@type\":\"ReadAction\",\"target\":[\"https:\/\/www.deanreed.de\/AmericanRebel\/2017\/2020\/03\/30\/rassismus-in-zeiten-der-corona-krise\/\"]}]},{\"@type\":\"BreadcrumbList\",\"@id\":\"https:\/\/www.deanreed.de\/AmericanRebel\/2017\/2020\/03\/30\/rassismus-in-zeiten-der-corona-krise\/#breadcrumb\",\"itemListElement\":[{\"@type\":\"ListItem\",\"position\":1,\"name\":\"Startseite\",\"item\":\"https:\/\/www.deanreed.de\/AmericanRebel\/2017\/\"},{\"@type\":\"ListItem\",\"position\":2,\"name\":\"&#8211; Rassismus in Zeiten der Corona-Krise\"}]},{\"@type\":\"Person\",\"@id\":\"https:\/\/www.deanreed.de\/AmericanRebel\/2017\/#\/schema\/person\/9edfca7917cd10b75edaae51c6e7935a\",\"name\":\"Redaktion\",\"url\":\"http:\/\/www.deanreed.de\/AmericanRebel\/2017\/author\/redaktion\/\"}]}<\/script>\n<!-- \/ Yoast SEO plugin. -->","yoast_head_json":{"title":"- Rassismus in Zeiten der Corona-Krise &ndash; Onlinezeitung AmericanRebel","robots":{"index":"index","follow":"follow","max-snippet":"max-snippet:-1","max-image-preview":"max-image-preview:large","max-video-preview":"max-video-preview:-1"},"canonical":"https:\/\/www.deanreed.de\/AmericanRebel\/2017\/2020\/03\/30\/rassismus-in-zeiten-der-corona-krise\/","og_locale":"de_DE","og_type":"article","og_title":"- Rassismus in Zeiten der Corona-Krise &ndash; Onlinezeitung AmericanRebel","og_description":"Christine Buchholz Rassismus in Zeiten der Corona-Krise Gerade in Zeiten der Corona-Krise m\u00fcssen wir lautstarke Zeichen gegen Rassismus setzen! Diese Krise zeigt wie durch ein Brennglas die Missst\u00e4nde in unserer Gesellschaft auf. Ein Feuer im Lager Moria auf der griechischen [&hellip;]&darr; Lese den Rest von diesem Eintrag...","og_url":"https:\/\/www.deanreed.de\/AmericanRebel\/2017\/2020\/03\/30\/rassismus-in-zeiten-der-corona-krise\/","og_site_name":"Onlinezeitung AmericanRebel","article_published_time":"2020-03-30T16:04:22+00:00","article_modified_time":"2020-03-30T16:21:13+00:00","og_image":[{"width":1354,"height":553,"url":"http:\/\/www.deanreed.de\/AmericanRebel\/2017\/wp-content\/uploads\/2020\/03\/3ggwwww7.png","type":"image\/png"}],"twitter_card":"summary_large_image","twitter_misc":{"Verfasst von":"Redaktion","Gesch\u00e4tzte Lesezeit":"4\u00a0Minuten"},"schema":{"@context":"https:\/\/schema.org","@graph":[{"@type":"WebSite","@id":"https:\/\/www.deanreed.de\/AmericanRebel\/2017\/#website","url":"https:\/\/www.deanreed.de\/AmericanRebel\/2017\/","name":"Onlinezeitung AmericanRebel","description":"Internationale Onlinezeitung f\u00fcr Frieden, Humanismus, V\u00f6lkerverst\u00e4ndigung und Kultur","potentialAction":[{"@type":"SearchAction","target":{"@type":"EntryPoint","urlTemplate":"https:\/\/www.deanreed.de\/AmericanRebel\/2017\/?s={search_term_string}"},"query-input":"required name=search_term_string"}],"inLanguage":"de"},{"@type":"ImageObject","@id":"https:\/\/www.deanreed.de\/AmericanRebel\/2017\/2020\/03\/30\/rassismus-in-zeiten-der-corona-krise\/#primaryimage","inLanguage":"de","url":"http:\/\/www.deanreed.de\/AmericanRebel\/2017\/wp-content\/uploads\/2020\/03\/3ggwwww7.png","contentUrl":"http:\/\/www.deanreed.de\/AmericanRebel\/2017\/wp-content\/uploads\/2020\/03\/3ggwwww7.png","width":1354,"height":553,"caption":"Suhl, Fl\u00fcchtlingsunterkunft unter Quarant\u00e4ne. Bild YouTube"},{"@type":"WebPage","@id":"https:\/\/www.deanreed.de\/AmericanRebel\/2017\/2020\/03\/30\/rassismus-in-zeiten-der-corona-krise\/#webpage","url":"https:\/\/www.deanreed.de\/AmericanRebel\/2017\/2020\/03\/30\/rassismus-in-zeiten-der-corona-krise\/","name":"- Rassismus in Zeiten der Corona-Krise &ndash; Onlinezeitung AmericanRebel","isPartOf":{"@id":"https:\/\/www.deanreed.de\/AmericanRebel\/2017\/#website"},"primaryImageOfPage":{"@id":"https:\/\/www.deanreed.de\/AmericanRebel\/2017\/2020\/03\/30\/rassismus-in-zeiten-der-corona-krise\/#primaryimage"},"datePublished":"2020-03-30T16:04:22+00:00","dateModified":"2020-03-30T16:21:13+00:00","author":{"@id":"https:\/\/www.deanreed.de\/AmericanRebel\/2017\/#\/schema\/person\/9edfca7917cd10b75edaae51c6e7935a"},"breadcrumb":{"@id":"https:\/\/www.deanreed.de\/AmericanRebel\/2017\/2020\/03\/30\/rassismus-in-zeiten-der-corona-krise\/#breadcrumb"},"inLanguage":"de","potentialAction":[{"@type":"ReadAction","target":["https:\/\/www.deanreed.de\/AmericanRebel\/2017\/2020\/03\/30\/rassismus-in-zeiten-der-corona-krise\/"]}]},{"@type":"BreadcrumbList","@id":"https:\/\/www.deanreed.de\/AmericanRebel\/2017\/2020\/03\/30\/rassismus-in-zeiten-der-corona-krise\/#breadcrumb","itemListElement":[{"@type":"ListItem","position":1,"name":"Startseite","item":"https:\/\/www.deanreed.de\/AmericanRebel\/2017\/"},{"@type":"ListItem","position":2,"name":"&#8211; Rassismus in Zeiten der Corona-Krise"}]},{"@type":"Person","@id":"https:\/\/www.deanreed.de\/AmericanRebel\/2017\/#\/schema\/person\/9edfca7917cd10b75edaae51c6e7935a","name":"Redaktion","url":"http:\/\/www.deanreed.de\/AmericanRebel\/2017\/author\/redaktion\/"}]}},"_links":{"self":[{"href":"http:\/\/www.deanreed.de\/AmericanRebel\/2017\/wp-json\/wp\/v2\/posts\/24799"}],"collection":[{"href":"http:\/\/www.deanreed.de\/AmericanRebel\/2017\/wp-json\/wp\/v2\/posts"}],"about":[{"href":"http:\/\/www.deanreed.de\/AmericanRebel\/2017\/wp-json\/wp\/v2\/types\/post"}],"author":[{"embeddable":true,"href":"http:\/\/www.deanreed.de\/AmericanRebel\/2017\/wp-json\/wp\/v2\/users\/2"}],"replies":[{"embeddable":true,"href":"http:\/\/www.deanreed.de\/AmericanRebel\/2017\/wp-json\/wp\/v2\/comments?post=24799"}],"version-history":[{"count":9,"href":"http:\/\/www.deanreed.de\/AmericanRebel\/2017\/wp-json\/wp\/v2\/posts\/24799\/revisions"}],"predecessor-version":[{"id":24811,"href":"http:\/\/www.deanreed.de\/AmericanRebel\/2017\/wp-json\/wp\/v2\/posts\/24799\/revisions\/24811"}],"wp:attachment":[{"href":"http:\/\/www.deanreed.de\/AmericanRebel\/2017\/wp-json\/wp\/v2\/media?parent=24799"}],"wp:term":[{"taxonomy":"category","embeddable":true,"href":"http:\/\/www.deanreed.de\/AmericanRebel\/2017\/wp-json\/wp\/v2\/categories?post=24799"},{"taxonomy":"post_tag","embeddable":true,"href":"http:\/\/www.deanreed.de\/AmericanRebel\/2017\/wp-json\/wp\/v2\/tags?post=24799"}],"curies":[{"name":"wp","href":"https:\/\/api.w.org\/{rel}","templated":true}]}}