{"id":23958,"date":"2020-02-04T15:05:59","date_gmt":"2020-02-04T14:05:59","guid":{"rendered":"http:\/\/www.deanreed.de\/AmericanRebel\/2017\/?p=23958"},"modified":"2020-02-07T17:23:18","modified_gmt":"2020-02-07T16:23:18","slug":"23958","status":"publish","type":"post","link":"http:\/\/www.deanreed.de\/AmericanRebel\/2017\/2020\/02\/04\/23958\/","title":{"rendered":"&#8211; Die Umwelts\u00e4ue vom Tejo \u2013 Anwohner anktiv!"},"content":{"rendered":"<h4>Rui Filipe Gutschmidt<\/h4>\n<h2><strong>Die Umwelts\u00e4ue vom Tejo \u2013 Anwohner und Umweltsch\u00fctzer fordern ein h\u00e4rteres Durchgreifen gegen Umweltverschmutzer<\/strong><\/h2>\n<div id=\"attachment_8722\" style=\"width: 110px\" class=\"wp-caption alignleft\"><img aria-describedby=\"caption-attachment-8722\" loading=\"lazy\" class=\"size-full wp-image-8722\" src=\"http:\/\/www.deanreed.de\/AmericanRebel\/2017\/wp-content\/uploads\/2037\/12\/Rui_Gutschmidt.jpg\" alt=\"\" width=\"100\" height=\"150\" \/><p id=\"caption-attachment-8722\" class=\"wp-caption-text\"><span style=\"color: #808080;\">Rui Filipe Gutschmidt<\/span><\/p><\/div>\n<p style=\"text-align: justify;\"><strong>Der Tejo ist Portugals gr\u00f6\u00dfter Strom. Der in Spanien entspringende Fluss wird seit Jahren von den anliegenden Industrie- und Agrarbetrieben durch illegale Abwassereinleitungen verschmutzt. Der Fluss, der bei Lissabon ins Meer m\u00fcndet, ist Lebensgrundlage f\u00fcr viele Menschen die an seinen Ufern Leben. Diesen Menschen wird die Unt\u00e4tigkeit von Beh\u00f6rden und Justiz jetzt zu viel!<\/strong><\/p>\n<p style=\"text-align: justify;\">Die regionale Zeitung \u201eO Mirante\u201c berichtete letzte Woche \u00fcber die letzten Umwelts\u00fcnden im Tejo und beklagte dabei die fehlende Transparenz und die offensichtliche Unwirksamkeit der verh\u00e4ngten Strafma\u00dfnahmen.<\/p>\n<div id=\"attachment_23960\" style=\"width: 310px\" class=\"wp-caption alignright\"><img aria-describedby=\"caption-attachment-23960\" loading=\"lazy\" class=\"size-medium wp-image-23960\" src=\"http:\/\/www.deanreed.de\/AmericanRebel\/2017\/wp-content\/uploads\/2020\/02\/Umweltverschmutzung-Stinkender-Schaum-auf-dem-Rio-Tejo-Bild-mit-freundlicher-Genehmigng-von-Esquerda.net-Bloco-Esquerda-300x168.jpg\" alt=\"\" width=\"300\" height=\"168\" srcset=\"http:\/\/www.deanreed.de\/AmericanRebel\/2017\/wp-content\/uploads\/2020\/02\/Umweltverschmutzung-Stinkender-Schaum-auf-dem-Rio-Tejo-Bild-mit-freundlicher-Genehmigng-von-Esquerda.net-Bloco-Esquerda-300x168.jpg 300w, http:\/\/www.deanreed.de\/AmericanRebel\/2017\/wp-content\/uploads\/2020\/02\/Umweltverschmutzung-Stinkender-Schaum-auf-dem-Rio-Tejo-Bild-mit-freundlicher-Genehmigng-von-Esquerda.net-Bloco-Esquerda.jpg 495w\" sizes=\"(max-width: 300px) 100vw, 300px\" \/><p id=\"caption-attachment-23960\" class=\"wp-caption-text\"><span style=\"color: #808080;\">Umweltverschmutzung &#8211; Stinkender Schaum auf dem Rio Tejo &#8211; Bild mit freundlicher Genehmigung von Esquerda.net &#8211; Bloco Esquerda<\/span><\/p><\/div>\n<p style=\"text-align: justify;\">\u201eDas Umweltministerium und alle \u00f6ffentlichen Stellen haben viel zu tun, um bestimmte Unternehmen zur Einhaltung der Umweltnormen zu bringen,\u201c so die Zeitung sinngem\u00e4\u00df. \u201eZus\u00e4tzlich zur \u00dcberwachung m\u00fcssen pr\u00e4zise Strafma\u00dfnahmen ergriffen werden. Nach so vielen Jahren von Umweltverbrechen sind sogenannte Sensibilisierungsma\u00dfnahmen nicht mehr gerechtfertigt.\u201c<\/p>\n<p style=\"text-align: justify;\">So war das Wasser des Tejo beispielsweise am Morgen des 31. Dezember 2019 und des 5. Januar 2020 braun und der Schaum, der durch Schadstoffe entstand, war neben dem Wehr von Abrantes einen Meter hoch. Am Nebenfluss Nab\u00e3o, an dem Flussabschnitt, der die Stadt Tomar durchquert, gab es am 16. Januar 2020 stellenweise starke Verschmutzung des Wassers. Dabei sind es vor allem regionale Zeitungen oder Umweltaktivisten die in Zusammenarbeit mit den Anwohnern auf die Missst\u00e4nde hinweisen. <div class=\"hide-this-part-wrap\"><div class=\"hide-this-part-more\" id=\"hide-this-part-0\" morelink-text=\"hier geht es weiter\">hier geht es weiter \u00bb<\/div><div class=\"hide-this-part\" status=\"invisible\"><\/p>\n<p style=\"text-align: justify;\">Die Autorin Joana L\u00facia Teles Ferreira schreibt au\u00dferdem: \u201eEs ist jedoch nicht nachvollziehbar, dass das Umweltministerium und das portugiesische Umweltamt die Ergebnisse ihrer Kontrollma\u00dfnahmen und die in der EU verh\u00e4ngten Geldbu\u00dfen nicht offen legen und den Fortschritt der F\u00e4lle, die in den Gerichten sind nicht ver\u00f6ffentlichen.\u201c Genauso wichtig wie die \u201eTransparenz\u201c von Flussgew\u00e4ssern, w\u00e4re auch die Transparenz der Beh\u00f6rden auf dieser Ebene.<\/p>\n<p style=\"text-align: justify;\">Vielerorts bem\u00fchen sich Anwohner und Gemeinden um eine Verbesserung der Lebensqualit\u00e4t von Mensch und Tier, insbesondere der Umwelt. Fl\u00fcsse werden gereinigt, Abwasser wird in Kl\u00e4ranlagen geleitet und illegale M\u00fcllhalden werden beseitigt wo immer es geht. Doch leider ist die Gier auch hier an manchen Orten st\u00e4rker und so wird der Tejo wohl noch lange mit den stinkenden Abw\u00e4ssern aus Papier- und Agrarindustrie zu k\u00e4mpfen haben. Nur mit echten Strafma\u00dfnahmen wird man dem Treiben ein Ende setzen und das Argument \u201eArbeitspl\u00e4tze gehen verloren\u201c muss mit den Arbeitspl\u00e4tzen der Fischer, Fischrestaurants und Naherholungstourismus aufgewogen werden. Arbeitspl\u00e4tze d\u00fcrfen nicht als Entschuldigung dienen, wenn es um die Umwelt geht. Arbeitspl\u00e4tze kann man auch in einer intakten Umwelt schaffen und die Gesundheit von Mensch und Tier wird davon profitieren. Profit ist nicht immer finanziell.<\/p>\n<p>Erstver\u00f6ffentlichung heute oder vor ein paar Tagen in unserer Partnerzeitung <a href=\"http:\/\/www.Info-Welt.eu\" target=\"_blank\" rel=\"noopener noreferrer\">INFO-WELT<\/a>.<br \/>\n<span style=\"color: #ffffff;\">.<\/span><br \/>\n<span style=\"font-size: 10pt;\"><a href=\"http:\/\/www.deanreed.de\/AmericanRebel\/2017\/?cat=122\" target=\"_blank\" rel=\"noopener noreferrer\">Weitere Artikel von Rui Filipe Gutschmidt<\/a><\/span><br \/>\n<span style=\"color: #ffffff;\">.<\/span><\/p>\n<blockquote>\n<p style=\"text-align: center;\"><span style=\"font-size: 10pt; color: #000000;\">F\u00fcr den Inhalt dieses Artikels ist der Autor bzw. die Autorin verantwortlich.<br \/>\nDabei muss es sich nicht grunds\u00e4tzlich um die Meinung der Redaktion handeln.<\/span><\/p>\n<table width=\"100%\" align=\"center\">\n<tbody>\n<tr>\n<td>\n<form action=\"https:\/\/www.paypal.com\/cgi-bin\/webscr\" method=\"post\" target=\"_top\"><input alt=\"Jetzt einfach, schnell und sicher online bezahlen \u2013 mit PayPal.\" name=\"submit\" src=\"https:\/\/www.paypalobjects.com\/de_DE\/DE\/i\/btn\/btn_donateCC_LG.gif\" type=\"image\" \/><\/form>\n<\/td>\n<td><span style=\"color: #993300;\"><strong>Auch linker Journalismus ist nicht kostenlos<br \/>\nund auch kleine Spenden k\u00f6nnen helfen Gro\u00dfes zu ver\u00f6ffentlichen!<\/strong><\/span><\/td>\n<\/tr>\n<\/tbody>\n<\/table>\n<div style=\"margin-left: 10px;\"><a title=\"zur Startseite\" href=\"http:\/\/www.americanrebel.de\/\"><img loading=\"lazy\" class=\"alignleft\" src=\"http:\/\/www.deanreed.de\/AmericanRebel\/2017\/wp-content\/uploads\/2017\/03\/back_ar.png\" alt=\"zur\u00fcck zur Startseite\" width=\"156\" height=\"15\" \/><\/a><\/div>\n<div style=\"margin-right: 10px;\"><a href=\"https:\/\/www.facebook.com\/groups\/1683837971860223\/permalink\/1987214344855916\/\" target=\"_blank\" rel=\"noopener noreferrer\"><img loading=\"lazy\" class=\"alignright\" src=\"http:\/\/www.deanreed.de\/AmericanRebel\/2017\/wp-content\/uploads\/2017\/03\/ar_zu_fb.png\" alt=\"hier geht es zur Facebook Diskussionsgruppe\" width=\"353\" height=\"15\" \/><\/a><\/div>\n<p style=\"text-align: center;\"><a href=\"#respond\" target=\"_blank\" rel=\"noopener noreferrer\"><img loading=\"lazy\" class=\"aligncenter\" src=\"http:\/\/www.deanreed.de\/AmericanRebel\/2017\/wp-content\/uploads\/2017\/03\/ar_kommentar-1.png\" alt=\"Sag uns deine Meinung zum Artikel mit einem Kommentar\/Leserbrief\" width=\"627\" height=\"20\" \/><\/a><span class=\"_4n-j _fbReactionComponent__eventDetailsContentTags fsl\" data-testid=\"event-permalink-details\"><\/div><!-- .hide-this-part --><\/div><!-- hide-this-part-wrap --><\/span><\/p>\n<\/blockquote>\n","protected":false},"excerpt":{"rendered":"<p>Rui Filipe Gutschmidt Die Umwelts\u00e4ue vom Tejo \u2013 Anwohner und Umweltsch\u00fctzer fordern ein h\u00e4rteres Durchgreifen gegen Umweltverschmutzer Der Tejo ist Portugals gr\u00f6\u00dfter Strom. Der in Spanien entspringende Fluss wird seit Jahren von den anliegenden Industrie- und Agrarbetrieben durch illegale Abwassereinleitungen [&hellip;]<a class=\"more-link\" href=\"http:\/\/www.deanreed.de\/AmericanRebel\/2017\/2020\/02\/04\/23958\/\">&darr; Lese den Rest von diesem Eintrag&#8230;<\/a><\/p>\n","protected":false},"author":2,"featured_media":0,"comment_status":"open","ping_status":"open","sticky":false,"template":"","format":"standard","meta":[],"categories":[1,122],"tags":[4003,4004,748,135,4005,8,4006,924,1414,4007,157,2928,4008,3030,4009,624,4010],"yoast_head":"<!-- This site is optimized with the Yoast SEO plugin v17.5 - https:\/\/yoast.com\/wordpress\/plugins\/seo\/ -->\n<title>- Die Umwelts\u00e4ue vom Tejo \u2013 Anwohner anktiv! &ndash; Onlinezeitung AmericanRebel<\/title>\n<meta name=\"robots\" content=\"index, follow, max-snippet:-1, max-image-preview:large, max-video-preview:-1\" \/>\n<link rel=\"canonical\" href=\"http:\/\/www.deanreed.de\/AmericanRebel\/2017\/2020\/02\/04\/23958\/\" \/>\n<meta property=\"og:locale\" content=\"de_DE\" \/>\n<meta property=\"og:type\" content=\"article\" \/>\n<meta property=\"og:title\" content=\"- Die Umwelts\u00e4ue vom Tejo \u2013 Anwohner anktiv! &ndash; Onlinezeitung AmericanRebel\" \/>\n<meta property=\"og:description\" content=\"Rui Filipe Gutschmidt Die Umwelts\u00e4ue vom Tejo \u2013 Anwohner und Umweltsch\u00fctzer fordern ein h\u00e4rteres Durchgreifen gegen Umweltverschmutzer Der Tejo ist Portugals gr\u00f6\u00dfter Strom. Der in Spanien entspringende Fluss wird seit Jahren von den anliegenden Industrie- und Agrarbetrieben durch illegale Abwassereinleitungen [&hellip;]&darr; Lese den Rest von diesem Eintrag...\" \/>\n<meta property=\"og:url\" content=\"http:\/\/www.deanreed.de\/AmericanRebel\/2017\/2020\/02\/04\/23958\/\" \/>\n<meta property=\"og:site_name\" content=\"Onlinezeitung AmericanRebel\" \/>\n<meta property=\"article:published_time\" content=\"2020-02-04T14:05:59+00:00\" \/>\n<meta property=\"article:modified_time\" content=\"2020-02-07T16:23:18+00:00\" \/>\n<meta property=\"og:image\" content=\"http:\/\/www.deanreed.de\/AmericanRebel\/2017\/wp-content\/uploads\/2020\/02\/Umweltverschmutzung-Stinkender-Schaum-auf-dem-Rio-Tejo-Bild-mit-freundlicher-Genehmigng-von-Esquerda.net-Bloco-Esquerda.jpg\" \/>\n\t<meta property=\"og:image:width\" content=\"495\" \/>\n\t<meta property=\"og:image:height\" content=\"278\" \/>\n<meta name=\"twitter:card\" content=\"summary_large_image\" \/>\n<meta name=\"twitter:label1\" content=\"Verfasst von\" \/>\n\t<meta name=\"twitter:data1\" content=\"Redaktion\" \/>\n\t<meta name=\"twitter:label2\" content=\"Gesch\u00e4tzte Lesezeit\" \/>\n\t<meta name=\"twitter:data2\" content=\"3\u00a0Minuten\" \/>\n<script type=\"application\/ld+json\" class=\"yoast-schema-graph\">{\"@context\":\"https:\/\/schema.org\",\"@graph\":[{\"@type\":\"WebSite\",\"@id\":\"https:\/\/www.deanreed.de\/AmericanRebel\/2017\/#website\",\"url\":\"https:\/\/www.deanreed.de\/AmericanRebel\/2017\/\",\"name\":\"Onlinezeitung AmericanRebel\",\"description\":\"Internationale Onlinezeitung f\\u00fcr Frieden, Humanismus, V\\u00f6lkerverst\\u00e4ndigung und Kultur\",\"potentialAction\":[{\"@type\":\"SearchAction\",\"target\":{\"@type\":\"EntryPoint\",\"urlTemplate\":\"https:\/\/www.deanreed.de\/AmericanRebel\/2017\/?s={search_term_string}\"},\"query-input\":\"required name=search_term_string\"}],\"inLanguage\":\"de\"},{\"@type\":\"ImageObject\",\"@id\":\"http:\/\/www.deanreed.de\/AmericanRebel\/2017\/2020\/02\/04\/23958\/#primaryimage\",\"inLanguage\":\"de\",\"url\":\"http:\/\/www.deanreed.de\/AmericanRebel\/2017\/wp-content\/uploads\/2020\/02\/Umweltverschmutzung-Stinkender-Schaum-auf-dem-Rio-Tejo-Bild-mit-freundlicher-Genehmigng-von-Esquerda.net-Bloco-Esquerda.jpg\",\"contentUrl\":\"http:\/\/www.deanreed.de\/AmericanRebel\/2017\/wp-content\/uploads\/2020\/02\/Umweltverschmutzung-Stinkender-Schaum-auf-dem-Rio-Tejo-Bild-mit-freundlicher-Genehmigng-von-Esquerda.net-Bloco-Esquerda.jpg\",\"width\":495,\"height\":278,\"caption\":\"Umweltverschmutzung - Stinkender Schaum auf dem Rio Tejo - Bild mit freundlicher Genehmigung von Esquerda.net - Bloco Esquerda\"},{\"@type\":\"WebPage\",\"@id\":\"http:\/\/www.deanreed.de\/AmericanRebel\/2017\/2020\/02\/04\/23958\/#webpage\",\"url\":\"http:\/\/www.deanreed.de\/AmericanRebel\/2017\/2020\/02\/04\/23958\/\",\"name\":\"- Die Umwelts\\u00e4ue vom Tejo \\u2013 Anwohner anktiv! &ndash; Onlinezeitung AmericanRebel\",\"isPartOf\":{\"@id\":\"https:\/\/www.deanreed.de\/AmericanRebel\/2017\/#website\"},\"primaryImageOfPage\":{\"@id\":\"http:\/\/www.deanreed.de\/AmericanRebel\/2017\/2020\/02\/04\/23958\/#primaryimage\"},\"datePublished\":\"2020-02-04T14:05:59+00:00\",\"dateModified\":\"2020-02-07T16:23:18+00:00\",\"author\":{\"@id\":\"https:\/\/www.deanreed.de\/AmericanRebel\/2017\/#\/schema\/person\/9edfca7917cd10b75edaae51c6e7935a\"},\"breadcrumb\":{\"@id\":\"http:\/\/www.deanreed.de\/AmericanRebel\/2017\/2020\/02\/04\/23958\/#breadcrumb\"},\"inLanguage\":\"de\",\"potentialAction\":[{\"@type\":\"ReadAction\",\"target\":[\"http:\/\/www.deanreed.de\/AmericanRebel\/2017\/2020\/02\/04\/23958\/\"]}]},{\"@type\":\"BreadcrumbList\",\"@id\":\"http:\/\/www.deanreed.de\/AmericanRebel\/2017\/2020\/02\/04\/23958\/#breadcrumb\",\"itemListElement\":[{\"@type\":\"ListItem\",\"position\":1,\"name\":\"Startseite\",\"item\":\"https:\/\/www.deanreed.de\/AmericanRebel\/2017\/\"},{\"@type\":\"ListItem\",\"position\":2,\"name\":\"&#8211; Die Umwelts\\u00e4ue vom Tejo \\u2013 Anwohner anktiv!\"}]},{\"@type\":\"Person\",\"@id\":\"https:\/\/www.deanreed.de\/AmericanRebel\/2017\/#\/schema\/person\/9edfca7917cd10b75edaae51c6e7935a\",\"name\":\"Redaktion\",\"url\":\"http:\/\/www.deanreed.de\/AmericanRebel\/2017\/author\/redaktion\/\"}]}<\/script>\n<!-- \/ Yoast SEO plugin. -->","yoast_head_json":{"title":"- Die Umwelts\u00e4ue vom Tejo \u2013 Anwohner anktiv! &ndash; Onlinezeitung AmericanRebel","robots":{"index":"index","follow":"follow","max-snippet":"max-snippet:-1","max-image-preview":"max-image-preview:large","max-video-preview":"max-video-preview:-1"},"canonical":"http:\/\/www.deanreed.de\/AmericanRebel\/2017\/2020\/02\/04\/23958\/","og_locale":"de_DE","og_type":"article","og_title":"- Die Umwelts\u00e4ue vom Tejo \u2013 Anwohner anktiv! &ndash; Onlinezeitung AmericanRebel","og_description":"Rui Filipe Gutschmidt Die Umwelts\u00e4ue vom Tejo \u2013 Anwohner und Umweltsch\u00fctzer fordern ein h\u00e4rteres Durchgreifen gegen Umweltverschmutzer Der Tejo ist Portugals gr\u00f6\u00dfter Strom. Der in Spanien entspringende Fluss wird seit Jahren von den anliegenden Industrie- und Agrarbetrieben durch illegale Abwassereinleitungen [&hellip;]&darr; Lese den Rest von diesem Eintrag...","og_url":"http:\/\/www.deanreed.de\/AmericanRebel\/2017\/2020\/02\/04\/23958\/","og_site_name":"Onlinezeitung AmericanRebel","article_published_time":"2020-02-04T14:05:59+00:00","article_modified_time":"2020-02-07T16:23:18+00:00","og_image":[{"width":495,"height":278,"url":"http:\/\/www.deanreed.de\/AmericanRebel\/2017\/wp-content\/uploads\/2020\/02\/Umweltverschmutzung-Stinkender-Schaum-auf-dem-Rio-Tejo-Bild-mit-freundlicher-Genehmigng-von-Esquerda.net-Bloco-Esquerda.jpg","type":"image\/jpeg"}],"twitter_card":"summary_large_image","twitter_misc":{"Verfasst von":"Redaktion","Gesch\u00e4tzte Lesezeit":"3\u00a0Minuten"},"schema":{"@context":"https:\/\/schema.org","@graph":[{"@type":"WebSite","@id":"https:\/\/www.deanreed.de\/AmericanRebel\/2017\/#website","url":"https:\/\/www.deanreed.de\/AmericanRebel\/2017\/","name":"Onlinezeitung AmericanRebel","description":"Internationale Onlinezeitung f\u00fcr Frieden, Humanismus, V\u00f6lkerverst\u00e4ndigung und Kultur","potentialAction":[{"@type":"SearchAction","target":{"@type":"EntryPoint","urlTemplate":"https:\/\/www.deanreed.de\/AmericanRebel\/2017\/?s={search_term_string}"},"query-input":"required name=search_term_string"}],"inLanguage":"de"},{"@type":"ImageObject","@id":"http:\/\/www.deanreed.de\/AmericanRebel\/2017\/2020\/02\/04\/23958\/#primaryimage","inLanguage":"de","url":"http:\/\/www.deanreed.de\/AmericanRebel\/2017\/wp-content\/uploads\/2020\/02\/Umweltverschmutzung-Stinkender-Schaum-auf-dem-Rio-Tejo-Bild-mit-freundlicher-Genehmigng-von-Esquerda.net-Bloco-Esquerda.jpg","contentUrl":"http:\/\/www.deanreed.de\/AmericanRebel\/2017\/wp-content\/uploads\/2020\/02\/Umweltverschmutzung-Stinkender-Schaum-auf-dem-Rio-Tejo-Bild-mit-freundlicher-Genehmigng-von-Esquerda.net-Bloco-Esquerda.jpg","width":495,"height":278,"caption":"Umweltverschmutzung - Stinkender Schaum auf dem Rio Tejo - Bild mit freundlicher Genehmigung von Esquerda.net - Bloco Esquerda"},{"@type":"WebPage","@id":"http:\/\/www.deanreed.de\/AmericanRebel\/2017\/2020\/02\/04\/23958\/#webpage","url":"http:\/\/www.deanreed.de\/AmericanRebel\/2017\/2020\/02\/04\/23958\/","name":"- Die Umwelts\u00e4ue vom Tejo \u2013 Anwohner anktiv! &ndash; Onlinezeitung AmericanRebel","isPartOf":{"@id":"https:\/\/www.deanreed.de\/AmericanRebel\/2017\/#website"},"primaryImageOfPage":{"@id":"http:\/\/www.deanreed.de\/AmericanRebel\/2017\/2020\/02\/04\/23958\/#primaryimage"},"datePublished":"2020-02-04T14:05:59+00:00","dateModified":"2020-02-07T16:23:18+00:00","author":{"@id":"https:\/\/www.deanreed.de\/AmericanRebel\/2017\/#\/schema\/person\/9edfca7917cd10b75edaae51c6e7935a"},"breadcrumb":{"@id":"http:\/\/www.deanreed.de\/AmericanRebel\/2017\/2020\/02\/04\/23958\/#breadcrumb"},"inLanguage":"de","potentialAction":[{"@type":"ReadAction","target":["http:\/\/www.deanreed.de\/AmericanRebel\/2017\/2020\/02\/04\/23958\/"]}]},{"@type":"BreadcrumbList","@id":"http:\/\/www.deanreed.de\/AmericanRebel\/2017\/2020\/02\/04\/23958\/#breadcrumb","itemListElement":[{"@type":"ListItem","position":1,"name":"Startseite","item":"https:\/\/www.deanreed.de\/AmericanRebel\/2017\/"},{"@type":"ListItem","position":2,"name":"&#8211; Die Umwelts\u00e4ue vom Tejo \u2013 Anwohner anktiv!"}]},{"@type":"Person","@id":"https:\/\/www.deanreed.de\/AmericanRebel\/2017\/#\/schema\/person\/9edfca7917cd10b75edaae51c6e7935a","name":"Redaktion","url":"http:\/\/www.deanreed.de\/AmericanRebel\/2017\/author\/redaktion\/"}]}},"_links":{"self":[{"href":"http:\/\/www.deanreed.de\/AmericanRebel\/2017\/wp-json\/wp\/v2\/posts\/23958"}],"collection":[{"href":"http:\/\/www.deanreed.de\/AmericanRebel\/2017\/wp-json\/wp\/v2\/posts"}],"about":[{"href":"http:\/\/www.deanreed.de\/AmericanRebel\/2017\/wp-json\/wp\/v2\/types\/post"}],"author":[{"embeddable":true,"href":"http:\/\/www.deanreed.de\/AmericanRebel\/2017\/wp-json\/wp\/v2\/users\/2"}],"replies":[{"embeddable":true,"href":"http:\/\/www.deanreed.de\/AmericanRebel\/2017\/wp-json\/wp\/v2\/comments?post=23958"}],"version-history":[{"count":6,"href":"http:\/\/www.deanreed.de\/AmericanRebel\/2017\/wp-json\/wp\/v2\/posts\/23958\/revisions"}],"predecessor-version":[{"id":23982,"href":"http:\/\/www.deanreed.de\/AmericanRebel\/2017\/wp-json\/wp\/v2\/posts\/23958\/revisions\/23982"}],"wp:attachment":[{"href":"http:\/\/www.deanreed.de\/AmericanRebel\/2017\/wp-json\/wp\/v2\/media?parent=23958"}],"wp:term":[{"taxonomy":"category","embeddable":true,"href":"http:\/\/www.deanreed.de\/AmericanRebel\/2017\/wp-json\/wp\/v2\/categories?post=23958"},{"taxonomy":"post_tag","embeddable":true,"href":"http:\/\/www.deanreed.de\/AmericanRebel\/2017\/wp-json\/wp\/v2\/tags?post=23958"}],"curies":[{"name":"wp","href":"https:\/\/api.w.org\/{rel}","templated":true}]}}