{"id":23952,"date":"2020-02-01T17:45:04","date_gmt":"2020-02-01T16:45:04","guid":{"rendered":"http:\/\/www.deanreed.de\/AmericanRebel\/2017\/?p=23952"},"modified":"2020-02-01T17:54:34","modified_gmt":"2020-02-01T16:54:34","slug":"spkw-maut-strafanzeige-gegen-verkehrsminister-scheuer","status":"publish","type":"post","link":"http:\/\/www.deanreed.de\/AmericanRebel\/2017\/2020\/02\/01\/spkw-maut-strafanzeige-gegen-verkehrsminister-scheuer\/","title":{"rendered":"&#8211; PKW-Maut \u2013 Strafanzeige gegen Minister Scheuer"},"content":{"rendered":"<h4><span class=\"autor-artikel\"><strong>Victor Perli<br \/>\n<\/strong><\/span><\/h4>\n<h2>Skandalgeschichte PKW-Maut \u2013 Darum haben wir Strafanzeige gegen Verkehrsminister Scheuer erstattet<\/h2>\n<div id=\"attachment_23949\" style=\"width: 110px\" class=\"wp-caption alignleft\"><img aria-describedby=\"caption-attachment-23949\" loading=\"lazy\" class=\"size-full wp-image-23949\" src=\"http:\/\/www.deanreed.de\/AmericanRebel\/2017\/wp-content\/uploads\/2037\/12\/Victor_Perli.jpg\" alt=\"\" width=\"100\" height=\"150\" \/><p id=\"caption-attachment-23949\" class=\"wp-caption-text\"><span style=\"color: #808080;\">Victor Perli<\/span><\/p><\/div>\n<p style=\"text-align: justify;\"><strong>Hunderte Millionen Euro in den Sand gesetzt, Tricksereien bei der Auftragsvergabe, gegen Haushaltsrecht versto\u00dfen und schlie\u00dflich vor dem h\u00f6chsten EU-Gericht verloren. Die CSU-Schnapsidee einer \u201eAusl\u00e4ndermaut\u201c ist mit Karacho zum Totalschaden geworden. Politische Konsequenzen gibt es bislang indes keine.<\/strong><\/p>\n<p style=\"text-align: justify;\">Das Debakel um die PKW-Maut wird lange in Erinnerung bleiben. Viele Amtstr\u00e4ger haben sich schon verzockt, wenige dabei aber eine derartige Ignoranz an den Tag gelegt wie Andreas Scheuer. Der CSU-Politiker aus Passau hat nun einen Skandal zu verantworten, der gegenw\u00e4rtig einen parlamentarischen Untersuchungsausschuss und \u2013 nach einer Strafanzeige von Fabio De Masi und mir \u2013 auch die Staatsanwaltschaft besch\u00e4ftigt.<\/p>\n<div id=\"attachment_23954\" style=\"width: 539px\" class=\"wp-caption aligncenter\"><img aria-describedby=\"caption-attachment-23954\" loading=\"lazy\" class=\" wp-image-23954\" src=\"http:\/\/www.deanreed.de\/AmericanRebel\/2017\/wp-content\/uploads\/2020\/02\/vbb-300x143.jpg\" alt=\"\" width=\"529\" height=\"252\" srcset=\"http:\/\/www.deanreed.de\/AmericanRebel\/2017\/wp-content\/uploads\/2020\/02\/vbb-300x143.jpg 300w, http:\/\/www.deanreed.de\/AmericanRebel\/2017\/wp-content\/uploads\/2020\/02\/vbb-768x367.jpg 768w, http:\/\/www.deanreed.de\/AmericanRebel\/2017\/wp-content\/uploads\/2020\/02\/vbb.jpg 960w\" sizes=\"(max-width: 529px) 100vw, 529px\" \/><p id=\"caption-attachment-23954\" class=\"wp-caption-text\"><span style=\"color: #808080;\">Verkehr, Bildquelle: YouTube<\/span><\/p><\/div>\n<p style=\"text-align: justify;\">Es begann mit der CSU-Forderung nach einer \u201eAusl\u00e4ndermaut\u201c im Bundestagswahlkampf 2013. Fahrzeughalter ohne deutsche Kennzeichen sollten f\u00fcr die Nutzung der deutschen Autobahnen zur Kasse gebeten werden. Nach einem faulen Kompromiss zwischen CDU, CSU und SPD landete er schlie\u00dflich im Koalitionsvertrag. Die Maut wurde \u2013 nun \u201eInfrastrukturabgabe\u201c genannt \u2013 zur Bedingung der bayrischen Unionsbeteiligung und die Sozialdemokraten stimmten letztendlich zu.<\/p>\n<p style=\"text-align: justify;\">Bereits damals gab es juristische Zweifel, dass eine solche Maut, die im Kern nicht alle, sondern nur ausw\u00e4rtige Nutzer der deutschen Autobahnen betreffen sollte, nicht mit dem EU-Recht vereinbar ist. Auch die Koalition\u00e4re wussten das, denn die Bedenken der Fachleute waren hinl\u00e4nglich bekannt. Eine PKW-Maut f\u00fcr EU-B\u00fcrger, aber nicht f\u00fcr deutsche B\u00fcrger, stellt nach europ\u00e4ischem Recht eine Diskriminierung dar. Scheuers Vorg\u00e4nger Alexander Dobrindt verhandelte daher mit der Europ\u00e4ischen Union einen alternativen Vorschlag aus. Die PKW-Maut sollte formell f\u00fcr alle eingef\u00fchrt werden, die deutschen Autofahrer dann aber \u00fcber eine Senkung der KfZ-Steuer kompensiert werden. Im Wahlkampf 2017 und w\u00e4hrend der Koalitionsverhandlungen konnte die CSU daher so tun, als handele es sich um ihre Ausl\u00e4nder-Maut. Gleichzeitig konnte sie aber vor Gerichten und Parlamenten spitzfindig argumentieren, dass diese mit dem EU-Recht ja vereinbar sei. Sie war es nicht. \u2028\u2028Ein Gutachten des Wissenschaftlichen Dienstes des Bundestages warnte bereits im Jahr 2017, dass es sich bei der Kombination aus Maut f\u00fcr alle einerseits und Kompensation f\u00fcr Inl\u00e4nder andererseits um eine sogenannte \u201emittelbare Diskriminierung\u201c handele, die nach EU-Recht ebenfalls untersagt ist. Scheuer, damals noch CSU-Generalsekret\u00e4r, beschimpfte daraufhin die Gutachter: \u201eBei so viel fachlicher Ignoranz muss man die Frage nach dem Sinn des Wissenschaftlichen Dienstes stellen\u201c.\u2028\u2028Nach der Bundestagswahl 2017 wurde Scheuer schlie\u00dflich Verkehrsminister. <div class=\"hide-this-part-wrap\"><div class=\"hide-this-part-more\" id=\"hide-this-part-0\" morelink-text=\"hier geht es weiter\">hier geht es weiter \u00bb<\/div><div class=\"hide-this-part\" status=\"invisible\"><\/p>\n<p style=\"text-align: justify;\">Gemeinsam mit der Gro\u00dfen Koalition ignorierte er weiter alle Warnungen und machte sich an die Umsetzung des Projekts. Das weitere Verfahren entwickelte sich zu einem Krimi, der zu unserer Strafanzeige gegen den Minister f\u00fchrte. Am 30. Dezember 2018 vergab er den Auftrag, eine diskriminierende PKW-Maut umzusetzen, an die Firmen CTS Eventim und Kapsch TrafficCom. Sie waren am Ende des Vergabeverfahrens als einzige Bieter verblieben. Inzwischen wurde bekannt, dass es zwischen Scheuer, seinen Spitzenbeamten und Vertretern beider Firmen zu mehreren Nach-Verhandlungen kam. Sie dienten dazu, das Angebot \u201eg\u00fcnstiger\u201c f\u00fcr den Bund zu machen. Das urspr\u00fcngliche Angebot war um eine Milliarde Euro zu teuer. Vor diesem Hintergrund wurde unter anderem der LKW-Maut-Betreiber \u201eToll Collect\u201c verstaatlicht, um einen Teil der Aufgaben und Kosten zu \u00fcbernehmen. Anschlie\u00dfend legten die beiden Firmen ein \u00fcberarbeitetes Angebot vor, den anderen Bietern wurde nicht die Gelegenheit gegeben, ihres zu \u00fcberarbeiten. Der Bundesrechnungshof r\u00fcgte klare Verst\u00f6\u00dfe gegen das Haushalts- und Vergaberecht. \u2028\u2028Nach Informationen der Berliner Zeitung w\u00e4re zudem eine korrekt durchgef\u00fchrte Wirtschaftlichkeitsberechnung zu dem Ergebnis gekommen, dass es f\u00fcr den Staat g\u00fcnstiger gewesen w\u00e4re, die PKW-Maut in eigener Hand zu betreiben, anstatt daf\u00fcr Private zu engagieren. Ihnen wurde nach Recherchen des Nachrichtenmagazins \u201eFrontal 21\u201c eine irre hohe Rendite von 23,8% zugesichert.\u2028\u2028Zudem verdichten sich die Hinweise darauf, dass vor allem Scheuer auf eine schnelle Vertragsunterzeichnung dr\u00e4ngte und das ausstehende Urteil vom Europ\u00e4ischen Gerichtshof (EuGH) nicht mehr abwarten wollte. So kam es, wie es kommen musste: Der EuGH f\u00e4llte am 18. Juni 2019 das folgenschwere, aber vorhersehbare Urteil. Diese PKW-Maut verst\u00f6\u00dft gegen geltendes EU-Recht, weil sie B\u00fcrger anderer EU-Staaten diskriminiert. Die getrickste Ausl\u00e4nder-Maut ist damit vom Tisch \u2013 nicht jedoch die Vertr\u00e4ge, die Scheuer entgegen jeder Warnung unterzeichnet hatte.<\/p>\n<p style=\"text-align: justify;\">Denn CTS Eventim und Kapsch TrafficCom hatten mit dem Minister einen rund zwei Milliarden schweren Deal ausgemacht. Sie beharren nach dem EuGH-Urteil auf den Gewinn, den sie sich versprochen hatten. Skandal\u00f6serweise hat das Verkehrsministerium im Vertrag zugesichert, dass die Betreiber als \u201eEntsch\u00e4digung\u201c nahezu den vollen unternehmerischen Gewinn \u00fcber die gesamte Laufzeit fordern k\u00f6nnen, wenn der Vertrag aufgrund des EuGH-Urteils gek\u00fcndigt werden muss. Die beiden Firmen fordern 580 Millionen Euro und streiten dar\u00fcber jetzt mit dem Bund in einem aufw\u00e4ndigen und langwierigen Schiedsverfahren, das vor einem teuren privaten Schiedsgericht enden k\u00f6nnte. Hinzu kommen bereits erfolgte Ausgaben in einem mindestens hohen zweistelligen Millionenbetrag. Diesen Schaden verantwortet Verkehrsminister Scheuer.<\/p>\n<p style=\"text-align: justify;\">In der viel zu langen Reihe von CSU-Verkehrsministern, die seit \u00fcber 12 Jahren nun fester Bestandteil der Regierungen von Angela Merkel sind, sticht Scheuer damit unr\u00fchmlich hervor. Denn eigentlich h\u00e4tte auch er genug zu tun: \u00d6ffentlicher Nahverkehr, Bahn- und Breitbandausbau sind nur drei der Bereiche in denen es gro\u00dfe Infrastrukturprobleme und einen hohen Investitionsbedarf gibt. Wie bereits seine Vorg\u00e4nger, k\u00fcmmert sich Scheuer nicht um eine dringend notwendige sozial\u00f6kologische Verkehrswende. Zus\u00e4tzlich hat er seinen Maut-Amigos nun auch noch einen Auftrag zum Schaden der Allgemeinheit zugeschustert. Minister sind schon f\u00fcr weniger zur\u00fcckgetreten. Unsere Strafanzeige liegt seit November 2019 bei der Staatsanwaltschaft in Berlin.<\/p>\n<p><span style=\"font-size: 10pt; color: #000000;\">Erstver\u00f6ffentlichung in <a style=\"color: #000000;\" href=\"https:\/\/diefreiheitsliebe.de\/\">\u201eDie Freiheitsliebe\u201c<\/a> vor wenigen Tagen. Ver\u00f6ffentlichung mit freundlicher Genehmigung des Herausgebers und des Autors. Bilder und Bildunterschriften wurden von der Redaktion American Rebel hinzugef\u00fcgt.<\/span><br \/>\n<span style=\"font-size: 10pt; color: #000000;\"><span style=\"color: #ffffff;\"> .<br \/>\n<\/span><\/span><span style=\"font-size: 10pt;\"><strong>\u00dcber den Autor:<\/strong><\/span><span style=\"font-size: 10pt;\"><br \/>\n<\/span><span style=\"font-family: georgia, palatino, serif; font-size: 10pt;\"><strong>Victor Perli<\/strong> aus Wolfenb\u00fcttel ist 37 Jahre alt, Politikwissenschaftler (Magister Artium) und war vor seiner Wahl in den Deutschen Bundestag als Gesch\u00e4ftsf\u00fchrer in einem Familienbetrieb t\u00e4tig. Der Sohn einer italienisch-niederl\u00e4ndischen Arbeiterfamilie wurde in Bad Oeynhausen geboren und ist 1993 in den Landkreis Wolfenb\u00fcttel gezogen. Perli absolvierte das Abitur am Wolfenb\u00fctteler Gymnasium im Schloss und studierte anschlie\u00dfend in Braunschweig und Potsdam. Perli engagiert sich seit 2001 bei der Partei DIE LINKE und ist Mitglied der Gewerkschaft Erziehung und Wissenschaft, des Mieterbundes und der AG Schacht Konrad. Am 1. Juli 2017 erschien im Lit-Verlag sein politikwissenschaftliches Buch \u201e<a href=\"http:\/\/www.lit-verlag.de\/isbn\/3-643-13745-6\">Atomm\u00fcll \u2013 Konfrontation und Kooperation bei der Endlagersuche<\/a>\u201c. <\/span><\/p>\n<p><span style=\"color: #ffffff;\">.<\/span><\/p>\n<blockquote>\n<p style=\"text-align: center;\"><span style=\"font-size: 10pt; color: #000000;\">F\u00fcr den Inhalt dieses Artikels ist der Autor bzw. die Autorin verantwortlich.<br \/>\nDabei muss es sich nicht grunds\u00e4tzlich um die Meinung der Redaktion handeln.<\/span><\/p>\n<table width=\"100%\" align=\"center\">\n<tbody>\n<tr>\n<td>\n<form action=\"https:\/\/www.paypal.com\/cgi-bin\/webscr\" method=\"post\" target=\"_top\"><input alt=\"Jetzt einfach, schnell und sicher online bezahlen \u2013 mit PayPal.\" name=\"submit\" src=\"https:\/\/www.paypalobjects.com\/de_DE\/DE\/i\/btn\/btn_donateCC_LG.gif\" type=\"image\" \/><\/form>\n<\/td>\n<td><span style=\"color: #993300;\"><strong>Auch linker Journalismus ist nicht kostenlos<br \/>\nund auch kleine Spenden k\u00f6nnen helfen Gro\u00dfes zu ver\u00f6ffentlichen!<\/strong><\/span><\/td>\n<\/tr>\n<\/tbody>\n<\/table>\n<div style=\"margin-left: 10px;\"><a title=\"zur Startseite\" href=\"http:\/\/www.americanrebel.de\/\"><img loading=\"lazy\" class=\"alignleft\" src=\"http:\/\/www.deanreed.de\/AmericanRebel\/2017\/wp-content\/uploads\/2017\/03\/back_ar.png\" alt=\"zur\u00fcck zur Startseite\" width=\"156\" height=\"15\" \/><\/a><\/div>\n<div style=\"margin-right: 10px;\"><a href=\"https:\/\/www.facebook.com\/groups\/1683837971860223\/permalink\/1987214344855916\/\" target=\"_blank\" rel=\"noopener noreferrer\"><img loading=\"lazy\" class=\"alignright\" src=\"http:\/\/www.deanreed.de\/AmericanRebel\/2017\/wp-content\/uploads\/2017\/03\/ar_zu_fb.png\" alt=\"hier geht es zur Facebook Diskussionsgruppe\" width=\"353\" height=\"15\" \/><\/a><\/div>\n<p style=\"text-align: center;\"><a href=\"#respond\" target=\"_blank\" rel=\"noopener noreferrer\"><img loading=\"lazy\" class=\"aligncenter\" src=\"http:\/\/www.deanreed.de\/AmericanRebel\/2017\/wp-content\/uploads\/2017\/03\/ar_kommentar-1.png\" alt=\"Sag uns deine Meinung zum Artikel mit einem Kommentar\/Leserbrief\" width=\"627\" height=\"20\" \/><\/a><span class=\"_4n-j _fbReactionComponent__eventDetailsContentTags fsl\" data-testid=\"event-permalink-details\"><\/div><!-- .hide-this-part --><\/div><!-- hide-this-part-wrap --><\/span><\/p>\n<\/blockquote>\n","protected":false},"excerpt":{"rendered":"<p>Victor Perli Skandalgeschichte PKW-Maut \u2013 Darum haben wir Strafanzeige gegen Verkehrsminister Scheuer erstattet Hunderte Millionen Euro in den Sand gesetzt, Tricksereien bei der Auftragsvergabe, gegen Haushaltsrecht versto\u00dfen und schlie\u00dflich vor dem h\u00f6chsten EU-Gericht verloren. Die CSU-Schnapsidee einer \u201eAusl\u00e4ndermaut\u201c ist mit [&hellip;]<a class=\"more-link\" href=\"http:\/\/www.deanreed.de\/AmericanRebel\/2017\/2020\/02\/01\/spkw-maut-strafanzeige-gegen-verkehrsminister-scheuer\/\">&darr; Lese den Rest von diesem Eintrag&#8230;<\/a><\/p>\n","protected":false},"author":2,"featured_media":0,"comment_status":"open","ping_status":"open","sticky":false,"template":"","format":"standard","meta":[],"categories":[1,3981],"tags":[3983,1183,748,135,3998,8,3990,3987,1388,845,4000,3991,720,3986,3984,3994,1387,1386,3992,211,2930,1389,3993,3989,3999,4002,1390,3985,4001,979,1626,721,722,3997,3996,3988,3982,723,3995],"yoast_head":"<!-- This site is optimized with the Yoast SEO plugin v17.5 - https:\/\/yoast.com\/wordpress\/plugins\/seo\/ -->\n<title>- PKW-Maut \u2013 Strafanzeige gegen Minister Scheuer &ndash; Onlinezeitung AmericanRebel<\/title>\n<meta name=\"robots\" content=\"index, follow, max-snippet:-1, max-image-preview:large, max-video-preview:-1\" \/>\n<link rel=\"canonical\" href=\"http:\/\/www.deanreed.de\/AmericanRebel\/2017\/2020\/02\/01\/spkw-maut-strafanzeige-gegen-verkehrsminister-scheuer\/\" \/>\n<meta property=\"og:locale\" content=\"de_DE\" \/>\n<meta property=\"og:type\" content=\"article\" \/>\n<meta property=\"og:title\" content=\"- PKW-Maut \u2013 Strafanzeige gegen Minister Scheuer &ndash; Onlinezeitung AmericanRebel\" \/>\n<meta property=\"og:description\" content=\"Victor Perli Skandalgeschichte PKW-Maut \u2013 Darum haben wir Strafanzeige gegen Verkehrsminister Scheuer erstattet Hunderte Millionen Euro in den Sand gesetzt, Tricksereien bei der Auftragsvergabe, gegen Haushaltsrecht versto\u00dfen und schlie\u00dflich vor dem h\u00f6chsten EU-Gericht verloren. Die CSU-Schnapsidee einer \u201eAusl\u00e4ndermaut\u201c ist mit [&hellip;]&darr; Lese den Rest von diesem Eintrag...\" \/>\n<meta property=\"og:url\" content=\"http:\/\/www.deanreed.de\/AmericanRebel\/2017\/2020\/02\/01\/spkw-maut-strafanzeige-gegen-verkehrsminister-scheuer\/\" \/>\n<meta property=\"og:site_name\" content=\"Onlinezeitung AmericanRebel\" \/>\n<meta property=\"article:published_time\" content=\"2020-02-01T16:45:04+00:00\" \/>\n<meta property=\"article:modified_time\" content=\"2020-02-01T16:54:34+00:00\" \/>\n<meta property=\"og:image\" content=\"http:\/\/www.deanreed.de\/AmericanRebel\/2017\/wp-content\/uploads\/2020\/02\/vbb.jpg\" \/>\n\t<meta property=\"og:image:width\" content=\"960\" \/>\n\t<meta property=\"og:image:height\" content=\"459\" \/>\n<meta name=\"twitter:card\" content=\"summary_large_image\" \/>\n<meta name=\"twitter:label1\" content=\"Verfasst von\" \/>\n\t<meta name=\"twitter:data1\" content=\"Redaktion\" \/>\n\t<meta name=\"twitter:label2\" content=\"Gesch\u00e4tzte Lesezeit\" \/>\n\t<meta name=\"twitter:data2\" content=\"6\u00a0Minuten\" \/>\n<script type=\"application\/ld+json\" class=\"yoast-schema-graph\">{\"@context\":\"https:\/\/schema.org\",\"@graph\":[{\"@type\":\"WebSite\",\"@id\":\"https:\/\/www.deanreed.de\/AmericanRebel\/2017\/#website\",\"url\":\"https:\/\/www.deanreed.de\/AmericanRebel\/2017\/\",\"name\":\"Onlinezeitung AmericanRebel\",\"description\":\"Internationale Onlinezeitung f\\u00fcr Frieden, Humanismus, V\\u00f6lkerverst\\u00e4ndigung und Kultur\",\"potentialAction\":[{\"@type\":\"SearchAction\",\"target\":{\"@type\":\"EntryPoint\",\"urlTemplate\":\"https:\/\/www.deanreed.de\/AmericanRebel\/2017\/?s={search_term_string}\"},\"query-input\":\"required name=search_term_string\"}],\"inLanguage\":\"de\"},{\"@type\":\"ImageObject\",\"@id\":\"http:\/\/www.deanreed.de\/AmericanRebel\/2017\/2020\/02\/01\/spkw-maut-strafanzeige-gegen-verkehrsminister-scheuer\/#primaryimage\",\"inLanguage\":\"de\",\"url\":\"http:\/\/www.deanreed.de\/AmericanRebel\/2017\/wp-content\/uploads\/2020\/02\/vbb.jpg\",\"contentUrl\":\"http:\/\/www.deanreed.de\/AmericanRebel\/2017\/wp-content\/uploads\/2020\/02\/vbb.jpg\",\"width\":960,\"height\":459,\"caption\":\"Verkehr, Bildquelle: YouTube\"},{\"@type\":\"WebPage\",\"@id\":\"http:\/\/www.deanreed.de\/AmericanRebel\/2017\/2020\/02\/01\/spkw-maut-strafanzeige-gegen-verkehrsminister-scheuer\/#webpage\",\"url\":\"http:\/\/www.deanreed.de\/AmericanRebel\/2017\/2020\/02\/01\/spkw-maut-strafanzeige-gegen-verkehrsminister-scheuer\/\",\"name\":\"- PKW-Maut \\u2013 Strafanzeige gegen Minister Scheuer &ndash; Onlinezeitung AmericanRebel\",\"isPartOf\":{\"@id\":\"https:\/\/www.deanreed.de\/AmericanRebel\/2017\/#website\"},\"primaryImageOfPage\":{\"@id\":\"http:\/\/www.deanreed.de\/AmericanRebel\/2017\/2020\/02\/01\/spkw-maut-strafanzeige-gegen-verkehrsminister-scheuer\/#primaryimage\"},\"datePublished\":\"2020-02-01T16:45:04+00:00\",\"dateModified\":\"2020-02-01T16:54:34+00:00\",\"author\":{\"@id\":\"https:\/\/www.deanreed.de\/AmericanRebel\/2017\/#\/schema\/person\/9edfca7917cd10b75edaae51c6e7935a\"},\"breadcrumb\":{\"@id\":\"http:\/\/www.deanreed.de\/AmericanRebel\/2017\/2020\/02\/01\/spkw-maut-strafanzeige-gegen-verkehrsminister-scheuer\/#breadcrumb\"},\"inLanguage\":\"de\",\"potentialAction\":[{\"@type\":\"ReadAction\",\"target\":[\"http:\/\/www.deanreed.de\/AmericanRebel\/2017\/2020\/02\/01\/spkw-maut-strafanzeige-gegen-verkehrsminister-scheuer\/\"]}]},{\"@type\":\"BreadcrumbList\",\"@id\":\"http:\/\/www.deanreed.de\/AmericanRebel\/2017\/2020\/02\/01\/spkw-maut-strafanzeige-gegen-verkehrsminister-scheuer\/#breadcrumb\",\"itemListElement\":[{\"@type\":\"ListItem\",\"position\":1,\"name\":\"Startseite\",\"item\":\"https:\/\/www.deanreed.de\/AmericanRebel\/2017\/\"},{\"@type\":\"ListItem\",\"position\":2,\"name\":\"&#8211; PKW-Maut \\u2013 Strafanzeige gegen Minister Scheuer\"}]},{\"@type\":\"Person\",\"@id\":\"https:\/\/www.deanreed.de\/AmericanRebel\/2017\/#\/schema\/person\/9edfca7917cd10b75edaae51c6e7935a\",\"name\":\"Redaktion\",\"url\":\"http:\/\/www.deanreed.de\/AmericanRebel\/2017\/author\/redaktion\/\"}]}<\/script>\n<!-- \/ Yoast SEO plugin. -->","yoast_head_json":{"title":"- PKW-Maut \u2013 Strafanzeige gegen Minister Scheuer &ndash; Onlinezeitung AmericanRebel","robots":{"index":"index","follow":"follow","max-snippet":"max-snippet:-1","max-image-preview":"max-image-preview:large","max-video-preview":"max-video-preview:-1"},"canonical":"http:\/\/www.deanreed.de\/AmericanRebel\/2017\/2020\/02\/01\/spkw-maut-strafanzeige-gegen-verkehrsminister-scheuer\/","og_locale":"de_DE","og_type":"article","og_title":"- PKW-Maut \u2013 Strafanzeige gegen Minister Scheuer &ndash; Onlinezeitung AmericanRebel","og_description":"Victor Perli Skandalgeschichte PKW-Maut \u2013 Darum haben wir Strafanzeige gegen Verkehrsminister Scheuer erstattet Hunderte Millionen Euro in den Sand gesetzt, Tricksereien bei der Auftragsvergabe, gegen Haushaltsrecht versto\u00dfen und schlie\u00dflich vor dem h\u00f6chsten EU-Gericht verloren. Die CSU-Schnapsidee einer \u201eAusl\u00e4ndermaut\u201c ist mit [&hellip;]&darr; Lese den Rest von diesem Eintrag...","og_url":"http:\/\/www.deanreed.de\/AmericanRebel\/2017\/2020\/02\/01\/spkw-maut-strafanzeige-gegen-verkehrsminister-scheuer\/","og_site_name":"Onlinezeitung AmericanRebel","article_published_time":"2020-02-01T16:45:04+00:00","article_modified_time":"2020-02-01T16:54:34+00:00","og_image":[{"width":960,"height":459,"url":"http:\/\/www.deanreed.de\/AmericanRebel\/2017\/wp-content\/uploads\/2020\/02\/vbb.jpg","type":"image\/jpeg"}],"twitter_card":"summary_large_image","twitter_misc":{"Verfasst von":"Redaktion","Gesch\u00e4tzte Lesezeit":"6\u00a0Minuten"},"schema":{"@context":"https:\/\/schema.org","@graph":[{"@type":"WebSite","@id":"https:\/\/www.deanreed.de\/AmericanRebel\/2017\/#website","url":"https:\/\/www.deanreed.de\/AmericanRebel\/2017\/","name":"Onlinezeitung AmericanRebel","description":"Internationale Onlinezeitung f\u00fcr Frieden, Humanismus, V\u00f6lkerverst\u00e4ndigung und Kultur","potentialAction":[{"@type":"SearchAction","target":{"@type":"EntryPoint","urlTemplate":"https:\/\/www.deanreed.de\/AmericanRebel\/2017\/?s={search_term_string}"},"query-input":"required name=search_term_string"}],"inLanguage":"de"},{"@type":"ImageObject","@id":"http:\/\/www.deanreed.de\/AmericanRebel\/2017\/2020\/02\/01\/spkw-maut-strafanzeige-gegen-verkehrsminister-scheuer\/#primaryimage","inLanguage":"de","url":"http:\/\/www.deanreed.de\/AmericanRebel\/2017\/wp-content\/uploads\/2020\/02\/vbb.jpg","contentUrl":"http:\/\/www.deanreed.de\/AmericanRebel\/2017\/wp-content\/uploads\/2020\/02\/vbb.jpg","width":960,"height":459,"caption":"Verkehr, Bildquelle: YouTube"},{"@type":"WebPage","@id":"http:\/\/www.deanreed.de\/AmericanRebel\/2017\/2020\/02\/01\/spkw-maut-strafanzeige-gegen-verkehrsminister-scheuer\/#webpage","url":"http:\/\/www.deanreed.de\/AmericanRebel\/2017\/2020\/02\/01\/spkw-maut-strafanzeige-gegen-verkehrsminister-scheuer\/","name":"- PKW-Maut \u2013 Strafanzeige gegen Minister Scheuer &ndash; Onlinezeitung AmericanRebel","isPartOf":{"@id":"https:\/\/www.deanreed.de\/AmericanRebel\/2017\/#website"},"primaryImageOfPage":{"@id":"http:\/\/www.deanreed.de\/AmericanRebel\/2017\/2020\/02\/01\/spkw-maut-strafanzeige-gegen-verkehrsminister-scheuer\/#primaryimage"},"datePublished":"2020-02-01T16:45:04+00:00","dateModified":"2020-02-01T16:54:34+00:00","author":{"@id":"https:\/\/www.deanreed.de\/AmericanRebel\/2017\/#\/schema\/person\/9edfca7917cd10b75edaae51c6e7935a"},"breadcrumb":{"@id":"http:\/\/www.deanreed.de\/AmericanRebel\/2017\/2020\/02\/01\/spkw-maut-strafanzeige-gegen-verkehrsminister-scheuer\/#breadcrumb"},"inLanguage":"de","potentialAction":[{"@type":"ReadAction","target":["http:\/\/www.deanreed.de\/AmericanRebel\/2017\/2020\/02\/01\/spkw-maut-strafanzeige-gegen-verkehrsminister-scheuer\/"]}]},{"@type":"BreadcrumbList","@id":"http:\/\/www.deanreed.de\/AmericanRebel\/2017\/2020\/02\/01\/spkw-maut-strafanzeige-gegen-verkehrsminister-scheuer\/#breadcrumb","itemListElement":[{"@type":"ListItem","position":1,"name":"Startseite","item":"https:\/\/www.deanreed.de\/AmericanRebel\/2017\/"},{"@type":"ListItem","position":2,"name":"&#8211; PKW-Maut \u2013 Strafanzeige gegen Minister Scheuer"}]},{"@type":"Person","@id":"https:\/\/www.deanreed.de\/AmericanRebel\/2017\/#\/schema\/person\/9edfca7917cd10b75edaae51c6e7935a","name":"Redaktion","url":"http:\/\/www.deanreed.de\/AmericanRebel\/2017\/author\/redaktion\/"}]}},"_links":{"self":[{"href":"http:\/\/www.deanreed.de\/AmericanRebel\/2017\/wp-json\/wp\/v2\/posts\/23952"}],"collection":[{"href":"http:\/\/www.deanreed.de\/AmericanRebel\/2017\/wp-json\/wp\/v2\/posts"}],"about":[{"href":"http:\/\/www.deanreed.de\/AmericanRebel\/2017\/wp-json\/wp\/v2\/types\/post"}],"author":[{"embeddable":true,"href":"http:\/\/www.deanreed.de\/AmericanRebel\/2017\/wp-json\/wp\/v2\/users\/2"}],"replies":[{"embeddable":true,"href":"http:\/\/www.deanreed.de\/AmericanRebel\/2017\/wp-json\/wp\/v2\/comments?post=23952"}],"version-history":[{"count":3,"href":"http:\/\/www.deanreed.de\/AmericanRebel\/2017\/wp-json\/wp\/v2\/posts\/23952\/revisions"}],"predecessor-version":[{"id":23957,"href":"http:\/\/www.deanreed.de\/AmericanRebel\/2017\/wp-json\/wp\/v2\/posts\/23952\/revisions\/23957"}],"wp:attachment":[{"href":"http:\/\/www.deanreed.de\/AmericanRebel\/2017\/wp-json\/wp\/v2\/media?parent=23952"}],"wp:term":[{"taxonomy":"category","embeddable":true,"href":"http:\/\/www.deanreed.de\/AmericanRebel\/2017\/wp-json\/wp\/v2\/categories?post=23952"},{"taxonomy":"post_tag","embeddable":true,"href":"http:\/\/www.deanreed.de\/AmericanRebel\/2017\/wp-json\/wp\/v2\/tags?post=23952"}],"curies":[{"name":"wp","href":"https:\/\/api.w.org\/{rel}","templated":true}]}}