{"id":23737,"date":"2020-01-10T00:01:41","date_gmt":"2020-01-09T23:01:41","guid":{"rendered":"http:\/\/www.deanreed.de\/AmericanRebel\/2017\/?p=23737"},"modified":"2020-01-10T00:03:11","modified_gmt":"2020-01-09T23:03:11","slug":"revolte-in-chile-2","status":"publish","type":"post","link":"http:\/\/www.deanreed.de\/AmericanRebel\/2017\/2020\/01\/10\/revolte-in-chile-2\/","title":{"rendered":"&#8211; Revolte in Chile"},"content":{"rendered":"<div class=\"entry\">\n<h4>Gaby Weber<\/h4>\n<h2 class=\"title style-scope ytd-video-primary-info-renderer\">Revolte in Chile<\/h2>\n<div id=\"attachment_23734\" style=\"width: 110px\" class=\"wp-caption alignleft\"><img aria-describedby=\"caption-attachment-23734\" loading=\"lazy\" class=\" wp-image-23734\" src=\"http:\/\/www.deanreed.de\/AmericanRebel\/2017\/wp-content\/uploads\/2020\/01\/Gaby-Weber-200x300.jpg\" alt=\"\" width=\"100\" height=\"150\" srcset=\"http:\/\/www.deanreed.de\/AmericanRebel\/2017\/wp-content\/uploads\/2020\/01\/Gaby-Weber-200x300.jpg 200w, http:\/\/www.deanreed.de\/AmericanRebel\/2017\/wp-content\/uploads\/2020\/01\/Gaby-Weber.jpg 500w\" sizes=\"(max-width: 100px) 100vw, 100px\" \/><p id=\"caption-attachment-23734\" class=\"wp-caption-text\"><span style=\"color: #808080;\">Gaby Weber<\/span><\/p><\/div>\n<p style=\"text-align: justify;\"><strong>Seit Mitte Oktober 2019 wird in Santiago de Chile jeden Freitag demonstriert. Im ganzen Land wurden dutzende Einkaufszentren abgefackelt, hunderte Polizeireviere niedergemacht, ebenso B\u00fcros, Hotels, Banken. Neue soziale Akteure, fern der Parteien und Institutionen, haben die chilenischen Eliten in Angst und Schrecken versetzt. Sie fordern ein neues Gesellschaftsmodell. An den W\u00e4nden steht: \u201eChile war die Wiege des Neoliberalismus und wird hier beerdigt werden\u201c.<\/strong><\/p>\n<p style=\"text-align: justify;\">Niemand hatte das vorausgesehen, auch nicht die radikale Linke, die gegen die Diktatur bewaffneten Widerstand geleistet hatte. Diese neuen Akteure werden \u201eflaites\u201c genannt, ein Schimpfwort, am ehesten zu \u00fcbersetzen mit: Proleten. Es sind Jugendliche aus den Vorst\u00e4dten oder vom Land ohne Bildung und ohne Zukunft, ausgeschlossen von Sozialprogrammen und den \u201eWohltaten\u201c der Marktwirtschaft. Sie k\u00fcmmern sich nicht um die politisch korrekte Sprachregelung, sind keine Veganer und haben, auch wenn viele Frauen auf den Barrikaden sind, mit traditionellen Feministinnen wenig zu tun. Obwohl sie die Medien als \u201eChaoten\u201c und \u201eRandalierer\u201c bezeichnen, l\u00e4sst sich die chilenische Mittelschicht nicht abschrecken. Die jungen Leute k\u00e4mpfen auch f\u00fcr sie, sprechen sie den Journalisten in die Mikrophone. Im Andenstaat ist die Geduld am Ende.<\/p>\n<p style=\"text-align: center;\"><strong>Dieser Film entstand ohne Finanzierung von dritter Seite;<br \/>\nSpenden \u00fcber Paypal: <span style=\"font-size: 14pt;\">gaby.weber@gmx.net<\/span><\/strong><\/p>\n<\/div>\n<div class=\"lyte-wrapper fourthree\" title=\"Revolte in Chile\" style=\"width:420px;max-width:100%;margin:5px auto;\"><div class=\"lyMe\" id=\"WYL_ASKLFa07ZPc\"><div id=\"lyte_ASKLFa07ZPc\" data-src=\"http:\/\/www.deanreed.de\/AmericanRebel\/2017\/wp-content\/plugins\/wp-youtube-lyte\/lyteCache.php?origThumbUrl=https%3A%2F%2Fi.ytimg.com%2Fvi%2FASKLFa07ZPc%2Fhqdefault.jpg\" class=\"pL\"><div class=\"tC\"><div class=\"tT\">Revolte in Chile<\/div><\/div><div class=\"play\"><\/div><div class=\"ctrl\"><div class=\"Lctrl\"><\/div><div class=\"Rctrl\"><\/div><\/div><\/div><noscript><a href=\"http:\/\/youtu.be\/ASKLFa07ZPc\"><img src=\"http:\/\/www.deanreed.de\/AmericanRebel\/2017\/wp-content\/plugins\/wp-youtube-lyte\/lyteCache.php?origThumbUrl=http%3A%2F%2Fi.ytimg.com%2Fvi%2FASKLFa07ZPc%2F0.jpg\" alt=\"Revolte in Chile\" width=\"420\" height=\"295\" \/><br \/>Dieses Video auf YouTube ansehen<\/a><\/noscript><\/div><\/div><div class=\"lL\" style=\"max-width:100%;width:420px;margin:5px auto;\"><\/div><\/p>\n<div class=\"entry\">\n<p><span style=\"color: #ffffff;\">.<\/span><\/p>\n<\/div>\n<blockquote>\n<p style=\"text-align: center;\"><span style=\"font-size: 10pt; color: #000000;\">F\u00fcr den Inhalt dieses Artikels ist der Autor bzw. die Autorin verantwortlich.<br \/>\nDabei muss es sich nicht grunds\u00e4tzlich um die Meinung der Redaktion handeln.<\/span><\/p>\n<div style=\"margin-left: 10px;\"><a title=\"zur Startseite\" href=\"http:\/\/www.americanrebel.de\/\"><img loading=\"lazy\" class=\"alignleft\" src=\"http:\/\/www.deanreed.de\/AmericanRebel\/2017\/wp-content\/uploads\/2017\/03\/back_ar.png\" alt=\"zur\u00fcck zur Startseite\" width=\"156\" height=\"15\" \/><\/a><\/div>\n<div style=\"margin-right: 10px;\"><a href=\"https:\/\/www.facebook.com\/groups\/1683837971860223\/permalink\/1987214344855916\/\" target=\"_blank\" rel=\"noopener noreferrer\"><img loading=\"lazy\" class=\"alignright\" src=\"http:\/\/www.deanreed.de\/AmericanRebel\/2017\/wp-content\/uploads\/2017\/03\/ar_zu_fb.png\" alt=\"hier geht es zur Facebook Diskussionsgruppe\" width=\"353\" height=\"15\" \/><\/a><\/div>\n<p style=\"text-align: center;\"><a href=\"#respond\" target=\"_blank\" rel=\"noopener noreferrer\"><img loading=\"lazy\" class=\"aligncenter\" src=\"http:\/\/www.deanreed.de\/AmericanRebel\/2017\/wp-content\/uploads\/2017\/03\/ar_kommentar-1.png\" alt=\"Sag uns deine Meinung zum Artikel mit einem Kommentar\/Leserbrief\" width=\"627\" height=\"20\" \/><\/a><\/p>\n<\/blockquote>\n","protected":false},"excerpt":{"rendered":"<p>Gaby Weber Revolte in Chile Seit Mitte Oktober 2019 wird in Santiago de Chile jeden Freitag demonstriert. Im ganzen Land wurden dutzende Einkaufszentren abgefackelt, hunderte Polizeireviere niedergemacht, ebenso B\u00fcros, Hotels, Banken. Neue soziale Akteure, fern der Parteien und Institutionen, haben [&hellip;]<a class=\"more-link\" href=\"http:\/\/www.deanreed.de\/AmericanRebel\/2017\/2020\/01\/10\/revolte-in-chile-2\/\">&darr; Lese den Rest von diesem Eintrag&#8230;<\/a><\/p>\n","protected":false},"author":2,"featured_media":0,"comment_status":"open","ping_status":"open","sticky":false,"template":"","format":"standard","meta":[],"categories":[1],"tags":[3766,748,135,8,3764,3770,3771,258,3777,3765,3763,3761,3204,2021,2698,3775,2490,3776,3772,3767,3768,1054,3762,3769,3773,3774],"yoast_head":"<!-- This site is optimized with the Yoast SEO plugin v17.5 - https:\/\/yoast.com\/wordpress\/plugins\/seo\/ -->\n<title>- Revolte in Chile &ndash; Onlinezeitung AmericanRebel<\/title>\n<meta name=\"robots\" content=\"index, follow, max-snippet:-1, max-image-preview:large, max-video-preview:-1\" \/>\n<link rel=\"canonical\" href=\"https:\/\/www.deanreed.de\/AmericanRebel\/2017\/2020\/01\/10\/revolte-in-chile-2\/\" \/>\n<meta property=\"og:locale\" content=\"de_DE\" \/>\n<meta property=\"og:type\" content=\"article\" \/>\n<meta property=\"og:title\" content=\"- Revolte in Chile &ndash; Onlinezeitung AmericanRebel\" \/>\n<meta property=\"og:description\" content=\"Gaby Weber Revolte in Chile Seit Mitte Oktober 2019 wird in Santiago de Chile jeden Freitag demonstriert. Im ganzen Land wurden dutzende Einkaufszentren abgefackelt, hunderte Polizeireviere niedergemacht, ebenso B\u00fcros, Hotels, Banken. Neue soziale Akteure, fern der Parteien und Institutionen, haben [&hellip;]&darr; Lese den Rest von diesem Eintrag...\" \/>\n<meta property=\"og:url\" content=\"https:\/\/www.deanreed.de\/AmericanRebel\/2017\/2020\/01\/10\/revolte-in-chile-2\/\" \/>\n<meta property=\"og:site_name\" content=\"Onlinezeitung AmericanRebel\" \/>\n<meta property=\"article:published_time\" content=\"2020-01-09T23:01:41+00:00\" \/>\n<meta property=\"article:modified_time\" content=\"2020-01-09T23:03:11+00:00\" \/>\n<meta property=\"og:image\" content=\"http:\/\/www.deanreed.de\/AmericanRebel\/2017\/wp-content\/uploads\/2020\/01\/ser.png\" \/>\n\t<meta property=\"og:image:width\" content=\"1042\" \/>\n\t<meta property=\"og:image:height\" content=\"527\" \/>\n<meta name=\"twitter:card\" content=\"summary_large_image\" \/>\n<meta name=\"twitter:label1\" content=\"Verfasst von\" \/>\n\t<meta name=\"twitter:data1\" content=\"Redaktion\" \/>\n\t<meta name=\"twitter:label2\" content=\"Gesch\u00e4tzte Lesezeit\" \/>\n\t<meta name=\"twitter:data2\" content=\"1\u00a0Minute\" \/>\n<script type=\"application\/ld+json\" class=\"yoast-schema-graph\">{\"@context\":\"https:\/\/schema.org\",\"@graph\":[{\"@type\":\"WebSite\",\"@id\":\"https:\/\/www.deanreed.de\/AmericanRebel\/2017\/#website\",\"url\":\"https:\/\/www.deanreed.de\/AmericanRebel\/2017\/\",\"name\":\"Onlinezeitung AmericanRebel\",\"description\":\"Internationale Onlinezeitung f\\u00fcr Frieden, Humanismus, V\\u00f6lkerverst\\u00e4ndigung und Kultur\",\"potentialAction\":[{\"@type\":\"SearchAction\",\"target\":{\"@type\":\"EntryPoint\",\"urlTemplate\":\"https:\/\/www.deanreed.de\/AmericanRebel\/2017\/?s={search_term_string}\"},\"query-input\":\"required name=search_term_string\"}],\"inLanguage\":\"de\"},{\"@type\":\"ImageObject\",\"@id\":\"https:\/\/www.deanreed.de\/AmericanRebel\/2017\/2020\/01\/10\/revolte-in-chile-2\/#primaryimage\",\"inLanguage\":\"de\",\"url\":\"http:\/\/www.deanreed.de\/AmericanRebel\/2017\/wp-content\/uploads\/2020\/01\/ser.png\",\"contentUrl\":\"http:\/\/www.deanreed.de\/AmericanRebel\/2017\/wp-content\/uploads\/2020\/01\/ser.png\",\"width\":1042,\"height\":527,\"caption\":\"Szenenfoto aus \\\"Revolte in Chile\\\". Gaby Weber, YouTube screenshot\"},{\"@type\":\"WebPage\",\"@id\":\"https:\/\/www.deanreed.de\/AmericanRebel\/2017\/2020\/01\/10\/revolte-in-chile-2\/#webpage\",\"url\":\"https:\/\/www.deanreed.de\/AmericanRebel\/2017\/2020\/01\/10\/revolte-in-chile-2\/\",\"name\":\"- Revolte in Chile &ndash; Onlinezeitung AmericanRebel\",\"isPartOf\":{\"@id\":\"https:\/\/www.deanreed.de\/AmericanRebel\/2017\/#website\"},\"primaryImageOfPage\":{\"@id\":\"https:\/\/www.deanreed.de\/AmericanRebel\/2017\/2020\/01\/10\/revolte-in-chile-2\/#primaryimage\"},\"datePublished\":\"2020-01-09T23:01:41+00:00\",\"dateModified\":\"2020-01-09T23:03:11+00:00\",\"author\":{\"@id\":\"https:\/\/www.deanreed.de\/AmericanRebel\/2017\/#\/schema\/person\/9edfca7917cd10b75edaae51c6e7935a\"},\"breadcrumb\":{\"@id\":\"https:\/\/www.deanreed.de\/AmericanRebel\/2017\/2020\/01\/10\/revolte-in-chile-2\/#breadcrumb\"},\"inLanguage\":\"de\",\"potentialAction\":[{\"@type\":\"ReadAction\",\"target\":[\"https:\/\/www.deanreed.de\/AmericanRebel\/2017\/2020\/01\/10\/revolte-in-chile-2\/\"]}]},{\"@type\":\"BreadcrumbList\",\"@id\":\"https:\/\/www.deanreed.de\/AmericanRebel\/2017\/2020\/01\/10\/revolte-in-chile-2\/#breadcrumb\",\"itemListElement\":[{\"@type\":\"ListItem\",\"position\":1,\"name\":\"Startseite\",\"item\":\"https:\/\/www.deanreed.de\/AmericanRebel\/2017\/\"},{\"@type\":\"ListItem\",\"position\":2,\"name\":\"&#8211; Revolte in Chile\"}]},{\"@type\":\"Person\",\"@id\":\"https:\/\/www.deanreed.de\/AmericanRebel\/2017\/#\/schema\/person\/9edfca7917cd10b75edaae51c6e7935a\",\"name\":\"Redaktion\",\"url\":\"http:\/\/www.deanreed.de\/AmericanRebel\/2017\/author\/redaktion\/\"}]}<\/script>\n<!-- \/ Yoast SEO plugin. -->","yoast_head_json":{"title":"- Revolte in Chile &ndash; Onlinezeitung AmericanRebel","robots":{"index":"index","follow":"follow","max-snippet":"max-snippet:-1","max-image-preview":"max-image-preview:large","max-video-preview":"max-video-preview:-1"},"canonical":"https:\/\/www.deanreed.de\/AmericanRebel\/2017\/2020\/01\/10\/revolte-in-chile-2\/","og_locale":"de_DE","og_type":"article","og_title":"- Revolte in Chile &ndash; Onlinezeitung AmericanRebel","og_description":"Gaby Weber Revolte in Chile Seit Mitte Oktober 2019 wird in Santiago de Chile jeden Freitag demonstriert. Im ganzen Land wurden dutzende Einkaufszentren abgefackelt, hunderte Polizeireviere niedergemacht, ebenso B\u00fcros, Hotels, Banken. Neue soziale Akteure, fern der Parteien und Institutionen, haben [&hellip;]&darr; Lese den Rest von diesem Eintrag...","og_url":"https:\/\/www.deanreed.de\/AmericanRebel\/2017\/2020\/01\/10\/revolte-in-chile-2\/","og_site_name":"Onlinezeitung AmericanRebel","article_published_time":"2020-01-09T23:01:41+00:00","article_modified_time":"2020-01-09T23:03:11+00:00","og_image":[{"width":1042,"height":527,"url":"http:\/\/www.deanreed.de\/AmericanRebel\/2017\/wp-content\/uploads\/2020\/01\/ser.png","type":"image\/png"}],"twitter_card":"summary_large_image","twitter_misc":{"Verfasst von":"Redaktion","Gesch\u00e4tzte Lesezeit":"1\u00a0Minute"},"schema":{"@context":"https:\/\/schema.org","@graph":[{"@type":"WebSite","@id":"https:\/\/www.deanreed.de\/AmericanRebel\/2017\/#website","url":"https:\/\/www.deanreed.de\/AmericanRebel\/2017\/","name":"Onlinezeitung AmericanRebel","description":"Internationale Onlinezeitung f\u00fcr Frieden, Humanismus, V\u00f6lkerverst\u00e4ndigung und Kultur","potentialAction":[{"@type":"SearchAction","target":{"@type":"EntryPoint","urlTemplate":"https:\/\/www.deanreed.de\/AmericanRebel\/2017\/?s={search_term_string}"},"query-input":"required name=search_term_string"}],"inLanguage":"de"},{"@type":"ImageObject","@id":"https:\/\/www.deanreed.de\/AmericanRebel\/2017\/2020\/01\/10\/revolte-in-chile-2\/#primaryimage","inLanguage":"de","url":"http:\/\/www.deanreed.de\/AmericanRebel\/2017\/wp-content\/uploads\/2020\/01\/ser.png","contentUrl":"http:\/\/www.deanreed.de\/AmericanRebel\/2017\/wp-content\/uploads\/2020\/01\/ser.png","width":1042,"height":527,"caption":"Szenenfoto aus \"Revolte in Chile\". Gaby Weber, YouTube screenshot"},{"@type":"WebPage","@id":"https:\/\/www.deanreed.de\/AmericanRebel\/2017\/2020\/01\/10\/revolte-in-chile-2\/#webpage","url":"https:\/\/www.deanreed.de\/AmericanRebel\/2017\/2020\/01\/10\/revolte-in-chile-2\/","name":"- Revolte in Chile &ndash; Onlinezeitung AmericanRebel","isPartOf":{"@id":"https:\/\/www.deanreed.de\/AmericanRebel\/2017\/#website"},"primaryImageOfPage":{"@id":"https:\/\/www.deanreed.de\/AmericanRebel\/2017\/2020\/01\/10\/revolte-in-chile-2\/#primaryimage"},"datePublished":"2020-01-09T23:01:41+00:00","dateModified":"2020-01-09T23:03:11+00:00","author":{"@id":"https:\/\/www.deanreed.de\/AmericanRebel\/2017\/#\/schema\/person\/9edfca7917cd10b75edaae51c6e7935a"},"breadcrumb":{"@id":"https:\/\/www.deanreed.de\/AmericanRebel\/2017\/2020\/01\/10\/revolte-in-chile-2\/#breadcrumb"},"inLanguage":"de","potentialAction":[{"@type":"ReadAction","target":["https:\/\/www.deanreed.de\/AmericanRebel\/2017\/2020\/01\/10\/revolte-in-chile-2\/"]}]},{"@type":"BreadcrumbList","@id":"https:\/\/www.deanreed.de\/AmericanRebel\/2017\/2020\/01\/10\/revolte-in-chile-2\/#breadcrumb","itemListElement":[{"@type":"ListItem","position":1,"name":"Startseite","item":"https:\/\/www.deanreed.de\/AmericanRebel\/2017\/"},{"@type":"ListItem","position":2,"name":"&#8211; Revolte in Chile"}]},{"@type":"Person","@id":"https:\/\/www.deanreed.de\/AmericanRebel\/2017\/#\/schema\/person\/9edfca7917cd10b75edaae51c6e7935a","name":"Redaktion","url":"http:\/\/www.deanreed.de\/AmericanRebel\/2017\/author\/redaktion\/"}]}},"_links":{"self":[{"href":"http:\/\/www.deanreed.de\/AmericanRebel\/2017\/wp-json\/wp\/v2\/posts\/23737"}],"collection":[{"href":"http:\/\/www.deanreed.de\/AmericanRebel\/2017\/wp-json\/wp\/v2\/posts"}],"about":[{"href":"http:\/\/www.deanreed.de\/AmericanRebel\/2017\/wp-json\/wp\/v2\/types\/post"}],"author":[{"embeddable":true,"href":"http:\/\/www.deanreed.de\/AmericanRebel\/2017\/wp-json\/wp\/v2\/users\/2"}],"replies":[{"embeddable":true,"href":"http:\/\/www.deanreed.de\/AmericanRebel\/2017\/wp-json\/wp\/v2\/comments?post=23737"}],"version-history":[{"count":2,"href":"http:\/\/www.deanreed.de\/AmericanRebel\/2017\/wp-json\/wp\/v2\/posts\/23737\/revisions"}],"predecessor-version":[{"id":23742,"href":"http:\/\/www.deanreed.de\/AmericanRebel\/2017\/wp-json\/wp\/v2\/posts\/23737\/revisions\/23742"}],"wp:attachment":[{"href":"http:\/\/www.deanreed.de\/AmericanRebel\/2017\/wp-json\/wp\/v2\/media?parent=23737"}],"wp:term":[{"taxonomy":"category","embeddable":true,"href":"http:\/\/www.deanreed.de\/AmericanRebel\/2017\/wp-json\/wp\/v2\/categories?post=23737"},{"taxonomy":"post_tag","embeddable":true,"href":"http:\/\/www.deanreed.de\/AmericanRebel\/2017\/wp-json\/wp\/v2\/tags?post=23737"}],"curies":[{"name":"wp","href":"https:\/\/api.w.org\/{rel}","templated":true}]}}