{"id":23592,"date":"2019-12-22T23:07:11","date_gmt":"2019-12-22T22:07:11","guid":{"rendered":"http:\/\/www.deanreed.de\/AmericanRebel\/2017\/?p=23592"},"modified":"2019-12-22T23:29:40","modified_gmt":"2019-12-22T22:29:40","slug":"sigmar-gabriel-spd-julio-assange-wurde-gefoltert","status":"publish","type":"post","link":"http:\/\/www.deanreed.de\/AmericanRebel\/2017\/2019\/12\/22\/sigmar-gabriel-spd-julio-assange-wurde-gefoltert\/","title":{"rendered":"&#8211; Sigmar Gabriel SPD &#8211; \u201eJulio Assange wurde gefoltert\u201c"},"content":{"rendered":"<h4>Rui Filipe Gutschmidt<\/h4>\n<h2><strong>Sigmar Gabriel SPD &#8211; \u201eJulio Assange wurde gefoltert\u201c \u2013<br \/>\nUnd was macht die Bundesregierung jetzt?<\/strong><\/h2>\n<div id=\"attachment_8722\" style=\"width: 110px\" class=\"wp-caption alignleft\"><img aria-describedby=\"caption-attachment-8722\" loading=\"lazy\" class=\"size-full wp-image-8722\" src=\"http:\/\/www.deanreed.de\/AmericanRebel\/2017\/wp-content\/uploads\/2037\/12\/Rui_Gutschmidt.jpg\" alt=\"\" width=\"100\" height=\"150\" \/><p id=\"caption-attachment-8722\" class=\"wp-caption-text\"><span style=\"color: #808080;\">Rui Filipe Gutschmidt<\/span><\/p><\/div>\n<p style=\"text-align: justify;\"><strong>In einem Tweet \u00e4u\u00dferte sich SPD-Politiker Sigmar Gabriel \u00fcber den Journalisten Julian Assange. So ist dem Au\u00dfenminister wohl endlich klar geworden, dass der Gr\u00fcnder von Wiki-Leaks gefoltert wurde und als Folteropfer ein Recht auf den Schutz der EU hat. Aber was wird Deutschlands Regierung machen?<\/strong><\/p>\n<p style=\"text-align: justify;\">Es ist offen gesagt ein Tweet der mich \u00fcberrascht hat. Nicht so sehr die Tatsache, dass dem SPD-Politiker klar ist, dass Julian Assange gefoltert wurde und ihm dementsprechend Schutz geb\u00fchrt, sondern die Tatsache, dass Gabriel dies \u00f6ffentlich ausspricht. Damit werden die Geheimdienste \u2013 allen voran die britischen und US-amerikanischen \u2013 blo\u00dfgestellt und offen der Folter bezichtigt. Ob Sigmar Gabriel sich der Schwere seines Tweets bewusst war?<\/p>\n<div id=\"attachment_23588\" style=\"width: 392px\" class=\"wp-caption alignright\"><img aria-describedby=\"caption-attachment-23588\" loading=\"lazy\" class=\" wp-image-23588\" src=\"http:\/\/www.deanreed.de\/AmericanRebel\/2017\/wp-content\/uploads\/2019\/12\/Tweet-von-Sigmar-Gabriel-Screenshot-Twitter-300x129-1-300x129.jpg\" alt=\"\" width=\"382\" height=\"164\" srcset=\"http:\/\/www.deanreed.de\/AmericanRebel\/2017\/wp-content\/uploads\/2019\/12\/Tweet-von-Sigmar-Gabriel-Screenshot-Twitter-300x129-1-300x129.jpg 300w, http:\/\/www.deanreed.de\/AmericanRebel\/2017\/wp-content\/uploads\/2019\/12\/Tweet-von-Sigmar-Gabriel-Screenshot-Twitter-300x129-1.jpg 400w\" sizes=\"(max-width: 382px) 100vw, 382px\" \/><p id=\"caption-attachment-23588\" class=\"wp-caption-text\"><span style=\"color: #808080;\"><span style=\"color: #ffffff;\">&#8230;<\/span>Tweet von Sigmar Gabriel &#8211; Screenshot Twitter<\/span><\/p><\/div>\n<p style=\"text-align: justify;\">Die LINKE hat dazu eine Ansicht, die von Sevim Dagdelen, die f\u00fcr die Fraktion von DIE LINKE Mitglied im Ausw\u00e4rtigen Ausschuss des Bundestages sitzt. Anl\u00e4sslich ihrer Teilnahme als Prozessbeobachterin bei der Anh\u00f6rung des Journalisten und WikiLeaks-Gr\u00fcnders Julian Assange in London sagte sie:<\/p>\n<p style=\"text-align: justify;\">\u201eDer Umgang der britischen Beh\u00f6rden mit Julian Assange ist ein Armutszeugnis f\u00fcr den Rechtsstaat. Das Verfahren soll potenzielle Whistleblower abschrecken. Eine Auslieferung an die USA w\u00e4re ein schwerer Schlag gegen die Pressefreiheit in Europa.\u201c <div class=\"hide-this-part-wrap\"><div class=\"hide-this-part-more\" id=\"hide-this-part-0\" morelink-text=\"hier geht es weiter\">hier geht es weiter \u00bb<\/div><div class=\"hide-this-part\" status=\"invisible\"><\/p>\n<p style=\"text-align: justify;\">Das Schweigen von Kanzlerin Angela Merkel und der EU ist aber auch ein Armutszeugnis! Die Bundesregierung wei\u00df genau, was Assange in britischer Haft durchstehen muss und tut nichts.<\/p>\n<div id=\"attachment_23597\" style=\"width: 331px\" class=\"wp-caption alignright\"><img aria-describedby=\"caption-attachment-23597\" loading=\"lazy\" class=\" wp-image-23597\" src=\"http:\/\/www.deanreed.de\/AmericanRebel\/2017\/wp-content\/uploads\/2019\/12\/1-300x184.png\" alt=\"\" width=\"321\" height=\"197\" srcset=\"http:\/\/www.deanreed.de\/AmericanRebel\/2017\/wp-content\/uploads\/2019\/12\/1-300x184.png 300w, http:\/\/www.deanreed.de\/AmericanRebel\/2017\/wp-content\/uploads\/2019\/12\/1.png 630w\" sizes=\"(max-width: 321px) 100vw, 321px\" \/><p id=\"caption-attachment-23597\" class=\"wp-caption-text\"><span style=\"color: #808080;\">Fotomontage, Bild: YouTube screenshot<\/span><\/p><\/div>\n<p style=\"text-align: justify;\">\u201eIch bin in gro\u00dfer Sorge um das Leben von Julian Assange. Der UN-Sonderberichterstatter zu Folter hat mit einem unabh\u00e4ngigen \u00c4rzteteam schon im Mai festgestellt, dass Julian Assange alle Folgen von psychologischer Folter aufweist und dringend aus der Haft entlassen werden muss. Aber statt Hilfe und Rechtsstaatlichkeit bekommt er weiterhin Isolationshaft. Das anhaltende Schweigen der Bundesregierung zum Fall Assange ist besch\u00e4mend, sie muss sich endlich klar f\u00fcr Rechtsstaatlichkeit positionieren. Julian Assange muss ein faires Verfahren bekommen. Daf\u00fcr ist seine Genesung unabdingbare Voraussetzung. Er muss umgehend aus der Haft entlassen werden.\u201c, erkl\u00e4rt Dagdelen weiter.<\/p>\n<p style=\"text-align: justify;\">Die Freie Presseagentur Pressenza, dessen Beitrag f\u00fcr diesen Artikel als Quelle genutzt wurde, berichtet auch \u00fcber einen Brief, den die Gr\u00fcnen-Rechtsexpertin Manuela Rottmann, die medienpolitische Sprecherin der Gr\u00fcnen-Fraktion, Margit Stumpp und der Gr\u00fcnen-Menschenrechtsexpertin Margarete Bause an Au\u00dfenminister Heiko Maas (SPD) gem\u00e4\u00df Mitteilung vom Redaktions-Netzwerk Deutschland (RND), geschickt haben. Darin hei\u00dft es:<\/p>\n<div id=\"attachment_23589\" style=\"width: 330px\" class=\"wp-caption alignleft\"><img aria-describedby=\"caption-attachment-23589\" loading=\"lazy\" class=\" wp-image-23589\" src=\"http:\/\/www.deanreed.de\/AmericanRebel\/2017\/wp-content\/uploads\/2019\/12\/Sevim-Dagdelen-DIE-LINKE-Foto-Niels-Holger-Schmidt-Wikipedia-Commons-CC-BY-SA-2.0-300x149.jpg\" alt=\"\" width=\"320\" height=\"159\" srcset=\"http:\/\/www.deanreed.de\/AmericanRebel\/2017\/wp-content\/uploads\/2019\/12\/Sevim-Dagdelen-DIE-LINKE-Foto-Niels-Holger-Schmidt-Wikipedia-Commons-CC-BY-SA-2.0-300x149.jpg 300w, http:\/\/www.deanreed.de\/AmericanRebel\/2017\/wp-content\/uploads\/2019\/12\/Sevim-Dagdelen-DIE-LINKE-Foto-Niels-Holger-Schmidt-Wikipedia-Commons-CC-BY-SA-2.0.jpg 639w\" sizes=\"(max-width: 320px) 100vw, 320px\" \/><p id=\"caption-attachment-23589\" class=\"wp-caption-text\"><span style=\"color: #808080;\">Sevim Dagdelen, DIE LINKE &#8211; Foto Niels Holger Schmidt Wikipedia Commons CC BY-SA 2.0<\/span><\/p><\/div>\n<p style=\"text-align: justify;\">\u201eWenn der Fall Assange von Deutschland unkommentiert hingenommen wird, k\u00f6nnte das der Meinungs- und Informationsfreiheit in Europa und weltweit, sowie der Glaubw\u00fcrdigkeit der EU beim Schutz der Menschenrechte, einen erheblichen Schlag versetzen.\u201c<\/p>\n<p style=\"text-align: justify;\">Die Bundesregierung wird wahrscheinlich NICHTS machen. Das Verh\u00e4ltnis zu den Briten\u00a0ist\u00a0wegen dem Brexit schon jetzt \u00e4u\u00dfert angespannt und so will man sich sicher nicht wegen einem Thema wie die Pressefreiheit mit Boris Johnson anlegen. So wird Assange weiter von Regierungen und Mainstream totgeschwiegen. Es ist daher die Pflicht\u00a0 der Freien Medien die \u00d6ffentlichkeit weiter zu informieren und dem Kampf f\u00fcr die Presse- und Meinungsfreiheit weiterhin eine Stimme geben.<\/p>\n<p style=\"text-align: justify;\">Dazu passt auch die erneute Versch\u00e4rfung der Facebook-Regeln, beziehungsweise die Umsetzung der nicht ganz klaren Richtlinien. Zu viel geteilt? Sperre! Zu viele Beitritte in Gruppen? Sperre! Aber WIE OFT DARF MAN TEILEN? Lange Zeit galt: 3 mal pro Stunde! Dieses Limit wurde nach langem Experimentieren und vielen Sperren f\u00fcr 3-7 Tage von mir herausgefunden. Es steht aber nirgendwo geschrieben. Man wei\u00df nie woran man ist. Vor einiger Zeit bemerkte ich, dass ich wieder in alle meine Gruppen \u2013passend zum Thema \u2013 hintereinander weg teilen durfte. Dann kam pl\u00f6tzlich eine Sperre f\u00fcr 3 Tage. Etwas sp\u00e4ter, trotz Zur\u00fcckhaltung, eine 7-Tagessperre. Jetzt also einen Monat! F\u00fcr mich sind es fadenscheinige Begr\u00fcndungen, um Seitenbesitzer dazu zu zwingen, Facebook f\u00fcr das Bewerben seiner Artikel zu bezahlen. Herr Zuckerberg und seine Aktion\u00e4re bekommen den Hals nicht voll. Kapitalismus ist Mord, ist Diktatur, ist Sklaverei, die Macht des Geldes!<\/p>\n<p style=\"text-align: justify;\"><span lang=\"de-DE\"><img loading=\"lazy\" class=\"alignleft wp-image-23590\" src=\"http:\/\/www.deanreed.de\/AmericanRebel\/2017\/wp-content\/uploads\/2019\/12\/zzz-300x39.png\" alt=\"\" width=\"600\" height=\"78\" srcset=\"http:\/\/www.deanreed.de\/AmericanRebel\/2017\/wp-content\/uploads\/2019\/12\/zzz-300x39.png 300w, http:\/\/www.deanreed.de\/AmericanRebel\/2017\/wp-content\/uploads\/2019\/12\/zzz.png 735w\" sizes=\"(max-width: 600px) 100vw, 600px\" \/><\/span><\/p>\n<p>&nbsp;<\/p>\n<div id=\"sdfootnote12\">\n<p><span class=\"_4n-j _fbReactionComponent__eventDetailsContentTags fsl\" data-testid=\"event-permalink-details\">\u00a0<\/span><\/p>\n<\/div>\n<p><span style=\"font-size: 10pt;\"><br \/>\n<span style=\"color: #ffffff;\">.<\/span><br \/>\nErstver\u00f6ffentlichung heute oder vor ein paar Tagen in unserer Partnerzeitung <a href=\"http:\/\/www.Info-Welt.eu\" target=\"_blank\" rel=\"noopener noreferrer\">INFO-WELT<\/a>. <\/span><br \/>\n<span style=\"color: #ffffff;\">.<\/span><br \/>\n<span style=\"font-size: 10pt;\"><a href=\"http:\/\/www.deanreed.de\/AmericanRebel\/2017\/?cat=122\" target=\"_blank\" rel=\"noopener noreferrer\">Weitere Artikel von Rui Filipe Gutschmidt<\/a><\/span><br \/>\n<span style=\"color: #ffffff;\">.<\/span><\/p>\n<blockquote>\n<p style=\"text-align: center;\"><span style=\"font-size: 10pt; color: #000000;\">F\u00fcr den Inhalt dieses Artikels ist der Autor bzw. die Autorin verantwortlich.<br \/>\nDabei muss es sich nicht grunds\u00e4tzlich um die Meinung der Redaktion handeln.<\/span><\/p>\n<table width=\"100%\" align=\"center\">\n<tbody>\n<tr>\n<td>\n<form action=\"https:\/\/www.paypal.com\/cgi-bin\/webscr\" method=\"post\" target=\"_top\"><input alt=\"Jetzt einfach, schnell und sicher online bezahlen \u2013 mit PayPal.\" name=\"submit\" src=\"https:\/\/www.paypalobjects.com\/de_DE\/DE\/i\/btn\/btn_donateCC_LG.gif\" type=\"image\" \/><\/form>\n<\/td>\n<td><span style=\"color: #993300;\"><strong>Auch linker Journalismus ist nicht kostenlos<br \/>\nund auch kleine Spenden k\u00f6nnen helfen Gro\u00dfes zu ver\u00f6ffentlichen!<\/strong><\/span><\/td>\n<\/tr>\n<\/tbody>\n<\/table>\n<div style=\"margin-left: 10px;\"><a title=\"zur Startseite\" href=\"http:\/\/www.americanrebel.de\/\"><img loading=\"lazy\" class=\"alignleft\" src=\"http:\/\/www.deanreed.de\/AmericanRebel\/2017\/wp-content\/uploads\/2017\/03\/back_ar.png\" alt=\"zur\u00fcck zur Startseite\" width=\"156\" height=\"15\" \/><\/a><\/div>\n<div style=\"margin-right: 10px;\"><a href=\"https:\/\/www.facebook.com\/groups\/1683837971860223\/permalink\/1987214344855916\/\" target=\"_blank\" rel=\"noopener noreferrer\"><img loading=\"lazy\" class=\"alignright\" src=\"http:\/\/www.deanreed.de\/AmericanRebel\/2017\/wp-content\/uploads\/2017\/03\/ar_zu_fb.png\" alt=\"hier geht es zur Facebook Diskussionsgruppe\" width=\"353\" height=\"15\" \/><\/a><\/div>\n<p style=\"text-align: center;\"><a href=\"#respond\" target=\"_blank\" rel=\"noopener noreferrer\"><img loading=\"lazy\" class=\"aligncenter\" src=\"http:\/\/www.deanreed.de\/AmericanRebel\/2017\/wp-content\/uploads\/2017\/03\/ar_kommentar-1.png\" alt=\"Sag uns deine Meinung zum Artikel mit einem Kommentar\/Leserbrief\" width=\"627\" height=\"20\" \/><\/a><span class=\"_4n-j _fbReactionComponent__eventDetailsContentTags fsl\" data-testid=\"event-permalink-details\"><\/div><!-- .hide-this-part --><\/div><!-- hide-this-part-wrap --><\/span><\/p>\n<\/blockquote>\n","protected":false},"excerpt":{"rendered":"<p>Rui Filipe Gutschmidt Sigmar Gabriel SPD &#8211; \u201eJulio Assange wurde gefoltert\u201c \u2013 Und was macht die Bundesregierung jetzt? In einem Tweet \u00e4u\u00dferte sich SPD-Politiker Sigmar Gabriel \u00fcber den Journalisten Julian Assange. So ist dem Au\u00dfenminister wohl endlich klar geworden, dass [&hellip;]<a class=\"more-link\" href=\"http:\/\/www.deanreed.de\/AmericanRebel\/2017\/2019\/12\/22\/sigmar-gabriel-spd-julio-assange-wurde-gefoltert\/\">&darr; Lese den Rest von diesem Eintrag&#8230;<\/a><\/p>\n","protected":false},"author":2,"featured_media":0,"comment_status":"open","ping_status":"open","sticky":false,"template":"","format":"standard","meta":[],"categories":[1],"tags":[3620,748,3621,8,847,511,3273,3622,3623,3624,3501,3625,1273,904,1119,3626,3489,3627,3628,3629,3630,3631,3632,3301,3633,430,3634,2159,3635],"yoast_head":"<!-- This site is optimized with the Yoast SEO plugin v17.5 - https:\/\/yoast.com\/wordpress\/plugins\/seo\/ -->\n<title>- Sigmar Gabriel SPD - \u201eJulio Assange wurde gefoltert\u201c &ndash; Onlinezeitung AmericanRebel<\/title>\n<meta name=\"robots\" content=\"index, follow, max-snippet:-1, max-image-preview:large, max-video-preview:-1\" \/>\n<link rel=\"canonical\" href=\"http:\/\/www.deanreed.de\/AmericanRebel\/2017\/2019\/12\/22\/sigmar-gabriel-spd-julio-assange-wurde-gefoltert\/\" \/>\n<meta property=\"og:locale\" content=\"de_DE\" \/>\n<meta property=\"og:type\" content=\"article\" \/>\n<meta property=\"og:title\" content=\"- Sigmar Gabriel SPD - \u201eJulio Assange wurde gefoltert\u201c &ndash; Onlinezeitung AmericanRebel\" \/>\n<meta property=\"og:description\" content=\"Rui Filipe Gutschmidt Sigmar Gabriel SPD &#8211; \u201eJulio Assange wurde gefoltert\u201c \u2013 Und was macht die Bundesregierung jetzt? In einem Tweet \u00e4u\u00dferte sich SPD-Politiker Sigmar Gabriel \u00fcber den Journalisten Julian Assange. So ist dem Au\u00dfenminister wohl endlich klar geworden, dass [&hellip;]&darr; Lese den Rest von diesem Eintrag...\" \/>\n<meta property=\"og:url\" content=\"http:\/\/www.deanreed.de\/AmericanRebel\/2017\/2019\/12\/22\/sigmar-gabriel-spd-julio-assange-wurde-gefoltert\/\" \/>\n<meta property=\"og:site_name\" content=\"Onlinezeitung AmericanRebel\" \/>\n<meta property=\"article:published_time\" content=\"2019-12-22T22:07:11+00:00\" \/>\n<meta property=\"article:modified_time\" content=\"2019-12-22T22:29:40+00:00\" \/>\n<meta property=\"og:image\" content=\"http:\/\/www.deanreed.de\/AmericanRebel\/2017\/wp-content\/uploads\/2019\/12\/1.png\" \/>\n\t<meta property=\"og:image:width\" content=\"630\" \/>\n\t<meta property=\"og:image:height\" content=\"387\" \/>\n<meta name=\"twitter:card\" content=\"summary_large_image\" \/>\n<meta name=\"twitter:label1\" content=\"Verfasst von\" \/>\n\t<meta name=\"twitter:data1\" content=\"Redaktion\" \/>\n\t<meta name=\"twitter:label2\" content=\"Gesch\u00e4tzte Lesezeit\" \/>\n\t<meta name=\"twitter:data2\" content=\"4\u00a0Minuten\" \/>\n<script type=\"application\/ld+json\" class=\"yoast-schema-graph\">{\"@context\":\"https:\/\/schema.org\",\"@graph\":[{\"@type\":\"WebSite\",\"@id\":\"https:\/\/www.deanreed.de\/AmericanRebel\/2017\/#website\",\"url\":\"https:\/\/www.deanreed.de\/AmericanRebel\/2017\/\",\"name\":\"Onlinezeitung AmericanRebel\",\"description\":\"Internationale Onlinezeitung f\\u00fcr Frieden, Humanismus, V\\u00f6lkerverst\\u00e4ndigung und Kultur\",\"potentialAction\":[{\"@type\":\"SearchAction\",\"target\":{\"@type\":\"EntryPoint\",\"urlTemplate\":\"https:\/\/www.deanreed.de\/AmericanRebel\/2017\/?s={search_term_string}\"},\"query-input\":\"required name=search_term_string\"}],\"inLanguage\":\"de\"},{\"@type\":\"ImageObject\",\"@id\":\"http:\/\/www.deanreed.de\/AmericanRebel\/2017\/2019\/12\/22\/sigmar-gabriel-spd-julio-assange-wurde-gefoltert\/#primaryimage\",\"inLanguage\":\"de\",\"url\":\"http:\/\/www.deanreed.de\/AmericanRebel\/2017\/wp-content\/uploads\/2019\/12\/1.png\",\"contentUrl\":\"http:\/\/www.deanreed.de\/AmericanRebel\/2017\/wp-content\/uploads\/2019\/12\/1.png\",\"width\":630,\"height\":387,\"caption\":\"Fotomontage, Bild: YouTube screenshot\"},{\"@type\":\"WebPage\",\"@id\":\"http:\/\/www.deanreed.de\/AmericanRebel\/2017\/2019\/12\/22\/sigmar-gabriel-spd-julio-assange-wurde-gefoltert\/#webpage\",\"url\":\"http:\/\/www.deanreed.de\/AmericanRebel\/2017\/2019\/12\/22\/sigmar-gabriel-spd-julio-assange-wurde-gefoltert\/\",\"name\":\"- Sigmar Gabriel SPD - \\u201eJulio Assange wurde gefoltert\\u201c &ndash; Onlinezeitung AmericanRebel\",\"isPartOf\":{\"@id\":\"https:\/\/www.deanreed.de\/AmericanRebel\/2017\/#website\"},\"primaryImageOfPage\":{\"@id\":\"http:\/\/www.deanreed.de\/AmericanRebel\/2017\/2019\/12\/22\/sigmar-gabriel-spd-julio-assange-wurde-gefoltert\/#primaryimage\"},\"datePublished\":\"2019-12-22T22:07:11+00:00\",\"dateModified\":\"2019-12-22T22:29:40+00:00\",\"author\":{\"@id\":\"https:\/\/www.deanreed.de\/AmericanRebel\/2017\/#\/schema\/person\/9edfca7917cd10b75edaae51c6e7935a\"},\"breadcrumb\":{\"@id\":\"http:\/\/www.deanreed.de\/AmericanRebel\/2017\/2019\/12\/22\/sigmar-gabriel-spd-julio-assange-wurde-gefoltert\/#breadcrumb\"},\"inLanguage\":\"de\",\"potentialAction\":[{\"@type\":\"ReadAction\",\"target\":[\"http:\/\/www.deanreed.de\/AmericanRebel\/2017\/2019\/12\/22\/sigmar-gabriel-spd-julio-assange-wurde-gefoltert\/\"]}]},{\"@type\":\"BreadcrumbList\",\"@id\":\"http:\/\/www.deanreed.de\/AmericanRebel\/2017\/2019\/12\/22\/sigmar-gabriel-spd-julio-assange-wurde-gefoltert\/#breadcrumb\",\"itemListElement\":[{\"@type\":\"ListItem\",\"position\":1,\"name\":\"Startseite\",\"item\":\"https:\/\/www.deanreed.de\/AmericanRebel\/2017\/\"},{\"@type\":\"ListItem\",\"position\":2,\"name\":\"&#8211; Sigmar Gabriel SPD &#8211; \\u201eJulio Assange wurde gefoltert\\u201c\"}]},{\"@type\":\"Person\",\"@id\":\"https:\/\/www.deanreed.de\/AmericanRebel\/2017\/#\/schema\/person\/9edfca7917cd10b75edaae51c6e7935a\",\"name\":\"Redaktion\",\"url\":\"http:\/\/www.deanreed.de\/AmericanRebel\/2017\/author\/redaktion\/\"}]}<\/script>\n<!-- \/ Yoast SEO plugin. -->","yoast_head_json":{"title":"- Sigmar Gabriel SPD - \u201eJulio Assange wurde gefoltert\u201c &ndash; Onlinezeitung AmericanRebel","robots":{"index":"index","follow":"follow","max-snippet":"max-snippet:-1","max-image-preview":"max-image-preview:large","max-video-preview":"max-video-preview:-1"},"canonical":"http:\/\/www.deanreed.de\/AmericanRebel\/2017\/2019\/12\/22\/sigmar-gabriel-spd-julio-assange-wurde-gefoltert\/","og_locale":"de_DE","og_type":"article","og_title":"- Sigmar Gabriel SPD - \u201eJulio Assange wurde gefoltert\u201c &ndash; Onlinezeitung AmericanRebel","og_description":"Rui Filipe Gutschmidt Sigmar Gabriel SPD &#8211; \u201eJulio Assange wurde gefoltert\u201c \u2013 Und was macht die Bundesregierung jetzt? In einem Tweet \u00e4u\u00dferte sich SPD-Politiker Sigmar Gabriel \u00fcber den Journalisten Julian Assange. So ist dem Au\u00dfenminister wohl endlich klar geworden, dass [&hellip;]&darr; Lese den Rest von diesem Eintrag...","og_url":"http:\/\/www.deanreed.de\/AmericanRebel\/2017\/2019\/12\/22\/sigmar-gabriel-spd-julio-assange-wurde-gefoltert\/","og_site_name":"Onlinezeitung AmericanRebel","article_published_time":"2019-12-22T22:07:11+00:00","article_modified_time":"2019-12-22T22:29:40+00:00","og_image":[{"width":630,"height":387,"url":"http:\/\/www.deanreed.de\/AmericanRebel\/2017\/wp-content\/uploads\/2019\/12\/1.png","type":"image\/png"}],"twitter_card":"summary_large_image","twitter_misc":{"Verfasst von":"Redaktion","Gesch\u00e4tzte Lesezeit":"4\u00a0Minuten"},"schema":{"@context":"https:\/\/schema.org","@graph":[{"@type":"WebSite","@id":"https:\/\/www.deanreed.de\/AmericanRebel\/2017\/#website","url":"https:\/\/www.deanreed.de\/AmericanRebel\/2017\/","name":"Onlinezeitung AmericanRebel","description":"Internationale Onlinezeitung f\u00fcr Frieden, Humanismus, V\u00f6lkerverst\u00e4ndigung und Kultur","potentialAction":[{"@type":"SearchAction","target":{"@type":"EntryPoint","urlTemplate":"https:\/\/www.deanreed.de\/AmericanRebel\/2017\/?s={search_term_string}"},"query-input":"required name=search_term_string"}],"inLanguage":"de"},{"@type":"ImageObject","@id":"http:\/\/www.deanreed.de\/AmericanRebel\/2017\/2019\/12\/22\/sigmar-gabriel-spd-julio-assange-wurde-gefoltert\/#primaryimage","inLanguage":"de","url":"http:\/\/www.deanreed.de\/AmericanRebel\/2017\/wp-content\/uploads\/2019\/12\/1.png","contentUrl":"http:\/\/www.deanreed.de\/AmericanRebel\/2017\/wp-content\/uploads\/2019\/12\/1.png","width":630,"height":387,"caption":"Fotomontage, Bild: YouTube screenshot"},{"@type":"WebPage","@id":"http:\/\/www.deanreed.de\/AmericanRebel\/2017\/2019\/12\/22\/sigmar-gabriel-spd-julio-assange-wurde-gefoltert\/#webpage","url":"http:\/\/www.deanreed.de\/AmericanRebel\/2017\/2019\/12\/22\/sigmar-gabriel-spd-julio-assange-wurde-gefoltert\/","name":"- Sigmar Gabriel SPD - \u201eJulio Assange wurde gefoltert\u201c &ndash; Onlinezeitung AmericanRebel","isPartOf":{"@id":"https:\/\/www.deanreed.de\/AmericanRebel\/2017\/#website"},"primaryImageOfPage":{"@id":"http:\/\/www.deanreed.de\/AmericanRebel\/2017\/2019\/12\/22\/sigmar-gabriel-spd-julio-assange-wurde-gefoltert\/#primaryimage"},"datePublished":"2019-12-22T22:07:11+00:00","dateModified":"2019-12-22T22:29:40+00:00","author":{"@id":"https:\/\/www.deanreed.de\/AmericanRebel\/2017\/#\/schema\/person\/9edfca7917cd10b75edaae51c6e7935a"},"breadcrumb":{"@id":"http:\/\/www.deanreed.de\/AmericanRebel\/2017\/2019\/12\/22\/sigmar-gabriel-spd-julio-assange-wurde-gefoltert\/#breadcrumb"},"inLanguage":"de","potentialAction":[{"@type":"ReadAction","target":["http:\/\/www.deanreed.de\/AmericanRebel\/2017\/2019\/12\/22\/sigmar-gabriel-spd-julio-assange-wurde-gefoltert\/"]}]},{"@type":"BreadcrumbList","@id":"http:\/\/www.deanreed.de\/AmericanRebel\/2017\/2019\/12\/22\/sigmar-gabriel-spd-julio-assange-wurde-gefoltert\/#breadcrumb","itemListElement":[{"@type":"ListItem","position":1,"name":"Startseite","item":"https:\/\/www.deanreed.de\/AmericanRebel\/2017\/"},{"@type":"ListItem","position":2,"name":"&#8211; Sigmar Gabriel SPD &#8211; \u201eJulio Assange wurde gefoltert\u201c"}]},{"@type":"Person","@id":"https:\/\/www.deanreed.de\/AmericanRebel\/2017\/#\/schema\/person\/9edfca7917cd10b75edaae51c6e7935a","name":"Redaktion","url":"http:\/\/www.deanreed.de\/AmericanRebel\/2017\/author\/redaktion\/"}]}},"_links":{"self":[{"href":"http:\/\/www.deanreed.de\/AmericanRebel\/2017\/wp-json\/wp\/v2\/posts\/23592"}],"collection":[{"href":"http:\/\/www.deanreed.de\/AmericanRebel\/2017\/wp-json\/wp\/v2\/posts"}],"about":[{"href":"http:\/\/www.deanreed.de\/AmericanRebel\/2017\/wp-json\/wp\/v2\/types\/post"}],"author":[{"embeddable":true,"href":"http:\/\/www.deanreed.de\/AmericanRebel\/2017\/wp-json\/wp\/v2\/users\/2"}],"replies":[{"embeddable":true,"href":"http:\/\/www.deanreed.de\/AmericanRebel\/2017\/wp-json\/wp\/v2\/comments?post=23592"}],"version-history":[{"count":7,"href":"http:\/\/www.deanreed.de\/AmericanRebel\/2017\/wp-json\/wp\/v2\/posts\/23592\/revisions"}],"predecessor-version":[{"id":23601,"href":"http:\/\/www.deanreed.de\/AmericanRebel\/2017\/wp-json\/wp\/v2\/posts\/23592\/revisions\/23601"}],"wp:attachment":[{"href":"http:\/\/www.deanreed.de\/AmericanRebel\/2017\/wp-json\/wp\/v2\/media?parent=23592"}],"wp:term":[{"taxonomy":"category","embeddable":true,"href":"http:\/\/www.deanreed.de\/AmericanRebel\/2017\/wp-json\/wp\/v2\/categories?post=23592"},{"taxonomy":"post_tag","embeddable":true,"href":"http:\/\/www.deanreed.de\/AmericanRebel\/2017\/wp-json\/wp\/v2\/tags?post=23592"}],"curies":[{"name":"wp","href":"https:\/\/api.w.org\/{rel}","templated":true}]}}