{"id":23109,"date":"2019-11-18T19:32:55","date_gmt":"2019-11-18T18:32:55","guid":{"rendered":"http:\/\/www.deanreed.de\/AmericanRebel\/2017\/?p=23109"},"modified":"2019-11-18T19:46:32","modified_gmt":"2019-11-18T18:46:32","slug":"ns-akteure-und-volksgemeinschaft-gegen-die-juden-in-wuerttemberg-und-hohenzollern","status":"publish","type":"post","link":"http:\/\/www.deanreed.de\/AmericanRebel\/2017\/2019\/11\/18\/ns-akteure-und-volksgemeinschaft-gegen-die-juden-in-wuerttemberg-und-hohenzollern\/","title":{"rendered":"&#8211; NS-Akteure und \u00bbVolksgemeinschaft\u00ab gegen die Juden in W\u00fcrttemberg und Hohenzollern"},"content":{"rendered":"<h4>Inge M\u00f6ller<\/h4>\n<h2>NS-Akteure und \u00bbVolksgemeinschaft\u00ab<br \/>\ngegen die Juden in W\u00fcrttemberg und Hohenzollern<\/h2>\n<h4><strong>Buchbesprechung: \u201eAusgrenzung \u2013 Raub \u2013 Vernichtung\u201c<br \/>\nvon Heinz H\u00f6gerle, Peter M\u00fcller und Martin Ulmer (Herausg.)<br \/>\n<span style=\"color: #ffffff;\">.<\/span><br \/>\n<\/strong><\/h4>\n<div id=\"attachment_10796\" style=\"width: 110px\" class=\"wp-caption alignleft\"><img aria-describedby=\"caption-attachment-10796\" loading=\"lazy\" class=\" wp-image-10796\" src=\"http:\/\/www.deanreed.de\/AmericanRebel\/2017\/wp-content\/uploads\/2016\/03\/7632.jpg\" alt=\"\" width=\"100\" height=\"150\" \/><p id=\"caption-attachment-10796\" class=\"wp-caption-text\"><span style=\"color: #808080;\">Inge M\u00f6ller<\/span><\/p><\/div>\n<p style=\"text-align: justify;\"><strong>\u201eNeue Forschungsergebnisse zur Auspl\u00fcnderung der j\u00fcdischen Bev\u00f6lkerung in W\u00fcrttemberg und Hohenzollern\u201cNS-Akteure und \u00bbVolksgemeinschaft\u00ab gegen die Juden in W\u00fcrttemberg und Hohenzollern<\/strong><\/p>\n<p style=\"text-align: justify;\"><img loading=\"lazy\" class=\" wp-image-23112 alignright\" src=\"http:\/\/www.deanreed.de\/AmericanRebel\/2017\/wp-content\/uploads\/2019\/11\/Bildschirmfoto-2019-11-18-um-19.17.09-202x300.png\" alt=\"\" width=\"203\" height=\"301\" srcset=\"http:\/\/www.deanreed.de\/AmericanRebel\/2017\/wp-content\/uploads\/2019\/11\/Bildschirmfoto-2019-11-18-um-19.17.09-202x300.png 202w, http:\/\/www.deanreed.de\/AmericanRebel\/2017\/wp-content\/uploads\/2019\/11\/Bildschirmfoto-2019-11-18-um-19.17.09.png 235w\" sizes=\"(max-width: 203px) 100vw, 203px\" \/>29 Autoren aus der Gedenkst\u00e4ttenarbeit und von den Stuttgarter Stolpersteinen haben wichtige Beitr\u00e4ge zur Auspl\u00fcnderung der j\u00fcdischen Bev\u00f6lkerung in W\u00fcrttemberg und Hohenzollern geleistet. Es wird dargestellt, wie die Juden aus ihren Berufen, ihren Wohnungen verdr\u00e4ngt, ihres Eigentums beraubt und schlie\u00dflich vernichtet wurden. Herausgegeben wurde der umfangreiche Band von Heinz H\u00f6gerle, Dr. Martin Ulmer und Dr. M\u00fcller vom Landesarchiv Baden-W\u00fcrttemberg. Die zahlreichen Illustrationen und Dokumente geben ein Bild von der Hetze und Propaganda der Nazis gegen die Juden und den Verordnungen, Erlassen sowie Gesetzen, die diese immer mehr einschr\u00e4nkten und ihnen die Lebensgrundlage entzogen. Sie geben uns auch mit Biographien der Opfer und T\u00e4ter eine Vorstellung von den betroffenen Familien und der Beute, die die Nazis ihnen geraubt haben. Am Ende blieben den Betroffenen nur Flucht oder gerieten in die m\u00f6rderischen M\u00fchlen des NS-Staates, wurden deportiert und systematisch ermordet.<\/p>\n<p>Das preiswerte und umfangreiche Buch ist nicht nur f\u00fcr Fachleute interessant. Es macht deutlich, wie der Staat, aber auch Privatleute von der Auspl\u00fcnderung der Juden profitiert haben und ist eine Warnung f\u00fcr heute angesichts des wiederkehrenden Rassismus und Antisemitismus.<\/p>\n<p><span style=\"color: #ffffff;\">.<\/span><\/p>\n<div>\n<p><span style=\"font-size: 10pt;\"><strong>INHALT<\/strong><\/span><\/p>\n<\/div>\n<div class=\"tt_products_list_item_preis\">\n<ul>\n<li><span style=\"font-size: 10pt;\">Vorwort<\/span><\/li>\n<li><span style=\"font-size: 10pt;\">Einf\u00fchrung und Dank<\/span><\/li>\n<li><span style=\"font-size: 10pt;\">Martin Burkhardt &#8211; Zur Wirtschafts- und Berufssituation der Juden in W\u00fcrttemberg und Hohenzollern vor 1933 \u2013 ein \u00dcberblick<\/span><\/li>\n<li><span style=\"font-size: 10pt;\">Teil I &#8211; Von 1933 bis zum Vorabend der N\u00fcrnberger Gesetze: Die ersten Angriffe im NS-Staat<\/span><\/li>\n<li><span style=\"font-size: 10pt;\">Teil II &#8211; Von den N\u00fcrnberger Gesetzen 1935 bis zum Novemberpogroms 1938: Wirtschaftliche Totalerfassung und Beschleunigung der Zwangsverk\u00e4ufe<\/span><\/li>\n<li><span style=\"font-size: 10pt;\">Teil III &#8211; Vom Novemberpogrom 1938 bis zur Vorbereitung der Deportationen 1941: Pogromterror, Sondersteuern, endg\u00fcltige Berufsverbote<\/span><\/li>\n<li><span style=\"font-size: 10pt;\">Teil IV- November 1941 bis Mai 1945: Die Durchf\u00fchrung der Deportationen und der finale Raub<\/span><\/li>\n<li><span style=\"font-size: 10pt;\">Teil V &#8211; Nach dem Kriegsende: Die zweite Schuld in der Demokratie<\/span><\/li>\n<li><span style=\"font-size: 10pt;\">Anhang<\/span><\/li>\n<\/ul>\n<\/div>\n<p><a class=\"PDF\" href=\"https:\/\/www.lpb-bw.de\/fileadmin\/lpb_hauptportal\/pdf\/publikationen\/ausgrenzung_inhaltverzeichniss.pdf\" target=\"_blank\" rel=\"noopener noreferrer\">AUSF\u00dcHRLICHES INHALTSVERZEICHNISS (PDF)<\/a><br \/>\n<span style=\"color: #ffffff;\">.<\/span><\/p>\n<div class=\"tt_products_list_item_daten\" style=\"text-align: center;\"><span style=\"font-size: 10pt;\"><strong>Heinz H\u00f6gerle, Peter M\u00fcller und Martin Ulmer<\/strong>,<br \/>\nim Auftrag Gedenkst\u00e4ttenverbundes G\u00e4u-Neckar-Alb e. V., Landesarchivs Baden-W\u00fcrttemberg<br \/>\nund der LpB BW, Stuttgart 2019, <\/span><span style=\"font-size: 10pt;\">Preis: 18,00 \u20ac<\/span><\/div>\n<div class=\"tt_products_list_item_daten\" style=\"text-align: justify;\">\n<div id=\"attachment_23118\" style=\"width: 542px\" class=\"wp-caption aligncenter\"><img aria-describedby=\"caption-attachment-23118\" loading=\"lazy\" class=\" wp-image-23118\" src=\"http:\/\/www.deanreed.de\/AmericanRebel\/2017\/wp-content\/uploads\/2019\/11\/xxxf-300x194.jpg\" alt=\"\" width=\"532\" height=\"344\" srcset=\"http:\/\/www.deanreed.de\/AmericanRebel\/2017\/wp-content\/uploads\/2019\/11\/xxxf-300x194.jpg 300w, http:\/\/www.deanreed.de\/AmericanRebel\/2017\/wp-content\/uploads\/2019\/11\/xxxf-768x497.jpg 768w, http:\/\/www.deanreed.de\/AmericanRebel\/2017\/wp-content\/uploads\/2019\/11\/xxxf.jpg 962w\" sizes=\"(max-width: 532px) 100vw, 532px\" \/><p id=\"caption-attachment-23118\" class=\"wp-caption-text\"><span style=\"color: #808080;\">Martin Ulmer (von links), Heinz H\u00f6gerle und Peter M\u00fcller mit ihrem Werk zum Nationalsozialismus Foto: L\u00fcck Foto: Schwarzw\u00e4lder Bote, Qielle: YouTube screenshot<\/span><\/p><\/div>\n<\/div>\n<div class=\"tt_products_list_item_bestellteil\">\n<div><\/div>\n<div class=\"tt_products_list_item_preis\">\n<p><em><a href=\"https:\/\/www.lpb-bw.de\/publikation3445\" target=\"_blank\" rel=\"noopener noreferrer\"><strong>Hier bestellen<\/strong><\/a><\/em><span style=\"font-size: 10pt;\"><br \/>\n<\/span><\/p>\n<\/div>\n<\/div>\n<p><span style=\"font-size: 10pt;\">Erstver\u00f6ffentlichung heute oder vor wenigen Tagen in <a href=\"https:\/\/www.arbeit-zukunft.de\" target=\"_blank\" rel=\"noopener noreferrer\">Arbeit Zukunft <em>online<\/em><\/a>. Ver\u00f6ffentlichung mit freundlicher Genehmigung des Herausgebers.<br \/>\n<\/span><span style=\"font-size: 10pt;\">Bilder und Bildunterschriften wurden komplett oder zum Teil von der Redaktion AmericanRebel hinzu gef\u00fcgt.<br \/>\n<span style=\"color: #ffffff;\">.<\/span><\/span><span style=\"font-size: 10pt;\"><br \/>\n<a href=\"http:\/\/www.deanreed.de\/AmericanRebel\/2017\/?cat=2171\" target=\"_blank\" rel=\"noopener noreferrer\">Weitere Artikel von Inge M\u00f6ller<\/a><\/span><br \/>\n<span style=\"font-size: 10pt; color: #ffffff;\">.<\/span><\/p>\n<blockquote>\n<p style=\"text-align: center;\"><span style=\"font-size: 10pt; color: #000000;\">F\u00fcr den Inhalt dieses Artikels ist der Autor bzw. die Autorin verantwortlich.<br \/>\nDabei muss es sich nicht grunds\u00e4tzlich um die Meinung der Redaktion handeln.<\/span><\/p>\n<table width=\"100%\" align=\"center\">\n<tbody>\n<tr>\n<td style=\"text-align: justify;\"><img loading=\"lazy\" class=\"size-full wp-image-7516 aligncenter\" src=\"http:\/\/www.deanreed.de\/AmericanRebel\/2017\/wp-content\/uploads\/2018\/10\/88x31.png\" alt=\"\" width=\"88\" height=\"31\" \/><\/td>\n<td style=\"text-align: justify; font-size: 10pt;\"><a href=\"https:\/\/creativecommons.org\/licenses\/by-nc-nd\/4.0\/\" target=\"_blank\" rel=\"license noopener noreferrer\">Dieses Werk ist lizenziert unter einer Creative Commons Namensnennung &#8211;<br \/>\nNicht kommerziell &#8211; Keine Bearbeitungen 4.0 International Lizenz.<\/a><\/td>\n<\/tr>\n<tr>\n<td>\n<form action=\"https:\/\/www.paypal.com\/cgi-bin\/webscr\" method=\"post\" target=\"_top\"><input alt=\"Jetzt einfach, schnell und sicher online bezahlen \u2013 mit PayPal.\" name=\"submit\" src=\"https:\/\/www.paypalobjects.com\/de_DE\/DE\/i\/btn\/btn_donateCC_LG.gif\" type=\"image\" \/><\/form>\n<\/td>\n<td><span style=\"color: #993300;\"><strong>Auch linker Journalismus ist nicht kostenlos<br \/>\nund auch kleine Spenden k\u00f6nnen helfen Gro\u00dfes zu ver\u00f6ffentlichen!<\/strong><\/span><\/td>\n<\/tr>\n<\/tbody>\n<\/table>\n<div style=\"margin-left: 10px;\"><a title=\"zur Startseite\" href=\"http:\/\/www.americanrebel.de\/\"><img loading=\"lazy\" class=\"alignleft\" src=\"http:\/\/www.deanreed.de\/AmericanRebel\/2017\/wp-content\/uploads\/2017\/03\/back_ar.png\" alt=\"zur\u00fcck zur Startseite\" width=\"156\" height=\"15\" \/><\/a><\/div>\n<div style=\"margin-right: 10px;\"><a href=\"https:\/\/www.facebook.com\/groups\/1683837971860223\/permalink\/1987214344855916\/\" target=\"_blank\" rel=\"noopener noreferrer\"><img loading=\"lazy\" class=\"alignright\" src=\"http:\/\/www.deanreed.de\/AmericanRebel\/2017\/wp-content\/uploads\/2017\/03\/ar_zu_fb.png\" alt=\"hier geht es zur Facebook Diskussionsgruppe\" width=\"353\" height=\"15\" \/><\/a><\/div>\n<p style=\"text-align: center;\"><a href=\"#respond\" target=\"_blank\" rel=\"noopener noreferrer\"><img loading=\"lazy\" class=\"aligncenter\" src=\"http:\/\/www.deanreed.de\/AmericanRebel\/2017\/wp-content\/uploads\/2017\/03\/ar_kommentar-1.png\" alt=\"Sag uns deine Meinung zum Artikel mit einem Kommentar\/Leserbrief\" width=\"627\" height=\"20\" \/><\/a><\/p>\n<\/blockquote>\n","protected":false},"excerpt":{"rendered":"<p>Inge M\u00f6ller NS-Akteure und \u00bbVolksgemeinschaft\u00ab gegen die Juden in W\u00fcrttemberg und Hohenzollern Buchbesprechung: \u201eAusgrenzung \u2013 Raub \u2013 Vernichtung\u201c von Heinz H\u00f6gerle, Peter M\u00fcller und Martin Ulmer (Herausg.) . \u201eNeue Forschungsergebnisse zur Auspl\u00fcnderung der j\u00fcdischen Bev\u00f6lkerung in W\u00fcrttemberg und Hohenzollern\u201cNS-Akteure und [&hellip;]<a class=\"more-link\" href=\"http:\/\/www.deanreed.de\/AmericanRebel\/2017\/2019\/11\/18\/ns-akteure-und-volksgemeinschaft-gegen-die-juden-in-wuerttemberg-und-hohenzollern\/\">&darr; Lese den Rest von diesem Eintrag&#8230;<\/a><\/p>\n","protected":false},"author":2,"featured_media":0,"comment_status":"open","ping_status":"open","sticky":false,"template":"","format":"standard","meta":[],"categories":[1,2171],"tags":[2222,3286,2021,3287,2225,3288,3289,3290,3285],"yoast_head":"<!-- This site is optimized with the Yoast SEO plugin v17.5 - https:\/\/yoast.com\/wordpress\/plugins\/seo\/ -->\n<title>- NS-Akteure und \u00bbVolksgemeinschaft\u00ab gegen die Juden in W\u00fcrttemberg und Hohenzollern &ndash; Onlinezeitung AmericanRebel<\/title>\n<meta name=\"robots\" content=\"index, follow, max-snippet:-1, max-image-preview:large, max-video-preview:-1\" \/>\n<link rel=\"canonical\" href=\"http:\/\/www.deanreed.de\/AmericanRebel\/2017\/2019\/11\/18\/ns-akteure-und-volksgemeinschaft-gegen-die-juden-in-wuerttemberg-und-hohenzollern\/\" \/>\n<meta property=\"og:locale\" content=\"de_DE\" \/>\n<meta property=\"og:type\" content=\"article\" \/>\n<meta property=\"og:title\" content=\"- NS-Akteure und \u00bbVolksgemeinschaft\u00ab gegen die Juden in W\u00fcrttemberg und Hohenzollern &ndash; Onlinezeitung AmericanRebel\" \/>\n<meta property=\"og:description\" content=\"Inge M\u00f6ller NS-Akteure und \u00bbVolksgemeinschaft\u00ab gegen die Juden in W\u00fcrttemberg und Hohenzollern Buchbesprechung: \u201eAusgrenzung \u2013 Raub \u2013 Vernichtung\u201c von Heinz H\u00f6gerle, Peter M\u00fcller und Martin Ulmer (Herausg.) . \u201eNeue Forschungsergebnisse zur Auspl\u00fcnderung der j\u00fcdischen Bev\u00f6lkerung in W\u00fcrttemberg und Hohenzollern\u201cNS-Akteure und [&hellip;]&darr; Lese den Rest von diesem Eintrag...\" \/>\n<meta property=\"og:url\" content=\"http:\/\/www.deanreed.de\/AmericanRebel\/2017\/2019\/11\/18\/ns-akteure-und-volksgemeinschaft-gegen-die-juden-in-wuerttemberg-und-hohenzollern\/\" \/>\n<meta property=\"og:site_name\" content=\"Onlinezeitung AmericanRebel\" \/>\n<meta property=\"article:published_time\" content=\"2019-11-18T18:32:55+00:00\" \/>\n<meta property=\"article:modified_time\" content=\"2019-11-18T18:46:32+00:00\" \/>\n<meta property=\"og:image\" content=\"http:\/\/www.deanreed.de\/AmericanRebel\/2017\/wp-content\/uploads\/2019\/11\/xxxf.jpg\" \/>\n\t<meta property=\"og:image:width\" content=\"962\" \/>\n\t<meta property=\"og:image:height\" content=\"623\" \/>\n<meta name=\"twitter:card\" content=\"summary_large_image\" \/>\n<meta name=\"twitter:label1\" content=\"Verfasst von\" \/>\n\t<meta name=\"twitter:data1\" content=\"Redaktion\" \/>\n\t<meta name=\"twitter:label2\" content=\"Gesch\u00e4tzte Lesezeit\" \/>\n\t<meta name=\"twitter:data2\" content=\"3\u00a0Minuten\" \/>\n<script type=\"application\/ld+json\" class=\"yoast-schema-graph\">{\"@context\":\"https:\/\/schema.org\",\"@graph\":[{\"@type\":\"WebSite\",\"@id\":\"https:\/\/www.deanreed.de\/AmericanRebel\/2017\/#website\",\"url\":\"https:\/\/www.deanreed.de\/AmericanRebel\/2017\/\",\"name\":\"Onlinezeitung AmericanRebel\",\"description\":\"Internationale Onlinezeitung f\\u00fcr Frieden, Humanismus, V\\u00f6lkerverst\\u00e4ndigung und Kultur\",\"potentialAction\":[{\"@type\":\"SearchAction\",\"target\":{\"@type\":\"EntryPoint\",\"urlTemplate\":\"https:\/\/www.deanreed.de\/AmericanRebel\/2017\/?s={search_term_string}\"},\"query-input\":\"required name=search_term_string\"}],\"inLanguage\":\"de\"},{\"@type\":\"ImageObject\",\"@id\":\"http:\/\/www.deanreed.de\/AmericanRebel\/2017\/2019\/11\/18\/ns-akteure-und-volksgemeinschaft-gegen-die-juden-in-wuerttemberg-und-hohenzollern\/#primaryimage\",\"inLanguage\":\"de\",\"url\":\"http:\/\/www.deanreed.de\/AmericanRebel\/2017\/wp-content\/uploads\/2019\/11\/xxxf.jpg\",\"contentUrl\":\"http:\/\/www.deanreed.de\/AmericanRebel\/2017\/wp-content\/uploads\/2019\/11\/xxxf.jpg\",\"width\":962,\"height\":623,\"caption\":\"Martin Ulmer (von links), Heinz H\\u00f6gerle und Peter M\\u00fcller mit ihrem Werk zum Nationalsozialismus Foto: L\\u00fcck Foto: Schwarzw\\u00e4lder Bote, Qielle: YouTube screenshot\"},{\"@type\":\"WebPage\",\"@id\":\"http:\/\/www.deanreed.de\/AmericanRebel\/2017\/2019\/11\/18\/ns-akteure-und-volksgemeinschaft-gegen-die-juden-in-wuerttemberg-und-hohenzollern\/#webpage\",\"url\":\"http:\/\/www.deanreed.de\/AmericanRebel\/2017\/2019\/11\/18\/ns-akteure-und-volksgemeinschaft-gegen-die-juden-in-wuerttemberg-und-hohenzollern\/\",\"name\":\"- NS-Akteure und \\u00bbVolksgemeinschaft\\u00ab gegen die Juden in W\\u00fcrttemberg und Hohenzollern &ndash; Onlinezeitung AmericanRebel\",\"isPartOf\":{\"@id\":\"https:\/\/www.deanreed.de\/AmericanRebel\/2017\/#website\"},\"primaryImageOfPage\":{\"@id\":\"http:\/\/www.deanreed.de\/AmericanRebel\/2017\/2019\/11\/18\/ns-akteure-und-volksgemeinschaft-gegen-die-juden-in-wuerttemberg-und-hohenzollern\/#primaryimage\"},\"datePublished\":\"2019-11-18T18:32:55+00:00\",\"dateModified\":\"2019-11-18T18:46:32+00:00\",\"author\":{\"@id\":\"https:\/\/www.deanreed.de\/AmericanRebel\/2017\/#\/schema\/person\/9edfca7917cd10b75edaae51c6e7935a\"},\"breadcrumb\":{\"@id\":\"http:\/\/www.deanreed.de\/AmericanRebel\/2017\/2019\/11\/18\/ns-akteure-und-volksgemeinschaft-gegen-die-juden-in-wuerttemberg-und-hohenzollern\/#breadcrumb\"},\"inLanguage\":\"de\",\"potentialAction\":[{\"@type\":\"ReadAction\",\"target\":[\"http:\/\/www.deanreed.de\/AmericanRebel\/2017\/2019\/11\/18\/ns-akteure-und-volksgemeinschaft-gegen-die-juden-in-wuerttemberg-und-hohenzollern\/\"]}]},{\"@type\":\"BreadcrumbList\",\"@id\":\"http:\/\/www.deanreed.de\/AmericanRebel\/2017\/2019\/11\/18\/ns-akteure-und-volksgemeinschaft-gegen-die-juden-in-wuerttemberg-und-hohenzollern\/#breadcrumb\",\"itemListElement\":[{\"@type\":\"ListItem\",\"position\":1,\"name\":\"Startseite\",\"item\":\"https:\/\/www.deanreed.de\/AmericanRebel\/2017\/\"},{\"@type\":\"ListItem\",\"position\":2,\"name\":\"&#8211; NS-Akteure und \\u00bbVolksgemeinschaft\\u00ab gegen die Juden in W\\u00fcrttemberg und Hohenzollern\"}]},{\"@type\":\"Person\",\"@id\":\"https:\/\/www.deanreed.de\/AmericanRebel\/2017\/#\/schema\/person\/9edfca7917cd10b75edaae51c6e7935a\",\"name\":\"Redaktion\",\"url\":\"http:\/\/www.deanreed.de\/AmericanRebel\/2017\/author\/redaktion\/\"}]}<\/script>\n<!-- \/ Yoast SEO plugin. -->","yoast_head_json":{"title":"- NS-Akteure und \u00bbVolksgemeinschaft\u00ab gegen die Juden in W\u00fcrttemberg und Hohenzollern &ndash; Onlinezeitung AmericanRebel","robots":{"index":"index","follow":"follow","max-snippet":"max-snippet:-1","max-image-preview":"max-image-preview:large","max-video-preview":"max-video-preview:-1"},"canonical":"http:\/\/www.deanreed.de\/AmericanRebel\/2017\/2019\/11\/18\/ns-akteure-und-volksgemeinschaft-gegen-die-juden-in-wuerttemberg-und-hohenzollern\/","og_locale":"de_DE","og_type":"article","og_title":"- NS-Akteure und \u00bbVolksgemeinschaft\u00ab gegen die Juden in W\u00fcrttemberg und Hohenzollern &ndash; Onlinezeitung AmericanRebel","og_description":"Inge M\u00f6ller NS-Akteure und \u00bbVolksgemeinschaft\u00ab gegen die Juden in W\u00fcrttemberg und Hohenzollern Buchbesprechung: \u201eAusgrenzung \u2013 Raub \u2013 Vernichtung\u201c von Heinz H\u00f6gerle, Peter M\u00fcller und Martin Ulmer (Herausg.) . \u201eNeue Forschungsergebnisse zur Auspl\u00fcnderung der j\u00fcdischen Bev\u00f6lkerung in W\u00fcrttemberg und Hohenzollern\u201cNS-Akteure und [&hellip;]&darr; Lese den Rest von diesem Eintrag...","og_url":"http:\/\/www.deanreed.de\/AmericanRebel\/2017\/2019\/11\/18\/ns-akteure-und-volksgemeinschaft-gegen-die-juden-in-wuerttemberg-und-hohenzollern\/","og_site_name":"Onlinezeitung AmericanRebel","article_published_time":"2019-11-18T18:32:55+00:00","article_modified_time":"2019-11-18T18:46:32+00:00","og_image":[{"width":962,"height":623,"url":"http:\/\/www.deanreed.de\/AmericanRebel\/2017\/wp-content\/uploads\/2019\/11\/xxxf.jpg","type":"image\/jpeg"}],"twitter_card":"summary_large_image","twitter_misc":{"Verfasst von":"Redaktion","Gesch\u00e4tzte Lesezeit":"3\u00a0Minuten"},"schema":{"@context":"https:\/\/schema.org","@graph":[{"@type":"WebSite","@id":"https:\/\/www.deanreed.de\/AmericanRebel\/2017\/#website","url":"https:\/\/www.deanreed.de\/AmericanRebel\/2017\/","name":"Onlinezeitung AmericanRebel","description":"Internationale Onlinezeitung f\u00fcr Frieden, Humanismus, V\u00f6lkerverst\u00e4ndigung und Kultur","potentialAction":[{"@type":"SearchAction","target":{"@type":"EntryPoint","urlTemplate":"https:\/\/www.deanreed.de\/AmericanRebel\/2017\/?s={search_term_string}"},"query-input":"required name=search_term_string"}],"inLanguage":"de"},{"@type":"ImageObject","@id":"http:\/\/www.deanreed.de\/AmericanRebel\/2017\/2019\/11\/18\/ns-akteure-und-volksgemeinschaft-gegen-die-juden-in-wuerttemberg-und-hohenzollern\/#primaryimage","inLanguage":"de","url":"http:\/\/www.deanreed.de\/AmericanRebel\/2017\/wp-content\/uploads\/2019\/11\/xxxf.jpg","contentUrl":"http:\/\/www.deanreed.de\/AmericanRebel\/2017\/wp-content\/uploads\/2019\/11\/xxxf.jpg","width":962,"height":623,"caption":"Martin Ulmer (von links), Heinz H\u00f6gerle und Peter M\u00fcller mit ihrem Werk zum Nationalsozialismus Foto: L\u00fcck Foto: Schwarzw\u00e4lder Bote, Qielle: YouTube screenshot"},{"@type":"WebPage","@id":"http:\/\/www.deanreed.de\/AmericanRebel\/2017\/2019\/11\/18\/ns-akteure-und-volksgemeinschaft-gegen-die-juden-in-wuerttemberg-und-hohenzollern\/#webpage","url":"http:\/\/www.deanreed.de\/AmericanRebel\/2017\/2019\/11\/18\/ns-akteure-und-volksgemeinschaft-gegen-die-juden-in-wuerttemberg-und-hohenzollern\/","name":"- NS-Akteure und \u00bbVolksgemeinschaft\u00ab gegen die Juden in W\u00fcrttemberg und Hohenzollern &ndash; Onlinezeitung AmericanRebel","isPartOf":{"@id":"https:\/\/www.deanreed.de\/AmericanRebel\/2017\/#website"},"primaryImageOfPage":{"@id":"http:\/\/www.deanreed.de\/AmericanRebel\/2017\/2019\/11\/18\/ns-akteure-und-volksgemeinschaft-gegen-die-juden-in-wuerttemberg-und-hohenzollern\/#primaryimage"},"datePublished":"2019-11-18T18:32:55+00:00","dateModified":"2019-11-18T18:46:32+00:00","author":{"@id":"https:\/\/www.deanreed.de\/AmericanRebel\/2017\/#\/schema\/person\/9edfca7917cd10b75edaae51c6e7935a"},"breadcrumb":{"@id":"http:\/\/www.deanreed.de\/AmericanRebel\/2017\/2019\/11\/18\/ns-akteure-und-volksgemeinschaft-gegen-die-juden-in-wuerttemberg-und-hohenzollern\/#breadcrumb"},"inLanguage":"de","potentialAction":[{"@type":"ReadAction","target":["http:\/\/www.deanreed.de\/AmericanRebel\/2017\/2019\/11\/18\/ns-akteure-und-volksgemeinschaft-gegen-die-juden-in-wuerttemberg-und-hohenzollern\/"]}]},{"@type":"BreadcrumbList","@id":"http:\/\/www.deanreed.de\/AmericanRebel\/2017\/2019\/11\/18\/ns-akteure-und-volksgemeinschaft-gegen-die-juden-in-wuerttemberg-und-hohenzollern\/#breadcrumb","itemListElement":[{"@type":"ListItem","position":1,"name":"Startseite","item":"https:\/\/www.deanreed.de\/AmericanRebel\/2017\/"},{"@type":"ListItem","position":2,"name":"&#8211; NS-Akteure und \u00bbVolksgemeinschaft\u00ab gegen die Juden in W\u00fcrttemberg und Hohenzollern"}]},{"@type":"Person","@id":"https:\/\/www.deanreed.de\/AmericanRebel\/2017\/#\/schema\/person\/9edfca7917cd10b75edaae51c6e7935a","name":"Redaktion","url":"http:\/\/www.deanreed.de\/AmericanRebel\/2017\/author\/redaktion\/"}]}},"_links":{"self":[{"href":"http:\/\/www.deanreed.de\/AmericanRebel\/2017\/wp-json\/wp\/v2\/posts\/23109"}],"collection":[{"href":"http:\/\/www.deanreed.de\/AmericanRebel\/2017\/wp-json\/wp\/v2\/posts"}],"about":[{"href":"http:\/\/www.deanreed.de\/AmericanRebel\/2017\/wp-json\/wp\/v2\/types\/post"}],"author":[{"embeddable":true,"href":"http:\/\/www.deanreed.de\/AmericanRebel\/2017\/wp-json\/wp\/v2\/users\/2"}],"replies":[{"embeddable":true,"href":"http:\/\/www.deanreed.de\/AmericanRebel\/2017\/wp-json\/wp\/v2\/comments?post=23109"}],"version-history":[{"count":9,"href":"http:\/\/www.deanreed.de\/AmericanRebel\/2017\/wp-json\/wp\/v2\/posts\/23109\/revisions"}],"predecessor-version":[{"id":23120,"href":"http:\/\/www.deanreed.de\/AmericanRebel\/2017\/wp-json\/wp\/v2\/posts\/23109\/revisions\/23120"}],"wp:attachment":[{"href":"http:\/\/www.deanreed.de\/AmericanRebel\/2017\/wp-json\/wp\/v2\/media?parent=23109"}],"wp:term":[{"taxonomy":"category","embeddable":true,"href":"http:\/\/www.deanreed.de\/AmericanRebel\/2017\/wp-json\/wp\/v2\/categories?post=23109"},{"taxonomy":"post_tag","embeddable":true,"href":"http:\/\/www.deanreed.de\/AmericanRebel\/2017\/wp-json\/wp\/v2\/tags?post=23109"}],"curies":[{"name":"wp","href":"https:\/\/api.w.org\/{rel}","templated":true}]}}