{"id":22190,"date":"2019-09-12T21:07:02","date_gmt":"2019-09-12T19:07:02","guid":{"rendered":"http:\/\/www.deanreed.de\/AmericanRebel\/2017\/?p=22190"},"modified":"2019-09-13T00:14:10","modified_gmt":"2019-09-12T22:14:10","slug":"gemeinsamer-streik-fuer-umwelt-und-klima-arbeitsplaetze-und-frieden","status":"publish","type":"post","link":"http:\/\/www.deanreed.de\/AmericanRebel\/2017\/2019\/09\/12\/gemeinsamer-streik-fuer-umwelt-und-klima-arbeitsplaetze-und-frieden\/","title":{"rendered":"&#8211; Gemeinsamer Streik f\u00fcr Umwelt und Klima, Arbeitspl\u00e4tze und Frieden!"},"content":{"rendered":"<h4>Diethard M\u00f6ller<\/h4>\n<h2>Gemeinsamer Streik f\u00fcr Umwelt und Klima,<br \/>\nArbeitspl\u00e4tze und Frieden!<\/h2>\n<h4 style=\"text-align: justify;\"><strong>Diskussionsveranstaltung mit Powerpoint-Vortrag und Livemusik am Freitag, 20. Sept. um 19:00 Uhr in Leipzig-Lindenau, Odermannsttra\u00dfe 8<br \/>\n<span style=\"color: #ffffff;\">.<\/span><br \/>\n<\/strong><\/h4>\n<div id=\"attachment_8880\" style=\"width: 110px\" class=\"wp-caption alignleft\"><img aria-describedby=\"caption-attachment-8880\" loading=\"lazy\" class=\"size-full wp-image-8880\" src=\"http:\/\/www.deanreed.de\/AmericanRebel\/2017\/wp-content\/uploads\/2018\/01\/Diethard_Moeller.jpeg\" alt=\"\" width=\"100\" height=\"150\" \/><p id=\"caption-attachment-8880\" class=\"wp-caption-text\"><span style=\"color: #808080;\">Diethard M\u00f6ller<\/span><\/p><\/div>\n<p style=\"text-align: justify;\" align=\"LEFT\"><strong>Am 20.9.19 wollen wir gemeinsam streiken und ein Zeichen setzen: Jugendliche der \u201eFridays for future\u201c-Bewegung zusammen mit Arbeitern, Angestellte, Arbeitslosen, Rentnern und viele andere mehr. Wir wollen eine lebenswerte Zukunft, in der Umwelt und Klima gesch\u00fctzt werden, in der trotz Digitalisierung und Automatisierung menschenw\u00fcrdige Arbeitspl\u00e4tze f\u00fcr alle da sind, in der Aufr\u00fcstung und Krieg beseitigt sind. Was sich so widerspr\u00fcchlich anh\u00f6rt, geh\u00f6rt tats\u00e4chlich zusammen.<\/strong><br \/>\n<span style=\"color: #ffffff;\">.<\/span><br \/>\n<strong>Umweltzerst\u00f6rung f\u00fcr den Profit<\/strong><\/p>\n<p style=\"text-align: justify;\">Atomkraft, ausufernder Individualverkehr, fehlender Ausbau des \u00f6ffentlichen Nah- und Fernverkehrs, Bodenversiegelung, gro\u00dffl\u00e4chige Landwirtschaft, \u00dcberd\u00fcngung, giftige Stoffe wie PCB, Asbest, Pestizide, Plastik und vieles mehr sind Produkte einer Gesellschaft, in der alles dem Profit untergeordnet wird. Immer mehr und immer billiger hei\u00dft auch immer h\u00f6herern Profit!\u2028 Menschengemachter CO2 -Aussto\u00df und die Sch\u00e4den f\u00fcr das Klima sind ein Bestandteil dieses r\u00fccksichtslosen Wirtschaftens: R\u00fccksichtslos gegen\u00fcber der Natur und dem Menschen.\u2028Die Fridays for future-Bewegung hat viel erreicht. Klimaschutz ist ein Topthema geworden. Viele Politiker springen auf den fahrenden Zug auf und versprechen alles M\u00f6gliche. Auff\u00e4llig ist dabei, dass sie es auf das Thema Klima einengen wollen. Dabei findet die Zerst\u00f6rung unserer Umwelt auf vielen Gebieten statt (siehe oben). Ebenso auff\u00e4llig ist, dass sie es vor allem dazu nut- zen, um h\u00f6here Steuern zu fordern und den Menschen das Leben zu verteuern. Viel ist Symbolpolitik. Da verbietet die Umweltministerin Plastiktragetaschen, deren Einsatz stark gesunken ist, w\u00e4hrend sie nichts gegen den ausufernden Einsatz von Plastik in allen m\u00f6glichen Bereichen unternimmt.<br \/>\n<span style=\"color: #ffffff;\">.\u2028<\/span><br \/>\n<strong>Industrie 4.0: Existenzvernichtung<\/strong><\/p>\n<p style=\"text-align: justify;\">Genauso r\u00fccksichtslos wie bei Umwelt und Klima geht es aber gegenw\u00e4rtig bei der Umstellung auf E-Autos und der zunehmenden Digitalisierung in der Industrie zu. We- niger Arbeit und Fortschritt bedeuten hier nicht mehr Freiheit, sondern Entlassungen, Arbeitslosigkeit und Erh\u00f6hung des Profits. Nach Sch\u00e4tzungen seri\u00f6ser Institute sollen dabei bis zu 50% der Arbeitspl\u00e4tze in Deutschland wegfallen. Eine Katastrophe, die unter den Bedingungen des Kapitalis- mus zu Massenarbeitslosigkeit f\u00fchrt. Denn statt die Arbeitszeit radikal zu senken,werden die einen arbeitslos sein<\/p>\n<p style=\"text-align: justify;\"><img loading=\"lazy\" class=\" wp-image-22205 aligncenter\" src=\"http:\/\/www.deanreed.de\/AmericanRebel\/2017\/wp-content\/uploads\/2019\/09\/2-Kopie-1-300x155.png\" alt=\"\" width=\"424\" height=\"219\" srcset=\"http:\/\/www.deanreed.de\/AmericanRebel\/2017\/wp-content\/uploads\/2019\/09\/2-Kopie-1-300x155.png 300w, http:\/\/www.deanreed.de\/AmericanRebel\/2017\/wp-content\/uploads\/2019\/09\/2-Kopie-1-768x396.png 768w, http:\/\/www.deanreed.de\/AmericanRebel\/2017\/wp-content\/uploads\/2019\/09\/2-Kopie-1-1024x529.png 1024w, http:\/\/www.deanreed.de\/AmericanRebel\/2017\/wp-content\/uploads\/2019\/09\/2-Kopie-1.png 1240w\" sizes=\"(max-width: 424px) 100vw, 424px\" \/><br \/>\nund verlieren ihre Existenzgrundlage, w\u00e4hrend die anderen noch mehr f\u00fcr weniger Geld und zu schlimmeren Bedingungen arbeiten m\u00fcssen.\u2028Zugleich wird die Planung unter kapitalistischen Vorzeichen weiter ausgebaut. So will der weltgr\u00f6\u00dfte Autokonzern VW zu-sammen mit Amazon und Siemens eine \u201cIn- dustrial Cloud\u201c aufbauen, in der der gesam- te Konzern mit seinen 12 Marken und 122 Produktionsbetrieben in 32 L\u00e4ndern sowie die 1.500 Zulieferer mit rund 30.000 Produktionsst\u00e4tten vernetzt und zentral gesteuert werden. Das bedeutet weniger Arbeitspl\u00e4tze, bessere Planung und h\u00f6heren Profit. Das ist kapitalistische \u201ePlanwirtschaft\u201c zu Lasten der Menschen! Wieso soll dann mit den heutigen technischen Mitteln eine sozi- alistische Planwirtschaft unm\u00f6glich sein? Warum soll die Gesellschaft nicht im Inte-resse der Menschen und der Natur planen und sich entwickeln k\u00f6nnen?<br \/>\n<span style=\"color: #ffffff;\">.<\/span><\/p>\n<div id=\"attachment_22195\" style=\"width: 342px\" class=\"wp-caption alignright\"><img aria-describedby=\"caption-attachment-22195\" loading=\"lazy\" class=\" wp-image-22195\" src=\"http:\/\/www.deanreed.de\/AmericanRebel\/2017\/wp-content\/uploads\/2019\/09\/tzz-1-300x167.jpg\" alt=\"\" width=\"332\" height=\"185\" srcset=\"http:\/\/www.deanreed.de\/AmericanRebel\/2017\/wp-content\/uploads\/2019\/09\/tzz-1-300x167.jpg 300w, http:\/\/www.deanreed.de\/AmericanRebel\/2017\/wp-content\/uploads\/2019\/09\/tzz-1-768x427.jpg 768w, http:\/\/www.deanreed.de\/AmericanRebel\/2017\/wp-content\/uploads\/2019\/09\/tzz-1.jpg 800w\" sizes=\"(max-width: 332px) 100vw, 332px\" \/><p id=\"caption-attachment-22195\" class=\"wp-caption-text\"><span style=\"color: #808080;\">(CC BY-SA 4.0)<\/span><\/p><\/div>\n<p style=\"text-align: justify;\"><strong>R\u00fcstung und Krieg &#8211; Klimakiller Nr.1<\/strong><\/p>\n<p style=\"text-align: justify;\">Bei Aufr\u00fcstung und Krieg ist es noch schlimmer. Weltweit soll das Milit\u00e4r und die R\u00fcstung f\u00fcr rund 24% des CO2-Aussto\u00dfes verantwortlich sein. Schon f\u00fcr die t\u00e4gliche Einsatzbereitschaft, \u00dcbungen und die Produktion fallen Unmengen Klimagase an. Dazu wird die Umwelt dramatisch gesch\u00e4digt, wie beispielsweise der durch Raketenversuche verursachte Moorbrand im Naturschutzgebiet Tinner Dose-Sprakeler Heide (Emsland) im Herbst 2018 gezeigt hat.\u2028 Im Krieg &#8211; und davon finden weltweit viele statt &#8211; werden nicht nur massenhaft Klimagase ausgesto\u00dfen, sondern Menschen und Umwelt zerst\u00f6rt &#8211; siehe Jemen, Afghanistan, Syrien, Ukraine, Libyen, Mali und so weiter. F\u00fcr Macht und Einflussgebiete, Wirtschaftsinteressen und den Profit stampft das Kapital alles nieder. Und deutsche Waffen und Bundeswehr sind oft dabei.<br \/>\n<span style=\"color: #ffffff;\">.\u2028<\/span><br \/>\n<strong>Spaltung<\/strong><\/p>\n<p style=\"text-align: justify;\">Und dann wird die Misere genutzt, um die Menschen gegeneinander zu hetzen. So wurden im Hambacher Forst Arbeiter und Angestellte im Braunkohletagebau gegen Umweltaktivisten aufgehetzt.\u2028Das Erneuerbare Energien Gesetz bei- spielsweise wurde so gestaltet, dass Gro\u00dfverbraucher 2016 mit 4,7 Milliarden Euro entlastet wurden, w\u00e4hrend die kleinen Haushalte das mit steigenden Strompreisen finanzierten. Dieselben Politiker, die dieses Gesetz so hingedeichselt hatten, hetzten dann gegen erneuerbare Energien, weil diese alles \u201eteurer\u201c mache.\u2028 Rechte machen gegen FfF mobil, leugnen die Klima\u00e4nderungen, wollen Kohle- und Atomkraft sowie Autoverkehr wie bisher.\u2028 Das Motto des Kapitals: Teile und herrsche!<br \/>\n<span style=\"color: #ffffff;\">\u2028.\u2028<\/span><br \/>\n<strong>Alle gemeinsam gegen das Kapital!<\/strong><\/p>\n<p style=\"text-align: justify;\">Alle diese unterschiedlichen Bewegungen &#8211; f\u00fcr Umwelt- und Klimaschutz, f\u00fcr existenzsichernde Arbeitspl\u00e4tze, f\u00fcr radikale Arbeitszeitverk\u00fcrzung, f\u00fcr Frieden, gegen Aufr\u00fcstung und Krieggeh\u00f6ren zumsammen. Sie alle richten sich gegen die kapitalistische Profitwirtschaft. Diese muss abgeschafft und durch eine Planwirtschaft im Interesse der arbeitenden Menschen, der Gesellschaft und der Natur ersetzt werden. Ein neuer Anlauf zum Sozialismus ist n\u00f6tig!<br \/>\n<span style=\"color: #ffffff;\">.<\/span><br \/>\n<a href=\"http:\/\/tinyurl.com\/y44zsy77\" target=\"_blank\" rel=\"noopener noreferrer\">Dieser Artikel als Flugi zum Download<\/a><br \/>\n<span style=\"color: #ffffff;\">.<\/span><br \/>\n<span style=\"font-size: 10pt;\"><strong><em>Ebenfalls zum gleichen Thema:<br \/>\n<\/em><\/strong><\/span><a href=\"http:\/\/linkswende.org\/arbeiter-rein-in-die-klimastreiks\/\" target=\"_blank\" rel=\"noopener noreferrer\"><strong>Arbeiter rein in die Klimastreiks!<\/strong><\/a><\/p>\n<p style=\"text-align: justify;\" align=\"LEFT\"><span style=\"font-size: 10pt; color: #ffffff;\">.<\/span><\/p>\n<blockquote>\n<p style=\"text-align: center;\"><span style=\"font-size: 10pt; color: #000000;\">F\u00fcr den Inhalt dieses Artikels ist der Autor bzw. die Autorin verantwortlich.<br \/>\nDabei muss es sich nicht grunds\u00e4tzlich um die Meinung der Redaktion handeln.<\/span><\/p>\n<table width=\"100%\" align=\"center\">\n<tbody>\n<tr>\n<td style=\"text-align: justify;\"><img loading=\"lazy\" class=\"size-full wp-image-7516 aligncenter\" src=\"http:\/\/www.deanreed.de\/AmericanRebel\/2017\/wp-content\/uploads\/2018\/10\/88x31.png\" alt=\"\" width=\"88\" height=\"31\" \/><\/td>\n<td style=\"text-align: justify; font-size: 10pt;\"><a href=\"https:\/\/creativecommons.org\/licenses\/by-nc-nd\/4.0\/\" target=\"_blank\" rel=\"license noopener noreferrer\">Dieses Werk ist lizenziert unter einer Creative Commons Namensnennung &#8211;<br \/>\nNicht kommerziell &#8211; Keine Bearbeitungen 4.0 International Lizenz.<\/a><\/td>\n<\/tr>\n<tr>\n<td>\n<form action=\"https:\/\/www.paypal.com\/cgi-bin\/webscr\" method=\"post\" target=\"_top\"><input alt=\"Jetzt einfach, schnell und sicher online bezahlen \u2013 mit PayPal.\" name=\"submit\" src=\"https:\/\/www.paypalobjects.com\/de_DE\/DE\/i\/btn\/btn_donateCC_LG.gif\" type=\"image\" \/><\/form>\n<\/td>\n<td><span style=\"color: #993300;\"><strong>Auch linker Journalismus ist nicht kostenlos<br \/>\nund auch kleine Spenden k\u00f6nnen helfen Gro\u00dfes zu ver\u00f6ffentlichen!<\/strong><\/span><\/td>\n<\/tr>\n<\/tbody>\n<\/table>\n<div style=\"margin-left: 10px;\"><a title=\"zur Startseite\" href=\"http:\/\/www.americanrebel.de\/\"><img loading=\"lazy\" class=\"alignleft\" src=\"http:\/\/www.deanreed.de\/AmericanRebel\/2017\/wp-content\/uploads\/2017\/03\/back_ar.png\" alt=\"zur\u00fcck zur Startseite\" width=\"156\" height=\"15\" \/><\/a><\/div>\n<div style=\"margin-right: 10px;\"><a href=\"https:\/\/www.facebook.com\/groups\/1683837971860223\/permalink\/1987214344855916\/\" target=\"_blank\" rel=\"noopener noreferrer\"><img loading=\"lazy\" class=\"alignright\" src=\"http:\/\/www.deanreed.de\/AmericanRebel\/2017\/wp-content\/uploads\/2017\/03\/ar_zu_fb.png\" alt=\"hier geht es zur Facebook Diskussionsgruppe\" width=\"353\" height=\"15\" \/><\/a><\/div>\n<p style=\"text-align: center;\"><a href=\"#respond\" target=\"_blank\" rel=\"noopener noreferrer\"><img loading=\"lazy\" class=\"aligncenter\" src=\"http:\/\/www.deanreed.de\/AmericanRebel\/2017\/wp-content\/uploads\/2017\/03\/ar_kommentar-1.png\" alt=\"Sag uns deine Meinung zum Artikel mit einem Kommentar\/Leserbrief\" width=\"627\" height=\"20\" \/><\/a><\/p>\n<\/blockquote>\n","protected":false},"excerpt":{"rendered":"<p>Diethard M\u00f6ller Gemeinsamer Streik f\u00fcr Umwelt und Klima, Arbeitspl\u00e4tze und Frieden! Diskussionsveranstaltung mit Powerpoint-Vortrag und Livemusik am Freitag, 20. Sept. um 19:00 Uhr in Leipzig-Lindenau, Odermannsttra\u00dfe 8 . Am 20.9.19 wollen wir gemeinsam streiken und ein Zeichen setzen: Jugendliche der [&hellip;]<a class=\"more-link\" href=\"http:\/\/www.deanreed.de\/AmericanRebel\/2017\/2019\/09\/12\/gemeinsamer-streik-fuer-umwelt-und-klima-arbeitsplaetze-und-frieden\/\">&darr; Lese den Rest von diesem Eintrag&#8230;<\/a><\/p>\n","protected":false},"author":2,"featured_media":0,"comment_status":"open","ping_status":"open","sticky":false,"template":"","format":"standard","meta":[],"categories":[1,165],"tags":[2668,748,135,2669,2670,2671,2800,8,2223,675,2530,2533,2018,1760,1498,289,2672,2519,2673,2518,2801,2526,2013,2531,1555,2004,2516,1556,2014,2674,2524,2794,1053,2185,2002,2007,2528,902,2795,2003,1121,2011,2016,2010,2015,2675,2522,2140,2529,2012,2005,2792,157,2793,2676,2536,2656,2798,2799,2019,2677,2678,2532,2535,2527,2517,2520,2534,2020,2017,624,2525,1476,2006,2008,2521,2009,2523,2417,2797,2796,2679],"yoast_head":"<!-- This site is optimized with the Yoast SEO plugin v17.5 - https:\/\/yoast.com\/wordpress\/plugins\/seo\/ -->\n<title>- Gemeinsamer Streik f\u00fcr Umwelt und Klima, Arbeitspl\u00e4tze und Frieden! &ndash; Onlinezeitung AmericanRebel<\/title>\n<meta name=\"robots\" content=\"index, follow, max-snippet:-1, max-image-preview:large, max-video-preview:-1\" \/>\n<link rel=\"canonical\" href=\"https:\/\/www.deanreed.de\/AmericanRebel\/2017\/2019\/09\/12\/gemeinsamer-streik-fuer-umwelt-und-klima-arbeitsplaetze-und-frieden\/\" \/>\n<meta property=\"og:locale\" content=\"de_DE\" \/>\n<meta property=\"og:type\" content=\"article\" \/>\n<meta property=\"og:title\" content=\"- Gemeinsamer Streik f\u00fcr Umwelt und Klima, Arbeitspl\u00e4tze und Frieden! &ndash; Onlinezeitung AmericanRebel\" \/>\n<meta property=\"og:description\" content=\"Diethard M\u00f6ller Gemeinsamer Streik f\u00fcr Umwelt und Klima, Arbeitspl\u00e4tze und Frieden! Diskussionsveranstaltung mit Powerpoint-Vortrag und Livemusik am Freitag, 20. Sept. um 19:00 Uhr in Leipzig-Lindenau, Odermannsttra\u00dfe 8 . Am 20.9.19 wollen wir gemeinsam streiken und ein Zeichen setzen: Jugendliche der [&hellip;]&darr; Lese den Rest von diesem Eintrag...\" \/>\n<meta property=\"og:url\" content=\"https:\/\/www.deanreed.de\/AmericanRebel\/2017\/2019\/09\/12\/gemeinsamer-streik-fuer-umwelt-und-klima-arbeitsplaetze-und-frieden\/\" \/>\n<meta property=\"og:site_name\" content=\"Onlinezeitung AmericanRebel\" \/>\n<meta property=\"article:published_time\" content=\"2019-09-12T19:07:02+00:00\" \/>\n<meta property=\"article:modified_time\" content=\"2019-09-12T22:14:10+00:00\" \/>\n<meta property=\"og:image\" content=\"https:\/\/www.deanreed.de\/AmericanRebel\/2017\/wp-content\/uploads\/2019\/09\/tzz-1.jpg\" \/>\n\t<meta property=\"og:image:width\" content=\"800\" \/>\n\t<meta property=\"og:image:height\" content=\"445\" \/>\n<meta name=\"twitter:card\" content=\"summary_large_image\" \/>\n<meta name=\"twitter:label1\" content=\"Verfasst von\" \/>\n\t<meta name=\"twitter:data1\" content=\"Redaktion\" \/>\n\t<meta name=\"twitter:label2\" content=\"Gesch\u00e4tzte Lesezeit\" \/>\n\t<meta name=\"twitter:data2\" content=\"4\u00a0Minuten\" \/>\n<script type=\"application\/ld+json\" class=\"yoast-schema-graph\">{\"@context\":\"https:\/\/schema.org\",\"@graph\":[{\"@type\":\"WebSite\",\"@id\":\"https:\/\/www.deanreed.de\/AmericanRebel\/2017\/#website\",\"url\":\"https:\/\/www.deanreed.de\/AmericanRebel\/2017\/\",\"name\":\"Onlinezeitung AmericanRebel\",\"description\":\"Internationale Onlinezeitung f\\u00fcr Frieden, Humanismus, V\\u00f6lkerverst\\u00e4ndigung und Kultur\",\"potentialAction\":[{\"@type\":\"SearchAction\",\"target\":{\"@type\":\"EntryPoint\",\"urlTemplate\":\"https:\/\/www.deanreed.de\/AmericanRebel\/2017\/?s={search_term_string}\"},\"query-input\":\"required name=search_term_string\"}],\"inLanguage\":\"de\"},{\"@type\":\"ImageObject\",\"@id\":\"https:\/\/www.deanreed.de\/AmericanRebel\/2017\/2019\/09\/12\/gemeinsamer-streik-fuer-umwelt-und-klima-arbeitsplaetze-und-frieden\/#primaryimage\",\"inLanguage\":\"de\",\"url\":\"http:\/\/www.deanreed.de\/AmericanRebel\/2017\/wp-content\/uploads\/2019\/09\/tzz-1.jpg\",\"contentUrl\":\"http:\/\/www.deanreed.de\/AmericanRebel\/2017\/wp-content\/uploads\/2019\/09\/tzz-1.jpg\",\"width\":800,\"height\":445,\"caption\":\"(CC BY-SA 4.0)\"},{\"@type\":\"WebPage\",\"@id\":\"https:\/\/www.deanreed.de\/AmericanRebel\/2017\/2019\/09\/12\/gemeinsamer-streik-fuer-umwelt-und-klima-arbeitsplaetze-und-frieden\/#webpage\",\"url\":\"https:\/\/www.deanreed.de\/AmericanRebel\/2017\/2019\/09\/12\/gemeinsamer-streik-fuer-umwelt-und-klima-arbeitsplaetze-und-frieden\/\",\"name\":\"- Gemeinsamer Streik f\\u00fcr Umwelt und Klima, Arbeitspl\\u00e4tze und Frieden! &ndash; Onlinezeitung AmericanRebel\",\"isPartOf\":{\"@id\":\"https:\/\/www.deanreed.de\/AmericanRebel\/2017\/#website\"},\"primaryImageOfPage\":{\"@id\":\"https:\/\/www.deanreed.de\/AmericanRebel\/2017\/2019\/09\/12\/gemeinsamer-streik-fuer-umwelt-und-klima-arbeitsplaetze-und-frieden\/#primaryimage\"},\"datePublished\":\"2019-09-12T19:07:02+00:00\",\"dateModified\":\"2019-09-12T22:14:10+00:00\",\"author\":{\"@id\":\"https:\/\/www.deanreed.de\/AmericanRebel\/2017\/#\/schema\/person\/9edfca7917cd10b75edaae51c6e7935a\"},\"breadcrumb\":{\"@id\":\"https:\/\/www.deanreed.de\/AmericanRebel\/2017\/2019\/09\/12\/gemeinsamer-streik-fuer-umwelt-und-klima-arbeitsplaetze-und-frieden\/#breadcrumb\"},\"inLanguage\":\"de\",\"potentialAction\":[{\"@type\":\"ReadAction\",\"target\":[\"https:\/\/www.deanreed.de\/AmericanRebel\/2017\/2019\/09\/12\/gemeinsamer-streik-fuer-umwelt-und-klima-arbeitsplaetze-und-frieden\/\"]}]},{\"@type\":\"BreadcrumbList\",\"@id\":\"https:\/\/www.deanreed.de\/AmericanRebel\/2017\/2019\/09\/12\/gemeinsamer-streik-fuer-umwelt-und-klima-arbeitsplaetze-und-frieden\/#breadcrumb\",\"itemListElement\":[{\"@type\":\"ListItem\",\"position\":1,\"name\":\"Startseite\",\"item\":\"https:\/\/www.deanreed.de\/AmericanRebel\/2017\/\"},{\"@type\":\"ListItem\",\"position\":2,\"name\":\"&#8211; Gemeinsamer Streik f\\u00fcr Umwelt und Klima, Arbeitspl\\u00e4tze und Frieden!\"}]},{\"@type\":\"Person\",\"@id\":\"https:\/\/www.deanreed.de\/AmericanRebel\/2017\/#\/schema\/person\/9edfca7917cd10b75edaae51c6e7935a\",\"name\":\"Redaktion\",\"url\":\"http:\/\/www.deanreed.de\/AmericanRebel\/2017\/author\/redaktion\/\"}]}<\/script>\n<!-- \/ Yoast SEO plugin. -->","yoast_head_json":{"title":"- Gemeinsamer Streik f\u00fcr Umwelt und Klima, Arbeitspl\u00e4tze und Frieden! &ndash; Onlinezeitung AmericanRebel","robots":{"index":"index","follow":"follow","max-snippet":"max-snippet:-1","max-image-preview":"max-image-preview:large","max-video-preview":"max-video-preview:-1"},"canonical":"https:\/\/www.deanreed.de\/AmericanRebel\/2017\/2019\/09\/12\/gemeinsamer-streik-fuer-umwelt-und-klima-arbeitsplaetze-und-frieden\/","og_locale":"de_DE","og_type":"article","og_title":"- Gemeinsamer Streik f\u00fcr Umwelt und Klima, Arbeitspl\u00e4tze und Frieden! &ndash; Onlinezeitung AmericanRebel","og_description":"Diethard M\u00f6ller Gemeinsamer Streik f\u00fcr Umwelt und Klima, Arbeitspl\u00e4tze und Frieden! Diskussionsveranstaltung mit Powerpoint-Vortrag und Livemusik am Freitag, 20. Sept. um 19:00 Uhr in Leipzig-Lindenau, Odermannsttra\u00dfe 8 . Am 20.9.19 wollen wir gemeinsam streiken und ein Zeichen setzen: Jugendliche der [&hellip;]&darr; Lese den Rest von diesem Eintrag...","og_url":"https:\/\/www.deanreed.de\/AmericanRebel\/2017\/2019\/09\/12\/gemeinsamer-streik-fuer-umwelt-und-klima-arbeitsplaetze-und-frieden\/","og_site_name":"Onlinezeitung AmericanRebel","article_published_time":"2019-09-12T19:07:02+00:00","article_modified_time":"2019-09-12T22:14:10+00:00","og_image":[{"width":800,"height":445,"url":"https:\/\/www.deanreed.de\/AmericanRebel\/2017\/wp-content\/uploads\/2019\/09\/tzz-1.jpg","type":"image\/jpeg"}],"twitter_card":"summary_large_image","twitter_misc":{"Verfasst von":"Redaktion","Gesch\u00e4tzte Lesezeit":"4\u00a0Minuten"},"schema":{"@context":"https:\/\/schema.org","@graph":[{"@type":"WebSite","@id":"https:\/\/www.deanreed.de\/AmericanRebel\/2017\/#website","url":"https:\/\/www.deanreed.de\/AmericanRebel\/2017\/","name":"Onlinezeitung AmericanRebel","description":"Internationale Onlinezeitung f\u00fcr Frieden, Humanismus, V\u00f6lkerverst\u00e4ndigung und Kultur","potentialAction":[{"@type":"SearchAction","target":{"@type":"EntryPoint","urlTemplate":"https:\/\/www.deanreed.de\/AmericanRebel\/2017\/?s={search_term_string}"},"query-input":"required name=search_term_string"}],"inLanguage":"de"},{"@type":"ImageObject","@id":"https:\/\/www.deanreed.de\/AmericanRebel\/2017\/2019\/09\/12\/gemeinsamer-streik-fuer-umwelt-und-klima-arbeitsplaetze-und-frieden\/#primaryimage","inLanguage":"de","url":"http:\/\/www.deanreed.de\/AmericanRebel\/2017\/wp-content\/uploads\/2019\/09\/tzz-1.jpg","contentUrl":"http:\/\/www.deanreed.de\/AmericanRebel\/2017\/wp-content\/uploads\/2019\/09\/tzz-1.jpg","width":800,"height":445,"caption":"(CC BY-SA 4.0)"},{"@type":"WebPage","@id":"https:\/\/www.deanreed.de\/AmericanRebel\/2017\/2019\/09\/12\/gemeinsamer-streik-fuer-umwelt-und-klima-arbeitsplaetze-und-frieden\/#webpage","url":"https:\/\/www.deanreed.de\/AmericanRebel\/2017\/2019\/09\/12\/gemeinsamer-streik-fuer-umwelt-und-klima-arbeitsplaetze-und-frieden\/","name":"- Gemeinsamer Streik f\u00fcr Umwelt und Klima, Arbeitspl\u00e4tze und Frieden! &ndash; Onlinezeitung AmericanRebel","isPartOf":{"@id":"https:\/\/www.deanreed.de\/AmericanRebel\/2017\/#website"},"primaryImageOfPage":{"@id":"https:\/\/www.deanreed.de\/AmericanRebel\/2017\/2019\/09\/12\/gemeinsamer-streik-fuer-umwelt-und-klima-arbeitsplaetze-und-frieden\/#primaryimage"},"datePublished":"2019-09-12T19:07:02+00:00","dateModified":"2019-09-12T22:14:10+00:00","author":{"@id":"https:\/\/www.deanreed.de\/AmericanRebel\/2017\/#\/schema\/person\/9edfca7917cd10b75edaae51c6e7935a"},"breadcrumb":{"@id":"https:\/\/www.deanreed.de\/AmericanRebel\/2017\/2019\/09\/12\/gemeinsamer-streik-fuer-umwelt-und-klima-arbeitsplaetze-und-frieden\/#breadcrumb"},"inLanguage":"de","potentialAction":[{"@type":"ReadAction","target":["https:\/\/www.deanreed.de\/AmericanRebel\/2017\/2019\/09\/12\/gemeinsamer-streik-fuer-umwelt-und-klima-arbeitsplaetze-und-frieden\/"]}]},{"@type":"BreadcrumbList","@id":"https:\/\/www.deanreed.de\/AmericanRebel\/2017\/2019\/09\/12\/gemeinsamer-streik-fuer-umwelt-und-klima-arbeitsplaetze-und-frieden\/#breadcrumb","itemListElement":[{"@type":"ListItem","position":1,"name":"Startseite","item":"https:\/\/www.deanreed.de\/AmericanRebel\/2017\/"},{"@type":"ListItem","position":2,"name":"&#8211; Gemeinsamer Streik f\u00fcr Umwelt und Klima, Arbeitspl\u00e4tze und Frieden!"}]},{"@type":"Person","@id":"https:\/\/www.deanreed.de\/AmericanRebel\/2017\/#\/schema\/person\/9edfca7917cd10b75edaae51c6e7935a","name":"Redaktion","url":"http:\/\/www.deanreed.de\/AmericanRebel\/2017\/author\/redaktion\/"}]}},"_links":{"self":[{"href":"http:\/\/www.deanreed.de\/AmericanRebel\/2017\/wp-json\/wp\/v2\/posts\/22190"}],"collection":[{"href":"http:\/\/www.deanreed.de\/AmericanRebel\/2017\/wp-json\/wp\/v2\/posts"}],"about":[{"href":"http:\/\/www.deanreed.de\/AmericanRebel\/2017\/wp-json\/wp\/v2\/types\/post"}],"author":[{"embeddable":true,"href":"http:\/\/www.deanreed.de\/AmericanRebel\/2017\/wp-json\/wp\/v2\/users\/2"}],"replies":[{"embeddable":true,"href":"http:\/\/www.deanreed.de\/AmericanRebel\/2017\/wp-json\/wp\/v2\/comments?post=22190"}],"version-history":[{"count":20,"href":"http:\/\/www.deanreed.de\/AmericanRebel\/2017\/wp-json\/wp\/v2\/posts\/22190\/revisions"}],"predecessor-version":[{"id":22200,"href":"http:\/\/www.deanreed.de\/AmericanRebel\/2017\/wp-json\/wp\/v2\/posts\/22190\/revisions\/22200"}],"wp:attachment":[{"href":"http:\/\/www.deanreed.de\/AmericanRebel\/2017\/wp-json\/wp\/v2\/media?parent=22190"}],"wp:term":[{"taxonomy":"category","embeddable":true,"href":"http:\/\/www.deanreed.de\/AmericanRebel\/2017\/wp-json\/wp\/v2\/categories?post=22190"},{"taxonomy":"post_tag","embeddable":true,"href":"http:\/\/www.deanreed.de\/AmericanRebel\/2017\/wp-json\/wp\/v2\/tags?post=22190"}],"curies":[{"name":"wp","href":"https:\/\/api.w.org\/{rel}","templated":true}]}}