{"id":21967,"date":"2019-08-25T13:31:24","date_gmt":"2019-08-25T11:31:24","guid":{"rendered":"http:\/\/www.deanreed.de\/AmericanRebel\/2017\/?p=21967"},"modified":"2019-08-27T13:45:57","modified_gmt":"2019-08-27T11:45:57","slug":"21967","status":"publish","type":"post","link":"http:\/\/www.deanreed.de\/AmericanRebel\/2017\/2019\/08\/25\/21967\/","title":{"rendered":"&#8211; Talkshows zu rechten Demos \u2013 Schweigen bei Unteilbar"},"content":{"rendered":"<div class=\"entry\">\n<h4>Julius Jamal<\/h4>\n<h2>Talkshows zu rechten Demos \u2013 Schweigen bei Unteilbar<\/h2>\n<div id=\"attachment_9693\" style=\"width: 110px\" class=\"wp-caption alignleft\"><img aria-describedby=\"caption-attachment-9693\" loading=\"lazy\" class=\"size-full wp-image-9693\" src=\"http:\/\/www.deanreed.de\/AmericanRebel\/2017\/wp-content\/uploads\/2018\/02\/Julius_Jamal_2.jpg\" alt=\"\" width=\"100\" height=\"150\" \/><p id=\"caption-attachment-9693\" class=\"wp-caption-text\"><span style=\"color: #808080;\">Julius Jamal<\/span><\/p><\/div>\n<p style=\"text-align: justify;\"><strong>40.000 Menschen haben gestern in Dresden gegen Rassismus, rechte Hetze und Diskriminierung demonstriert. Es war die gr\u00f6\u00dfte Demo seit l\u00e4ngerer Zeit in Sachsen, doch die mediale Aufmerksamkeit bleibt beschr\u00e4nkt. Ein Problem, das rechte Demos und Aufm\u00e4rsche nicht haben.<\/strong><\/p>\n<p style=\"text-align: justify;\">Als vor etwas mehr als einem Jahr ein paar Tausend Rechte durch Chemnitz zogen und unverhohlen ihren Hass auf Migrantinnen, Migranten, Gefl\u00fcchtete und Linke rausschrien. Gab es Talkshows und Dokumentationen im \u00d6ffentlich-Rechtlichem. Als Pegida in Dresden noch Erfolge feierte, gab es dutzende Debatten in \u00f6ffentlichen und privaten Sendern. Tages- und Wochenzeitungen widmeten ihnen Leitartikel und fragten, ob man zulange die \u00c4ngste der Besorgten ignoriert habe. Das an fast jedem Montag mehr Menschen deutschlandweit gegen Pegida auf die Stra\u00dfe gingen, als bei den rechten Demos in Deutschland, wurde damals schon kaum thematisiert. \u00c4hnlich wird es sich mit Unteilbar in den kommenden Tagen und Wochen verhalten, keine Talkshows, ab Montag keine Artikel mehr in den gro\u00dfen Zeitungen und Sondersendungen schon gar nicht. Dabei sind die Mobilisierungen gegen rechts, gegen Rassismus immer deutlich gr\u00f6\u00dfer als alles was die Rechten auf die Beine stellen.<\/p>\n<div id=\"attachment_21970\" style=\"width: 585px\" class=\"wp-caption aligncenter\"><img aria-describedby=\"caption-attachment-21970\" loading=\"lazy\" class=\" wp-image-21970\" src=\"http:\/\/www.deanreed.de\/AmericanRebel\/2017\/wp-content\/uploads\/2019\/08\/unteilbar-1-1024x683-300x200.jpg\" alt=\"\" width=\"575\" height=\"383\" srcset=\"http:\/\/www.deanreed.de\/AmericanRebel\/2017\/wp-content\/uploads\/2019\/08\/unteilbar-1-1024x683-300x200.jpg 300w, http:\/\/www.deanreed.de\/AmericanRebel\/2017\/wp-content\/uploads\/2019\/08\/unteilbar-1-1024x683-768x512.jpg 768w, http:\/\/www.deanreed.de\/AmericanRebel\/2017\/wp-content\/uploads\/2019\/08\/unteilbar-1-1024x683.jpg 1024w\" sizes=\"(max-width: 575px) 100vw, 575px\" \/><p id=\"caption-attachment-21970\" class=\"wp-caption-text\"><span style=\"color: #808080;\">Unteilbar \u2013 Foto: www.unteilbar.de<\/span><\/p><\/div>\n<p style=\"text-align: justify;\">Deutlich wird das bei einem Blick auf ARD und ZDF. Dazu schrieben wir vor einem Jahr: \u201eZwischen Oktober 2015 und M\u00e4rz 2017 fanden 204 Sendungen der wichtigsten medialen Talkshows (Maischberger, Anne Will, Hart aber fair, Jauch, Maybrit Illner) statt. 52 der 204 Sendungen besch\u00e4ftigten sich mit Fl\u00fcchtlingen, h\u00e4ufig dominierte in den Sendungen selbst ein negativer Ton, der von den rechten und rechtskonservativen Talkshowg\u00e4sten gesetzt wurde. Der h\u00e4ufig von Rechten zusammen genannte Themenkomplex\u00a0 Fl\u00fcchtlinge, Islam, Terror\/IS, Populismus\/Extremismus war sogar f\u00fcr fast jede zweite Talkshow tonangebend. Dagegen wurde der komplette Themenbereich Armut und Ungleichheit nur in 6 Sendungen behandelt. Steuerhinterziehung durch die Reichsten, ein Thema, welches im Angesicht von Panama und Paradise Papers in den letzten zwei Jahren eigentlich auf der Tagesordnung stehen m\u00fcsste, kam dagegen in weniger als 3 Sendungen vor, dasselbe gilt f\u00fcr den Bildungsbereich. Die Themen NSU, Rassismus und rechte Gewalt\u00a0waren dagegen sogar nur einmal Thema, obwohl es alleine im vergangenen Jahr mehr als 1000 Angriffe auf Fl\u00fcchtlingsheime gab.\u201c<\/p>\n<p style=\"text-align: justify;\">Doch die deutschen Medien haben ein Darstellungsproblem, sie widmen der vermeintlich schweigenden rechten Mehrheit deutlich mehr Platz, als progressiven Demonstrationen, dabei geht es nicht ausschlie\u00dflich um Demonstrationen gegen Rechts, sondern auch um Demonstrationen gegen Mieterh\u00f6hungen und Gentrifizierung oder f\u00fcr Gefl\u00fcchtete, Frauenrechte und ein freies Internet. Sie alle finden sich in ein oder zwei kurzen Artikeln, die Zahlen werden genannt und vielleicht noch berichtet, welche Politiker anwesend waren und welche nicht. Gr\u00f6\u00dfere Aufmerksamkeit wird ihnen nicht zu teil.<\/p>\n<p style=\"text-align: justify;\">Dabei stellen sie den Gro\u00dfteil der Proteste dar, den verschwiegenen Gro\u00dfteil, denn jeder Naziprotest erzeugt mehr Aufmerksamkeit als die progressiven Anliegen. Jede AfD-Kundgebung mehr Debatte als Demos f\u00fcr Gefl\u00fcchtete. W\u00fcrde sich dies \u00e4ndern und endlich auch verst\u00e4rkt fortschrittlichen Anliegen ein Raum gegeben in Talkshows und Artikeln, die Debatten s\u00e4he anders aus.<br \/>\n<span style=\"color: #ffffff;\">.<\/span><\/p>\n<p style=\"text-align: justify;\"><span style=\"font-size: 10pt; color: #000000;\">Erstver\u00f6ffentlichung in <a style=\"color: #000000;\" href=\"https:\/\/diefreiheitsliebe.de\/\">\u201eDie Freiheitsliebe\u201c<\/a> am 24. August 2018. Ver\u00f6ffentlichung mit freundlicher Genehmigung des Herausgebers und des Autors. <\/span><br \/>\n<span style=\"font-size: 10pt; color: #000000;\"><span style=\"color: #ffffff;\"> .<\/span><em><br \/>\n<\/em><strong>\u00dcber den Autor:<\/strong> Julius Jamal hat 2009 aus dem Wunsch, einen Ort zu schaffen, wo es keine Grenzen gibt zwischen Menschen, den Blog &#8222;Die Freiheitsliebe&#8220; gegr\u00fcndet. Einen Ort an dem man sich mitteilen kann, unabh\u00e4ngig von Religion, Herkunft, sexuelle Orientierung und Geschlecht. Freiheit bedeutet immer die Freiheit von Ausbeutung. Als Autor dieser Webseite streitet er f\u00fcr eine Gesellschaft, in der nicht mehr die Mehrheit der Menschen das Umsetzen muss, was nur dem Wohlstand einiger Weniger dient.<\/span><\/p>\n<p><span style=\"font-size: 10pt;\"><span style=\"color: #000000;\"><a href=\"http:\/\/www.deanreed.de\/AmericanRebel\/2017\/?cat=114\" target=\"_blank\" rel=\"noopener noreferrer\">Weitere Artikel von Julius Jamal<\/a><\/span><\/span><\/p>\n<p><span style=\"color: #ffffff;\">.<\/span><\/p>\n<\/div>\n<blockquote>\n<p style=\"text-align: center;\"><span style=\"font-size: 10pt; color: #000000;\">F\u00fcr den Inhalt dieses Artikels ist der Autor bzw. die Autorin verantwortlich.<br \/>\nDabei muss es sich nicht grunds\u00e4tzlich um die Meinung der Redaktion handeln.<\/span><\/p>\n<table width=\"100%\" align=\"center\">\n<tbody>\n<tr>\n<td>\n<form action=\"https:\/\/www.paypal.com\/cgi-bin\/webscr\" method=\"post\" target=\"_top\"><input alt=\"Jetzt einfach, schnell und sicher online bezahlen \u2013 mit PayPal.\" name=\"submit\" src=\"https:\/\/www.paypalobjects.com\/de_DE\/DE\/i\/btn\/btn_donateCC_LG.gif\" type=\"image\" \/><\/form>\n<\/td>\n<td><span style=\"color: #993300;\"><strong>Auch linker Journalismus ist nicht kostenlos<br \/>\nund auch kleine Spenden k\u00f6nnen helfen Gro\u00dfes zu ver\u00f6ffentlichen!<\/strong><\/span><\/td>\n<\/tr>\n<\/tbody>\n<\/table>\n<div style=\"margin-left: 10px;\"><a title=\"zur Startseite\" href=\"http:\/\/www.americanrebel.de\/\"><img loading=\"lazy\" class=\"alignleft\" src=\"http:\/\/www.deanreed.de\/AmericanRebel\/2017\/wp-content\/uploads\/2017\/03\/back_ar.png\" alt=\"zur\u00fcck zur Startseite\" width=\"156\" height=\"15\" \/><\/a><\/div>\n<div style=\"margin-right: 10px;\"><a href=\"https:\/\/www.facebook.com\/groups\/1683837971860223\/permalink\/1987214344855916\/\" target=\"_blank\" rel=\"noopener noreferrer\"><img loading=\"lazy\" class=\"alignright\" src=\"http:\/\/www.deanreed.de\/AmericanRebel\/2017\/wp-content\/uploads\/2017\/03\/ar_zu_fb.png\" alt=\"hier geht es zur Facebook Diskussionsgruppe\" width=\"353\" height=\"15\" \/><\/a><\/div>\n<p style=\"text-align: center;\"><a href=\"#respond\" target=\"_blank\" rel=\"noopener noreferrer\"><img loading=\"lazy\" class=\"aligncenter\" src=\"http:\/\/www.deanreed.de\/AmericanRebel\/2017\/wp-content\/uploads\/2017\/03\/ar_kommentar-1.png\" alt=\"Sag uns deine Meinung zum Artikel mit einem Kommentar\/Leserbrief\" width=\"627\" height=\"20\" \/><\/a><\/p>\n<\/blockquote>\n","protected":false},"excerpt":{"rendered":"<p>Julius Jamal Talkshows zu rechten Demos \u2013 Schweigen bei Unteilbar 40.000 Menschen haben gestern in Dresden gegen Rassismus, rechte Hetze und Diskriminierung demonstriert. Es war die gr\u00f6\u00dfte Demo seit l\u00e4ngerer Zeit in Sachsen, doch die mediale Aufmerksamkeit bleibt beschr\u00e4nkt. Ein [&hellip;]<a class=\"more-link\" href=\"http:\/\/www.deanreed.de\/AmericanRebel\/2017\/2019\/08\/25\/21967\/\">&darr; Lese den Rest von diesem Eintrag&#8230;<\/a><\/p>\n","protected":false},"author":2,"featured_media":0,"comment_status":"open","ping_status":"open","sticky":false,"template":"","format":"standard","meta":[],"categories":[114],"tags":[748,2701,2705,2693,396,2697,2702,2703,832,2698,2700,2704,1017,2696,1827,2100,1020,2131,2694,2708,2692,2699,2707,2691,2695,2706],"yoast_head":"<!-- This site is optimized with the Yoast SEO plugin v17.5 - https:\/\/yoast.com\/wordpress\/plugins\/seo\/ -->\n<title>- Talkshows zu rechten Demos \u2013 Schweigen bei Unteilbar &ndash; Onlinezeitung AmericanRebel<\/title>\n<meta name=\"robots\" content=\"index, follow, max-snippet:-1, max-image-preview:large, max-video-preview:-1\" \/>\n<link rel=\"canonical\" href=\"http:\/\/www.deanreed.de\/AmericanRebel\/2017\/2019\/08\/25\/21967\/\" \/>\n<meta property=\"og:locale\" content=\"de_DE\" \/>\n<meta property=\"og:type\" content=\"article\" \/>\n<meta property=\"og:title\" content=\"- Talkshows zu rechten Demos \u2013 Schweigen bei Unteilbar &ndash; Onlinezeitung AmericanRebel\" \/>\n<meta property=\"og:description\" content=\"Julius Jamal Talkshows zu rechten Demos \u2013 Schweigen bei Unteilbar 40.000 Menschen haben gestern in Dresden gegen Rassismus, rechte Hetze und Diskriminierung demonstriert. Es war die gr\u00f6\u00dfte Demo seit l\u00e4ngerer Zeit in Sachsen, doch die mediale Aufmerksamkeit bleibt beschr\u00e4nkt. Ein [&hellip;]&darr; Lese den Rest von diesem Eintrag...\" \/>\n<meta property=\"og:url\" content=\"http:\/\/www.deanreed.de\/AmericanRebel\/2017\/2019\/08\/25\/21967\/\" \/>\n<meta property=\"og:site_name\" content=\"Onlinezeitung AmericanRebel\" \/>\n<meta property=\"article:published_time\" content=\"2019-08-25T11:31:24+00:00\" \/>\n<meta property=\"article:modified_time\" content=\"2019-08-27T11:45:57+00:00\" \/>\n<meta property=\"og:image\" content=\"http:\/\/www.deanreed.de\/AmericanRebel\/2017\/wp-content\/uploads\/2019\/08\/unteilbar-1-1024x683.jpg\" \/>\n\t<meta property=\"og:image:width\" content=\"1024\" \/>\n\t<meta property=\"og:image:height\" content=\"683\" \/>\n<meta name=\"twitter:card\" content=\"summary_large_image\" \/>\n<meta name=\"twitter:label1\" content=\"Verfasst von\" \/>\n\t<meta name=\"twitter:data1\" content=\"Redaktion\" \/>\n\t<meta name=\"twitter:label2\" content=\"Gesch\u00e4tzte Lesezeit\" \/>\n\t<meta name=\"twitter:data2\" content=\"3\u00a0Minuten\" \/>\n<script type=\"application\/ld+json\" class=\"yoast-schema-graph\">{\"@context\":\"https:\/\/schema.org\",\"@graph\":[{\"@type\":\"WebSite\",\"@id\":\"https:\/\/www.deanreed.de\/AmericanRebel\/2017\/#website\",\"url\":\"https:\/\/www.deanreed.de\/AmericanRebel\/2017\/\",\"name\":\"Onlinezeitung AmericanRebel\",\"description\":\"Internationale Onlinezeitung f\\u00fcr Frieden, Humanismus, V\\u00f6lkerverst\\u00e4ndigung und Kultur\",\"potentialAction\":[{\"@type\":\"SearchAction\",\"target\":{\"@type\":\"EntryPoint\",\"urlTemplate\":\"https:\/\/www.deanreed.de\/AmericanRebel\/2017\/?s={search_term_string}\"},\"query-input\":\"required name=search_term_string\"}],\"inLanguage\":\"de\"},{\"@type\":\"ImageObject\",\"@id\":\"http:\/\/www.deanreed.de\/AmericanRebel\/2017\/2019\/08\/25\/21967\/#primaryimage\",\"inLanguage\":\"de\",\"url\":\"http:\/\/www.deanreed.de\/AmericanRebel\/2017\/wp-content\/uploads\/2019\/08\/unteilbar-1-1024x683.jpg\",\"contentUrl\":\"http:\/\/www.deanreed.de\/AmericanRebel\/2017\/wp-content\/uploads\/2019\/08\/unteilbar-1-1024x683.jpg\",\"width\":1024,\"height\":683,\"caption\":\"Unteilbar \\u2013 Foto: www.unteilbar.de\"},{\"@type\":\"WebPage\",\"@id\":\"http:\/\/www.deanreed.de\/AmericanRebel\/2017\/2019\/08\/25\/21967\/#webpage\",\"url\":\"http:\/\/www.deanreed.de\/AmericanRebel\/2017\/2019\/08\/25\/21967\/\",\"name\":\"- Talkshows zu rechten Demos \\u2013 Schweigen bei Unteilbar &ndash; Onlinezeitung AmericanRebel\",\"isPartOf\":{\"@id\":\"https:\/\/www.deanreed.de\/AmericanRebel\/2017\/#website\"},\"primaryImageOfPage\":{\"@id\":\"http:\/\/www.deanreed.de\/AmericanRebel\/2017\/2019\/08\/25\/21967\/#primaryimage\"},\"datePublished\":\"2019-08-25T11:31:24+00:00\",\"dateModified\":\"2019-08-27T11:45:57+00:00\",\"author\":{\"@id\":\"https:\/\/www.deanreed.de\/AmericanRebel\/2017\/#\/schema\/person\/9edfca7917cd10b75edaae51c6e7935a\"},\"breadcrumb\":{\"@id\":\"http:\/\/www.deanreed.de\/AmericanRebel\/2017\/2019\/08\/25\/21967\/#breadcrumb\"},\"inLanguage\":\"de\",\"potentialAction\":[{\"@type\":\"ReadAction\",\"target\":[\"http:\/\/www.deanreed.de\/AmericanRebel\/2017\/2019\/08\/25\/21967\/\"]}]},{\"@type\":\"BreadcrumbList\",\"@id\":\"http:\/\/www.deanreed.de\/AmericanRebel\/2017\/2019\/08\/25\/21967\/#breadcrumb\",\"itemListElement\":[{\"@type\":\"ListItem\",\"position\":1,\"name\":\"Startseite\",\"item\":\"https:\/\/www.deanreed.de\/AmericanRebel\/2017\/\"},{\"@type\":\"ListItem\",\"position\":2,\"name\":\"&#8211; Talkshows zu rechten Demos \\u2013 Schweigen bei Unteilbar\"}]},{\"@type\":\"Person\",\"@id\":\"https:\/\/www.deanreed.de\/AmericanRebel\/2017\/#\/schema\/person\/9edfca7917cd10b75edaae51c6e7935a\",\"name\":\"Redaktion\",\"url\":\"http:\/\/www.deanreed.de\/AmericanRebel\/2017\/author\/redaktion\/\"}]}<\/script>\n<!-- \/ Yoast SEO plugin. -->","yoast_head_json":{"title":"- Talkshows zu rechten Demos \u2013 Schweigen bei Unteilbar &ndash; Onlinezeitung AmericanRebel","robots":{"index":"index","follow":"follow","max-snippet":"max-snippet:-1","max-image-preview":"max-image-preview:large","max-video-preview":"max-video-preview:-1"},"canonical":"http:\/\/www.deanreed.de\/AmericanRebel\/2017\/2019\/08\/25\/21967\/","og_locale":"de_DE","og_type":"article","og_title":"- Talkshows zu rechten Demos \u2013 Schweigen bei Unteilbar &ndash; Onlinezeitung AmericanRebel","og_description":"Julius Jamal Talkshows zu rechten Demos \u2013 Schweigen bei Unteilbar 40.000 Menschen haben gestern in Dresden gegen Rassismus, rechte Hetze und Diskriminierung demonstriert. Es war die gr\u00f6\u00dfte Demo seit l\u00e4ngerer Zeit in Sachsen, doch die mediale Aufmerksamkeit bleibt beschr\u00e4nkt. Ein [&hellip;]&darr; Lese den Rest von diesem Eintrag...","og_url":"http:\/\/www.deanreed.de\/AmericanRebel\/2017\/2019\/08\/25\/21967\/","og_site_name":"Onlinezeitung AmericanRebel","article_published_time":"2019-08-25T11:31:24+00:00","article_modified_time":"2019-08-27T11:45:57+00:00","og_image":[{"width":1024,"height":683,"url":"http:\/\/www.deanreed.de\/AmericanRebel\/2017\/wp-content\/uploads\/2019\/08\/unteilbar-1-1024x683.jpg","type":"image\/jpeg"}],"twitter_card":"summary_large_image","twitter_misc":{"Verfasst von":"Redaktion","Gesch\u00e4tzte Lesezeit":"3\u00a0Minuten"},"schema":{"@context":"https:\/\/schema.org","@graph":[{"@type":"WebSite","@id":"https:\/\/www.deanreed.de\/AmericanRebel\/2017\/#website","url":"https:\/\/www.deanreed.de\/AmericanRebel\/2017\/","name":"Onlinezeitung AmericanRebel","description":"Internationale Onlinezeitung f\u00fcr Frieden, Humanismus, V\u00f6lkerverst\u00e4ndigung und Kultur","potentialAction":[{"@type":"SearchAction","target":{"@type":"EntryPoint","urlTemplate":"https:\/\/www.deanreed.de\/AmericanRebel\/2017\/?s={search_term_string}"},"query-input":"required name=search_term_string"}],"inLanguage":"de"},{"@type":"ImageObject","@id":"http:\/\/www.deanreed.de\/AmericanRebel\/2017\/2019\/08\/25\/21967\/#primaryimage","inLanguage":"de","url":"http:\/\/www.deanreed.de\/AmericanRebel\/2017\/wp-content\/uploads\/2019\/08\/unteilbar-1-1024x683.jpg","contentUrl":"http:\/\/www.deanreed.de\/AmericanRebel\/2017\/wp-content\/uploads\/2019\/08\/unteilbar-1-1024x683.jpg","width":1024,"height":683,"caption":"Unteilbar \u2013 Foto: www.unteilbar.de"},{"@type":"WebPage","@id":"http:\/\/www.deanreed.de\/AmericanRebel\/2017\/2019\/08\/25\/21967\/#webpage","url":"http:\/\/www.deanreed.de\/AmericanRebel\/2017\/2019\/08\/25\/21967\/","name":"- Talkshows zu rechten Demos \u2013 Schweigen bei Unteilbar &ndash; Onlinezeitung AmericanRebel","isPartOf":{"@id":"https:\/\/www.deanreed.de\/AmericanRebel\/2017\/#website"},"primaryImageOfPage":{"@id":"http:\/\/www.deanreed.de\/AmericanRebel\/2017\/2019\/08\/25\/21967\/#primaryimage"},"datePublished":"2019-08-25T11:31:24+00:00","dateModified":"2019-08-27T11:45:57+00:00","author":{"@id":"https:\/\/www.deanreed.de\/AmericanRebel\/2017\/#\/schema\/person\/9edfca7917cd10b75edaae51c6e7935a"},"breadcrumb":{"@id":"http:\/\/www.deanreed.de\/AmericanRebel\/2017\/2019\/08\/25\/21967\/#breadcrumb"},"inLanguage":"de","potentialAction":[{"@type":"ReadAction","target":["http:\/\/www.deanreed.de\/AmericanRebel\/2017\/2019\/08\/25\/21967\/"]}]},{"@type":"BreadcrumbList","@id":"http:\/\/www.deanreed.de\/AmericanRebel\/2017\/2019\/08\/25\/21967\/#breadcrumb","itemListElement":[{"@type":"ListItem","position":1,"name":"Startseite","item":"https:\/\/www.deanreed.de\/AmericanRebel\/2017\/"},{"@type":"ListItem","position":2,"name":"&#8211; Talkshows zu rechten Demos \u2013 Schweigen bei Unteilbar"}]},{"@type":"Person","@id":"https:\/\/www.deanreed.de\/AmericanRebel\/2017\/#\/schema\/person\/9edfca7917cd10b75edaae51c6e7935a","name":"Redaktion","url":"http:\/\/www.deanreed.de\/AmericanRebel\/2017\/author\/redaktion\/"}]}},"_links":{"self":[{"href":"http:\/\/www.deanreed.de\/AmericanRebel\/2017\/wp-json\/wp\/v2\/posts\/21967"}],"collection":[{"href":"http:\/\/www.deanreed.de\/AmericanRebel\/2017\/wp-json\/wp\/v2\/posts"}],"about":[{"href":"http:\/\/www.deanreed.de\/AmericanRebel\/2017\/wp-json\/wp\/v2\/types\/post"}],"author":[{"embeddable":true,"href":"http:\/\/www.deanreed.de\/AmericanRebel\/2017\/wp-json\/wp\/v2\/users\/2"}],"replies":[{"embeddable":true,"href":"http:\/\/www.deanreed.de\/AmericanRebel\/2017\/wp-json\/wp\/v2\/comments?post=21967"}],"version-history":[{"count":5,"href":"http:\/\/www.deanreed.de\/AmericanRebel\/2017\/wp-json\/wp\/v2\/posts\/21967\/revisions"}],"predecessor-version":[{"id":21973,"href":"http:\/\/www.deanreed.de\/AmericanRebel\/2017\/wp-json\/wp\/v2\/posts\/21967\/revisions\/21973"}],"wp:attachment":[{"href":"http:\/\/www.deanreed.de\/AmericanRebel\/2017\/wp-json\/wp\/v2\/media?parent=21967"}],"wp:term":[{"taxonomy":"category","embeddable":true,"href":"http:\/\/www.deanreed.de\/AmericanRebel\/2017\/wp-json\/wp\/v2\/categories?post=21967"},{"taxonomy":"post_tag","embeddable":true,"href":"http:\/\/www.deanreed.de\/AmericanRebel\/2017\/wp-json\/wp\/v2\/tags?post=21967"}],"curies":[{"name":"wp","href":"https:\/\/api.w.org\/{rel}","templated":true}]}}