{"id":20989,"date":"2019-06-30T14:26:28","date_gmt":"2019-06-30T12:26:28","guid":{"rendered":"http:\/\/www.deanreed.de\/AmericanRebel\/2017\/?p=20989"},"modified":"2019-06-30T14:44:10","modified_gmt":"2019-06-30T12:44:10","slug":"rackete-europas-ignoranz-und-die-verlorene-menschlichkeit","status":"publish","type":"post","link":"http:\/\/www.deanreed.de\/AmericanRebel\/2017\/2019\/06\/30\/rackete-europas-ignoranz-und-die-verlorene-menschlichkeit\/","title":{"rendered":"&#8211; Rackete, Europas Ignoranz und die verlorene Menschlichkeit"},"content":{"rendered":"<div class=\"entry\">\n<h4>Julius Jamal<\/h4>\n<h2>Rackete, Europas Ignoranz und die verlorene Menschlichkeit<br \/>\n<span style=\"color: #ffffff;\">.<\/span><\/h2>\n<div id=\"attachment_9693\" style=\"width: 110px\" class=\"wp-caption alignleft\"><img aria-describedby=\"caption-attachment-9693\" loading=\"lazy\" class=\"size-full wp-image-9693\" src=\"http:\/\/www.deanreed.de\/AmericanRebel\/2017\/wp-content\/uploads\/2018\/02\/Julius_Jamal_2.jpg\" alt=\"\" width=\"100\" height=\"150\" \/><p id=\"caption-attachment-9693\" class=\"wp-caption-text\"><span style=\"color: #808080;\">Julius Jamal<\/span><\/p><\/div>\n<p style=\"text-align: justify;\"><strong><a href=\"https:\/\/diefreiheitsliebe.de\/gesellschaft\/das-schiff-europa-in-seenot-und-wie-es-wieder-auf-kurs-gebracht-werden-kann\/\">Monat f\u00fcr Monat sterben dutzende Menschen,<\/a> die aus Afrika \u00fcbers Mittelmeer nach Europa fl\u00fcchten wollen, bei der \u00dcberquerung des Mittelmeers. W\u00e4hrend die staatlichen Rettungsschiffe schon lange zur\u00fcckgezogen wurden, werden<a href=\"https:\/\/diefreiheitsliebe.de\/politik\/wie-menschen-retten-kriminalisiert-wird-die-kriminalisierungs-und-diffamierungskampagne-der-eu\/\"> Retter kriminalisiert<\/a>, doch sie riskieren Haft um Leben zu retten.<\/strong><\/p>\n<p style=\"text-align: justify;\">Alleine 2018 starben im Durchschnitt jeden Tag 8 Menschen bei dem Versuch vor Krieg und Verfolgung zu fl\u00fcchten und einen sicheren Hafen zu erreichen. Mitbekommen hat man davon in den europ\u00e4ischen Medien wenig, denn das Schicksal von nicht-europ\u00e4ischen Toten interessiert hier tendenziell wenig, wenn es Fl\u00fcchtlinge sind, dann sorgt ihr Tod sogar f\u00fcr Gel\u00e4chter und Freude bei Rechten. Dabei war es nicht immer so, 2015 erkl\u00e4rte Merkel noch das wir die Gefl\u00fcchteten aufnehmen, verschiedene europ\u00e4ischen Staaten erkl\u00e4rten Gefl\u00fcchtete aufzunehmen und die s\u00fcdeurop\u00e4ischen Staaten zu entlasten. Die Ursache dieser Politik war kein Anflug von Humanismus, sondern die Willkommensbewegung, die in verschiedensten L\u00e4ndern auf die Stra\u00dfe ging und ein Zeichen setzte f\u00fcr eine Aufnahmekultur, in der Gefl\u00fcchtete eine neue Heimat finden sollte. In dieser Zeit wurde zum Beispiel <a href=\"https:\/\/diefreiheitsliebe.de\/politik\/meinungsstark-politik\/europa-kein-ort-fuer-humanitaet-wie-fluechtlingshelfer-kriminalisiert-und-fluechtlinge-bekaempft-werden\/?fbclid=IwAR0O68tQtAHyiCzQOqmUarKBlAYemCUElOzJt-A71fKCQkjSjv_HryM8d9g\">Sarah Mardini <\/a>noch als Heldin gefeiert. \u201eAls sie damals mit ihrer Schwester in einem vollen Schlauchboot aus Syrien floh und dieses nicht mehr fahrt\u00fcchtig war, zogen beide das Boot bis nach Griechenland und retteten so 18 Menschen das Leben. Daf\u00fcr wurden beide mit dem Bambi in der Kategorie \u201estille Helden\u201c geehrt.\u201c Selbst die Bild, sonst an vorderster Front, wenn es gegen Migranten und Minderheiten geht, wollte da nicht zur\u00fcckstehen und statte Fu\u00dfballvereine in geheuchelter Solidarit\u00e4t mit \u201eRefugee-Welcome\u201c-Trikots aus.<\/p>\n<div id=\"attachment_20993\" style=\"width: 567px\" class=\"wp-caption aligncenter\"><img aria-describedby=\"caption-attachment-20993\" loading=\"lazy\" class=\" wp-image-20993\" src=\"http:\/\/www.deanreed.de\/AmericanRebel\/2017\/wp-content\/uploads\/2019\/06\/eee-300x168.jpg\" alt=\"\" width=\"557\" height=\"312\" srcset=\"http:\/\/www.deanreed.de\/AmericanRebel\/2017\/wp-content\/uploads\/2019\/06\/eee-300x168.jpg 300w, http:\/\/www.deanreed.de\/AmericanRebel\/2017\/wp-content\/uploads\/2019\/06\/eee.jpg 643w\" sizes=\"(max-width: 557px) 100vw, 557px\" \/><p id=\"caption-attachment-20993\" class=\"wp-caption-text\"><span style=\"color: #808080;\">Sea-Watch, Juni 2019, Bild YouTube<\/span><\/p><\/div>\n<p style=\"text-align: justify;\"><strong>Rechtsruck in Europa<\/strong><\/p>\n<p style=\"text-align: justify;\">Doch mit dem R\u00fcckgang der Willkommens-Bewegung gewannen europaweit rechte Bewegung an Zulauf. Die Folge die Medien berichteten \u00fcber die Verbrechen einzelner Fl\u00fcchtlinge und Rechtspopulisten versuchten die Zerst\u00f6rung des Sozialstaats Gefl\u00fcchteten in die Schuhe zu schieben. In einigen europ\u00e4ischen L\u00e4ndern wie Italien und \u00d6sterreich f\u00fchrte das zur Regierungs\u00fcbernahme durch konservativ-neofaschistische Koalitionen. Diese machten sich daran alle Formen von Solidarit\u00e4t zu kriminalisieren und Gefl\u00fcchtete auszugrenzen und zu entrechten. Die meisten anderen europ\u00e4ischen Regierungen, die wenige Jahre vorher noch erkl\u00e4rt hatten, dass sie f\u00fcr eine humane Politik st\u00e4nden, setzten migranten- und gefl\u00fcchtetenfeindliche Gesetze durch.<br \/>\n<span style=\"color: #ffffff;\">.<\/span><\/p>\n<div id=\"attachment_20991\" style=\"width: 330px\" class=\"wp-caption alignright\"><img aria-describedby=\"caption-attachment-20991\" loading=\"lazy\" class=\" wp-image-20991\" src=\"http:\/\/www.deanreed.de\/AmericanRebel\/2017\/wp-content\/uploads\/2019\/06\/fhh-300x169.jpg\" alt=\"\" width=\"320\" height=\"180\" srcset=\"http:\/\/www.deanreed.de\/AmericanRebel\/2017\/wp-content\/uploads\/2019\/06\/fhh-300x169.jpg 300w, http:\/\/www.deanreed.de\/AmericanRebel\/2017\/wp-content\/uploads\/2019\/06\/fhh-768x431.jpg 768w, http:\/\/www.deanreed.de\/AmericanRebel\/2017\/wp-content\/uploads\/2019\/06\/fhh.jpg 940w\" sizes=\"(max-width: 320px) 100vw, 320px\" \/><p id=\"caption-attachment-20991\" class=\"wp-caption-text\"><span style=\"color: #808080;\">Kapit\u00e4ninen Carola Rackete aus Kiel. Bild YouTube<\/span><\/p><\/div>\n<p style=\"text-align: justify;\"><strong>Private Retter statt staatliche Hilfe<\/strong><\/p>\n<p style=\"text-align: justify;\">W\u00e4hrend die Staaten ihre ohnehin schon schwachen Seenotrettungen einstellten, machten sich private Helfer auf um jene zu retten, denen im Mittelmeer das Ertrinken drohte. Mit <a href=\"https:\/\/diefreiheitsliebe.de\/politik\/weniger-rettungsschiffe-bedeuten-dass-mehr-menschen-sterben-im-gespraech-mit-franziska-von-sea-watch\/\">Sea-Watch<\/a>, Sea-Eye, Lifeline und anderen gingen jene aufs Meer, die nicht mehr zuschauen wollten beim Versagen der europ\u00e4ischen Politik. Eine von ihnen ist die Kapit\u00e4ninen Carola Rackete, die erkl\u00e4rte, dass sie lieber ins Gef\u00e4ngnis gehen w\u00fcrde als Gefl\u00fcchtete dem Tod zu \u00fcberlassen. Dies setzte sie um und rettete mit der Sea-Watch 3 auf dem Mittelmeer Gefl\u00fcchtete vor dem Ertrinken und brachte sie nach Lampedusa, dort wurde sie gestern verhaftet.<\/p>\n<p style=\"text-align: justify;\">Sie ist damit zum Gesicht all jener geworden, die nicht weiter zusehen wollen, wie Menschen der Tod droht. Ihr drohender Gef\u00e4ngnisaufenthalt w\u00e4re allerdings nie notwendig gewesen, wenn die EU und ihre Mitgliedsstaaten das internationale Seerechte befolgen w\u00fcrden und in Seenot geratene retten w\u00fcrde. Kapit\u00e4nin Racketes Handeln ist die Antwort auf eine europ\u00e4ische Politik, der ein wei\u00dfes Europa wichtiger ist als die Rettung von Menschenleben.<br \/>\n<span style=\"color: #ffffff;\">.<\/span><\/p>\n<p><span style=\"font-size: 10pt;\">Erstver\u00f6ffentlichung, heute in <a href=\"https:\/\/diefreiheitsliebe.de\/\">\u201eDie Freiheitsliebe\u201c<\/a>.<br \/>\nVer\u00f6ffentlichung mit freundlicher Genehmigung des Herausgebers und des Autors.<br \/>\nBilder und Bildunterschriften wurden von der Redaktion American Rebel hinzugef\u00fcgt.<\/span><\/p>\n<p><a href=\"http:\/\/www.deanreed.de\/AmericanRebel\/2017\/?p=9487\" target=\"_blank\" rel=\"noopener noreferrer\"><span style=\"font-size: 10pt;\">Weitere Artikel von Julius Jamal<\/span><\/a><\/p>\n<p style=\"text-align: justify;\"><span style=\"color: #ffffff;\">.<\/span><\/p>\n<blockquote>\n<p style=\"text-align: center;\"><span style=\"font-size: 10pt; color: #000000;\">F\u00fcr den Inhalt dieses Artikels ist der Autor bzw. die Autorin verantwortlich.<br \/>\nDabei muss es sich nicht grunds\u00e4tzlich um die Meinung der Redaktion handeln.<\/span><\/p>\n<table width=\"100%\" align=\"center\">\n<tbody>\n<tr>\n<td style=\"text-align: justify;\"><img loading=\"lazy\" class=\"size-full wp-image-7516 aligncenter\" src=\"http:\/\/www.deanreed.de\/AmericanRebel\/2017\/wp-content\/uploads\/2018\/10\/88x31.png\" alt=\"\" width=\"88\" height=\"31\" \/><\/td>\n<td style=\"text-align: justify; font-size: 10pt;\"><a href=\"https:\/\/creativecommons.org\/licenses\/by-nc-nd\/4.0\/\" target=\"_blank\" rel=\"license noopener noreferrer\">Dieses Werk ist lizenziert unter einer Creative Commons Namensnennung &#8211;<br \/>\nNicht kommerziell &#8211; Keine Bearbeitungen 4.0 International Lizenz.<\/a><\/td>\n<\/tr>\n<tr>\n<td>\n<form action=\"https:\/\/www.paypal.com\/cgi-bin\/webscr\" method=\"post\" target=\"_top\"><input alt=\"Jetzt einfach, schnell und sicher online bezahlen \u2013 mit PayPal.\" name=\"submit\" src=\"https:\/\/www.paypalobjects.com\/de_DE\/DE\/i\/btn\/btn_donateCC_LG.gif\" type=\"image\" \/><\/form>\n<\/td>\n<td><span style=\"color: #993300;\"><strong>Auch linker Journalismus ist nicht kostenlos<br \/>\nund auch kleine Spenden k\u00f6nnen helfen Gro\u00dfes zu ver\u00f6ffentlichen!<\/strong><\/span><\/td>\n<\/tr>\n<\/tbody>\n<\/table>\n<div style=\"margin-left: 10px;\"><a title=\"zur Startseite\" href=\"http:\/\/www.americanrebel.de\/\"><img loading=\"lazy\" class=\"alignleft\" src=\"http:\/\/www.deanreed.de\/AmericanRebel\/2017\/wp-content\/uploads\/2017\/03\/back_ar.png\" alt=\"zur\u00fcck zur Startseite\" width=\"156\" height=\"15\" \/><\/a><\/div>\n<div style=\"margin-right: 10px;\"><a href=\"https:\/\/www.facebook.com\/groups\/1683837971860223\/permalink\/1987214344855916\/\" target=\"_blank\" rel=\"noopener noreferrer\"><img loading=\"lazy\" class=\"alignright\" src=\"http:\/\/www.deanreed.de\/AmericanRebel\/2017\/wp-content\/uploads\/2017\/03\/ar_zu_fb.png\" alt=\"hier geht es zur Facebook Diskussionsgruppe\" width=\"353\" height=\"15\" \/><\/a><\/div>\n<p style=\"text-align: center;\"><a href=\"#respond\" target=\"_blank\" rel=\"noopener noreferrer\"><img loading=\"lazy\" class=\"aligncenter\" src=\"http:\/\/www.deanreed.de\/AmericanRebel\/2017\/wp-content\/uploads\/2017\/03\/ar_kommentar-1.png\" alt=\"Sag uns deine Meinung zum Artikel mit einem Kommentar\/Leserbrief\" width=\"627\" height=\"20\" \/><\/a><\/p>\n<\/blockquote>\n<\/div>\n","protected":false},"excerpt":{"rendered":"<p>Julius Jamal Rackete, Europas Ignoranz und die verlorene Menschlichkeit . Monat f\u00fcr Monat sterben dutzende Menschen, die aus Afrika \u00fcbers Mittelmeer nach Europa fl\u00fcchten wollen, bei der \u00dcberquerung des Mittelmeers. W\u00e4hrend die staatlichen Rettungsschiffe schon lange zur\u00fcckgezogen wurden, werden Retter [&hellip;]<a class=\"more-link\" href=\"http:\/\/www.deanreed.de\/AmericanRebel\/2017\/2019\/06\/30\/rackete-europas-ignoranz-und-die-verlorene-menschlichkeit\/\">&darr; Lese den Rest von diesem Eintrag&#8230;<\/a><\/p>\n","protected":false},"author":2,"featured_media":0,"comment_status":"open","ping_status":"open","sticky":false,"template":"","format":"standard","meta":[],"categories":[1,114],"tags":[2036,503,2035,1605,2052,829,396,2048,155,832,2040,1310,2046,1017,2039,2043,2047,2041,2050,2044,2045,2037,2034,2038,2049,166,2051,2042],"yoast_head":"<!-- This site is optimized with the Yoast SEO plugin v17.5 - https:\/\/yoast.com\/wordpress\/plugins\/seo\/ -->\n<title>- Rackete, Europas Ignoranz und die verlorene Menschlichkeit &ndash; Onlinezeitung AmericanRebel<\/title>\n<meta name=\"robots\" content=\"index, follow, max-snippet:-1, max-image-preview:large, max-video-preview:-1\" \/>\n<link rel=\"canonical\" href=\"http:\/\/www.deanreed.de\/AmericanRebel\/2017\/2019\/06\/30\/rackete-europas-ignoranz-und-die-verlorene-menschlichkeit\/\" \/>\n<meta property=\"og:locale\" content=\"de_DE\" \/>\n<meta property=\"og:type\" content=\"article\" \/>\n<meta property=\"og:title\" content=\"- Rackete, Europas Ignoranz und die verlorene Menschlichkeit &ndash; Onlinezeitung AmericanRebel\" \/>\n<meta property=\"og:description\" content=\"Julius Jamal Rackete, Europas Ignoranz und die verlorene Menschlichkeit . Monat f\u00fcr Monat sterben dutzende Menschen, die aus Afrika \u00fcbers Mittelmeer nach Europa fl\u00fcchten wollen, bei der \u00dcberquerung des Mittelmeers. W\u00e4hrend die staatlichen Rettungsschiffe schon lange zur\u00fcckgezogen wurden, werden Retter [&hellip;]&darr; Lese den Rest von diesem Eintrag...\" \/>\n<meta property=\"og:url\" content=\"http:\/\/www.deanreed.de\/AmericanRebel\/2017\/2019\/06\/30\/rackete-europas-ignoranz-und-die-verlorene-menschlichkeit\/\" \/>\n<meta property=\"og:site_name\" content=\"Onlinezeitung AmericanRebel\" \/>\n<meta property=\"article:published_time\" content=\"2019-06-30T12:26:28+00:00\" \/>\n<meta property=\"article:modified_time\" content=\"2019-06-30T12:44:10+00:00\" \/>\n<meta property=\"og:image\" content=\"http:\/\/www.deanreed.de\/AmericanRebel\/2017\/wp-content\/uploads\/2019\/06\/eee.jpg\" \/>\n\t<meta property=\"og:image:width\" content=\"643\" \/>\n\t<meta property=\"og:image:height\" content=\"361\" \/>\n<meta name=\"twitter:card\" content=\"summary_large_image\" \/>\n<meta name=\"twitter:label1\" content=\"Verfasst von\" \/>\n\t<meta name=\"twitter:data1\" content=\"Redaktion\" \/>\n\t<meta name=\"twitter:label2\" content=\"Gesch\u00e4tzte Lesezeit\" \/>\n\t<meta name=\"twitter:data2\" content=\"3\u00a0Minuten\" \/>\n<script type=\"application\/ld+json\" class=\"yoast-schema-graph\">{\"@context\":\"https:\/\/schema.org\",\"@graph\":[{\"@type\":\"WebSite\",\"@id\":\"https:\/\/www.deanreed.de\/AmericanRebel\/2017\/#website\",\"url\":\"https:\/\/www.deanreed.de\/AmericanRebel\/2017\/\",\"name\":\"Onlinezeitung AmericanRebel\",\"description\":\"Internationale Onlinezeitung f\\u00fcr Frieden, Humanismus, V\\u00f6lkerverst\\u00e4ndigung und Kultur\",\"potentialAction\":[{\"@type\":\"SearchAction\",\"target\":{\"@type\":\"EntryPoint\",\"urlTemplate\":\"https:\/\/www.deanreed.de\/AmericanRebel\/2017\/?s={search_term_string}\"},\"query-input\":\"required name=search_term_string\"}],\"inLanguage\":\"de\"},{\"@type\":\"ImageObject\",\"@id\":\"http:\/\/www.deanreed.de\/AmericanRebel\/2017\/2019\/06\/30\/rackete-europas-ignoranz-und-die-verlorene-menschlichkeit\/#primaryimage\",\"inLanguage\":\"de\",\"url\":\"http:\/\/www.deanreed.de\/AmericanRebel\/2017\/wp-content\/uploads\/2019\/06\/eee.jpg\",\"contentUrl\":\"http:\/\/www.deanreed.de\/AmericanRebel\/2017\/wp-content\/uploads\/2019\/06\/eee.jpg\",\"width\":643,\"height\":361,\"caption\":\"Sea-Watch, Juni 2019, Bild YouTube\"},{\"@type\":\"WebPage\",\"@id\":\"http:\/\/www.deanreed.de\/AmericanRebel\/2017\/2019\/06\/30\/rackete-europas-ignoranz-und-die-verlorene-menschlichkeit\/#webpage\",\"url\":\"http:\/\/www.deanreed.de\/AmericanRebel\/2017\/2019\/06\/30\/rackete-europas-ignoranz-und-die-verlorene-menschlichkeit\/\",\"name\":\"- Rackete, Europas Ignoranz und die verlorene Menschlichkeit &ndash; Onlinezeitung AmericanRebel\",\"isPartOf\":{\"@id\":\"https:\/\/www.deanreed.de\/AmericanRebel\/2017\/#website\"},\"primaryImageOfPage\":{\"@id\":\"http:\/\/www.deanreed.de\/AmericanRebel\/2017\/2019\/06\/30\/rackete-europas-ignoranz-und-die-verlorene-menschlichkeit\/#primaryimage\"},\"datePublished\":\"2019-06-30T12:26:28+00:00\",\"dateModified\":\"2019-06-30T12:44:10+00:00\",\"author\":{\"@id\":\"https:\/\/www.deanreed.de\/AmericanRebel\/2017\/#\/schema\/person\/9edfca7917cd10b75edaae51c6e7935a\"},\"breadcrumb\":{\"@id\":\"http:\/\/www.deanreed.de\/AmericanRebel\/2017\/2019\/06\/30\/rackete-europas-ignoranz-und-die-verlorene-menschlichkeit\/#breadcrumb\"},\"inLanguage\":\"de\",\"potentialAction\":[{\"@type\":\"ReadAction\",\"target\":[\"http:\/\/www.deanreed.de\/AmericanRebel\/2017\/2019\/06\/30\/rackete-europas-ignoranz-und-die-verlorene-menschlichkeit\/\"]}]},{\"@type\":\"BreadcrumbList\",\"@id\":\"http:\/\/www.deanreed.de\/AmericanRebel\/2017\/2019\/06\/30\/rackete-europas-ignoranz-und-die-verlorene-menschlichkeit\/#breadcrumb\",\"itemListElement\":[{\"@type\":\"ListItem\",\"position\":1,\"name\":\"Startseite\",\"item\":\"https:\/\/www.deanreed.de\/AmericanRebel\/2017\/\"},{\"@type\":\"ListItem\",\"position\":2,\"name\":\"&#8211; Rackete, Europas Ignoranz und die verlorene Menschlichkeit\"}]},{\"@type\":\"Person\",\"@id\":\"https:\/\/www.deanreed.de\/AmericanRebel\/2017\/#\/schema\/person\/9edfca7917cd10b75edaae51c6e7935a\",\"name\":\"Redaktion\",\"url\":\"http:\/\/www.deanreed.de\/AmericanRebel\/2017\/author\/redaktion\/\"}]}<\/script>\n<!-- \/ Yoast SEO plugin. -->","yoast_head_json":{"title":"- Rackete, Europas Ignoranz und die verlorene Menschlichkeit &ndash; Onlinezeitung AmericanRebel","robots":{"index":"index","follow":"follow","max-snippet":"max-snippet:-1","max-image-preview":"max-image-preview:large","max-video-preview":"max-video-preview:-1"},"canonical":"http:\/\/www.deanreed.de\/AmericanRebel\/2017\/2019\/06\/30\/rackete-europas-ignoranz-und-die-verlorene-menschlichkeit\/","og_locale":"de_DE","og_type":"article","og_title":"- Rackete, Europas Ignoranz und die verlorene Menschlichkeit &ndash; Onlinezeitung AmericanRebel","og_description":"Julius Jamal Rackete, Europas Ignoranz und die verlorene Menschlichkeit . Monat f\u00fcr Monat sterben dutzende Menschen, die aus Afrika \u00fcbers Mittelmeer nach Europa fl\u00fcchten wollen, bei der \u00dcberquerung des Mittelmeers. W\u00e4hrend die staatlichen Rettungsschiffe schon lange zur\u00fcckgezogen wurden, werden Retter [&hellip;]&darr; Lese den Rest von diesem Eintrag...","og_url":"http:\/\/www.deanreed.de\/AmericanRebel\/2017\/2019\/06\/30\/rackete-europas-ignoranz-und-die-verlorene-menschlichkeit\/","og_site_name":"Onlinezeitung AmericanRebel","article_published_time":"2019-06-30T12:26:28+00:00","article_modified_time":"2019-06-30T12:44:10+00:00","og_image":[{"width":643,"height":361,"url":"http:\/\/www.deanreed.de\/AmericanRebel\/2017\/wp-content\/uploads\/2019\/06\/eee.jpg","type":"image\/jpeg"}],"twitter_card":"summary_large_image","twitter_misc":{"Verfasst von":"Redaktion","Gesch\u00e4tzte Lesezeit":"3\u00a0Minuten"},"schema":{"@context":"https:\/\/schema.org","@graph":[{"@type":"WebSite","@id":"https:\/\/www.deanreed.de\/AmericanRebel\/2017\/#website","url":"https:\/\/www.deanreed.de\/AmericanRebel\/2017\/","name":"Onlinezeitung AmericanRebel","description":"Internationale Onlinezeitung f\u00fcr Frieden, Humanismus, V\u00f6lkerverst\u00e4ndigung und Kultur","potentialAction":[{"@type":"SearchAction","target":{"@type":"EntryPoint","urlTemplate":"https:\/\/www.deanreed.de\/AmericanRebel\/2017\/?s={search_term_string}"},"query-input":"required name=search_term_string"}],"inLanguage":"de"},{"@type":"ImageObject","@id":"http:\/\/www.deanreed.de\/AmericanRebel\/2017\/2019\/06\/30\/rackete-europas-ignoranz-und-die-verlorene-menschlichkeit\/#primaryimage","inLanguage":"de","url":"http:\/\/www.deanreed.de\/AmericanRebel\/2017\/wp-content\/uploads\/2019\/06\/eee.jpg","contentUrl":"http:\/\/www.deanreed.de\/AmericanRebel\/2017\/wp-content\/uploads\/2019\/06\/eee.jpg","width":643,"height":361,"caption":"Sea-Watch, Juni 2019, Bild YouTube"},{"@type":"WebPage","@id":"http:\/\/www.deanreed.de\/AmericanRebel\/2017\/2019\/06\/30\/rackete-europas-ignoranz-und-die-verlorene-menschlichkeit\/#webpage","url":"http:\/\/www.deanreed.de\/AmericanRebel\/2017\/2019\/06\/30\/rackete-europas-ignoranz-und-die-verlorene-menschlichkeit\/","name":"- Rackete, Europas Ignoranz und die verlorene Menschlichkeit &ndash; Onlinezeitung AmericanRebel","isPartOf":{"@id":"https:\/\/www.deanreed.de\/AmericanRebel\/2017\/#website"},"primaryImageOfPage":{"@id":"http:\/\/www.deanreed.de\/AmericanRebel\/2017\/2019\/06\/30\/rackete-europas-ignoranz-und-die-verlorene-menschlichkeit\/#primaryimage"},"datePublished":"2019-06-30T12:26:28+00:00","dateModified":"2019-06-30T12:44:10+00:00","author":{"@id":"https:\/\/www.deanreed.de\/AmericanRebel\/2017\/#\/schema\/person\/9edfca7917cd10b75edaae51c6e7935a"},"breadcrumb":{"@id":"http:\/\/www.deanreed.de\/AmericanRebel\/2017\/2019\/06\/30\/rackete-europas-ignoranz-und-die-verlorene-menschlichkeit\/#breadcrumb"},"inLanguage":"de","potentialAction":[{"@type":"ReadAction","target":["http:\/\/www.deanreed.de\/AmericanRebel\/2017\/2019\/06\/30\/rackete-europas-ignoranz-und-die-verlorene-menschlichkeit\/"]}]},{"@type":"BreadcrumbList","@id":"http:\/\/www.deanreed.de\/AmericanRebel\/2017\/2019\/06\/30\/rackete-europas-ignoranz-und-die-verlorene-menschlichkeit\/#breadcrumb","itemListElement":[{"@type":"ListItem","position":1,"name":"Startseite","item":"https:\/\/www.deanreed.de\/AmericanRebel\/2017\/"},{"@type":"ListItem","position":2,"name":"&#8211; Rackete, Europas Ignoranz und die verlorene Menschlichkeit"}]},{"@type":"Person","@id":"https:\/\/www.deanreed.de\/AmericanRebel\/2017\/#\/schema\/person\/9edfca7917cd10b75edaae51c6e7935a","name":"Redaktion","url":"http:\/\/www.deanreed.de\/AmericanRebel\/2017\/author\/redaktion\/"}]}},"_links":{"self":[{"href":"http:\/\/www.deanreed.de\/AmericanRebel\/2017\/wp-json\/wp\/v2\/posts\/20989"}],"collection":[{"href":"http:\/\/www.deanreed.de\/AmericanRebel\/2017\/wp-json\/wp\/v2\/posts"}],"about":[{"href":"http:\/\/www.deanreed.de\/AmericanRebel\/2017\/wp-json\/wp\/v2\/types\/post"}],"author":[{"embeddable":true,"href":"http:\/\/www.deanreed.de\/AmericanRebel\/2017\/wp-json\/wp\/v2\/users\/2"}],"replies":[{"embeddable":true,"href":"http:\/\/www.deanreed.de\/AmericanRebel\/2017\/wp-json\/wp\/v2\/comments?post=20989"}],"version-history":[{"count":6,"href":"http:\/\/www.deanreed.de\/AmericanRebel\/2017\/wp-json\/wp\/v2\/posts\/20989\/revisions"}],"predecessor-version":[{"id":20997,"href":"http:\/\/www.deanreed.de\/AmericanRebel\/2017\/wp-json\/wp\/v2\/posts\/20989\/revisions\/20997"}],"wp:attachment":[{"href":"http:\/\/www.deanreed.de\/AmericanRebel\/2017\/wp-json\/wp\/v2\/media?parent=20989"}],"wp:term":[{"taxonomy":"category","embeddable":true,"href":"http:\/\/www.deanreed.de\/AmericanRebel\/2017\/wp-json\/wp\/v2\/categories?post=20989"},{"taxonomy":"post_tag","embeddable":true,"href":"http:\/\/www.deanreed.de\/AmericanRebel\/2017\/wp-json\/wp\/v2\/tags?post=20989"}],"curies":[{"name":"wp","href":"https:\/\/api.w.org\/{rel}","templated":true}]}}