{"id":20673,"date":"2019-06-07T00:50:54","date_gmt":"2019-06-06T22:50:54","guid":{"rendered":"http:\/\/www.deanreed.de\/AmericanRebel\/2017\/?p=20673"},"modified":"2019-06-07T01:09:53","modified_gmt":"2019-06-06T23:09:53","slug":"historischer-roter-morgen-als-neu-formatierter-nachdruck-erhaeltlich","status":"publish","type":"post","link":"http:\/\/www.deanreed.de\/AmericanRebel\/2017\/2019\/06\/07\/historischer-roter-morgen-als-neu-formatierter-nachdruck-erhaeltlich\/","title":{"rendered":"&#8211; Historischer \u201eRoter Morgen\u201c als neu formatierter Nachdruck erh\u00e4ltlich"},"content":{"rendered":"<h4>Kiki Rebell<\/h4>\n<h2 class=\"entry-title\">Historischer \u201eRoter Morgen\u201c<br \/>\nals neu formatierter Nachdruck erh\u00e4ltlich<\/h2>\n<h4 class=\"entry-title\">Zur Gr\u00fcndung der KPD\/ML als Antwort auf den Verrat der SED und der KPD<br \/>\n<span style=\"color: #ffffff;\">.<\/span><\/h4>\n<div id=\"attachment_15693\" style=\"width: 110px\" class=\"wp-caption alignleft\"><img aria-describedby=\"caption-attachment-15693\" loading=\"lazy\" class=\"size-full wp-image-15693\" src=\"http:\/\/www.deanreed.de\/AmericanRebel\/2017\/wp-content\/uploads\/2018\/08\/Kim_Rebell.jpg\" alt=\"\" width=\"100\" height=\"150\" \/><p id=\"caption-attachment-15693\" class=\"wp-caption-text\"><span style=\"color: #808080;\">Kiki Rebell<\/span><\/p><\/div>\n<p style=\"text-align: justify;\"><strong>Vor 50 Jahren, im Januar 1969, wurde die Kommunistische Partei Deutschlands\/ Marxisten-Leninisten gegr\u00fcndet. Der Chefredakteur der seit 1967 erschienenen kommunistischen Zeitung, Ernst Aust, war dabei die treibende Kraft. Im Januar 1969 erschien eine Ausgabe des Roten Morgen, in der die wichtigsten Dokumente zur Gr\u00fcndung enthalten waren. Diese Ausgabe ist ein historisches Dokument, das nach der revisionistischen Entartung der SED und der KPD die Notwendigkeit der Gr\u00fcndung einer neuen revolution\u00e4ren kommunistischen Partei f\u00fcr Deutschland widerspiegelt.<\/strong><span id=\"more-5659\"><\/span><\/p>\n<p style=\"text-align: justify;\">Die historische Ausgabe zeigt, auf welchen Grundlagen die KPD\/ML gegr\u00fcndet wurde, in welcher Situation sich die deutschen Kommunisten zu der Zeit befanden und wie der Staat agierte. Wenn man den Roten Morgen von vor 50 Jahren heute liest, so sieht man, dass die Gr\u00fcndung der KPD\/ML ein mutiger und angesichts des revisionistischen Verrats, notwendiger Schritt war.<\/p>\n<p style=\"text-align: justify;\"><img loading=\"lazy\" class=\"wp-image-20675 aligncenter\" src=\"http:\/\/www.deanreed.de\/AmericanRebel\/2017\/wp-content\/uploads\/2019\/06\/deed-300x137.jpg\" alt=\"\" width=\"639\" height=\"292\" srcset=\"http:\/\/www.deanreed.de\/AmericanRebel\/2017\/wp-content\/uploads\/2019\/06\/deed-300x137.jpg 300w, http:\/\/www.deanreed.de\/AmericanRebel\/2017\/wp-content\/uploads\/2019\/06\/deed-768x350.jpg 768w, http:\/\/www.deanreed.de\/AmericanRebel\/2017\/wp-content\/uploads\/2019\/06\/deed-1024x467.jpg 1024w, http:\/\/www.deanreed.de\/AmericanRebel\/2017\/wp-content\/uploads\/2019\/06\/deed.jpg 2000w\" sizes=\"(max-width: 639px) 100vw, 639px\" \/><br \/>\nsie ist auch ein Teil der Geschichte der KPD\/ML die uns heute helfen kann aus Erfolgen und Fehlern zu lernen. Denn auch f\u00fcr den Aufbau einer neuen kommunistischen Arbeiterpartei, die wir alle so n\u00f6tig brauchen, brauchen wir Mut um die n\u00f6tigen Schritte zu erkennen und zu gehen. Dabei k\u00f6nnen die Erfahrungen bei der Gr\u00fcndung, dem Aufbau und der Zerst\u00f6rung der KPD\/ML durch die trotzkistische Ideologie helfen.<\/p>\n<p style=\"text-align: justify;\">Deshalb empfehle jedem diesen Nachdruck und die nachfolgenden Ausgaben des Roten Morgen zu lesen. Wie schon berichtet, hat sich ein Team von ehemaligen RM-Redakteuren und jungen Genossen gefunden, die Monat f\u00fcr Monat, unter dem Titel <em>\u00bbDie Welt vor 50 Jahren\u00ab<\/em>, Artikel aus dem <a href=\"http:\/\/www.deanreed.de\/geschichte\/\" target=\"_blank\" rel=\"noopener noreferrer\">Roten Morgen in Blogform<\/a> wiederver\u00f6ffentlichen.<br \/>\n<span style=\"background-color: #ffffff; color: #ffffff;\">.<br \/>\n<\/span><span style=\"font-size: 10pt; color: #333333;\">Roter Morgen Januar 69, 16 Seiten, neu formatierter Nachdruck, 2,50 Euro zuz\u00fcglich 1,20 Porto und Verpackung.<\/span><\/p>\n<p><span style=\"font-size: 10pt;\"><strong><span style=\"background-color: #ffff00; color: #993300;\">Bestellungen an: <\/span><\/strong><\/span><span style=\"font-size: 10pt;\"><strong><span style=\"background-color: #ffff00; color: #993300;\">Verlag AZ, Postfach 401051, 70410 Stuttgart oder <\/span><\/strong><\/span><a href=\"mailto:info@arbeit-zukunft.de\"><span style=\"font-size: 10pt;\"><strong><span style=\"background-color: #ffff00; color: #993300;\">info@arbeit-zukunft.de<\/span><\/strong><\/span><\/a><\/p>\n<p><span style=\"color: #ffffff;\">.<\/span><\/p>\n<p><strong><a href=\"http:\/\/www.deanreed.de\/geschichte\/\" target=\"_blank\" rel=\"noopener noreferrer\">Zum Blog&gt;&gt;&gt;<\/a><\/strong><\/p>\n<p><span style=\"color: #ffffff;\">.<\/span><br \/>\n<a href=\"http:\/\/www.deanreed.de\/AmericanRebel\/2017\/?cat=174\" target=\"_blank\" rel=\"noopener noreferrer\"><span style=\"font-size: 10pt;\">Weitere Beitr\u00e4ge von Kiki Rebell<\/span><\/a><\/p>\n<p><span style=\"color: #ffffff;\">.<\/span><br \/>\n<em><strong>Lest dazu auch:<\/strong><\/em><\/p>\n<blockquote class=\"wp-embedded-content\" data-secret=\"HQXtvB8jvy\"><p><a href=\"http:\/\/www.deanreed.de\/AmericanRebel\/2017\/?p=19568\">&#8211; Die Welt vor 50 Jahren<\/a><\/p><\/blockquote>\n<p><iframe title=\"&#8222;&#8211; Die Welt vor 50 Jahren&#8220; &#8212; Onlinezeitung AmericanRebel\" class=\"wp-embedded-content\" sandbox=\"allow-scripts\" security=\"restricted\" style=\"position: absolute; clip: rect(1px, 1px, 1px, 1px);\" src=\"http:\/\/www.deanreed.de\/AmericanRebel\/2017\/?p=19568&#038;embed=true#?secret=HQXtvB8jvy\" data-secret=\"HQXtvB8jvy\" width=\"500\" height=\"282\" frameborder=\"0\" marginwidth=\"0\" marginheight=\"0\" scrolling=\"no\"><\/iframe><\/p>\n<p><span style=\"font-size: 10pt; color: #ffffff;\">.<\/span><\/p>\n<blockquote>\n<p style=\"text-align: center;\"><span style=\"font-size: 10pt; color: #000000;\">F\u00fcr den Inhalt dieses Artikels ist der Autor bzw. die Autorin verantwortlich.<br \/>\nDabei muss es sich nicht grunds\u00e4tzlich um die Meinung der Redaktion handeln.<\/span><\/p>\n<table width=\"100%\" align=\"center\">\n<tbody>\n<tr>\n<td style=\"text-align: justify;\"><img loading=\"lazy\" class=\"size-full wp-image-7516 aligncenter\" src=\"http:\/\/www.deanreed.de\/AmericanRebel\/2017\/wp-content\/uploads\/2018\/10\/88x31.png\" alt=\"\" width=\"88\" height=\"31\" \/><\/td>\n<td style=\"text-align: justify; font-size: 10pt;\"><a href=\"https:\/\/creativecommons.org\/licenses\/by-nc-nd\/3.0\/de\/\" target=\"_blank\" rel=\"noopener noreferrer\">Dieses Werk ist lizenziert unter einer Creative Commons Namensnennung &#8211;<\/a><br \/>\nNicht kommerziell &#8211; Keine Bearbeitungen 3.0 Deutschland Lizenz.<\/td>\n<\/tr>\n<tr>\n<td>\n<form action=\"https:\/\/www.paypal.com\/cgi-bin\/webscr\" method=\"post\" target=\"_top\"><input alt=\"Jetzt einfach, schnell und sicher online bezahlen \u2013 mit PayPal.\" name=\"submit\" src=\"https:\/\/www.paypalobjects.com\/de_DE\/DE\/i\/btn\/btn_donateCC_LG.gif\" type=\"image\" \/><\/form>\n<\/td>\n<td><span style=\"color: #993300;\"><strong>Auch linker Journalismus ist nicht kostenlos<br \/>\nund auch kleine Spenden k\u00f6nnen helfen Gro\u00dfes zu ver\u00f6ffentlichen!<\/strong><\/span><\/td>\n<\/tr>\n<\/tbody>\n<\/table>\n<div style=\"margin-left: 10px;\"><a title=\"zur Startseite\" href=\"http:\/\/www.americanrebel.de\/\"><img loading=\"lazy\" class=\"alignleft\" src=\"http:\/\/www.deanreed.de\/AmericanRebel\/2017\/wp-content\/uploads\/2017\/03\/back_ar.png\" alt=\"zur\u00fcck zur Startseite\" width=\"156\" height=\"15\" \/><\/a><\/div>\n<div style=\"margin-right: 10px;\"><a href=\"https:\/\/www.facebook.com\/groups\/1683837971860223\/permalink\/1987214344855916\/\" target=\"_blank\" rel=\"noopener noreferrer\"><img loading=\"lazy\" class=\"alignright\" src=\"http:\/\/www.deanreed.de\/AmericanRebel\/2017\/wp-content\/uploads\/2017\/03\/ar_zu_fb.png\" alt=\"hier geht es zur Facebook Diskussionsgruppe\" width=\"353\" height=\"15\" \/><\/a><\/div>\n<p style=\"text-align: center;\"><a href=\"#respond\" target=\"_blank\" rel=\"noopener noreferrer\"><img loading=\"lazy\" class=\"aligncenter\" src=\"http:\/\/www.deanreed.de\/AmericanRebel\/2017\/wp-content\/uploads\/2017\/03\/ar_kommentar-1.png\" alt=\"Sag uns deine Meinung zum Artikel mit einem Kommentar\/Leserbrief\" width=\"627\" height=\"20\" \/><\/a><\/p>\n<\/blockquote>\n","protected":false},"excerpt":{"rendered":"<p>Kiki Rebell Historischer \u201eRoter Morgen\u201c als neu formatierter Nachdruck erh\u00e4ltlich Zur Gr\u00fcndung der KPD\/ML als Antwort auf den Verrat der SED und der KPD . Vor 50 Jahren, im Januar 1969, wurde die Kommunistische Partei Deutschlands\/ Marxisten-Leninisten gegr\u00fcndet. Der Chefredakteur [&hellip;]<a class=\"more-link\" href=\"http:\/\/www.deanreed.de\/AmericanRebel\/2017\/2019\/06\/07\/historischer-roter-morgen-als-neu-formatierter-nachdruck-erhaeltlich\/\">&darr; Lese den Rest von diesem Eintrag&#8230;<\/a><\/p>\n","protected":false},"author":2,"featured_media":0,"comment_status":"open","ping_status":"open","sticky":false,"template":"","format":"standard","meta":[],"categories":[1,165,174,161],"tags":[748,135],"yoast_head":"<!-- This site is optimized with the Yoast SEO plugin v17.5 - https:\/\/yoast.com\/wordpress\/plugins\/seo\/ -->\n<title>- Historischer \u201eRoter Morgen\u201c als neu formatierter Nachdruck erh\u00e4ltlich &ndash; Onlinezeitung AmericanRebel<\/title>\n<meta name=\"robots\" content=\"index, follow, max-snippet:-1, max-image-preview:large, max-video-preview:-1\" \/>\n<link rel=\"canonical\" href=\"https:\/\/www.deanreed.de\/AmericanRebel\/2017\/2019\/06\/07\/historischer-roter-morgen-als-neu-formatierter-nachdruck-erhaeltlich\/\" \/>\n<meta property=\"og:locale\" content=\"de_DE\" \/>\n<meta property=\"og:type\" content=\"article\" \/>\n<meta property=\"og:title\" content=\"- Historischer \u201eRoter Morgen\u201c als neu formatierter Nachdruck erh\u00e4ltlich &ndash; Onlinezeitung AmericanRebel\" \/>\n<meta property=\"og:description\" content=\"Kiki Rebell Historischer \u201eRoter Morgen\u201c als neu formatierter Nachdruck erh\u00e4ltlich Zur Gr\u00fcndung der KPD\/ML als Antwort auf den Verrat der SED und der KPD . Vor 50 Jahren, im Januar 1969, wurde die Kommunistische Partei Deutschlands\/ Marxisten-Leninisten gegr\u00fcndet. Der Chefredakteur [&hellip;]&darr; Lese den Rest von diesem Eintrag...\" \/>\n<meta property=\"og:url\" content=\"https:\/\/www.deanreed.de\/AmericanRebel\/2017\/2019\/06\/07\/historischer-roter-morgen-als-neu-formatierter-nachdruck-erhaeltlich\/\" \/>\n<meta property=\"og:site_name\" content=\"Onlinezeitung AmericanRebel\" \/>\n<meta property=\"article:published_time\" content=\"2019-06-06T22:50:54+00:00\" \/>\n<meta property=\"article:modified_time\" content=\"2019-06-06T23:09:53+00:00\" \/>\n<meta property=\"og:image\" content=\"https:\/\/www.deanreed.de\/AmericanRebel\/2017\/wp-content\/uploads\/2019\/06\/deed.jpg\" \/>\n\t<meta property=\"og:image:width\" content=\"2000\" \/>\n\t<meta property=\"og:image:height\" content=\"912\" \/>\n<meta name=\"twitter:card\" content=\"summary_large_image\" \/>\n<meta name=\"twitter:label1\" content=\"Verfasst von\" \/>\n\t<meta name=\"twitter:data1\" content=\"Redaktion\" \/>\n\t<meta name=\"twitter:label2\" content=\"Gesch\u00e4tzte Lesezeit\" \/>\n\t<meta name=\"twitter:data2\" content=\"2\u00a0Minuten\" \/>\n<script type=\"application\/ld+json\" class=\"yoast-schema-graph\">{\"@context\":\"https:\/\/schema.org\",\"@graph\":[{\"@type\":\"WebSite\",\"@id\":\"https:\/\/www.deanreed.de\/AmericanRebel\/2017\/#website\",\"url\":\"https:\/\/www.deanreed.de\/AmericanRebel\/2017\/\",\"name\":\"Onlinezeitung AmericanRebel\",\"description\":\"Internationale Onlinezeitung f\\u00fcr Frieden, Humanismus, V\\u00f6lkerverst\\u00e4ndigung und Kultur\",\"potentialAction\":[{\"@type\":\"SearchAction\",\"target\":{\"@type\":\"EntryPoint\",\"urlTemplate\":\"https:\/\/www.deanreed.de\/AmericanRebel\/2017\/?s={search_term_string}\"},\"query-input\":\"required name=search_term_string\"}],\"inLanguage\":\"de\"},{\"@type\":\"ImageObject\",\"@id\":\"https:\/\/www.deanreed.de\/AmericanRebel\/2017\/2019\/06\/07\/historischer-roter-morgen-als-neu-formatierter-nachdruck-erhaeltlich\/#primaryimage\",\"inLanguage\":\"de\",\"url\":\"http:\/\/www.deanreed.de\/AmericanRebel\/2017\/wp-content\/uploads\/2019\/06\/deed.jpg\",\"contentUrl\":\"http:\/\/www.deanreed.de\/AmericanRebel\/2017\/wp-content\/uploads\/2019\/06\/deed.jpg\",\"width\":2000,\"height\":912},{\"@type\":\"WebPage\",\"@id\":\"https:\/\/www.deanreed.de\/AmericanRebel\/2017\/2019\/06\/07\/historischer-roter-morgen-als-neu-formatierter-nachdruck-erhaeltlich\/#webpage\",\"url\":\"https:\/\/www.deanreed.de\/AmericanRebel\/2017\/2019\/06\/07\/historischer-roter-morgen-als-neu-formatierter-nachdruck-erhaeltlich\/\",\"name\":\"- Historischer \\u201eRoter Morgen\\u201c als neu formatierter Nachdruck erh\\u00e4ltlich &ndash; Onlinezeitung AmericanRebel\",\"isPartOf\":{\"@id\":\"https:\/\/www.deanreed.de\/AmericanRebel\/2017\/#website\"},\"primaryImageOfPage\":{\"@id\":\"https:\/\/www.deanreed.de\/AmericanRebel\/2017\/2019\/06\/07\/historischer-roter-morgen-als-neu-formatierter-nachdruck-erhaeltlich\/#primaryimage\"},\"datePublished\":\"2019-06-06T22:50:54+00:00\",\"dateModified\":\"2019-06-06T23:09:53+00:00\",\"author\":{\"@id\":\"https:\/\/www.deanreed.de\/AmericanRebel\/2017\/#\/schema\/person\/9edfca7917cd10b75edaae51c6e7935a\"},\"breadcrumb\":{\"@id\":\"https:\/\/www.deanreed.de\/AmericanRebel\/2017\/2019\/06\/07\/historischer-roter-morgen-als-neu-formatierter-nachdruck-erhaeltlich\/#breadcrumb\"},\"inLanguage\":\"de\",\"potentialAction\":[{\"@type\":\"ReadAction\",\"target\":[\"https:\/\/www.deanreed.de\/AmericanRebel\/2017\/2019\/06\/07\/historischer-roter-morgen-als-neu-formatierter-nachdruck-erhaeltlich\/\"]}]},{\"@type\":\"BreadcrumbList\",\"@id\":\"https:\/\/www.deanreed.de\/AmericanRebel\/2017\/2019\/06\/07\/historischer-roter-morgen-als-neu-formatierter-nachdruck-erhaeltlich\/#breadcrumb\",\"itemListElement\":[{\"@type\":\"ListItem\",\"position\":1,\"name\":\"Startseite\",\"item\":\"https:\/\/www.deanreed.de\/AmericanRebel\/2017\/\"},{\"@type\":\"ListItem\",\"position\":2,\"name\":\"&#8211; Historischer \\u201eRoter Morgen\\u201c als neu formatierter Nachdruck erh\\u00e4ltlich\"}]},{\"@type\":\"Person\",\"@id\":\"https:\/\/www.deanreed.de\/AmericanRebel\/2017\/#\/schema\/person\/9edfca7917cd10b75edaae51c6e7935a\",\"name\":\"Redaktion\",\"url\":\"http:\/\/www.deanreed.de\/AmericanRebel\/2017\/author\/redaktion\/\"}]}<\/script>\n<!-- \/ Yoast SEO plugin. -->","yoast_head_json":{"title":"- Historischer \u201eRoter Morgen\u201c als neu formatierter Nachdruck erh\u00e4ltlich &ndash; Onlinezeitung AmericanRebel","robots":{"index":"index","follow":"follow","max-snippet":"max-snippet:-1","max-image-preview":"max-image-preview:large","max-video-preview":"max-video-preview:-1"},"canonical":"https:\/\/www.deanreed.de\/AmericanRebel\/2017\/2019\/06\/07\/historischer-roter-morgen-als-neu-formatierter-nachdruck-erhaeltlich\/","og_locale":"de_DE","og_type":"article","og_title":"- Historischer \u201eRoter Morgen\u201c als neu formatierter Nachdruck erh\u00e4ltlich &ndash; Onlinezeitung AmericanRebel","og_description":"Kiki Rebell Historischer \u201eRoter Morgen\u201c als neu formatierter Nachdruck erh\u00e4ltlich Zur Gr\u00fcndung der KPD\/ML als Antwort auf den Verrat der SED und der KPD . Vor 50 Jahren, im Januar 1969, wurde die Kommunistische Partei Deutschlands\/ Marxisten-Leninisten gegr\u00fcndet. Der Chefredakteur [&hellip;]&darr; Lese den Rest von diesem Eintrag...","og_url":"https:\/\/www.deanreed.de\/AmericanRebel\/2017\/2019\/06\/07\/historischer-roter-morgen-als-neu-formatierter-nachdruck-erhaeltlich\/","og_site_name":"Onlinezeitung AmericanRebel","article_published_time":"2019-06-06T22:50:54+00:00","article_modified_time":"2019-06-06T23:09:53+00:00","og_image":[{"width":2000,"height":912,"url":"https:\/\/www.deanreed.de\/AmericanRebel\/2017\/wp-content\/uploads\/2019\/06\/deed.jpg","type":"image\/jpeg"}],"twitter_card":"summary_large_image","twitter_misc":{"Verfasst von":"Redaktion","Gesch\u00e4tzte Lesezeit":"2\u00a0Minuten"},"schema":{"@context":"https:\/\/schema.org","@graph":[{"@type":"WebSite","@id":"https:\/\/www.deanreed.de\/AmericanRebel\/2017\/#website","url":"https:\/\/www.deanreed.de\/AmericanRebel\/2017\/","name":"Onlinezeitung AmericanRebel","description":"Internationale Onlinezeitung f\u00fcr Frieden, Humanismus, V\u00f6lkerverst\u00e4ndigung und Kultur","potentialAction":[{"@type":"SearchAction","target":{"@type":"EntryPoint","urlTemplate":"https:\/\/www.deanreed.de\/AmericanRebel\/2017\/?s={search_term_string}"},"query-input":"required name=search_term_string"}],"inLanguage":"de"},{"@type":"ImageObject","@id":"https:\/\/www.deanreed.de\/AmericanRebel\/2017\/2019\/06\/07\/historischer-roter-morgen-als-neu-formatierter-nachdruck-erhaeltlich\/#primaryimage","inLanguage":"de","url":"http:\/\/www.deanreed.de\/AmericanRebel\/2017\/wp-content\/uploads\/2019\/06\/deed.jpg","contentUrl":"http:\/\/www.deanreed.de\/AmericanRebel\/2017\/wp-content\/uploads\/2019\/06\/deed.jpg","width":2000,"height":912},{"@type":"WebPage","@id":"https:\/\/www.deanreed.de\/AmericanRebel\/2017\/2019\/06\/07\/historischer-roter-morgen-als-neu-formatierter-nachdruck-erhaeltlich\/#webpage","url":"https:\/\/www.deanreed.de\/AmericanRebel\/2017\/2019\/06\/07\/historischer-roter-morgen-als-neu-formatierter-nachdruck-erhaeltlich\/","name":"- Historischer \u201eRoter Morgen\u201c als neu formatierter Nachdruck erh\u00e4ltlich &ndash; Onlinezeitung AmericanRebel","isPartOf":{"@id":"https:\/\/www.deanreed.de\/AmericanRebel\/2017\/#website"},"primaryImageOfPage":{"@id":"https:\/\/www.deanreed.de\/AmericanRebel\/2017\/2019\/06\/07\/historischer-roter-morgen-als-neu-formatierter-nachdruck-erhaeltlich\/#primaryimage"},"datePublished":"2019-06-06T22:50:54+00:00","dateModified":"2019-06-06T23:09:53+00:00","author":{"@id":"https:\/\/www.deanreed.de\/AmericanRebel\/2017\/#\/schema\/person\/9edfca7917cd10b75edaae51c6e7935a"},"breadcrumb":{"@id":"https:\/\/www.deanreed.de\/AmericanRebel\/2017\/2019\/06\/07\/historischer-roter-morgen-als-neu-formatierter-nachdruck-erhaeltlich\/#breadcrumb"},"inLanguage":"de","potentialAction":[{"@type":"ReadAction","target":["https:\/\/www.deanreed.de\/AmericanRebel\/2017\/2019\/06\/07\/historischer-roter-morgen-als-neu-formatierter-nachdruck-erhaeltlich\/"]}]},{"@type":"BreadcrumbList","@id":"https:\/\/www.deanreed.de\/AmericanRebel\/2017\/2019\/06\/07\/historischer-roter-morgen-als-neu-formatierter-nachdruck-erhaeltlich\/#breadcrumb","itemListElement":[{"@type":"ListItem","position":1,"name":"Startseite","item":"https:\/\/www.deanreed.de\/AmericanRebel\/2017\/"},{"@type":"ListItem","position":2,"name":"&#8211; Historischer \u201eRoter Morgen\u201c als neu formatierter Nachdruck erh\u00e4ltlich"}]},{"@type":"Person","@id":"https:\/\/www.deanreed.de\/AmericanRebel\/2017\/#\/schema\/person\/9edfca7917cd10b75edaae51c6e7935a","name":"Redaktion","url":"http:\/\/www.deanreed.de\/AmericanRebel\/2017\/author\/redaktion\/"}]}},"_links":{"self":[{"href":"http:\/\/www.deanreed.de\/AmericanRebel\/2017\/wp-json\/wp\/v2\/posts\/20673"}],"collection":[{"href":"http:\/\/www.deanreed.de\/AmericanRebel\/2017\/wp-json\/wp\/v2\/posts"}],"about":[{"href":"http:\/\/www.deanreed.de\/AmericanRebel\/2017\/wp-json\/wp\/v2\/types\/post"}],"author":[{"embeddable":true,"href":"http:\/\/www.deanreed.de\/AmericanRebel\/2017\/wp-json\/wp\/v2\/users\/2"}],"replies":[{"embeddable":true,"href":"http:\/\/www.deanreed.de\/AmericanRebel\/2017\/wp-json\/wp\/v2\/comments?post=20673"}],"version-history":[{"count":11,"href":"http:\/\/www.deanreed.de\/AmericanRebel\/2017\/wp-json\/wp\/v2\/posts\/20673\/revisions"}],"predecessor-version":[{"id":20685,"href":"http:\/\/www.deanreed.de\/AmericanRebel\/2017\/wp-json\/wp\/v2\/posts\/20673\/revisions\/20685"}],"wp:attachment":[{"href":"http:\/\/www.deanreed.de\/AmericanRebel\/2017\/wp-json\/wp\/v2\/media?parent=20673"}],"wp:term":[{"taxonomy":"category","embeddable":true,"href":"http:\/\/www.deanreed.de\/AmericanRebel\/2017\/wp-json\/wp\/v2\/categories?post=20673"},{"taxonomy":"post_tag","embeddable":true,"href":"http:\/\/www.deanreed.de\/AmericanRebel\/2017\/wp-json\/wp\/v2\/tags?post=20673"}],"curies":[{"name":"wp","href":"https:\/\/api.w.org\/{rel}","templated":true}]}}