{"id":19252,"date":"2019-02-15T15:03:47","date_gmt":"2019-02-15T14:03:47","guid":{"rendered":"http:\/\/www.deanreed.de\/AmericanRebel\/2017\/?p=19252"},"modified":"2019-02-15T15:27:46","modified_gmt":"2019-02-15T14:27:46","slug":"muenchen-geht-mit-uns-auf-die-strasse-gegen-die-nato-kriegsstrategen","status":"publish","type":"post","link":"http:\/\/www.deanreed.de\/AmericanRebel\/2017\/2019\/02\/15\/muenchen-geht-mit-uns-auf-die-strasse-gegen-die-nato-kriegsstrategen\/","title":{"rendered":"&#8211; M\u00fcnchen: Geht mit uns auf die Stra\u00dfe &#8211; gegen die NATO-Kriegsstrategen"},"content":{"rendered":"<table width=\"663\">\n<tbody>\n<tr>\n<td><a href=\"http:\/\/www.deanreed.de\/AmericanRebel\/2017\/?p=15038\" target=\"_blank\" rel=\"noopener\">Volkskorrespondent<\/a><\/p>\n<h4>Michael Vilsmeier<br \/>\n<span style=\"color: #ffffff;\">.<\/span><\/h4>\n<h2><strong>M\u00fcnchen: Geht mit uns auf die Stra\u00dfe &#8211; gegen die NATO-Kriegsstrategen<\/strong><\/h2>\n<\/td>\n<td><img loading=\"lazy\" class=\"wp-image-14973 alignright\" src=\"http:\/\/www.deanreed.de\/AmericanRebel\/2017\/wp-content\/uploads\/2018\/07\/VK_end_113.png\" alt=\"\" width=\"90\" height=\"90\" \/><\/td>\n<\/tr>\n<\/tbody>\n<\/table>\n<div id=\"attachment_1015\" style=\"width: 110px\" class=\"wp-caption alignleft\"><img aria-describedby=\"caption-attachment-1015\" loading=\"lazy\" class=\"size-full wp-image-1015\" src=\"http:\/\/www.deanreed.de\/AmericanRebel\/vk\/wp-content\/uploads\/2033\/01\/Heinz-Michael-Vilsmeier.jpg\" alt=\"\" width=\"100\" height=\"150\" \/><p id=\"caption-attachment-1015\" class=\"wp-caption-text\"><span style=\"color: #808080;\">Heinz Michael Vilsmeier<\/span><\/p><\/div>\n<p style=\"text-align: justify;\"><strong>Morgen, am Samstag, 16. Februar, startet die gro\u00dfe Demonstration gegen die NATO-Sicherheitskonferenz in M\u00fcnchen<\/strong><\/p>\n<p style=\"text-align: justify;\"><strong>13:00 Uhr Auftakt-Kundgebung: Stachus\/Karlsplatz<\/strong><br \/>\n<strong>14:00 Uhr DEMO &#8211; Umzingelung des Tagungsortes der NATO- Kriegsstrategen<\/strong><br \/>\n<strong>15:00 Uhr Schlusskundgebung: Marienplatz<\/strong><\/p>\n<p style=\"text-align: justify;\"><strong>Geht mit uns auf die Stra\u00dfe &#8211; gegen die NATO-Kriegsstrategen<\/strong><\/p>\n<p style=\"text-align: justify;\"><img loading=\"lazy\" class=\"size-medium wp-image-1107 alignright\" src=\"http:\/\/www.deanreed.de\/AmericanRebel\/vk\/wp-content\/uploads\/2019\/02\/rtttg-192x300.png\" alt=\"\" width=\"192\" height=\"300\" \/>Der Aufruf des Aktionsb\u00fcndnisses wird inzwischen von 100 Organisationen aus der ganzen Bundesrepublik unterst\u00fctzt. Unser Protest richtet sich gegen die Machteliten Deutschlands, der EU- und NATO-Staaten, die sich im Luxushotel Bayerischer Hof versammeln.<\/p>\n<p style=\"text-align: justify;\">Wir demonstrieren gegen das milliardenschwere Aufr\u00fcstungsprogramm der Bundesregierung und fordern Abr\u00fcstung statt der Verdoppelung der Milit\u00e4rausgaben.<\/p>\n<p style=\"text-align: justify;\">Wir fordern:<\/p>\n<ul style=\"text-align: justify;\">\n<li>Schluss mit der Beihilfe Deutschlands f\u00fcr den Krieg gegen die Kurden und die Bev\u00f6lkerung im Jemen.<\/li>\n<li>Schluss mit allen Waffenlieferungen an die T\u00fcrkei und an die saudische Kriegskoalition.<\/li>\n<li>Verbot aller R\u00fcstungsexporte.<\/li>\n<\/ul>\n<p style=\"text-align: justify;\">Wir rufen auf zum massenhaften Protest und Widerstand gegen eine Stationierung neuer atomarer Mittelstreckenraketen.<br \/>\nEuropa darf nicht zum atomaren Schlachtfeld werden.<\/p>\n<p style=\"text-align: justify;\">Aktuelle Infos, Pressemitteilungen, der vollst\u00e4ndige Aufruf und alle Unterst\u00fctzer findet ihr hier:<\/p>\n<p><a href=\"https:\/\/www.antisiko.de\/?fbclid=IwAR0cbKDYtOl-UYoGCvIKtuhIrlUCHJe2HUoN9ZRt4xJMID_omC-AKwgrExo\" target=\"_blank\" rel=\"noopener\"><img loading=\"lazy\" class=\" wp-image-19257 aligncenter\" src=\"http:\/\/www.deanreed.de\/AmericanRebel\/2017\/wp-content\/uploads\/2019\/02\/rrtt5-300x183.png\" alt=\"\" width=\"387\" height=\"236\" srcset=\"http:\/\/www.deanreed.de\/AmericanRebel\/2017\/wp-content\/uploads\/2019\/02\/rrtt5-300x183.png 300w, http:\/\/www.deanreed.de\/AmericanRebel\/2017\/wp-content\/uploads\/2019\/02\/rrtt5-768x469.png 768w, http:\/\/www.deanreed.de\/AmericanRebel\/2017\/wp-content\/uploads\/2019\/02\/rrtt5.png 839w\" sizes=\"(max-width: 387px) 100vw, 387px\" \/><\/a><\/p>\n<p style=\"text-align: justify;\"><span style=\"font-size: 10pt;\">Erstver\u00f6ffentlichung heute in der <a href=\"http:\/\/www.deanreed.de\/AmericanRebel\/vk\/\" target=\"_blank\" rel=\"noopener\">Gruppe Volkskorrespondenz<\/a>. Weiterver\u00f6ffentlichung nur f\u00fcr Partner\/innen der Gruppe Volkskorrespondenz.<\/span><br \/>\n<span style=\"font-size: 10pt;\">Bilder und Bildunterschriften wurden komplett oder zum Teil von der Redaktion AmericanRebel hinzu gef\u00fcgt.<br \/>\n<\/span><span style=\"color: #ffffff;\">.<\/span><\/p>\n<blockquote>\n<blockquote>\n<p style=\"text-align: center;\"><span style=\"font-size: 10pt; color: #000000;\">F\u00fcr den Inhalt dieses Artikels ist der Autor bzw. die Autorin verantwortlich.<br \/>\nDabei muss es sich nicht grunds\u00e4tzlich um die Meinung der Redaktion handeln.<\/span><\/p>\n<table width=\"100%\" align=\"center\">\n<tbody>\n<tr>\n<td>\n<form action=\"https:\/\/www.paypal.com\/cgi-bin\/webscr\" method=\"post\" target=\"_top\"><input alt=\"Jetzt einfach, schnell und sicher online bezahlen \u2013 mit PayPal.\" name=\"submit\" src=\"https:\/\/www.paypalobjects.com\/de_DE\/DE\/i\/btn\/btn_donateCC_LG.gif\" type=\"image\" \/><\/form>\n<\/td>\n<td><span style=\"color: #993300;\"><strong>Auch linker Journalismus ist nicht kostenlos<br \/>\nund auch kleine Spenden k\u00f6nnen helfen Gro\u00dfes zu ver\u00f6ffentlichen!<\/strong><\/span><\/td>\n<\/tr>\n<\/tbody>\n<\/table>\n<div style=\"margin-left: 10px;\"><a title=\"zur Startseite\" href=\"http:\/\/www.americanrebel.de\/\"><img loading=\"lazy\" class=\"alignleft\" src=\"http:\/\/www.deanreed.de\/AmericanRebel\/2017\/wp-content\/uploads\/2017\/03\/back_ar.png\" alt=\"zur\u00fcck zur Startseite\" width=\"156\" height=\"15\" \/><\/a><\/div>\n<div style=\"margin-right: 10px;\"><a href=\"https:\/\/www.facebook.com\/groups\/1683837971860223\/permalink\/1987214344855916\/\" target=\"_blank\" rel=\"noopener noreferrer\"><img loading=\"lazy\" class=\"alignright\" src=\"http:\/\/www.deanreed.de\/AmericanRebel\/2017\/wp-content\/uploads\/2017\/03\/ar_zu_fb.png\" alt=\"hier geht es zur Facebook Diskussionsgruppe\" width=\"353\" height=\"15\" \/><\/a><\/div>\n<p><a href=\"http:\/\/www.deanreed.de\/AmericanRebel\/2017\/?p=19252#respond\" target=\"_blank\" rel=\"noopener noreferrer\"><img loading=\"lazy\" class=\"aligncenter\" src=\"http:\/\/www.deanreed.de\/AmericanRebel\/2017\/wp-content\/uploads\/2017\/03\/ar_kommentar-1.png\" alt=\"Sag uns deine Meinung zum Artikel mit einem Kommentar\/Leserbrief\" width=\"627\" height=\"20\" \/><\/a><\/p><\/blockquote>\n<\/blockquote>\n","protected":false},"excerpt":{"rendered":"<p>Volkskorrespondent Michael Vilsmeier . M\u00fcnchen: Geht mit uns auf die Stra\u00dfe &#8211; gegen die NATO-Kriegsstrategen Morgen, am Samstag, 16. Februar, startet die gro\u00dfe Demonstration gegen die NATO-Sicherheitskonferenz in M\u00fcnchen 13:00 Uhr Auftakt-Kundgebung: Stachus\/Karlsplatz 14:00 Uhr DEMO &#8211; Umzingelung des Tagungsortes [&hellip;]<a class=\"more-link\" href=\"http:\/\/www.deanreed.de\/AmericanRebel\/2017\/2019\/02\/15\/muenchen-geht-mit-uns-auf-die-strasse-gegen-die-nato-kriegsstrategen\/\">&darr; Lese den Rest von diesem Eintrag&#8230;<\/a><\/p>\n","protected":false},"author":2,"featured_media":0,"comment_status":"open","ping_status":"open","sticky":false,"template":"","format":"standard","meta":[],"categories":[1,1488],"tags":[1246,842,1491,1489,1490],"yoast_head":"<!-- This site is optimized with the Yoast SEO plugin v17.5 - https:\/\/yoast.com\/wordpress\/plugins\/seo\/ -->\n<title>- M\u00fcnchen: Geht mit uns auf die Stra\u00dfe - gegen die NATO-Kriegsstrategen &ndash; Onlinezeitung AmericanRebel<\/title>\n<meta name=\"robots\" content=\"index, follow, max-snippet:-1, max-image-preview:large, max-video-preview:-1\" \/>\n<link rel=\"canonical\" href=\"http:\/\/www.deanreed.de\/AmericanRebel\/2017\/2019\/02\/15\/muenchen-geht-mit-uns-auf-die-strasse-gegen-die-nato-kriegsstrategen\/\" \/>\n<meta property=\"og:locale\" content=\"de_DE\" \/>\n<meta property=\"og:type\" content=\"article\" \/>\n<meta property=\"og:title\" content=\"- M\u00fcnchen: Geht mit uns auf die Stra\u00dfe - gegen die NATO-Kriegsstrategen &ndash; Onlinezeitung AmericanRebel\" \/>\n<meta property=\"og:description\" content=\"Volkskorrespondent Michael Vilsmeier . M\u00fcnchen: Geht mit uns auf die Stra\u00dfe &#8211; gegen die NATO-Kriegsstrategen Morgen, am Samstag, 16. Februar, startet die gro\u00dfe Demonstration gegen die NATO-Sicherheitskonferenz in M\u00fcnchen 13:00 Uhr Auftakt-Kundgebung: Stachus\/Karlsplatz 14:00 Uhr DEMO &#8211; Umzingelung des Tagungsortes [&hellip;]&darr; Lese den Rest von diesem Eintrag...\" \/>\n<meta property=\"og:url\" content=\"http:\/\/www.deanreed.de\/AmericanRebel\/2017\/2019\/02\/15\/muenchen-geht-mit-uns-auf-die-strasse-gegen-die-nato-kriegsstrategen\/\" \/>\n<meta property=\"og:site_name\" content=\"Onlinezeitung AmericanRebel\" \/>\n<meta property=\"article:published_time\" content=\"2019-02-15T14:03:47+00:00\" \/>\n<meta property=\"article:modified_time\" content=\"2019-02-15T14:27:46+00:00\" \/>\n<meta property=\"og:image\" content=\"http:\/\/www.deanreed.de\/AmericanRebel\/2017\/wp-content\/uploads\/2018\/07\/VK_end_113.png\" \/>\n<meta name=\"twitter:card\" content=\"summary_large_image\" \/>\n<meta name=\"twitter:label1\" content=\"Verfasst von\" \/>\n\t<meta name=\"twitter:data1\" content=\"Redaktion\" \/>\n\t<meta name=\"twitter:label2\" content=\"Gesch\u00e4tzte Lesezeit\" \/>\n\t<meta name=\"twitter:data2\" content=\"1\u00a0Minute\" \/>\n<script type=\"application\/ld+json\" class=\"yoast-schema-graph\">{\"@context\":\"https:\/\/schema.org\",\"@graph\":[{\"@type\":\"WebSite\",\"@id\":\"https:\/\/www.deanreed.de\/AmericanRebel\/2017\/#website\",\"url\":\"https:\/\/www.deanreed.de\/AmericanRebel\/2017\/\",\"name\":\"Onlinezeitung AmericanRebel\",\"description\":\"Internationale Onlinezeitung f\\u00fcr Frieden, Humanismus, V\\u00f6lkerverst\\u00e4ndigung und Kultur\",\"potentialAction\":[{\"@type\":\"SearchAction\",\"target\":{\"@type\":\"EntryPoint\",\"urlTemplate\":\"https:\/\/www.deanreed.de\/AmericanRebel\/2017\/?s={search_term_string}\"},\"query-input\":\"required name=search_term_string\"}],\"inLanguage\":\"de\"},{\"@type\":\"ImageObject\",\"@id\":\"http:\/\/www.deanreed.de\/AmericanRebel\/2017\/2019\/02\/15\/muenchen-geht-mit-uns-auf-die-strasse-gegen-die-nato-kriegsstrategen\/#primaryimage\",\"inLanguage\":\"de\",\"url\":\"http:\/\/www.deanreed.de\/AmericanRebel\/2017\/wp-content\/uploads\/2018\/07\/VK_end_113.png\",\"contentUrl\":\"http:\/\/www.deanreed.de\/AmericanRebel\/2017\/wp-content\/uploads\/2018\/07\/VK_end_113.png\",\"width\":113,\"height\":113},{\"@type\":\"WebPage\",\"@id\":\"http:\/\/www.deanreed.de\/AmericanRebel\/2017\/2019\/02\/15\/muenchen-geht-mit-uns-auf-die-strasse-gegen-die-nato-kriegsstrategen\/#webpage\",\"url\":\"http:\/\/www.deanreed.de\/AmericanRebel\/2017\/2019\/02\/15\/muenchen-geht-mit-uns-auf-die-strasse-gegen-die-nato-kriegsstrategen\/\",\"name\":\"- M\\u00fcnchen: Geht mit uns auf die Stra\\u00dfe - gegen die NATO-Kriegsstrategen &ndash; Onlinezeitung AmericanRebel\",\"isPartOf\":{\"@id\":\"https:\/\/www.deanreed.de\/AmericanRebel\/2017\/#website\"},\"primaryImageOfPage\":{\"@id\":\"http:\/\/www.deanreed.de\/AmericanRebel\/2017\/2019\/02\/15\/muenchen-geht-mit-uns-auf-die-strasse-gegen-die-nato-kriegsstrategen\/#primaryimage\"},\"datePublished\":\"2019-02-15T14:03:47+00:00\",\"dateModified\":\"2019-02-15T14:27:46+00:00\",\"author\":{\"@id\":\"https:\/\/www.deanreed.de\/AmericanRebel\/2017\/#\/schema\/person\/9edfca7917cd10b75edaae51c6e7935a\"},\"breadcrumb\":{\"@id\":\"http:\/\/www.deanreed.de\/AmericanRebel\/2017\/2019\/02\/15\/muenchen-geht-mit-uns-auf-die-strasse-gegen-die-nato-kriegsstrategen\/#breadcrumb\"},\"inLanguage\":\"de\",\"potentialAction\":[{\"@type\":\"ReadAction\",\"target\":[\"http:\/\/www.deanreed.de\/AmericanRebel\/2017\/2019\/02\/15\/muenchen-geht-mit-uns-auf-die-strasse-gegen-die-nato-kriegsstrategen\/\"]}]},{\"@type\":\"BreadcrumbList\",\"@id\":\"http:\/\/www.deanreed.de\/AmericanRebel\/2017\/2019\/02\/15\/muenchen-geht-mit-uns-auf-die-strasse-gegen-die-nato-kriegsstrategen\/#breadcrumb\",\"itemListElement\":[{\"@type\":\"ListItem\",\"position\":1,\"name\":\"Startseite\",\"item\":\"https:\/\/www.deanreed.de\/AmericanRebel\/2017\/\"},{\"@type\":\"ListItem\",\"position\":2,\"name\":\"&#8211; M\\u00fcnchen: Geht mit uns auf die Stra\\u00dfe &#8211; gegen die NATO-Kriegsstrategen\"}]},{\"@type\":\"Person\",\"@id\":\"https:\/\/www.deanreed.de\/AmericanRebel\/2017\/#\/schema\/person\/9edfca7917cd10b75edaae51c6e7935a\",\"name\":\"Redaktion\",\"url\":\"http:\/\/www.deanreed.de\/AmericanRebel\/2017\/author\/redaktion\/\"}]}<\/script>\n<!-- \/ Yoast SEO plugin. -->","yoast_head_json":{"title":"- M\u00fcnchen: Geht mit uns auf die Stra\u00dfe - gegen die NATO-Kriegsstrategen &ndash; Onlinezeitung AmericanRebel","robots":{"index":"index","follow":"follow","max-snippet":"max-snippet:-1","max-image-preview":"max-image-preview:large","max-video-preview":"max-video-preview:-1"},"canonical":"http:\/\/www.deanreed.de\/AmericanRebel\/2017\/2019\/02\/15\/muenchen-geht-mit-uns-auf-die-strasse-gegen-die-nato-kriegsstrategen\/","og_locale":"de_DE","og_type":"article","og_title":"- M\u00fcnchen: Geht mit uns auf die Stra\u00dfe - gegen die NATO-Kriegsstrategen &ndash; Onlinezeitung AmericanRebel","og_description":"Volkskorrespondent Michael Vilsmeier . M\u00fcnchen: Geht mit uns auf die Stra\u00dfe &#8211; gegen die NATO-Kriegsstrategen Morgen, am Samstag, 16. Februar, startet die gro\u00dfe Demonstration gegen die NATO-Sicherheitskonferenz in M\u00fcnchen 13:00 Uhr Auftakt-Kundgebung: Stachus\/Karlsplatz 14:00 Uhr DEMO &#8211; Umzingelung des Tagungsortes [&hellip;]&darr; Lese den Rest von diesem Eintrag...","og_url":"http:\/\/www.deanreed.de\/AmericanRebel\/2017\/2019\/02\/15\/muenchen-geht-mit-uns-auf-die-strasse-gegen-die-nato-kriegsstrategen\/","og_site_name":"Onlinezeitung AmericanRebel","article_published_time":"2019-02-15T14:03:47+00:00","article_modified_time":"2019-02-15T14:27:46+00:00","og_image":[{"url":"http:\/\/www.deanreed.de\/AmericanRebel\/2017\/wp-content\/uploads\/2018\/07\/VK_end_113.png"}],"twitter_card":"summary_large_image","twitter_misc":{"Verfasst von":"Redaktion","Gesch\u00e4tzte Lesezeit":"1\u00a0Minute"},"schema":{"@context":"https:\/\/schema.org","@graph":[{"@type":"WebSite","@id":"https:\/\/www.deanreed.de\/AmericanRebel\/2017\/#website","url":"https:\/\/www.deanreed.de\/AmericanRebel\/2017\/","name":"Onlinezeitung AmericanRebel","description":"Internationale Onlinezeitung f\u00fcr Frieden, Humanismus, V\u00f6lkerverst\u00e4ndigung und Kultur","potentialAction":[{"@type":"SearchAction","target":{"@type":"EntryPoint","urlTemplate":"https:\/\/www.deanreed.de\/AmericanRebel\/2017\/?s={search_term_string}"},"query-input":"required name=search_term_string"}],"inLanguage":"de"},{"@type":"ImageObject","@id":"http:\/\/www.deanreed.de\/AmericanRebel\/2017\/2019\/02\/15\/muenchen-geht-mit-uns-auf-die-strasse-gegen-die-nato-kriegsstrategen\/#primaryimage","inLanguage":"de","url":"http:\/\/www.deanreed.de\/AmericanRebel\/2017\/wp-content\/uploads\/2018\/07\/VK_end_113.png","contentUrl":"http:\/\/www.deanreed.de\/AmericanRebel\/2017\/wp-content\/uploads\/2018\/07\/VK_end_113.png","width":113,"height":113},{"@type":"WebPage","@id":"http:\/\/www.deanreed.de\/AmericanRebel\/2017\/2019\/02\/15\/muenchen-geht-mit-uns-auf-die-strasse-gegen-die-nato-kriegsstrategen\/#webpage","url":"http:\/\/www.deanreed.de\/AmericanRebel\/2017\/2019\/02\/15\/muenchen-geht-mit-uns-auf-die-strasse-gegen-die-nato-kriegsstrategen\/","name":"- M\u00fcnchen: Geht mit uns auf die Stra\u00dfe - gegen die NATO-Kriegsstrategen &ndash; Onlinezeitung AmericanRebel","isPartOf":{"@id":"https:\/\/www.deanreed.de\/AmericanRebel\/2017\/#website"},"primaryImageOfPage":{"@id":"http:\/\/www.deanreed.de\/AmericanRebel\/2017\/2019\/02\/15\/muenchen-geht-mit-uns-auf-die-strasse-gegen-die-nato-kriegsstrategen\/#primaryimage"},"datePublished":"2019-02-15T14:03:47+00:00","dateModified":"2019-02-15T14:27:46+00:00","author":{"@id":"https:\/\/www.deanreed.de\/AmericanRebel\/2017\/#\/schema\/person\/9edfca7917cd10b75edaae51c6e7935a"},"breadcrumb":{"@id":"http:\/\/www.deanreed.de\/AmericanRebel\/2017\/2019\/02\/15\/muenchen-geht-mit-uns-auf-die-strasse-gegen-die-nato-kriegsstrategen\/#breadcrumb"},"inLanguage":"de","potentialAction":[{"@type":"ReadAction","target":["http:\/\/www.deanreed.de\/AmericanRebel\/2017\/2019\/02\/15\/muenchen-geht-mit-uns-auf-die-strasse-gegen-die-nato-kriegsstrategen\/"]}]},{"@type":"BreadcrumbList","@id":"http:\/\/www.deanreed.de\/AmericanRebel\/2017\/2019\/02\/15\/muenchen-geht-mit-uns-auf-die-strasse-gegen-die-nato-kriegsstrategen\/#breadcrumb","itemListElement":[{"@type":"ListItem","position":1,"name":"Startseite","item":"https:\/\/www.deanreed.de\/AmericanRebel\/2017\/"},{"@type":"ListItem","position":2,"name":"&#8211; M\u00fcnchen: Geht mit uns auf die Stra\u00dfe &#8211; gegen die NATO-Kriegsstrategen"}]},{"@type":"Person","@id":"https:\/\/www.deanreed.de\/AmericanRebel\/2017\/#\/schema\/person\/9edfca7917cd10b75edaae51c6e7935a","name":"Redaktion","url":"http:\/\/www.deanreed.de\/AmericanRebel\/2017\/author\/redaktion\/"}]}},"_links":{"self":[{"href":"http:\/\/www.deanreed.de\/AmericanRebel\/2017\/wp-json\/wp\/v2\/posts\/19252"}],"collection":[{"href":"http:\/\/www.deanreed.de\/AmericanRebel\/2017\/wp-json\/wp\/v2\/posts"}],"about":[{"href":"http:\/\/www.deanreed.de\/AmericanRebel\/2017\/wp-json\/wp\/v2\/types\/post"}],"author":[{"embeddable":true,"href":"http:\/\/www.deanreed.de\/AmericanRebel\/2017\/wp-json\/wp\/v2\/users\/2"}],"replies":[{"embeddable":true,"href":"http:\/\/www.deanreed.de\/AmericanRebel\/2017\/wp-json\/wp\/v2\/comments?post=19252"}],"version-history":[{"count":0,"href":"http:\/\/www.deanreed.de\/AmericanRebel\/2017\/wp-json\/wp\/v2\/posts\/19252\/revisions"}],"wp:attachment":[{"href":"http:\/\/www.deanreed.de\/AmericanRebel\/2017\/wp-json\/wp\/v2\/media?parent=19252"}],"wp:term":[{"taxonomy":"category","embeddable":true,"href":"http:\/\/www.deanreed.de\/AmericanRebel\/2017\/wp-json\/wp\/v2\/categories?post=19252"},{"taxonomy":"post_tag","embeddable":true,"href":"http:\/\/www.deanreed.de\/AmericanRebel\/2017\/wp-json\/wp\/v2\/tags?post=19252"}],"curies":[{"name":"wp","href":"https:\/\/api.w.org\/{rel}","templated":true}]}}