{"id":19059,"date":"2019-01-26T23:59:28","date_gmt":"2019-01-26T22:59:28","guid":{"rendered":"http:\/\/www.deanreed.de\/AmericanRebel\/2017\/?p=19059"},"modified":"2019-01-27T01:59:32","modified_gmt":"2019-01-27T00:59:32","slug":"zum-75-jahrestag-der-vollstaendigen-befreiung-leningrads","status":"publish","type":"post","link":"http:\/\/www.deanreed.de\/AmericanRebel\/2017\/2019\/01\/26\/zum-75-jahrestag-der-vollstaendigen-befreiung-leningrads\/","title":{"rendered":"&#8211; Zum 75. Jahrestag der vollst\u00e4ndigen Befreiung Leningrads"},"content":{"rendered":"<table width=\"663\">\n<tbody>\n<tr>\n<td><a href=\"http:\/\/www.deanreed.de\/AmericanRebel\/2017\/?p=15038\" target=\"_blank\" rel=\"noopener\">Volkskorrespondent<\/a><\/p>\n<h4>Wolfgang M\u00fcller<br \/>\n<span style=\"color: #ffffff;\">.<\/span><\/h4>\n<h2><strong>Zum 75. Jahrestag<br \/>\nder vollst\u00e4ndigen Befreiung Leningrads<\/strong><\/h2>\n<\/td>\n<td><img loading=\"lazy\" class=\"wp-image-14973 alignright\" src=\"http:\/\/www.deanreed.de\/AmericanRebel\/2017\/wp-content\/uploads\/2018\/07\/VK_end_113.png\" alt=\"\" width=\"90\" height=\"90\" \/><\/td>\n<\/tr>\n<\/tbody>\n<\/table>\n<div id=\"attachment_1013\" style=\"width: 110px\" class=\"wp-caption alignleft\"><img aria-describedby=\"caption-attachment-1013\" loading=\"lazy\" class=\"size-full wp-image-1013\" src=\"http:\/\/www.deanreed.de\/AmericanRebel\/vk\/wp-content\/uploads\/2019\/01\/Wolfgang-Mueller-Kopie.jpg\" alt=\"\" width=\"100\" height=\"150\" \/><p id=\"caption-attachment-1013\" class=\"wp-caption-text\"><span style=\"color: #808080;\">Wolfgang M\u00fcller<\/span><\/p><\/div>\n<p style=\"text-align: justify;\"><strong>Auf dem Friedhof von Piskarevsky und an anderen Denkm\u00e4lern von St. Petersburg begannen heute, einen Tag vor dem 75. Jahrestag der vollst\u00e4ndigen Befreiung Leningrads von der faschistischen Blockade, die Gedenkveranstaltungen, die an die Verteidiger und Einwohner Leningrads im Zweiten Weltkrieg erinnern.<\/strong><\/p>\n<p style=\"text-align: justify;\">Deutsche Medien kritisierten Russland f\u00fcr die &#8222;Verherrlichung der Blockade Leningrads&#8220; &#8211; Deren Sorgen muss man haben! Erst wollten sie die Stadt Leningrad aus der Geographie &#8222;ausradieren&#8220; und deren Einwohner &#8222;ausrotten&#8220;, wie ihre politischen F\u00fchrer lauthals t\u00f6nten. Und heute, 75 Jahre danach, beschweren sich die Enkel und Urenkel der Urheber dieses beispiellosen Menschheitsverbrechens, dass die \u00dcberlebenden der Opfer des deutschen faschistischen Terrors und der Helden, die den Faschisten ihr blutiges Handwerk legten und Europa befreiten, in allen angemessenen Ehren gedenken. Geht es noch skrupelloser?<\/p>\n<table>\n<tbody>\n<tr>\n<td><img loading=\"lazy\" class=\"alignnone wp-image-1000\" src=\"http:\/\/www.deanreed.de\/AmericanRebel\/vk\/wp-content\/uploads\/2019\/01\/wm00001-300x200.jpg\" alt=\"\" width=\"333\" height=\"222\" \/><\/td>\n<td><img loading=\"lazy\" class=\"alignnone wp-image-1003\" src=\"http:\/\/www.deanreed.de\/AmericanRebel\/vk\/wp-content\/uploads\/2019\/01\/wm00004-300x198.jpg\" alt=\"\" width=\"333\" height=\"219\" \/><\/td>\n<\/tr>\n<tr>\n<td><img loading=\"lazy\" class=\"alignnone wp-image-1005\" src=\"http:\/\/www.deanreed.de\/AmericanRebel\/vk\/wp-content\/uploads\/2019\/01\/wm00006-300x203.jpg\" alt=\"\" width=\"333\" height=\"225\" \/><\/td>\n<td><img loading=\"lazy\" class=\"alignnone wp-image-1004\" src=\"http:\/\/www.deanreed.de\/AmericanRebel\/vk\/wp-content\/uploads\/2019\/01\/wm00005-300x200.jpg\" alt=\"\" width=\"333\" height=\"222\" \/><\/td>\n<\/tr>\n<tr>\n<td><img loading=\"lazy\" class=\"alignnone wp-image-1002\" src=\"http:\/\/www.deanreed.de\/AmericanRebel\/vk\/wp-content\/uploads\/2019\/01\/wm00003-300x200.jpg\" alt=\"\" width=\"333\" height=\"222\" \/><\/td>\n<td><img loading=\"lazy\" class=\"alignnone wp-image-1001\" src=\"http:\/\/www.deanreed.de\/AmericanRebel\/vk\/wp-content\/uploads\/2019\/01\/wm00002-300x200.jpg\" alt=\"\" width=\"335\" height=\"223\" \/><\/td>\n<\/tr>\n<\/tbody>\n<\/table>\n<p><span style=\"font-size: 10pt;\">Alle Fotos: <\/span><a href=\"https:\/\/tass.ru\/obschestvo\/6044324?utm_source=facebook.com&amp;utm_medium=social&amp;utm_campaign=smm_social_share\" target=\"_blank\" rel=\"noopener\"><span style=\"font-size: 10pt;\">tass.ru<\/span><\/a><\/p>\n<p><span style=\"font-size: 10pt;\">Quellen:<\/span><br \/>\n<span style=\"font-size: 10pt;\"><a href=\"https:\/\/tass.ru\/obschestvo\/6044324?utm_source=facebook.com&amp;utm_medium=social&amp;utm_campaign=smm_social_share\" target=\"_blank\" rel=\"noopener\">https:\/\/tass.ru\/obschestvo\/6044324?utm_source=facebook.com&amp;utm_medium=social&amp;utm_campaign=smm_social_share<\/a><\/span><br \/>\n<a href=\"https:\/\/ria.ru\/20190126\/1549948757.html?fbclid=IwAR0CMq1I2fVVDoa5Tguk7X9xLtHmmE0vdqEvi-F_CUtnro-6UWX3Kpqsm6I\" target=\"_blank\" rel=\"noopener\"><span style=\"font-size: 10pt;\">https:\/\/ria.ru\/20190126\/1549948757.html?fbclid=IwAR0CMq1I2fVVDoa5Tguk7X9xLtHmmE0vdqEvi-F_CUtnro-6UWX3Kpqsm6I<\/span><\/a><\/p>\n<p style=\"text-align: justify;\"><span style=\"font-size: 10pt;\">Erstver\u00f6ffentlichung heute oder vor wenigen Tagen in der <a href=\"http:\/\/www.deanreed.de\/AmericanRebel\/vk\/\" target=\"_blank\" rel=\"noopener\">Gruppe Volkskorrespondenz<\/a>. Weiterver\u00f6ffentlichung nur f\u00fcr Partner\/innen der Gruppe Volkskorrespondenz.<\/span><br \/>\n<span style=\"font-size: 10pt;\">Bilder und Bildunterschriften wurden komplett oder zum Teil von der Redaktion AmericanRebel hinzu gef\u00fcgt.<br \/>\n<\/span><span style=\"color: #ffffff;\">.<\/span><\/p>\n<blockquote>\n<blockquote>\n<p style=\"text-align: center;\"><span style=\"font-size: 10pt; color: #000000;\">F\u00fcr den Inhalt dieses Artikels ist der Autor bzw. die Autorin verantwortlich.<br \/>\nDabei muss es sich nicht grunds\u00e4tzlich um die Meinung der Redaktion handeln.<\/span><\/p>\n<table width=\"100%\" align=\"center\">\n<tbody>\n<tr>\n<td>\n<form action=\"https:\/\/www.paypal.com\/cgi-bin\/webscr\" method=\"post\" target=\"_top\"><input alt=\"Jetzt einfach, schnell und sicher online bezahlen \u2013 mit PayPal.\" name=\"submit\" src=\"https:\/\/www.paypalobjects.com\/de_DE\/DE\/i\/btn\/btn_donateCC_LG.gif\" type=\"image\" \/><\/form>\n<\/td>\n<td><span style=\"color: #993300;\"><strong>Auch linker Journalismus ist nicht kostenlos<br \/>\nund auch kleine Spenden k\u00f6nnen helfen Gro\u00dfes zu ver\u00f6ffentlichen!<\/strong><\/span><\/td>\n<\/tr>\n<\/tbody>\n<\/table>\n<div style=\"margin-left: 10px;\"><a title=\"zur Startseite\" href=\"http:\/\/www.americanrebel.de\/\"><img loading=\"lazy\" class=\"alignleft\" src=\"http:\/\/www.deanreed.de\/AmericanRebel\/2017\/wp-content\/uploads\/2017\/03\/back_ar.png\" alt=\"zur\u00fcck zur Startseite\" width=\"156\" height=\"15\" \/><\/a><\/div>\n<div style=\"margin-right: 10px;\"><a href=\"https:\/\/www.facebook.com\/groups\/1683837971860223\/permalink\/1987214344855916\/\" target=\"_blank\" rel=\"noopener noreferrer\"><img loading=\"lazy\" class=\"alignright\" src=\"http:\/\/www.deanreed.de\/AmericanRebel\/2017\/wp-content\/uploads\/2017\/03\/ar_zu_fb.png\" alt=\"hier geht es zur Facebook Diskussionsgruppe\" width=\"353\" height=\"15\" \/><\/a><\/div>\n<p><a href=\"http:\/\/www.deanreed.de\/AmericanRebel\/2017\/?p=13984#respond\" target=\"_blank\" rel=\"noopener noreferrer\"><img loading=\"lazy\" class=\"aligncenter\" src=\"http:\/\/www.deanreed.de\/AmericanRebel\/2017\/wp-content\/uploads\/2017\/03\/ar_kommentar-1.png\" alt=\"Sag uns deine Meinung zum Artikel mit einem Kommentar\/Leserbrief\" width=\"627\" height=\"20\" \/><\/a><\/p><\/blockquote>\n<\/blockquote>\n","protected":false},"excerpt":{"rendered":"<p>Volkskorrespondent Wolfgang M\u00fcller . Zum 75. Jahrestag der vollst\u00e4ndigen Befreiung Leningrads Auf dem Friedhof von Piskarevsky und an anderen Denkm\u00e4lern von St. Petersburg begannen heute, einen Tag vor dem 75. Jahrestag der vollst\u00e4ndigen Befreiung Leningrads von der faschistischen Blockade, die [&hellip;]<a class=\"more-link\" href=\"http:\/\/www.deanreed.de\/AmericanRebel\/2017\/2019\/01\/26\/zum-75-jahrestag-der-vollstaendigen-befreiung-leningrads\/\">&darr; Lese den Rest von diesem Eintrag&#8230;<\/a><\/p>\n","protected":false},"author":2,"featured_media":0,"comment_status":"open","ping_status":"open","sticky":false,"template":"","format":"standard","meta":[],"categories":[1,1416],"tags":[503,1419,1417,1418,158],"yoast_head":"<!-- This site is optimized with the Yoast SEO plugin v17.5 - https:\/\/yoast.com\/wordpress\/plugins\/seo\/ -->\n<title>- Zum 75. Jahrestag der vollst\u00e4ndigen Befreiung Leningrads &ndash; Onlinezeitung AmericanRebel<\/title>\n<meta name=\"robots\" content=\"index, follow, max-snippet:-1, max-image-preview:large, max-video-preview:-1\" \/>\n<link rel=\"canonical\" href=\"https:\/\/www.deanreed.de\/AmericanRebel\/2017\/2019\/01\/26\/zum-75-jahrestag-der-vollstaendigen-befreiung-leningrads\/\" \/>\n<meta property=\"og:locale\" content=\"de_DE\" \/>\n<meta property=\"og:type\" content=\"article\" \/>\n<meta property=\"og:title\" content=\"- Zum 75. Jahrestag der vollst\u00e4ndigen Befreiung Leningrads &ndash; Onlinezeitung AmericanRebel\" \/>\n<meta property=\"og:description\" content=\"Volkskorrespondent Wolfgang M\u00fcller . Zum 75. Jahrestag der vollst\u00e4ndigen Befreiung Leningrads Auf dem Friedhof von Piskarevsky und an anderen Denkm\u00e4lern von St. Petersburg begannen heute, einen Tag vor dem 75. Jahrestag der vollst\u00e4ndigen Befreiung Leningrads von der faschistischen Blockade, die [&hellip;]&darr; Lese den Rest von diesem Eintrag...\" \/>\n<meta property=\"og:url\" content=\"https:\/\/www.deanreed.de\/AmericanRebel\/2017\/2019\/01\/26\/zum-75-jahrestag-der-vollstaendigen-befreiung-leningrads\/\" \/>\n<meta property=\"og:site_name\" content=\"Onlinezeitung AmericanRebel\" \/>\n<meta property=\"article:published_time\" content=\"2019-01-26T22:59:28+00:00\" \/>\n<meta property=\"article:modified_time\" content=\"2019-01-27T00:59:32+00:00\" \/>\n<meta property=\"og:image\" content=\"http:\/\/www.deanreed.de\/AmericanRebel\/2017\/wp-content\/uploads\/2018\/07\/VK_end_113.png\" \/>\n<meta name=\"twitter:card\" content=\"summary_large_image\" \/>\n<meta name=\"twitter:label1\" content=\"Verfasst von\" \/>\n\t<meta name=\"twitter:data1\" content=\"Redaktion\" \/>\n\t<meta name=\"twitter:label2\" content=\"Gesch\u00e4tzte Lesezeit\" \/>\n\t<meta name=\"twitter:data2\" content=\"1\u00a0Minute\" \/>\n<script type=\"application\/ld+json\" class=\"yoast-schema-graph\">{\"@context\":\"https:\/\/schema.org\",\"@graph\":[{\"@type\":\"WebSite\",\"@id\":\"https:\/\/www.deanreed.de\/AmericanRebel\/2017\/#website\",\"url\":\"https:\/\/www.deanreed.de\/AmericanRebel\/2017\/\",\"name\":\"Onlinezeitung AmericanRebel\",\"description\":\"Internationale Onlinezeitung f\\u00fcr Frieden, Humanismus, V\\u00f6lkerverst\\u00e4ndigung und Kultur\",\"potentialAction\":[{\"@type\":\"SearchAction\",\"target\":{\"@type\":\"EntryPoint\",\"urlTemplate\":\"https:\/\/www.deanreed.de\/AmericanRebel\/2017\/?s={search_term_string}\"},\"query-input\":\"required name=search_term_string\"}],\"inLanguage\":\"de\"},{\"@type\":\"ImageObject\",\"@id\":\"https:\/\/www.deanreed.de\/AmericanRebel\/2017\/2019\/01\/26\/zum-75-jahrestag-der-vollstaendigen-befreiung-leningrads\/#primaryimage\",\"inLanguage\":\"de\",\"url\":\"http:\/\/www.deanreed.de\/AmericanRebel\/2017\/wp-content\/uploads\/2018\/07\/VK_end_113.png\",\"contentUrl\":\"http:\/\/www.deanreed.de\/AmericanRebel\/2017\/wp-content\/uploads\/2018\/07\/VK_end_113.png\",\"width\":113,\"height\":113},{\"@type\":\"WebPage\",\"@id\":\"https:\/\/www.deanreed.de\/AmericanRebel\/2017\/2019\/01\/26\/zum-75-jahrestag-der-vollstaendigen-befreiung-leningrads\/#webpage\",\"url\":\"https:\/\/www.deanreed.de\/AmericanRebel\/2017\/2019\/01\/26\/zum-75-jahrestag-der-vollstaendigen-befreiung-leningrads\/\",\"name\":\"- Zum 75. Jahrestag der vollst\\u00e4ndigen Befreiung Leningrads &ndash; Onlinezeitung AmericanRebel\",\"isPartOf\":{\"@id\":\"https:\/\/www.deanreed.de\/AmericanRebel\/2017\/#website\"},\"primaryImageOfPage\":{\"@id\":\"https:\/\/www.deanreed.de\/AmericanRebel\/2017\/2019\/01\/26\/zum-75-jahrestag-der-vollstaendigen-befreiung-leningrads\/#primaryimage\"},\"datePublished\":\"2019-01-26T22:59:28+00:00\",\"dateModified\":\"2019-01-27T00:59:32+00:00\",\"author\":{\"@id\":\"https:\/\/www.deanreed.de\/AmericanRebel\/2017\/#\/schema\/person\/9edfca7917cd10b75edaae51c6e7935a\"},\"breadcrumb\":{\"@id\":\"https:\/\/www.deanreed.de\/AmericanRebel\/2017\/2019\/01\/26\/zum-75-jahrestag-der-vollstaendigen-befreiung-leningrads\/#breadcrumb\"},\"inLanguage\":\"de\",\"potentialAction\":[{\"@type\":\"ReadAction\",\"target\":[\"https:\/\/www.deanreed.de\/AmericanRebel\/2017\/2019\/01\/26\/zum-75-jahrestag-der-vollstaendigen-befreiung-leningrads\/\"]}]},{\"@type\":\"BreadcrumbList\",\"@id\":\"https:\/\/www.deanreed.de\/AmericanRebel\/2017\/2019\/01\/26\/zum-75-jahrestag-der-vollstaendigen-befreiung-leningrads\/#breadcrumb\",\"itemListElement\":[{\"@type\":\"ListItem\",\"position\":1,\"name\":\"Startseite\",\"item\":\"https:\/\/www.deanreed.de\/AmericanRebel\/2017\/\"},{\"@type\":\"ListItem\",\"position\":2,\"name\":\"&#8211; Zum 75. Jahrestag der vollst\\u00e4ndigen Befreiung Leningrads\"}]},{\"@type\":\"Person\",\"@id\":\"https:\/\/www.deanreed.de\/AmericanRebel\/2017\/#\/schema\/person\/9edfca7917cd10b75edaae51c6e7935a\",\"name\":\"Redaktion\",\"url\":\"http:\/\/www.deanreed.de\/AmericanRebel\/2017\/author\/redaktion\/\"}]}<\/script>\n<!-- \/ Yoast SEO plugin. -->","yoast_head_json":{"title":"- Zum 75. Jahrestag der vollst\u00e4ndigen Befreiung Leningrads &ndash; Onlinezeitung AmericanRebel","robots":{"index":"index","follow":"follow","max-snippet":"max-snippet:-1","max-image-preview":"max-image-preview:large","max-video-preview":"max-video-preview:-1"},"canonical":"https:\/\/www.deanreed.de\/AmericanRebel\/2017\/2019\/01\/26\/zum-75-jahrestag-der-vollstaendigen-befreiung-leningrads\/","og_locale":"de_DE","og_type":"article","og_title":"- Zum 75. Jahrestag der vollst\u00e4ndigen Befreiung Leningrads &ndash; Onlinezeitung AmericanRebel","og_description":"Volkskorrespondent Wolfgang M\u00fcller . Zum 75. Jahrestag der vollst\u00e4ndigen Befreiung Leningrads Auf dem Friedhof von Piskarevsky und an anderen Denkm\u00e4lern von St. Petersburg begannen heute, einen Tag vor dem 75. Jahrestag der vollst\u00e4ndigen Befreiung Leningrads von der faschistischen Blockade, die [&hellip;]&darr; Lese den Rest von diesem Eintrag...","og_url":"https:\/\/www.deanreed.de\/AmericanRebel\/2017\/2019\/01\/26\/zum-75-jahrestag-der-vollstaendigen-befreiung-leningrads\/","og_site_name":"Onlinezeitung AmericanRebel","article_published_time":"2019-01-26T22:59:28+00:00","article_modified_time":"2019-01-27T00:59:32+00:00","og_image":[{"url":"http:\/\/www.deanreed.de\/AmericanRebel\/2017\/wp-content\/uploads\/2018\/07\/VK_end_113.png"}],"twitter_card":"summary_large_image","twitter_misc":{"Verfasst von":"Redaktion","Gesch\u00e4tzte Lesezeit":"1\u00a0Minute"},"schema":{"@context":"https:\/\/schema.org","@graph":[{"@type":"WebSite","@id":"https:\/\/www.deanreed.de\/AmericanRebel\/2017\/#website","url":"https:\/\/www.deanreed.de\/AmericanRebel\/2017\/","name":"Onlinezeitung AmericanRebel","description":"Internationale Onlinezeitung f\u00fcr Frieden, Humanismus, V\u00f6lkerverst\u00e4ndigung und Kultur","potentialAction":[{"@type":"SearchAction","target":{"@type":"EntryPoint","urlTemplate":"https:\/\/www.deanreed.de\/AmericanRebel\/2017\/?s={search_term_string}"},"query-input":"required name=search_term_string"}],"inLanguage":"de"},{"@type":"ImageObject","@id":"https:\/\/www.deanreed.de\/AmericanRebel\/2017\/2019\/01\/26\/zum-75-jahrestag-der-vollstaendigen-befreiung-leningrads\/#primaryimage","inLanguage":"de","url":"http:\/\/www.deanreed.de\/AmericanRebel\/2017\/wp-content\/uploads\/2018\/07\/VK_end_113.png","contentUrl":"http:\/\/www.deanreed.de\/AmericanRebel\/2017\/wp-content\/uploads\/2018\/07\/VK_end_113.png","width":113,"height":113},{"@type":"WebPage","@id":"https:\/\/www.deanreed.de\/AmericanRebel\/2017\/2019\/01\/26\/zum-75-jahrestag-der-vollstaendigen-befreiung-leningrads\/#webpage","url":"https:\/\/www.deanreed.de\/AmericanRebel\/2017\/2019\/01\/26\/zum-75-jahrestag-der-vollstaendigen-befreiung-leningrads\/","name":"- Zum 75. Jahrestag der vollst\u00e4ndigen Befreiung Leningrads &ndash; Onlinezeitung AmericanRebel","isPartOf":{"@id":"https:\/\/www.deanreed.de\/AmericanRebel\/2017\/#website"},"primaryImageOfPage":{"@id":"https:\/\/www.deanreed.de\/AmericanRebel\/2017\/2019\/01\/26\/zum-75-jahrestag-der-vollstaendigen-befreiung-leningrads\/#primaryimage"},"datePublished":"2019-01-26T22:59:28+00:00","dateModified":"2019-01-27T00:59:32+00:00","author":{"@id":"https:\/\/www.deanreed.de\/AmericanRebel\/2017\/#\/schema\/person\/9edfca7917cd10b75edaae51c6e7935a"},"breadcrumb":{"@id":"https:\/\/www.deanreed.de\/AmericanRebel\/2017\/2019\/01\/26\/zum-75-jahrestag-der-vollstaendigen-befreiung-leningrads\/#breadcrumb"},"inLanguage":"de","potentialAction":[{"@type":"ReadAction","target":["https:\/\/www.deanreed.de\/AmericanRebel\/2017\/2019\/01\/26\/zum-75-jahrestag-der-vollstaendigen-befreiung-leningrads\/"]}]},{"@type":"BreadcrumbList","@id":"https:\/\/www.deanreed.de\/AmericanRebel\/2017\/2019\/01\/26\/zum-75-jahrestag-der-vollstaendigen-befreiung-leningrads\/#breadcrumb","itemListElement":[{"@type":"ListItem","position":1,"name":"Startseite","item":"https:\/\/www.deanreed.de\/AmericanRebel\/2017\/"},{"@type":"ListItem","position":2,"name":"&#8211; Zum 75. Jahrestag der vollst\u00e4ndigen Befreiung Leningrads"}]},{"@type":"Person","@id":"https:\/\/www.deanreed.de\/AmericanRebel\/2017\/#\/schema\/person\/9edfca7917cd10b75edaae51c6e7935a","name":"Redaktion","url":"http:\/\/www.deanreed.de\/AmericanRebel\/2017\/author\/redaktion\/"}]}},"_links":{"self":[{"href":"http:\/\/www.deanreed.de\/AmericanRebel\/2017\/wp-json\/wp\/v2\/posts\/19059"}],"collection":[{"href":"http:\/\/www.deanreed.de\/AmericanRebel\/2017\/wp-json\/wp\/v2\/posts"}],"about":[{"href":"http:\/\/www.deanreed.de\/AmericanRebel\/2017\/wp-json\/wp\/v2\/types\/post"}],"author":[{"embeddable":true,"href":"http:\/\/www.deanreed.de\/AmericanRebel\/2017\/wp-json\/wp\/v2\/users\/2"}],"replies":[{"embeddable":true,"href":"http:\/\/www.deanreed.de\/AmericanRebel\/2017\/wp-json\/wp\/v2\/comments?post=19059"}],"version-history":[{"count":0,"href":"http:\/\/www.deanreed.de\/AmericanRebel\/2017\/wp-json\/wp\/v2\/posts\/19059\/revisions"}],"wp:attachment":[{"href":"http:\/\/www.deanreed.de\/AmericanRebel\/2017\/wp-json\/wp\/v2\/media?parent=19059"}],"wp:term":[{"taxonomy":"category","embeddable":true,"href":"http:\/\/www.deanreed.de\/AmericanRebel\/2017\/wp-json\/wp\/v2\/categories?post=19059"},{"taxonomy":"post_tag","embeddable":true,"href":"http:\/\/www.deanreed.de\/AmericanRebel\/2017\/wp-json\/wp\/v2\/tags?post=19059"}],"curies":[{"name":"wp","href":"https:\/\/api.w.org\/{rel}","templated":true}]}}