{"id":18638,"date":"2018-12-21T13:50:22","date_gmt":"2018-12-21T12:50:22","guid":{"rendered":"http:\/\/www.deanreed.de\/AmericanRebel\/2017\/?p=18638"},"modified":"2018-12-21T14:13:09","modified_gmt":"2018-12-21T13:13:09","slug":"18638","status":"publish","type":"post","link":"http:\/\/www.deanreed.de\/AmericanRebel\/2017\/2018\/12\/21\/18638\/","title":{"rendered":"&#8211; Schallende Ohrfeige der UN f\u00fcr den \u201eSozialstaat&#8220; Deutschland"},"content":{"rendered":"<h4>Fritz Theisen<\/h4>\n<h2>Schallende Ohrfeige der UN f\u00fcr den \u201eSozialstaat&#8220; Deutschland<\/h2>\n<div id=\"attachment_15326\" style=\"width: 110px\" class=\"wp-caption alignleft\"><img aria-describedby=\"caption-attachment-15326\" loading=\"lazy\" class=\"size-full wp-image-15326\" src=\"http:\/\/www.deanreed.de\/AmericanRebel\/2017\/wp-content\/uploads\/2018\/08\/Fritz_Theisen.jpg\" alt=\"\" width=\"100\" height=\"150\" \/><p id=\"caption-attachment-15326\" class=\"wp-caption-text\"><span style=\"color: #808080;\">Fritz Theisen<\/span><\/p><\/div>\n<p style=\"text-align: justify;\"><strong>Offen klagt der Wirtschafts- und Sozialrat der Vereinten Nationen(UN) die sozialen Zust\u00e4nde unter dem bundesdeutschen Imperialismus an! Soziale Menschenrechte in Deutschland? Der Sozialrat enth\u00fcllt enorme Defizite im \u201eSozialstaat\u201c Deutschland. Kinderarmut, Wohnungsnot, prek\u00e4re Besch\u00e4ftigung.<\/strong><\/p>\n<p style=\"text-align: justify;\">Besonders schlagen, so ein Bericht der \u201eNeuen Osnabr\u00fccker Zeitung\u201c, die UN-Kontrolleure Alarm bei der Pflegesituation \u00e4lterer Menschen, hinsichtlich grassierender Kinderarmut und bei der Wohnungsnot!<\/p>\n<p style=\"text-align: justify;\">Zahllose \u201e\u00e4ltere Menschen lebten unter entw\u00fcrdigenden Bedingungen, auch in Pflegeheimen, und erhielten besonders aufgrund des Mangels an qualifiziertem Personal keine angemessene Pflege\u201c, so der UN-Bericht, hei\u00dft es. Wie schon im Bericht vor f\u00fcnf Jahren wird die Regierung angemahnt, \u201eunverz\u00fcglich\u201c mehr Geld f\u00fcr die Ausbildung von Pflegern bereitzustellen sowie Pflegeheime \u201eh\u00e4ufiger und gr\u00fcndlicher zu kontrollieren\u201c.<br \/>\n<span style=\"color: #ffffff;\">.<\/span><\/p>\n<div id=\"attachment_18645\" style=\"width: 557px\" class=\"wp-caption aligncenter\"><img aria-describedby=\"caption-attachment-18645\" loading=\"lazy\" class=\" wp-image-18645\" src=\"http:\/\/www.deanreed.de\/AmericanRebel\/2017\/wp-content\/uploads\/2018\/12\/de4rt-300x159.jpg\" alt=\"\" width=\"547\" height=\"290\" srcset=\"http:\/\/www.deanreed.de\/AmericanRebel\/2017\/wp-content\/uploads\/2018\/12\/de4rt-300x159.jpg 300w, http:\/\/www.deanreed.de\/AmericanRebel\/2017\/wp-content\/uploads\/2018\/12\/de4rt-768x406.jpg 768w, http:\/\/www.deanreed.de\/AmericanRebel\/2017\/wp-content\/uploads\/2018\/12\/de4rt.jpg 993w\" sizes=\"(max-width: 547px) 100vw, 547px\" \/><p id=\"caption-attachment-18645\" class=\"wp-caption-text\"><span style=\"color: #808080;\">Altersarmut, Foto: DEM VOLKE DIENEN<\/span><\/p><\/div>\n<p style=\"text-align: justify;\">Laut dem UN-Bericht leben in Deutschland 2,55 Millionen Kinder (knapp 20 Prozent!) in Armut, der Gro\u00dfteil von ihnen bei nur einem Elternteil oder in einer Familien mit mehreren Geschwistern. Die UN kritisieren scharf \u201emangelnde Informationen und b\u00fcrokratische H\u00fcrden! Diese verhindern, dass Eltern die ihnen zustehenden Leistungen in Anspruch nehmen.\u201c \u00dcberdies bezweifeln die Experten, dass die Leistungen vom Kindergeld \u00fcber Kinderzuschlag bis zum Teilnahme-Paket ausreichen, \u201eum den grundlegenden Bedarf der Kinder zu decken\u201c.<\/p>\n<p style=\"text-align: justify;\">Auch sei das \u201eRecht auf Wohnen\u201c nicht f\u00fcr jeden gesichert. Der UN-Bericht verweist auf \u201esehr hohe Mieten und Mietsteigerungen, akuten Mangel an bezahlbarem Wohnraum bei gleichzeitigem R\u00fcckgang der Anzahl an Sozialwohnungen sowie sinkende und geringe \u00f6ffentliche Mittel\u201c. F\u00fcr Sozialhilfeempf\u00e4nger, so die UN-Experten, werden zu geringe Wohnkosten \u00fcbernommen, was in etlichen F\u00e4llen zu Obdachlosigkeit gef\u00fchrt habe. In Deutschland lebten1,2 Millionen Menschen ohne angemessenen Wohnraum.<\/p>\n<p>Der UN-Ausschuss sieht Anzeichen daf\u00fcr, dass \u201edie H\u00f6he der Grundsicherung nicht ausreicht, um den Empf\u00e4ngern und ihren Familien einen ausreichenden Lebensstandard zu erm\u00f6glichen\u201c. Er fordert die Anhebung der Grundsicherung sowie den Stopp von Leistungsk\u00fcrzungen bei Pflichtverletzungen (!!), denn: \u201eDas Existenzminimum muss erhalten bleiben.\u201c Besorgt sind die Autoren auch dar\u00fcber, dass 1,2 Millionen Besch\u00e4ftigte trotz Job auf Sozialleistungen angewiesen sind. Sie fordern einen h\u00f6heren Mindestlohn und dessen konsequentere Durchsetzung. Die Zahl der prek\u00e4r Besch\u00e4ftigten (Minijobber, Leiharbeiter, Arbeiter von Subunternehmern, befristet Besch\u00e4ftigte) sei auf 14 Millionen angestiegen.<br \/>\n<span style=\"color: #ffffff;\">.<\/span><br \/>\n<strong>Schallende Ohrfeige f\u00fcr den deutschen Staat!<\/strong><\/p>\n<p style=\"text-align: justify;\">Eine schallende Ohrfeige f\u00fcr den deutschen Staat, der in seiner bekannten Arroganz f\u00fcr sich immer die Rolle eines internationalen Vorbildes reklamiert. Er ist tats\u00e4chlich ein Vorbild: aber f\u00fcr asoziale, neoliberale Politik weltweit. Merkel und Co. \u2013 geschworene Feinde der arbeitenden und all der gezielt in Armut gest\u00fcrzten Menschen! Aber eine Klatsche auch f\u00fcr Frau Nahles, Frau Giffey, nicht zu vergessen Herrn Schr\u00f6der, deren SPD bei allem sozialen Elend im Land f\u00fchrend die H\u00e4nde im Spiel haben, das die UN-Experten tats\u00e4chlich in unserem Land vorgefunden haben.<\/p>\n<p style=\"text-align: justify;\">Wer als Sch\u00fcler, Azubi, Arbeiterin oder Arbeiter, als Angestellte oder Erwerbslose, als Rentnerin oder Rentner in Deutschland lebt \u2013 den \u00fcberraschen die UN-Berichte nicht. Die angeprangerten Zust\u00e4nde geh\u00f6ren zur Alltagserfahrung in diesem Land!<br \/>\n<span style=\"color: #ffffff;\">.<\/span><br \/>\n<strong>Bundesregierung \u2013 Zynisch!<\/strong><\/p>\n<p style=\"text-align: justify;\">Zynisch wie immer versucht die Regierung, diese Klatsche unter den Teppich zu kehren: Es w\u00fcrden \u201ekeine Menschenrechtsverletzungen festgestellt\u201c, behauptet dreist Giffeys Arbeits- und Sozialministerium auf Anfrage der Linken-Abgeordneten Sabine Zimmermann. Tr\u00e4nenreich heuchelt man, es sei eine \u201eDaueraufgabe\u201c, die volle Verwirklichung der Rechte \u201enach und nach\u201c zu erreichen. F\u00fcr Januar habe das Ministerium zivilgesellschaftliche Gruppen zum Austausch \u00fcber die Umsetzung eingeladen. Es gibt sofort jede Menge zu \u00e4ndern \u2013 lassen wir \u201eeinen Arbeitskreis\u201cdas Thema totlabern! Die Linken-Politikerin Zimmermann hat durchaus recht: \u201eDie Bundesregierung muss dem Bericht konkrete Taten folgen lassen\u201c und \u201edie sozialen Menschenrechte m\u00fcssen in Deutschland umgesetzt werden.\u201c<\/p>\n<p style=\"text-align: justify;\">Nur geschenkt wird uns da gar nichts. Es wird Zeit, dass Gewerkschaften, Sozialverb\u00e4nde, alle klassenk\u00e4mpferischen Gruppen und Organisationen auf die Stra\u00dfe gehen! Vor allem geht das die Kolleginnen und Kollegen in Betrieben und Institutionen, Beh\u00f6rden und Schulen an. Raus auf die Stra\u00dfen, Gelbe Westen an! Franz\u00f6sisch lernen!<br \/>\n<span style=\"font-size: 10pt; color: #ffffff;\">.<\/span><br \/>\n<span style=\"font-size: 10pt;\"><a href=\"http:\/\/www.deanreed.de\/AmericanRebel\/2017\/?cat=211\" target=\"_blank\" rel=\"noopener\">Weitere Artikel von Fritz Theisen<\/a><\/span><\/p>\n<p style=\"text-align: justify;\"><span style=\"font-size: 10pt;\">Erstver\u00f6ffentlichung heute oder vor wenigen Tagen in <a href=\"https:\/\/www.arbeit-zukunft.de\" target=\"_blank\" rel=\"noopener\">Arbeit Zukunft<\/a>. Ver\u00f6ffentlichung mit freundlicher Genehmigung des Herausgebers.<\/span><br \/>\n<span style=\"font-size: 10pt;\">Bilder und Bildunterschriften wurden komplett oder zum Teil von der Redaktion AmericanRebel hinzu gef\u00fcgt.<\/span><br \/>\n<span style=\"font-size: 10pt; color: #ffffff;\">.<\/span><\/p>\n<blockquote>\n<p style=\"text-align: center;\"><span style=\"font-size: 10pt; color: #000000;\">F\u00fcr den Inhalt dieses Artikels ist der Autor bzw. die Autorin verantwortlich.<br \/>\nDabei muss es sich nicht grunds\u00e4tzlich um die Meinung der Redaktion handeln.<\/span><\/p>\n<table width=\"100%\" align=\"center\">\n<tbody>\n<tr>\n<td style=\"text-align: justify;\"><img loading=\"lazy\" class=\"size-full wp-image-7516 aligncenter\" src=\"http:\/\/www.deanreed.de\/AmericanRebel\/2017\/wp-content\/uploads\/2018\/10\/88x31.png\" alt=\"\" width=\"88\" height=\"31\" \/><\/td>\n<td style=\"text-align: justify; font-size: 10pt;\"><a href=\"https:\/\/creativecommons.org\/licenses\/by-nc-nd\/4.0\/\" target=\"_blank\" rel=\"license noopener\">Dieses Werk ist lizenziert unter einer Creative Commons Namensnennung &#8211;<br \/>\nNicht kommerziell &#8211; Keine Bearbeitungen 4.0 International Lizenz.<\/a><\/td>\n<\/tr>\n<tr>\n<td>\n<form action=\"https:\/\/www.paypal.com\/cgi-bin\/webscr\" method=\"post\" target=\"_top\"><input alt=\"Jetzt einfach, schnell und sicher online bezahlen \u2013 mit PayPal.\" name=\"submit\" src=\"https:\/\/www.paypalobjects.com\/de_DE\/DE\/i\/btn\/btn_donateCC_LG.gif\" type=\"image\" \/><\/form>\n<\/td>\n<td><span style=\"color: #993300;\"><strong>Auch linker Journalismus ist nicht kostenlos<br \/>\nund auch kleine Spenden k\u00f6nnen helfen Gro\u00dfes zu ver\u00f6ffentlichen!<\/strong><\/span><\/td>\n<\/tr>\n<\/tbody>\n<\/table>\n<div style=\"margin-left: 10px;\"><a title=\"zur Startseite\" href=\"http:\/\/www.americanrebel.de\/\"><img loading=\"lazy\" class=\"alignleft\" src=\"http:\/\/www.deanreed.de\/AmericanRebel\/2017\/wp-content\/uploads\/2017\/03\/back_ar.png\" alt=\"zur\u00fcck zur Startseite\" width=\"156\" height=\"15\" \/><\/a><\/div>\n<div style=\"margin-right: 10px;\"><a href=\"https:\/\/www.facebook.com\/groups\/1683837971860223\/permalink\/1987214344855916\/\" target=\"_blank\" rel=\"noopener noreferrer\"><img loading=\"lazy\" class=\"alignright\" src=\"http:\/\/www.deanreed.de\/AmericanRebel\/2017\/wp-content\/uploads\/2017\/03\/ar_zu_fb.png\" alt=\"hier geht es zur Facebook Diskussionsgruppe\" width=\"353\" height=\"15\" \/><\/a><\/div>\n<p style=\"text-align: center;\"><a href=\"http:\/\/www.deanreed.de\/AmericanRebel\/2017\/?p=18638#respond\" target=\"_blank\" rel=\"noopener\"><img loading=\"lazy\" class=\"aligncenter\" src=\"http:\/\/www.deanreed.de\/AmericanRebel\/2017\/wp-content\/uploads\/2017\/03\/ar_kommentar-1.png\" alt=\"Sag uns deine Meinung zum Artikel mit einem Kommentar\/Leserbrief\" width=\"627\" height=\"20\" \/><\/a><\/p>\n<\/blockquote>\n","protected":false},"excerpt":{"rendered":"<p>Fritz Theisen Schallende Ohrfeige der UN f\u00fcr den \u201eSozialstaat&#8220; Deutschland Offen klagt der Wirtschafts- und Sozialrat der Vereinten Nationen(UN) die sozialen Zust\u00e4nde unter dem bundesdeutschen Imperialismus an! Soziale Menschenrechte in Deutschland? Der Sozialrat enth\u00fcllt enorme Defizite im \u201eSozialstaat\u201c Deutschland. Kinderarmut, [&hellip;]<a class=\"more-link\" href=\"http:\/\/www.deanreed.de\/AmericanRebel\/2017\/2018\/12\/21\/18638\/\">&darr; Lese den Rest von diesem Eintrag&#8230;<\/a><\/p>\n","protected":false},"author":2,"featured_media":0,"comment_status":"open","ping_status":"open","sticky":false,"template":"","format":"standard","meta":[],"categories":[264],"tags":[748,135,211,75,1291,1289,186,1288,1290,1292],"yoast_head":"<!-- This site is optimized with the Yoast SEO plugin v17.5 - https:\/\/yoast.com\/wordpress\/plugins\/seo\/ -->\n<title>- Schallende Ohrfeige der UN f\u00fcr den \u201eSozialstaat&quot; Deutschland &ndash; Onlinezeitung AmericanRebel<\/title>\n<meta name=\"robots\" content=\"index, follow, max-snippet:-1, max-image-preview:large, max-video-preview:-1\" \/>\n<link rel=\"canonical\" href=\"https:\/\/www.deanreed.de\/AmericanRebel\/2017\/2018\/12\/21\/18638\/\" \/>\n<meta property=\"og:locale\" content=\"de_DE\" \/>\n<meta property=\"og:type\" content=\"article\" \/>\n<meta property=\"og:title\" content=\"- Schallende Ohrfeige der UN f\u00fcr den \u201eSozialstaat&quot; Deutschland &ndash; Onlinezeitung AmericanRebel\" \/>\n<meta property=\"og:description\" content=\"Fritz Theisen Schallende Ohrfeige der UN f\u00fcr den \u201eSozialstaat&#8220; Deutschland Offen klagt der Wirtschafts- und Sozialrat der Vereinten Nationen(UN) die sozialen Zust\u00e4nde unter dem bundesdeutschen Imperialismus an! Soziale Menschenrechte in Deutschland? Der Sozialrat enth\u00fcllt enorme Defizite im \u201eSozialstaat\u201c Deutschland. Kinderarmut, [&hellip;]&darr; Lese den Rest von diesem Eintrag...\" \/>\n<meta property=\"og:url\" content=\"https:\/\/www.deanreed.de\/AmericanRebel\/2017\/2018\/12\/21\/18638\/\" \/>\n<meta property=\"og:site_name\" content=\"Onlinezeitung AmericanRebel\" \/>\n<meta property=\"article:published_time\" content=\"2018-12-21T12:50:22+00:00\" \/>\n<meta property=\"article:modified_time\" content=\"2018-12-21T13:13:09+00:00\" \/>\n<meta property=\"og:image\" content=\"http:\/\/www.deanreed.de\/AmericanRebel\/2017\/wp-content\/uploads\/2018\/08\/Fritz_Theisen.jpg\" \/>\n<meta name=\"twitter:card\" content=\"summary_large_image\" \/>\n<meta name=\"twitter:label1\" content=\"Verfasst von\" \/>\n\t<meta name=\"twitter:data1\" content=\"Redaktion\" \/>\n\t<meta name=\"twitter:label2\" content=\"Gesch\u00e4tzte Lesezeit\" \/>\n\t<meta name=\"twitter:data2\" content=\"4\u00a0Minuten\" \/>\n<script type=\"application\/ld+json\" class=\"yoast-schema-graph\">{\"@context\":\"https:\/\/schema.org\",\"@graph\":[{\"@type\":\"WebSite\",\"@id\":\"https:\/\/www.deanreed.de\/AmericanRebel\/2017\/#website\",\"url\":\"https:\/\/www.deanreed.de\/AmericanRebel\/2017\/\",\"name\":\"Onlinezeitung AmericanRebel\",\"description\":\"Internationale Onlinezeitung f\\u00fcr Frieden, Humanismus, V\\u00f6lkerverst\\u00e4ndigung und Kultur\",\"potentialAction\":[{\"@type\":\"SearchAction\",\"target\":{\"@type\":\"EntryPoint\",\"urlTemplate\":\"https:\/\/www.deanreed.de\/AmericanRebel\/2017\/?s={search_term_string}\"},\"query-input\":\"required name=search_term_string\"}],\"inLanguage\":\"de\"},{\"@type\":\"ImageObject\",\"@id\":\"https:\/\/www.deanreed.de\/AmericanRebel\/2017\/2018\/12\/21\/18638\/#primaryimage\",\"inLanguage\":\"de\",\"url\":\"http:\/\/www.deanreed.de\/AmericanRebel\/2017\/wp-content\/uploads\/2018\/08\/Fritz_Theisen.jpg\",\"contentUrl\":\"http:\/\/www.deanreed.de\/AmericanRebel\/2017\/wp-content\/uploads\/2018\/08\/Fritz_Theisen.jpg\",\"width\":100,\"height\":150,\"caption\":\"Fritz Theisen\"},{\"@type\":\"WebPage\",\"@id\":\"https:\/\/www.deanreed.de\/AmericanRebel\/2017\/2018\/12\/21\/18638\/#webpage\",\"url\":\"https:\/\/www.deanreed.de\/AmericanRebel\/2017\/2018\/12\/21\/18638\/\",\"name\":\"- Schallende Ohrfeige der UN f\\u00fcr den \\u201eSozialstaat\\\" Deutschland &ndash; Onlinezeitung AmericanRebel\",\"isPartOf\":{\"@id\":\"https:\/\/www.deanreed.de\/AmericanRebel\/2017\/#website\"},\"primaryImageOfPage\":{\"@id\":\"https:\/\/www.deanreed.de\/AmericanRebel\/2017\/2018\/12\/21\/18638\/#primaryimage\"},\"datePublished\":\"2018-12-21T12:50:22+00:00\",\"dateModified\":\"2018-12-21T13:13:09+00:00\",\"author\":{\"@id\":\"https:\/\/www.deanreed.de\/AmericanRebel\/2017\/#\/schema\/person\/9edfca7917cd10b75edaae51c6e7935a\"},\"breadcrumb\":{\"@id\":\"https:\/\/www.deanreed.de\/AmericanRebel\/2017\/2018\/12\/21\/18638\/#breadcrumb\"},\"inLanguage\":\"de\",\"potentialAction\":[{\"@type\":\"ReadAction\",\"target\":[\"https:\/\/www.deanreed.de\/AmericanRebel\/2017\/2018\/12\/21\/18638\/\"]}]},{\"@type\":\"BreadcrumbList\",\"@id\":\"https:\/\/www.deanreed.de\/AmericanRebel\/2017\/2018\/12\/21\/18638\/#breadcrumb\",\"itemListElement\":[{\"@type\":\"ListItem\",\"position\":1,\"name\":\"Startseite\",\"item\":\"https:\/\/www.deanreed.de\/AmericanRebel\/2017\/\"},{\"@type\":\"ListItem\",\"position\":2,\"name\":\"&#8211; Schallende Ohrfeige der UN f\\u00fcr den \\u201eSozialstaat&#8220; Deutschland\"}]},{\"@type\":\"Person\",\"@id\":\"https:\/\/www.deanreed.de\/AmericanRebel\/2017\/#\/schema\/person\/9edfca7917cd10b75edaae51c6e7935a\",\"name\":\"Redaktion\",\"url\":\"http:\/\/www.deanreed.de\/AmericanRebel\/2017\/author\/redaktion\/\"}]}<\/script>\n<!-- \/ Yoast SEO plugin. -->","yoast_head_json":{"title":"- Schallende Ohrfeige der UN f\u00fcr den \u201eSozialstaat\" Deutschland &ndash; Onlinezeitung AmericanRebel","robots":{"index":"index","follow":"follow","max-snippet":"max-snippet:-1","max-image-preview":"max-image-preview:large","max-video-preview":"max-video-preview:-1"},"canonical":"https:\/\/www.deanreed.de\/AmericanRebel\/2017\/2018\/12\/21\/18638\/","og_locale":"de_DE","og_type":"article","og_title":"- Schallende Ohrfeige der UN f\u00fcr den \u201eSozialstaat\" Deutschland &ndash; Onlinezeitung AmericanRebel","og_description":"Fritz Theisen Schallende Ohrfeige der UN f\u00fcr den \u201eSozialstaat&#8220; Deutschland Offen klagt der Wirtschafts- und Sozialrat der Vereinten Nationen(UN) die sozialen Zust\u00e4nde unter dem bundesdeutschen Imperialismus an! Soziale Menschenrechte in Deutschland? Der Sozialrat enth\u00fcllt enorme Defizite im \u201eSozialstaat\u201c Deutschland. Kinderarmut, [&hellip;]&darr; Lese den Rest von diesem Eintrag...","og_url":"https:\/\/www.deanreed.de\/AmericanRebel\/2017\/2018\/12\/21\/18638\/","og_site_name":"Onlinezeitung AmericanRebel","article_published_time":"2018-12-21T12:50:22+00:00","article_modified_time":"2018-12-21T13:13:09+00:00","og_image":[{"url":"http:\/\/www.deanreed.de\/AmericanRebel\/2017\/wp-content\/uploads\/2018\/08\/Fritz_Theisen.jpg"}],"twitter_card":"summary_large_image","twitter_misc":{"Verfasst von":"Redaktion","Gesch\u00e4tzte Lesezeit":"4\u00a0Minuten"},"schema":{"@context":"https:\/\/schema.org","@graph":[{"@type":"WebSite","@id":"https:\/\/www.deanreed.de\/AmericanRebel\/2017\/#website","url":"https:\/\/www.deanreed.de\/AmericanRebel\/2017\/","name":"Onlinezeitung AmericanRebel","description":"Internationale Onlinezeitung f\u00fcr Frieden, Humanismus, V\u00f6lkerverst\u00e4ndigung und Kultur","potentialAction":[{"@type":"SearchAction","target":{"@type":"EntryPoint","urlTemplate":"https:\/\/www.deanreed.de\/AmericanRebel\/2017\/?s={search_term_string}"},"query-input":"required name=search_term_string"}],"inLanguage":"de"},{"@type":"ImageObject","@id":"https:\/\/www.deanreed.de\/AmericanRebel\/2017\/2018\/12\/21\/18638\/#primaryimage","inLanguage":"de","url":"http:\/\/www.deanreed.de\/AmericanRebel\/2017\/wp-content\/uploads\/2018\/08\/Fritz_Theisen.jpg","contentUrl":"http:\/\/www.deanreed.de\/AmericanRebel\/2017\/wp-content\/uploads\/2018\/08\/Fritz_Theisen.jpg","width":100,"height":150,"caption":"Fritz Theisen"},{"@type":"WebPage","@id":"https:\/\/www.deanreed.de\/AmericanRebel\/2017\/2018\/12\/21\/18638\/#webpage","url":"https:\/\/www.deanreed.de\/AmericanRebel\/2017\/2018\/12\/21\/18638\/","name":"- Schallende Ohrfeige der UN f\u00fcr den \u201eSozialstaat\" Deutschland &ndash; Onlinezeitung AmericanRebel","isPartOf":{"@id":"https:\/\/www.deanreed.de\/AmericanRebel\/2017\/#website"},"primaryImageOfPage":{"@id":"https:\/\/www.deanreed.de\/AmericanRebel\/2017\/2018\/12\/21\/18638\/#primaryimage"},"datePublished":"2018-12-21T12:50:22+00:00","dateModified":"2018-12-21T13:13:09+00:00","author":{"@id":"https:\/\/www.deanreed.de\/AmericanRebel\/2017\/#\/schema\/person\/9edfca7917cd10b75edaae51c6e7935a"},"breadcrumb":{"@id":"https:\/\/www.deanreed.de\/AmericanRebel\/2017\/2018\/12\/21\/18638\/#breadcrumb"},"inLanguage":"de","potentialAction":[{"@type":"ReadAction","target":["https:\/\/www.deanreed.de\/AmericanRebel\/2017\/2018\/12\/21\/18638\/"]}]},{"@type":"BreadcrumbList","@id":"https:\/\/www.deanreed.de\/AmericanRebel\/2017\/2018\/12\/21\/18638\/#breadcrumb","itemListElement":[{"@type":"ListItem","position":1,"name":"Startseite","item":"https:\/\/www.deanreed.de\/AmericanRebel\/2017\/"},{"@type":"ListItem","position":2,"name":"&#8211; Schallende Ohrfeige der UN f\u00fcr den \u201eSozialstaat&#8220; Deutschland"}]},{"@type":"Person","@id":"https:\/\/www.deanreed.de\/AmericanRebel\/2017\/#\/schema\/person\/9edfca7917cd10b75edaae51c6e7935a","name":"Redaktion","url":"http:\/\/www.deanreed.de\/AmericanRebel\/2017\/author\/redaktion\/"}]}},"_links":{"self":[{"href":"http:\/\/www.deanreed.de\/AmericanRebel\/2017\/wp-json\/wp\/v2\/posts\/18638"}],"collection":[{"href":"http:\/\/www.deanreed.de\/AmericanRebel\/2017\/wp-json\/wp\/v2\/posts"}],"about":[{"href":"http:\/\/www.deanreed.de\/AmericanRebel\/2017\/wp-json\/wp\/v2\/types\/post"}],"author":[{"embeddable":true,"href":"http:\/\/www.deanreed.de\/AmericanRebel\/2017\/wp-json\/wp\/v2\/users\/2"}],"replies":[{"embeddable":true,"href":"http:\/\/www.deanreed.de\/AmericanRebel\/2017\/wp-json\/wp\/v2\/comments?post=18638"}],"version-history":[{"count":0,"href":"http:\/\/www.deanreed.de\/AmericanRebel\/2017\/wp-json\/wp\/v2\/posts\/18638\/revisions"}],"wp:attachment":[{"href":"http:\/\/www.deanreed.de\/AmericanRebel\/2017\/wp-json\/wp\/v2\/media?parent=18638"}],"wp:term":[{"taxonomy":"category","embeddable":true,"href":"http:\/\/www.deanreed.de\/AmericanRebel\/2017\/wp-json\/wp\/v2\/categories?post=18638"},{"taxonomy":"post_tag","embeddable":true,"href":"http:\/\/www.deanreed.de\/AmericanRebel\/2017\/wp-json\/wp\/v2\/tags?post=18638"}],"curies":[{"name":"wp","href":"https:\/\/api.w.org\/{rel}","templated":true}]}}