{"id":17385,"date":"2018-10-22T18:14:51","date_gmt":"2018-10-22T16:14:51","guid":{"rendered":"http:\/\/www.deanreed.de\/AmericanRebel\/2017\/?p=17385"},"modified":"2018-10-22T22:35:52","modified_gmt":"2018-10-22T20:35:52","slug":"17385","status":"publish","type":"post","link":"http:\/\/www.deanreed.de\/AmericanRebel\/2017\/2018\/10\/22\/17385\/","title":{"rendered":"&#8211; Ahed Tamimi aus dem israelischen Knast entlassen"},"content":{"rendered":"<h4>Kiki Rebell<\/h4>\n<h2>Ahed Tamimi aus dem israelischen Knast entlassen<\/h2>\n<div id=\"attachment_15693\" style=\"width: 110px\" class=\"wp-caption alignleft\"><img aria-describedby=\"caption-attachment-15693\" loading=\"lazy\" class=\"size-full wp-image-15693\" src=\"http:\/\/www.deanreed.de\/AmericanRebel\/2017\/wp-content\/uploads\/2018\/08\/Kim_Rebell.jpg\" alt=\"\" width=\"100\" height=\"150\" \/><p id=\"caption-attachment-15693\" class=\"wp-caption-text\">Kiki Rebell<\/p><\/div>\n<p style=\"text-align: justify;\"><strong>Ahed Tamimi, die bekannte pal\u00e4stinensische Aktivistin, wurde Ende Juli 2018 aus dem israelischen Knast entlassen. In einem Video-Interview vom September 2018 erz\u00e4hlt sie \u00fcber ihre Erlebnisse im Knast und \u00fcber ihr Leben in Pal\u00e4stina. Dieses Interview wurde nun in deutsch synchronisiert und so noch mehr Menschen zug\u00e4nglich gemacht.\u00a0<\/strong><\/p>\n<p style=\"text-align: justify;\">Die 17-J\u00e4hrige ist zu einem der bekanntesten jungen Gesichter der Pal\u00e4stinenser geworden. Nachdem sie schon als kleines Kind gegen die israelische Besatzung protestiert und damit immer wieder mediales Interesse produziert hat, musste sie im Dezember 2017 ins Gef\u00e4ngnis. Ahed hatte,\u00a0nachdem ihr Cousin angeschossen wurde, israelischen Soldaten mit H\u00e4nden und F\u00fc\u00dfen vor laufender Kamera geschlagen. Das Video \u00fcber diesen Vorfall ging um die Welt und sie wurde sp\u00e4ter vom israelischen Milit\u00e4r verhaftet. Ende Juli 2018 kam Ahed wieder frei und wurde prompt zu einem neuen &#8222;Symbol&#8220; des pal\u00e4stinensischen Widerstands gegen die Besatzung in der Westbank. Auf israelischer Seite werden sie und ihre prominente Familie als Terrorsympathisanten und Israelhasser beschimpft.<\/p>\n<p style=\"text-align: justify;\">Was sie im Gef\u00e4ngnis erlebte, erz\u00e4hlt Ahed im Gespr\u00e4ch mit\u00a0&#8222;Jung &amp; Naiv&#8220;. Das nun synchronisierte Interview ist sehr aufschlussreich.<br \/>\n<span style=\"color: #ffffff;\">.<\/span><br \/>\n<div class=\"lyte-wrapper fourthree\" title=\"Ahed Tamimi, pal&Atilde;&curren;stinensische Aktivistin - Jung &amp;amp; Naiv: Folge 383 (Deutsch)\" style=\"width:420px;max-width:100%;margin:5px auto;\"><div class=\"lyMe\" id=\"WYL_AJEC5i6Zjvg\"><div id=\"lyte_AJEC5i6Zjvg\" data-src=\"http:\/\/www.deanreed.de\/AmericanRebel\/2017\/wp-content\/plugins\/wp-youtube-lyte\/lyteCache.php?origThumbUrl=https%3A%2F%2Fi.ytimg.com%2Fvi%2FAJEC5i6Zjvg%2Fhqdefault.jpg\" class=\"pL\"><div class=\"tC\"><div class=\"tT\">Ahed Tamimi, pal\u00e4stinensische Aktivistin - Jung &amp; Naiv: Folge 383 (Deutsch)<\/div><\/div><div class=\"play\"><\/div><div class=\"ctrl\"><div class=\"Lctrl\"><\/div><div class=\"Rctrl\"><\/div><\/div><\/div><noscript><a href=\"http:\/\/youtu.be\/AJEC5i6Zjvg\"><img src=\"http:\/\/www.deanreed.de\/AmericanRebel\/2017\/wp-content\/plugins\/wp-youtube-lyte\/lyteCache.php?origThumbUrl=http%3A%2F%2Fi.ytimg.com%2Fvi%2FAJEC5i6Zjvg%2F0.jpg\" alt=\"Ahed Tamimi, pal&Atilde;&curren;stinensische Aktivistin - Jung &amp;amp; Naiv: Folge 383 (Deutsch)\" width=\"420\" height=\"295\" \/><br \/>Dieses Video auf YouTube ansehen<\/a><\/noscript><\/div><\/div><div class=\"lL\" style=\"max-width:100%;width:420px;margin:5px auto;\"><\/div><\/p>\n<p><span style=\"font-size: 10pt;\"><br \/>\n<\/span><a href=\"http:\/\/www.deanreed.de\/AmericanRebel\/2017\/?cat=174\" target=\"_blank\" rel=\"noopener\"><span style=\"font-size: 10pt;\">Weitere Beitr\u00e4ge von Kiki Rebell<\/span><\/a><\/p>\n<p><span style=\"font-size: 10pt; color: #ffffff;\">.<\/span><\/p>\n<blockquote>\n<p style=\"text-align: center;\"><span style=\"font-size: 10pt; color: #000000;\">F\u00fcr den Inhalt dieses Artikels ist der Autor bzw. die Autorin verantwortlich.<br \/>\nDabei muss es sich nicht grunds\u00e4tzlich um die Meinung der Redaktion handeln.<\/span><\/p>\n<table width=\"100%\" align=\"center\">\n<tbody>\n<tr>\n<td style=\"text-align: justify;\"><img loading=\"lazy\" class=\"size-full wp-image-7516 aligncenter\" src=\"http:\/\/www.deanreed.de\/AmericanRebel\/2017\/wp-content\/uploads\/2018\/10\/88x31.png\" alt=\"\" width=\"88\" height=\"31\" \/><\/td>\n<td style=\"text-align: justify; font-size: 10pt;\"><a href=\"https:\/\/creativecommons.org\/licenses\/by-nc-nd\/4.0\/\" target=\"_blank\" rel=\"license noopener\">Dieses Werk ist lizenziert unter einer Creative Commons Namensnennung &#8211; <br \/>\nNicht kommerziell &#8211; Keine Bearbeitungen 4.0 International Lizenz.<\/a><\/td>\n<\/tr>\n<tr>\n<td>\n<form action=\"https:\/\/www.paypal.com\/cgi-bin\/webscr\" method=\"post\" target=\"_top\"><input alt=\"Jetzt einfach, schnell und sicher online bezahlen \u2013 mit PayPal.\" name=\"submit\" src=\"https:\/\/www.paypalobjects.com\/de_DE\/DE\/i\/btn\/btn_donateCC_LG.gif\" type=\"image\" \/><\/form>\n<\/td>\n<td><span style=\"color: #993300;\"><strong>Auch linker Journalismus ist nicht kostenlos<br \/>\nund auch kleine Spenden k\u00f6nnen helfen Gro\u00dfes zu ver\u00f6ffentlichen!<\/strong><\/span><\/td>\n<\/tr>\n<\/tbody>\n<\/table>\n<div style=\"margin-left: 10px;\"><a title=\"zur Startseite\" href=\"http:\/\/www.americanrebel.de\/\"><img loading=\"lazy\" class=\"alignleft\" src=\"http:\/\/www.deanreed.de\/AmericanRebel\/2017\/wp-content\/uploads\/2017\/03\/back_ar.png\" alt=\"zur\u00fcck zur Startseite\" width=\"156\" height=\"15\" \/><\/a><\/div>\n<div style=\"margin-right: 10px;\"><a href=\"https:\/\/www.facebook.com\/groups\/1683837971860223\/permalink\/1987214344855916\/\" target=\"_blank\" rel=\"noopener noreferrer\"><img loading=\"lazy\" class=\"alignright\" src=\"http:\/\/www.deanreed.de\/AmericanRebel\/2017\/wp-content\/uploads\/2017\/03\/ar_zu_fb.png\" alt=\"hier geht es zur Facebook Diskussionsgruppe\" width=\"353\" height=\"15\" \/><\/a><\/div>\n<p style=\"text-align: center;\"><a href=\"http:\/\/www.deanreed.de\/AmericanRebel\/2017\/?p=17385&amp;preview=true#respond\" target=\"_blank\" rel=\"noopener\"><img loading=\"lazy\" class=\"aligncenter\" src=\"http:\/\/www.deanreed.de\/AmericanRebel\/2017\/wp-content\/uploads\/2017\/03\/ar_kommentar-1.png\" alt=\"Sag uns deine Meinung zum Artikel mit einem Kommentar\/Leserbrief\" width=\"627\" height=\"20\" \/><\/a><\/p>\n<\/blockquote>\n","protected":false},"excerpt":{"rendered":"<p>Kiki Rebell Ahed Tamimi aus dem israelischen Knast entlassen Ahed Tamimi, die bekannte pal\u00e4stinensische Aktivistin, wurde Ende Juli 2018 aus dem israelischen Knast entlassen. In einem Video-Interview vom September 2018 erz\u00e4hlt sie \u00fcber ihre Erlebnisse im Knast und \u00fcber ihr [&hellip;]<a class=\"more-link\" href=\"http:\/\/www.deanreed.de\/AmericanRebel\/2017\/2018\/10\/22\/17385\/\">&darr; Lese den Rest von diesem Eintrag&#8230;<\/a><\/p>\n","protected":false},"author":2,"featured_media":0,"comment_status":"open","ping_status":"open","sticky":false,"template":"","format":"standard","meta":[],"categories":[1],"tags":[821,748,139,824,822,823],"yoast_head":"<!-- This site is optimized with the Yoast SEO plugin v17.5 - https:\/\/yoast.com\/wordpress\/plugins\/seo\/ -->\n<title>- Ahed Tamimi aus dem israelischen Knast entlassen &ndash; Onlinezeitung AmericanRebel<\/title>\n<meta name=\"robots\" content=\"index, follow, max-snippet:-1, max-image-preview:large, max-video-preview:-1\" \/>\n<link rel=\"canonical\" href=\"https:\/\/www.deanreed.de\/AmericanRebel\/2017\/2018\/10\/22\/17385\/\" \/>\n<meta property=\"og:locale\" content=\"de_DE\" \/>\n<meta property=\"og:type\" content=\"article\" \/>\n<meta property=\"og:title\" content=\"- Ahed Tamimi aus dem israelischen Knast entlassen &ndash; Onlinezeitung AmericanRebel\" \/>\n<meta property=\"og:description\" content=\"Kiki Rebell Ahed Tamimi aus dem israelischen Knast entlassen Ahed Tamimi, die bekannte pal\u00e4stinensische Aktivistin, wurde Ende Juli 2018 aus dem israelischen Knast entlassen. In einem Video-Interview vom September 2018 erz\u00e4hlt sie \u00fcber ihre Erlebnisse im Knast und \u00fcber ihr [&hellip;]&darr; Lese den Rest von diesem Eintrag...\" \/>\n<meta property=\"og:url\" content=\"https:\/\/www.deanreed.de\/AmericanRebel\/2017\/2018\/10\/22\/17385\/\" \/>\n<meta property=\"og:site_name\" content=\"Onlinezeitung AmericanRebel\" \/>\n<meta property=\"article:published_time\" content=\"2018-10-22T16:14:51+00:00\" \/>\n<meta property=\"article:modified_time\" content=\"2018-10-22T20:35:52+00:00\" \/>\n<meta property=\"og:image\" content=\"http:\/\/www.deanreed.de\/AmericanRebel\/2017\/wp-content\/uploads\/2018\/08\/Kim_Rebell.jpg\" \/>\n<meta name=\"twitter:card\" content=\"summary_large_image\" \/>\n<meta name=\"twitter:label1\" content=\"Verfasst von\" \/>\n\t<meta name=\"twitter:data1\" content=\"Redaktion\" \/>\n\t<meta name=\"twitter:label2\" content=\"Gesch\u00e4tzte Lesezeit\" \/>\n\t<meta name=\"twitter:data2\" content=\"2\u00a0Minuten\" \/>\n<script type=\"application\/ld+json\" class=\"yoast-schema-graph\">{\"@context\":\"https:\/\/schema.org\",\"@graph\":[{\"@type\":\"WebSite\",\"@id\":\"https:\/\/www.deanreed.de\/AmericanRebel\/2017\/#website\",\"url\":\"https:\/\/www.deanreed.de\/AmericanRebel\/2017\/\",\"name\":\"Onlinezeitung AmericanRebel\",\"description\":\"Internationale Onlinezeitung f\\u00fcr Frieden, Humanismus, V\\u00f6lkerverst\\u00e4ndigung und Kultur\",\"potentialAction\":[{\"@type\":\"SearchAction\",\"target\":{\"@type\":\"EntryPoint\",\"urlTemplate\":\"https:\/\/www.deanreed.de\/AmericanRebel\/2017\/?s={search_term_string}\"},\"query-input\":\"required name=search_term_string\"}],\"inLanguage\":\"de\"},{\"@type\":\"ImageObject\",\"@id\":\"https:\/\/www.deanreed.de\/AmericanRebel\/2017\/2018\/10\/22\/17385\/#primaryimage\",\"inLanguage\":\"de\",\"url\":\"http:\/\/www.deanreed.de\/AmericanRebel\/2017\/wp-content\/uploads\/2018\/08\/Kim_Rebell.jpg\",\"contentUrl\":\"http:\/\/www.deanreed.de\/AmericanRebel\/2017\/wp-content\/uploads\/2018\/08\/Kim_Rebell.jpg\",\"width\":100,\"height\":150,\"caption\":\"Kiki Rebell\"},{\"@type\":\"WebPage\",\"@id\":\"https:\/\/www.deanreed.de\/AmericanRebel\/2017\/2018\/10\/22\/17385\/#webpage\",\"url\":\"https:\/\/www.deanreed.de\/AmericanRebel\/2017\/2018\/10\/22\/17385\/\",\"name\":\"- Ahed Tamimi aus dem israelischen Knast entlassen &ndash; Onlinezeitung AmericanRebel\",\"isPartOf\":{\"@id\":\"https:\/\/www.deanreed.de\/AmericanRebel\/2017\/#website\"},\"primaryImageOfPage\":{\"@id\":\"https:\/\/www.deanreed.de\/AmericanRebel\/2017\/2018\/10\/22\/17385\/#primaryimage\"},\"datePublished\":\"2018-10-22T16:14:51+00:00\",\"dateModified\":\"2018-10-22T20:35:52+00:00\",\"author\":{\"@id\":\"https:\/\/www.deanreed.de\/AmericanRebel\/2017\/#\/schema\/person\/9edfca7917cd10b75edaae51c6e7935a\"},\"breadcrumb\":{\"@id\":\"https:\/\/www.deanreed.de\/AmericanRebel\/2017\/2018\/10\/22\/17385\/#breadcrumb\"},\"inLanguage\":\"de\",\"potentialAction\":[{\"@type\":\"ReadAction\",\"target\":[\"https:\/\/www.deanreed.de\/AmericanRebel\/2017\/2018\/10\/22\/17385\/\"]}]},{\"@type\":\"BreadcrumbList\",\"@id\":\"https:\/\/www.deanreed.de\/AmericanRebel\/2017\/2018\/10\/22\/17385\/#breadcrumb\",\"itemListElement\":[{\"@type\":\"ListItem\",\"position\":1,\"name\":\"Startseite\",\"item\":\"https:\/\/www.deanreed.de\/AmericanRebel\/2017\/\"},{\"@type\":\"ListItem\",\"position\":2,\"name\":\"&#8211; Ahed Tamimi aus dem israelischen Knast entlassen\"}]},{\"@type\":\"Person\",\"@id\":\"https:\/\/www.deanreed.de\/AmericanRebel\/2017\/#\/schema\/person\/9edfca7917cd10b75edaae51c6e7935a\",\"name\":\"Redaktion\",\"url\":\"http:\/\/www.deanreed.de\/AmericanRebel\/2017\/author\/redaktion\/\"}]}<\/script>\n<!-- \/ Yoast SEO plugin. -->","yoast_head_json":{"title":"- Ahed Tamimi aus dem israelischen Knast entlassen &ndash; Onlinezeitung AmericanRebel","robots":{"index":"index","follow":"follow","max-snippet":"max-snippet:-1","max-image-preview":"max-image-preview:large","max-video-preview":"max-video-preview:-1"},"canonical":"https:\/\/www.deanreed.de\/AmericanRebel\/2017\/2018\/10\/22\/17385\/","og_locale":"de_DE","og_type":"article","og_title":"- Ahed Tamimi aus dem israelischen Knast entlassen &ndash; Onlinezeitung AmericanRebel","og_description":"Kiki Rebell Ahed Tamimi aus dem israelischen Knast entlassen Ahed Tamimi, die bekannte pal\u00e4stinensische Aktivistin, wurde Ende Juli 2018 aus dem israelischen Knast entlassen. In einem Video-Interview vom September 2018 erz\u00e4hlt sie \u00fcber ihre Erlebnisse im Knast und \u00fcber ihr [&hellip;]&darr; Lese den Rest von diesem Eintrag...","og_url":"https:\/\/www.deanreed.de\/AmericanRebel\/2017\/2018\/10\/22\/17385\/","og_site_name":"Onlinezeitung AmericanRebel","article_published_time":"2018-10-22T16:14:51+00:00","article_modified_time":"2018-10-22T20:35:52+00:00","og_image":[{"url":"http:\/\/www.deanreed.de\/AmericanRebel\/2017\/wp-content\/uploads\/2018\/08\/Kim_Rebell.jpg"}],"twitter_card":"summary_large_image","twitter_misc":{"Verfasst von":"Redaktion","Gesch\u00e4tzte Lesezeit":"2\u00a0Minuten"},"schema":{"@context":"https:\/\/schema.org","@graph":[{"@type":"WebSite","@id":"https:\/\/www.deanreed.de\/AmericanRebel\/2017\/#website","url":"https:\/\/www.deanreed.de\/AmericanRebel\/2017\/","name":"Onlinezeitung AmericanRebel","description":"Internationale Onlinezeitung f\u00fcr Frieden, Humanismus, V\u00f6lkerverst\u00e4ndigung und Kultur","potentialAction":[{"@type":"SearchAction","target":{"@type":"EntryPoint","urlTemplate":"https:\/\/www.deanreed.de\/AmericanRebel\/2017\/?s={search_term_string}"},"query-input":"required name=search_term_string"}],"inLanguage":"de"},{"@type":"ImageObject","@id":"https:\/\/www.deanreed.de\/AmericanRebel\/2017\/2018\/10\/22\/17385\/#primaryimage","inLanguage":"de","url":"http:\/\/www.deanreed.de\/AmericanRebel\/2017\/wp-content\/uploads\/2018\/08\/Kim_Rebell.jpg","contentUrl":"http:\/\/www.deanreed.de\/AmericanRebel\/2017\/wp-content\/uploads\/2018\/08\/Kim_Rebell.jpg","width":100,"height":150,"caption":"Kiki Rebell"},{"@type":"WebPage","@id":"https:\/\/www.deanreed.de\/AmericanRebel\/2017\/2018\/10\/22\/17385\/#webpage","url":"https:\/\/www.deanreed.de\/AmericanRebel\/2017\/2018\/10\/22\/17385\/","name":"- Ahed Tamimi aus dem israelischen Knast entlassen &ndash; Onlinezeitung AmericanRebel","isPartOf":{"@id":"https:\/\/www.deanreed.de\/AmericanRebel\/2017\/#website"},"primaryImageOfPage":{"@id":"https:\/\/www.deanreed.de\/AmericanRebel\/2017\/2018\/10\/22\/17385\/#primaryimage"},"datePublished":"2018-10-22T16:14:51+00:00","dateModified":"2018-10-22T20:35:52+00:00","author":{"@id":"https:\/\/www.deanreed.de\/AmericanRebel\/2017\/#\/schema\/person\/9edfca7917cd10b75edaae51c6e7935a"},"breadcrumb":{"@id":"https:\/\/www.deanreed.de\/AmericanRebel\/2017\/2018\/10\/22\/17385\/#breadcrumb"},"inLanguage":"de","potentialAction":[{"@type":"ReadAction","target":["https:\/\/www.deanreed.de\/AmericanRebel\/2017\/2018\/10\/22\/17385\/"]}]},{"@type":"BreadcrumbList","@id":"https:\/\/www.deanreed.de\/AmericanRebel\/2017\/2018\/10\/22\/17385\/#breadcrumb","itemListElement":[{"@type":"ListItem","position":1,"name":"Startseite","item":"https:\/\/www.deanreed.de\/AmericanRebel\/2017\/"},{"@type":"ListItem","position":2,"name":"&#8211; Ahed Tamimi aus dem israelischen Knast entlassen"}]},{"@type":"Person","@id":"https:\/\/www.deanreed.de\/AmericanRebel\/2017\/#\/schema\/person\/9edfca7917cd10b75edaae51c6e7935a","name":"Redaktion","url":"http:\/\/www.deanreed.de\/AmericanRebel\/2017\/author\/redaktion\/"}]}},"_links":{"self":[{"href":"http:\/\/www.deanreed.de\/AmericanRebel\/2017\/wp-json\/wp\/v2\/posts\/17385"}],"collection":[{"href":"http:\/\/www.deanreed.de\/AmericanRebel\/2017\/wp-json\/wp\/v2\/posts"}],"about":[{"href":"http:\/\/www.deanreed.de\/AmericanRebel\/2017\/wp-json\/wp\/v2\/types\/post"}],"author":[{"embeddable":true,"href":"http:\/\/www.deanreed.de\/AmericanRebel\/2017\/wp-json\/wp\/v2\/users\/2"}],"replies":[{"embeddable":true,"href":"http:\/\/www.deanreed.de\/AmericanRebel\/2017\/wp-json\/wp\/v2\/comments?post=17385"}],"version-history":[{"count":0,"href":"http:\/\/www.deanreed.de\/AmericanRebel\/2017\/wp-json\/wp\/v2\/posts\/17385\/revisions"}],"wp:attachment":[{"href":"http:\/\/www.deanreed.de\/AmericanRebel\/2017\/wp-json\/wp\/v2\/media?parent=17385"}],"wp:term":[{"taxonomy":"category","embeddable":true,"href":"http:\/\/www.deanreed.de\/AmericanRebel\/2017\/wp-json\/wp\/v2\/categories?post=17385"},{"taxonomy":"post_tag","embeddable":true,"href":"http:\/\/www.deanreed.de\/AmericanRebel\/2017\/wp-json\/wp\/v2\/tags?post=17385"}],"curies":[{"name":"wp","href":"https:\/\/api.w.org\/{rel}","templated":true}]}}