{"id":17337,"date":"2018-10-21T12:00:21","date_gmt":"2018-10-21T10:00:21","guid":{"rendered":"http:\/\/www.deanreed.de\/AmericanRebel\/2017\/?p=17337"},"modified":"2018-10-21T13:47:02","modified_gmt":"2018-10-21T11:47:02","slug":"17337","status":"publish","type":"post","link":"http:\/\/www.deanreed.de\/AmericanRebel\/2017\/2018\/10\/21\/17337\/","title":{"rendered":"&#8211; A big rally and a Bavarian vote"},"content":{"rendered":"<h4>Victor Grossman<\/h4>\n<h2>A big rally and a Bavarian vote<\/h2>\n<h4>Berlin Bulletin No. 154<\/h4>\n<div id=\"attachment_160\" style=\"width: 110px\" class=\"wp-caption alignleft\"><img aria-describedby=\"caption-attachment-160\" loading=\"lazy\" class=\"wp-image-160 size-full\" src=\"http:\/\/www.deanreed.de\/AmericanRebel\/2017\/wp-content\/uploads\/2017\/02\/Victor_Grossman.jpg\" alt=\"\" width=\"100\" height=\"150\" \/><p id=\"caption-attachment-160\" class=\"wp-caption-text\"><span style=\"color: #808080;\">Victor Grossman<\/span><\/p><\/div>\n<p><span style=\"font-size: 14pt; color: #993300;\"><strong>Jein! Last weekend was surely the most complex in ages! Were the results favorable for \u201cthe good side\u201d? the best answer is Once again that great German word-construction, made up of Ja und Nein \u2013 Jein (pronounced Yine)<\/strong><\/span><\/p>\n<p style=\"text-align: justify;\">Saturday was amazing! Many hundreds of groups, organizations and prominent individuals called, under the slogan \u201cUnteilbar\u201d (Indivisible) for a demonstration against racism, hatred of foreigners and especially refugees and immigrants. It was to be a challenge to the Alternative for Germany (AfD), a party between far-right and fascist which, with 18 %, has achieved a frightening second place in national opinion polls. It was hoped that a rally and march opposing it and its openly violent allies and accomplices would attract a respectable count of 40,000 people, maybe 50,000. To everyone\u2019s astonishment, an awesome number showed up, estimated at over 240,000! A truly giant crowd! After an hour of short speeches, the first parade blocks moved out from East Berlin\u2019s central Alexanderplatz at 1 PM. Before the last ones could finally move off to follow them the first marchers had already reached the final destination three miles away in West Berlin\u2019s big central park, Tiergarten, where more speeches and lots of music were offered till after 9 PM. Many, many people, coming from all parts of Germany, are clearly worried at the rapid growth of the AfD, which threatens to head one state government if it wins the election in Saxony next year, where it is 5 points behind the first place Christian Democrats, who have led the pack in Saxony ever since German unification.<\/p>\n<div id=\"attachment_17339\" style=\"width: 330px\" class=\"wp-caption alignright\"><img aria-describedby=\"caption-attachment-17339\" loading=\"lazy\" class=\" wp-image-17339\" src=\"http:\/\/www.deanreed.de\/AmericanRebel\/2017\/wp-content\/uploads\/2018\/10\/e34-300x178.jpg\" alt=\"\" width=\"320\" height=\"190\" srcset=\"http:\/\/www.deanreed.de\/AmericanRebel\/2017\/wp-content\/uploads\/2018\/10\/e34-300x178.jpg 300w, http:\/\/www.deanreed.de\/AmericanRebel\/2017\/wp-content\/uploads\/2018\/10\/e34.jpg 640w\" sizes=\"(max-width: 320px) 100vw, 320px\" \/><p id=\"caption-attachment-17339\" class=\"wp-caption-text\"><span style=\"color: #808080;\">Detail of the Berlin demonstration,<\/span><br \/><span style=\"color: #808080;\">photo: Gerd Jochimsen, Berlin<\/span><\/p><\/div>\n<p style=\"text-align: justify;\">\u201cUnteilbar\u201d targeted especially racism and national chauvinism, but the multitude of signs, banners and speakers from many organizations raised a variety of issues. The LINKE (Left) was there, so were Social Democrats and Greens. Union leaders voiced labor\u2019s demands; one represented cabin staff workers from Ryanair, who may soon be on strike. Church speakers stressed tolerance, a Muslim leader (whom some had wanted to exclude because of possible ties to Turkey) called for a rejection of anti-Semitism in the Islam community. A leader of the Jewish community condemned xenophobia of all kinds, but slipped in a sharp jab at anyone supporting the Boycott movement against the Netanyahu-government. Many people carried stickers or signs backing #metoo, and a wide variety of environmental demands were visible. It was a grand, even happy occasion on a very sunny day, with no disruptions or attacks; AfD goons kept well away from this huge crowd!<\/p>\n<p style=\"text-align: justify;\">A small group stressed war and peace and opposed armament exports. A few negative voices were raised on the left because of the total lack, in the printed appeal and most speeches, of any mention of the reasons why so many flee to Europe. Omitted, perhaps to gain wider support, were the causes of conflicts and growing poverty in Africa and the Mideast and the dangers of escalation \u2013 of a far worse war which could start in Syria or during on-going NATO military maneuvers along Russian borders not so very far away.<\/p>\n<p style=\"text-align: justify;\">More problematic was the fact that the new movement, \u201cAufstehen\u201d (Stand Up, or Rise up), had not joined in. Why was that?<\/p>\n<p style=\"text-align: justify;\">Sahra Wagenknecht, herself a leader of the LINKE but also the main initiator and leader of Aufstehen, stated that she <em>\u201cfound it correct that so many people demonstrate against racism and a turn to the right\u201d, but then criticized the call to the rally, in which a demand for \u201copen borders for everybody\u201c was its key position. \u201cCalling for open borders for everyone is a demand which most people feel is unrealistic and irrational, and their feeling is correct\u2026 So we are not formally joining in. Some of our people will surely take part.\u201d<\/em> But she herself would not.<\/p>\n<p style=\"text-align: justify;\">This issue has split the LINKE leadership for much of the past year. Wagenknecht\u2019s position with \u201cAufstehen\u201d is surely derived from hopes to win over or win back many of those lured by the AfD and its poison &#8211; that refugees are getting all the social services which true-blue \u201cbio-Germans\u201d are deprived of. This is hardly true, but it is true that workers from other countries can well be misused to push wages down, and must also be housed at a time when affordable apartments are exceedingly rare. But taking such voices into account can result in moving perilously close to the positions of the fascists while possibly weakening basic leftist internationalist principles. The current decrease in the influx of refugees into Germany, down from six-digit figures three years ago to a present much lower rate of under 100,000 annually, could weaken the far-right propaganda. It should hardly be echoed! <div class=\"hide-this-part-wrap\"><div class=\"hide-this-part-more\" id=\"hide-this-part-0\" morelink-text=\"more\">more \u00bb<\/div><div class=\"hide-this-part\" status=\"invisible\"><\/p>\n<p style=\"text-align: justify;\">In any case this dispute, although it does touch on important questions for all the wealthier countries, now seems troublesome and unnecessary to many on the left, and some claim that at the bottom personality questions may be involved. There is still hope that the dramatic birth of Aufstehen on September 4th, aimed at attracting left-leaning people from all parties and winning many away from the AfD, may soon begin to go into action and\u00a0 strengthen the progressive movement, not divide it.<\/p>\n<p style=\"text-align: justify;\">Other more rigidly leftist critics complained that the huge rally failed to call for basic changes in the current German government with its conservative CDU and its lame and plummeting Social Democrats. Simply opposing racism and calling for better social conditions does not get at the root of German militarism, imperialism, indeed capitalism. They described its message with the derogatively sarcastic description \u201cFriede, Freude, Eierkuchen\u201d which translates as \u201cPeace, joy, griddle cakes\u201d.<\/p>\n<p style=\"text-align: justify;\">In view of its wide range of supporters this cannot be fully denied. But the answer, by close to a quarter million people, was the need to fight fascism with as broad a range of support as possible. No history tomes are needed to see parallels with the avalanche of 80-90 years ago \u2013 all too similar to that of the AfD and its allies, from its thugs to its highly-placed political leaders in the \u201dChristian\u201d parties &#8211; and to recall what that brought to Germany and the world.<br \/>\n<span style=\"color: #ffffff;\">.<\/span><\/p>\n<h3 style=\"text-align: justify;\"><span style=\"color: #993300;\"><strong>Which leads to last Sunday\u2019s election in Germany\u2019s largest, wealthiest state, Bavaria. Was it good, happy news? It too certainly involved drama!<\/strong><\/span><\/h3>\n<p style=\"text-align: justify;\">The misnamed Christian Social Union (CSU), the Bavaria-only sister-party of Angela Merkel\u2019s equally misnamed Christian Democratic Union (CDU) has ruled there since the Federal Republic was founded, mostly alone thanks to winning over 50 % in an almost solid reactionary south, close to though rather worse than Merkel\u2019s general backing. But in the \u00fcast year or two, fearing losses to the AfD, the two rival bosses of the Bavarian CSU, one ruling in Munich, the other, Horst Seehofer, the Interior Minister in the all-German government, tried to outdo the AfD in nastiness against refugees, blocking and interning them at the main refugee entrance points along the Austrian border, in cahoots with the far right government in Vienna. Seehofer even snarled publicly at Merkel, an untold breach of official etiquette.<\/p>\n<p style=\"text-align: justify;\">Shortly before the election they realized their tactic was not working; rabid rightists would vote for the AfD rather than its copycat. But their switch in tone came too late. Last Saturday, on October 14, they got the second worst vote in their history, a measly 37 percent (rounding off the figures). Though still the largest party, they must now shop around for a coalition partner to get 50% and enough state legislators to form a government. Their big loss evoked many happy smiles described best with another good German word \u2013 Schadenfreude! Hurrah, they got whipped!<\/p>\n<p style=\"text-align: justify;\">But also whipped, even more disgracefully, were the Social Democrats, who have been slithering downhill everywhere since they joined Merkel &amp; Co. in a joint national government. Their Bavarian vote was an incredibly low 9.9 %, their very worst result anywhere in Germany in 70 years. Here too there are some who enjoy Schadenfreude; Social Democratic leaders have too long played a sad role &#8211; between weak knees and hypocrisy \u2013 and are increasingly heading towards insignificance. Some say \u201cGood riddance to bad rubbish\u201d and expect an almost equally poor showing in the important state election in Hesse on October 28th (the last vote this year).<\/p>\n<p style=\"text-align: justify;\">But who gained the votes lost to those two parties &#8211; which still run the federal government in an increasingly divorce-threatened marital arrangement? One gainer was the Bavaria-only Free Voters Party, a largely rural gathering catering to the lederhosen-and-dirndl crowd in Alpine leas and villages. It will now probably join in a new governing coalition in Munich.<\/p>\n<p style=\"text-align: justify;\">The major gainer, however, was the Green party, which soared from 10 % in 2013 to over 18 % this time, putting them in an almost mind-boggling second place. Considered a wildishly radical bunch years ago, fighting on environmental issues while wearing or knitting woolen sweaters right in Bundestag sessions, they have sobered up considerably as many members got older and much better off, frequently in well-paid professions. They still talk ecology but not much about the rights of working people and even less about opposing war. They do oppose the anti-immigrant policies of those on the right. In any case, since they are not in either the Bavarian or the federal government, and thus not part of \u201cthe Establishment\u201d, they have become the surprising choice for many of those who are unhappy, insecure and often ill-treated.<\/p>\n<p style=\"text-align: justify;\">Others, Alpine-isolated or very Catholic-bound, but also angry and worried, still see the Greens as a bunch of wild-eyed, long-haired or (God help us) even gay hippies and fear every darker skin-color or any woman with a head cloth and an assumed IS terrorist hiding behind her. Those are the ones who voted for the AfD which, with almost 11 %, finally won seats in the legislature. Not as many as they expected but from a federal viewpoint more than frightening.<\/p>\n<p style=\"text-align: justify;\">Behind all the current percentage arithmetic, and the tense wait for the election results on October 28th in Hesse, the rapid drop in support for the two traditionally ruling parties could lead to a breakup of the federal government. And that could very well necessitate new elections, with the AfD already balancing nation-wide on or around a strong second place. That is the growing worry of a large slice of the electorate \u2013 and helps explain the Berlin parade described in my earlier paragraphs.<\/p>\n<p style=\"text-align: justify;\">What about the LINKE, which should have gained strength from the spreading dissatisfaction, but has been stuck nationally at 9-11 % and in Bavaria, despite hopes for a miracle, was again unable to reach the required 5 % level to win even a few seats in the legislature of Bavaria, its weakest region. It did indeed increase its vote of five years ago from 185,000 (1.1 %) to 436,000 on Sunday, just over 3 %, a number which would be envied in some countries. Now the LINKE is hoping for a predicted 8 % in more enlightened Hesse (with Frankfurt).<\/p>\n<p style=\"text-align: justify;\">There were lots of angles last weekend. Can those two days be judged as successful? I must return to the same indecisive answer: Jein! <\/div><!-- .hide-this-part --><\/div><!-- hide-this-part-wrap --><br \/>\n<a href=\"http:\/\/www.deanreed.de\/AmericanRebel\/2017\/?cat=7\" target=\"_blank\" rel=\"noopener\"><span style=\"font-size: 10pt;\">More by Victor Grossman<\/span><\/a><\/p>\n<p>&nbsp;<\/p>\n<blockquote>\n<p style=\"text-align: center;\"><span style=\"font-size: 10pt; color: #000000;\"><span id=\"result_box\" class=\"\" lang=\"en\"><span title=\"Dabei muss man nicht grundlegend um die Meinung der Redaktion handeln. \">Only the author is responsible for the content of this article.<\/span><\/span><br \/>\n<span id=\"result_box\" class=\"\" lang=\"en\"><span title=\"Dabei muss man nicht grundlegend um die Meinung der Redaktion handeln. \">It doesn&#8217;t have to be the opinion of the editorial board.<\/span><\/span><br \/>\n<\/span><\/p>\n<table width=\"100%\" align=\"center\">\n<tbody>\n<tr>\n<td style=\"text-align: justify;\"><img loading=\"lazy\" class=\"size-full wp-image-7516 aligncenter\" src=\"http:\/\/www.deanreed.de\/AmericanRebel\/2017\/wp-content\/uploads\/2018\/10\/88x31.png\" alt=\"\" width=\"88\" height=\"31\" \/><\/td>\n<td style=\"text-align: justify; font-size: 10pt;\"><a href=\"https:\/\/creativecommons.org\/licenses\/by-nc-nd\/4.0\/deed.en\" target=\"_blank\" rel=\"noopener\">Attribution-NonCommercial-NoDerivatives<\/a><br \/>\n<a href=\"https:\/\/creativecommons.org\/licenses\/by-nc-nd\/4.0\/deed.en\" target=\"_blank\" rel=\"noopener\">4.0 International (CC BY-NC-ND 4.0)<\/a><\/td>\n<\/tr>\n<tr>\n<td>\n<form action=\"https:\/\/www.paypal.com\/cgi-bin\/webscr\" method=\"post\" target=\"_top\"><input alt=\"Jetzt einfach, schnell und sicher online bezahlen \u2013 mit PayPal.\" name=\"submit\" src=\"https:\/\/www.paypalobjects.com\/de_DE\/DE\/i\/btn\/btn_donateCC_LG.gif\" type=\"image\" \/><\/form>\n<\/td>\n<td><span style=\"color: #993300;\"><strong><span id=\"result_box\" class=\"\" lang=\"en\"><span class=\"\">Even leftist journalism is not free<\/span><\/span><br \/>\n<span id=\"result_box\" class=\"\" lang=\"en\"><span class=\"\">and even small donations can help to publish big things!<\/span><\/span><br \/>\n<\/strong><\/span><\/td>\n<\/tr>\n<\/tbody>\n<\/table>\n<div style=\"margin-left: 10px;\"><a title=\"zur Startseite\" href=\"http:\/\/www.americanrebel.de\/\"><img loading=\"lazy\" class=\"alignleft\" src=\"http:\/\/www.deanreed.de\/AmericanRebel\/2017\/wp-content\/uploads\/2017\/03\/back_ar.png\" alt=\"zur\u00fcck zur Startseite\" width=\"156\" height=\"15\" \/><\/a><\/div>\n<div style=\"margin-right: 10px;\"><a href=\"https:\/\/www.facebook.com\/groups\/1683837971860223\/permalink\/1987214344855916\/\" target=\"_blank\" rel=\"noopener noreferrer\"><img loading=\"lazy\" class=\"alignright\" src=\"http:\/\/www.deanreed.de\/AmericanRebel\/2017\/wp-content\/uploads\/2017\/03\/ar_zu_fb.png\" alt=\"hier geht es zur Facebook Diskussionsgruppe\" width=\"353\" height=\"15\" \/><\/a><\/div>\n<p style=\"text-align: center;\"><a href=\"http:\/\/www.deanreed.de\/AmericanRebel\/2017\/?p=17337#respond\" target=\"_blank\" rel=\"noopener noreferrer\"><img loading=\"lazy\" class=\"aligncenter\" src=\"http:\/\/www.deanreed.de\/AmericanRebel\/2017\/wp-content\/uploads\/2017\/03\/ar_kommentar-1.png\" alt=\"Sag uns deine Meinung zum Artikel mit einem Kommentar\/Leserbrief\" width=\"627\" height=\"20\" \/><\/a><\/p>\n<\/blockquote>\n","protected":false},"excerpt":{"rendered":"<p>Victor Grossman A big rally and a Bavarian vote Berlin Bulletin No. 154 Jein! Last weekend was surely the most complex in ages! Were the results favorable for \u201cthe good side\u201d? the best answer is Once again that great German [&hellip;]<a class=\"more-link\" href=\"http:\/\/www.deanreed.de\/AmericanRebel\/2017\/2018\/10\/21\/17337\/\">&darr; Lese den Rest von diesem Eintrag&#8230;<\/a><\/p>\n","protected":false},"author":2,"featured_media":0,"comment_status":"open","ping_status":"open","sticky":false,"template":"","format":"standard","meta":[],"categories":[147],"tags":[230,736,511,774,231],"yoast_head":"<!-- This site is optimized with the Yoast SEO plugin v17.5 - https:\/\/yoast.com\/wordpress\/plugins\/seo\/ -->\n<title>- A big rally and a Bavarian vote &ndash; Onlinezeitung AmericanRebel<\/title>\n<meta name=\"robots\" content=\"index, follow, max-snippet:-1, max-image-preview:large, max-video-preview:-1\" \/>\n<link rel=\"canonical\" href=\"https:\/\/www.deanreed.de\/AmericanRebel\/2017\/2018\/10\/21\/17337\/\" \/>\n<meta property=\"og:locale\" content=\"de_DE\" \/>\n<meta property=\"og:type\" content=\"article\" \/>\n<meta property=\"og:title\" content=\"- A big rally and a Bavarian vote &ndash; Onlinezeitung AmericanRebel\" \/>\n<meta property=\"og:description\" content=\"Victor Grossman A big rally and a Bavarian vote Berlin Bulletin No. 154 Jein! Last weekend was surely the most complex in ages! Were the results favorable for \u201cthe good side\u201d? the best answer is Once again that great German [&hellip;]&darr; Lese den Rest von diesem Eintrag...\" \/>\n<meta property=\"og:url\" content=\"https:\/\/www.deanreed.de\/AmericanRebel\/2017\/2018\/10\/21\/17337\/\" \/>\n<meta property=\"og:site_name\" content=\"Onlinezeitung AmericanRebel\" \/>\n<meta property=\"article:published_time\" content=\"2018-10-21T10:00:21+00:00\" \/>\n<meta property=\"article:modified_time\" content=\"2018-10-21T11:47:02+00:00\" \/>\n<meta property=\"og:image\" content=\"http:\/\/www.deanreed.de\/AmericanRebel\/2017\/wp-content\/uploads\/2017\/02\/Victor_Grossman.jpg\" \/>\n<meta name=\"twitter:card\" content=\"summary_large_image\" \/>\n<meta name=\"twitter:label1\" content=\"Verfasst von\" \/>\n\t<meta name=\"twitter:data1\" content=\"Redaktion\" \/>\n\t<meta name=\"twitter:label2\" content=\"Gesch\u00e4tzte Lesezeit\" \/>\n\t<meta name=\"twitter:data2\" content=\"10\u00a0Minuten\" \/>\n<script type=\"application\/ld+json\" class=\"yoast-schema-graph\">{\"@context\":\"https:\/\/schema.org\",\"@graph\":[{\"@type\":\"WebSite\",\"@id\":\"https:\/\/www.deanreed.de\/AmericanRebel\/2017\/#website\",\"url\":\"https:\/\/www.deanreed.de\/AmericanRebel\/2017\/\",\"name\":\"Onlinezeitung AmericanRebel\",\"description\":\"Internationale Onlinezeitung f\\u00fcr Frieden, Humanismus, V\\u00f6lkerverst\\u00e4ndigung und Kultur\",\"potentialAction\":[{\"@type\":\"SearchAction\",\"target\":{\"@type\":\"EntryPoint\",\"urlTemplate\":\"https:\/\/www.deanreed.de\/AmericanRebel\/2017\/?s={search_term_string}\"},\"query-input\":\"required name=search_term_string\"}],\"inLanguage\":\"de\"},{\"@type\":\"ImageObject\",\"@id\":\"https:\/\/www.deanreed.de\/AmericanRebel\/2017\/2018\/10\/21\/17337\/#primaryimage\",\"inLanguage\":\"de\",\"url\":\"http:\/\/www.deanreed.de\/AmericanRebel\/2017\/wp-content\/uploads\/2017\/02\/Victor_Grossman.jpg\",\"contentUrl\":\"http:\/\/www.deanreed.de\/AmericanRebel\/2017\/wp-content\/uploads\/2017\/02\/Victor_Grossman.jpg\",\"width\":100,\"height\":150,\"caption\":\"Victor Grossman\"},{\"@type\":\"WebPage\",\"@id\":\"https:\/\/www.deanreed.de\/AmericanRebel\/2017\/2018\/10\/21\/17337\/#webpage\",\"url\":\"https:\/\/www.deanreed.de\/AmericanRebel\/2017\/2018\/10\/21\/17337\/\",\"name\":\"- A big rally and a Bavarian vote &ndash; Onlinezeitung AmericanRebel\",\"isPartOf\":{\"@id\":\"https:\/\/www.deanreed.de\/AmericanRebel\/2017\/#website\"},\"primaryImageOfPage\":{\"@id\":\"https:\/\/www.deanreed.de\/AmericanRebel\/2017\/2018\/10\/21\/17337\/#primaryimage\"},\"datePublished\":\"2018-10-21T10:00:21+00:00\",\"dateModified\":\"2018-10-21T11:47:02+00:00\",\"author\":{\"@id\":\"https:\/\/www.deanreed.de\/AmericanRebel\/2017\/#\/schema\/person\/9edfca7917cd10b75edaae51c6e7935a\"},\"breadcrumb\":{\"@id\":\"https:\/\/www.deanreed.de\/AmericanRebel\/2017\/2018\/10\/21\/17337\/#breadcrumb\"},\"inLanguage\":\"de\",\"potentialAction\":[{\"@type\":\"ReadAction\",\"target\":[\"https:\/\/www.deanreed.de\/AmericanRebel\/2017\/2018\/10\/21\/17337\/\"]}]},{\"@type\":\"BreadcrumbList\",\"@id\":\"https:\/\/www.deanreed.de\/AmericanRebel\/2017\/2018\/10\/21\/17337\/#breadcrumb\",\"itemListElement\":[{\"@type\":\"ListItem\",\"position\":1,\"name\":\"Startseite\",\"item\":\"https:\/\/www.deanreed.de\/AmericanRebel\/2017\/\"},{\"@type\":\"ListItem\",\"position\":2,\"name\":\"&#8211; A big rally and a Bavarian vote\"}]},{\"@type\":\"Person\",\"@id\":\"https:\/\/www.deanreed.de\/AmericanRebel\/2017\/#\/schema\/person\/9edfca7917cd10b75edaae51c6e7935a\",\"name\":\"Redaktion\",\"url\":\"http:\/\/www.deanreed.de\/AmericanRebel\/2017\/author\/redaktion\/\"}]}<\/script>\n<!-- \/ Yoast SEO plugin. -->","yoast_head_json":{"title":"- A big rally and a Bavarian vote &ndash; Onlinezeitung AmericanRebel","robots":{"index":"index","follow":"follow","max-snippet":"max-snippet:-1","max-image-preview":"max-image-preview:large","max-video-preview":"max-video-preview:-1"},"canonical":"https:\/\/www.deanreed.de\/AmericanRebel\/2017\/2018\/10\/21\/17337\/","og_locale":"de_DE","og_type":"article","og_title":"- A big rally and a Bavarian vote &ndash; Onlinezeitung AmericanRebel","og_description":"Victor Grossman A big rally and a Bavarian vote Berlin Bulletin No. 154 Jein! Last weekend was surely the most complex in ages! Were the results favorable for \u201cthe good side\u201d? the best answer is Once again that great German [&hellip;]&darr; Lese den Rest von diesem Eintrag...","og_url":"https:\/\/www.deanreed.de\/AmericanRebel\/2017\/2018\/10\/21\/17337\/","og_site_name":"Onlinezeitung AmericanRebel","article_published_time":"2018-10-21T10:00:21+00:00","article_modified_time":"2018-10-21T11:47:02+00:00","og_image":[{"url":"http:\/\/www.deanreed.de\/AmericanRebel\/2017\/wp-content\/uploads\/2017\/02\/Victor_Grossman.jpg"}],"twitter_card":"summary_large_image","twitter_misc":{"Verfasst von":"Redaktion","Gesch\u00e4tzte Lesezeit":"10\u00a0Minuten"},"schema":{"@context":"https:\/\/schema.org","@graph":[{"@type":"WebSite","@id":"https:\/\/www.deanreed.de\/AmericanRebel\/2017\/#website","url":"https:\/\/www.deanreed.de\/AmericanRebel\/2017\/","name":"Onlinezeitung AmericanRebel","description":"Internationale Onlinezeitung f\u00fcr Frieden, Humanismus, V\u00f6lkerverst\u00e4ndigung und Kultur","potentialAction":[{"@type":"SearchAction","target":{"@type":"EntryPoint","urlTemplate":"https:\/\/www.deanreed.de\/AmericanRebel\/2017\/?s={search_term_string}"},"query-input":"required name=search_term_string"}],"inLanguage":"de"},{"@type":"ImageObject","@id":"https:\/\/www.deanreed.de\/AmericanRebel\/2017\/2018\/10\/21\/17337\/#primaryimage","inLanguage":"de","url":"http:\/\/www.deanreed.de\/AmericanRebel\/2017\/wp-content\/uploads\/2017\/02\/Victor_Grossman.jpg","contentUrl":"http:\/\/www.deanreed.de\/AmericanRebel\/2017\/wp-content\/uploads\/2017\/02\/Victor_Grossman.jpg","width":100,"height":150,"caption":"Victor Grossman"},{"@type":"WebPage","@id":"https:\/\/www.deanreed.de\/AmericanRebel\/2017\/2018\/10\/21\/17337\/#webpage","url":"https:\/\/www.deanreed.de\/AmericanRebel\/2017\/2018\/10\/21\/17337\/","name":"- A big rally and a Bavarian vote &ndash; Onlinezeitung AmericanRebel","isPartOf":{"@id":"https:\/\/www.deanreed.de\/AmericanRebel\/2017\/#website"},"primaryImageOfPage":{"@id":"https:\/\/www.deanreed.de\/AmericanRebel\/2017\/2018\/10\/21\/17337\/#primaryimage"},"datePublished":"2018-10-21T10:00:21+00:00","dateModified":"2018-10-21T11:47:02+00:00","author":{"@id":"https:\/\/www.deanreed.de\/AmericanRebel\/2017\/#\/schema\/person\/9edfca7917cd10b75edaae51c6e7935a"},"breadcrumb":{"@id":"https:\/\/www.deanreed.de\/AmericanRebel\/2017\/2018\/10\/21\/17337\/#breadcrumb"},"inLanguage":"de","potentialAction":[{"@type":"ReadAction","target":["https:\/\/www.deanreed.de\/AmericanRebel\/2017\/2018\/10\/21\/17337\/"]}]},{"@type":"BreadcrumbList","@id":"https:\/\/www.deanreed.de\/AmericanRebel\/2017\/2018\/10\/21\/17337\/#breadcrumb","itemListElement":[{"@type":"ListItem","position":1,"name":"Startseite","item":"https:\/\/www.deanreed.de\/AmericanRebel\/2017\/"},{"@type":"ListItem","position":2,"name":"&#8211; A big rally and a Bavarian vote"}]},{"@type":"Person","@id":"https:\/\/www.deanreed.de\/AmericanRebel\/2017\/#\/schema\/person\/9edfca7917cd10b75edaae51c6e7935a","name":"Redaktion","url":"http:\/\/www.deanreed.de\/AmericanRebel\/2017\/author\/redaktion\/"}]}},"_links":{"self":[{"href":"http:\/\/www.deanreed.de\/AmericanRebel\/2017\/wp-json\/wp\/v2\/posts\/17337"}],"collection":[{"href":"http:\/\/www.deanreed.de\/AmericanRebel\/2017\/wp-json\/wp\/v2\/posts"}],"about":[{"href":"http:\/\/www.deanreed.de\/AmericanRebel\/2017\/wp-json\/wp\/v2\/types\/post"}],"author":[{"embeddable":true,"href":"http:\/\/www.deanreed.de\/AmericanRebel\/2017\/wp-json\/wp\/v2\/users\/2"}],"replies":[{"embeddable":true,"href":"http:\/\/www.deanreed.de\/AmericanRebel\/2017\/wp-json\/wp\/v2\/comments?post=17337"}],"version-history":[{"count":0,"href":"http:\/\/www.deanreed.de\/AmericanRebel\/2017\/wp-json\/wp\/v2\/posts\/17337\/revisions"}],"wp:attachment":[{"href":"http:\/\/www.deanreed.de\/AmericanRebel\/2017\/wp-json\/wp\/v2\/media?parent=17337"}],"wp:term":[{"taxonomy":"category","embeddable":true,"href":"http:\/\/www.deanreed.de\/AmericanRebel\/2017\/wp-json\/wp\/v2\/categories?post=17337"},{"taxonomy":"post_tag","embeddable":true,"href":"http:\/\/www.deanreed.de\/AmericanRebel\/2017\/wp-json\/wp\/v2\/tags?post=17337"}],"curies":[{"name":"wp","href":"https:\/\/api.w.org\/{rel}","templated":true}]}}