{"id":16001,"date":"2018-10-03T20:00:06","date_gmt":"2018-10-03T18:00:06","guid":{"rendered":"http:\/\/www.deanreed.de\/AmericanRebel\/2017\/?p=16001"},"modified":"2018-10-02T14:29:04","modified_gmt":"2018-10-02T12:29:04","slug":"16001","status":"publish","type":"post","link":"http:\/\/www.deanreed.de\/AmericanRebel\/2017\/2018\/10\/03\/16001\/","title":{"rendered":"&#8211; Spanien, ein Land zwischen Zorn, Ohnmacht und Gewalt, Teil 3"},"content":{"rendered":"<h4><span id=\"fbPhotoSnowliftCaption\" class=\"fbPhotosPhotoCaption\" tabindex=\"0\" aria-live=\"polite\" data-ft=\"{&quot;tn&quot;:&quot;K&quot;}\"><span class=\"hasCaption\">Jairo G\u00f3mez<br \/>\n<\/span><\/span><\/h4>\n<h2><strong>Spanien, ein Land zwischen Zorn, Ohnmacht und Gewalt, Teil 3<\/strong><\/h2>\n<div id=\"attachment_11976\" style=\"width: 110px\" class=\"wp-caption alignleft\"><img aria-describedby=\"caption-attachment-11976\" loading=\"lazy\" class=\"size-full wp-image-11976\" src=\"http:\/\/www.deanreed.de\/AmericanRebel\/2017\/wp-content\/uploads\/2016\/03\/Jairo-Go\u0301mez.jpg\" alt=\"\" width=\"100\" height=\"150\" \/><p id=\"caption-attachment-11976\" class=\"wp-caption-text\"><span style=\"color: #808080;\">Jairo Go\u0301mez<\/span><\/p><\/div>\n<p style=\"text-align: justify;\"><b>Jedes Ereignis der letzten Jahre hat Spanien geformt, so \u00e4hnlich wie ein Schmiedehammer ein St\u00fcck Eisen formt. Im Jahr 1975 trafen die Hammerschl\u00e4ge der Geschichte mit immer gr\u00f6\u00dferer Wucht und am Ende des Jahres sollte der Rohling \u00fcbrig bleiben, aus dem das heutige Spanien in den folgenden Jahren geschmiedet wurde.<\/b><\/p>\n<p style=\"text-align: justify;\">Eine Konstante dabei waren in diesen Jahren, die t\u00f6dlichen Anschl\u00e4ge von ETA. Es verging kaum ein Monat, in dem es keine t\u00f6dlichen Attentate gegen Polizisten oder Armeeangeh\u00f6rige gab. Allein von Dezember 1972 bis zum gleichen Monat 1975 sollte ETA insgesamt 40 Menschen get\u00f6tet haben, wovon die H\u00e4lfte Zivilisten waren. Diese Aktionen beantwortete das Regime, speziell im Baskenland mit noch mehr Gewalt. \u00dcber das Baskenland wurde mehrere Male der Ausnahmezustand verh\u00e4ngt, Tausende wurden verhaftet, geschlagen und gefoltert. Nicht wenige starben bei diesen Aktionen.<\/p>\n<div id=\"attachment_16897\" style=\"width: 523px\" class=\"wp-caption aligncenter\"><img aria-describedby=\"caption-attachment-16897\" loading=\"lazy\" class=\" wp-image-16897\" src=\"http:\/\/www.deanreed.de\/AmericanRebel\/2017\/wp-content\/uploads\/2018\/10\/ArmaTiroPumEtaMilikiliklik26_8-300x196.jpg\" alt=\"\" width=\"513\" height=\"335\" srcset=\"http:\/\/www.deanreed.de\/AmericanRebel\/2017\/wp-content\/uploads\/2018\/10\/ArmaTiroPumEtaMilikiliklik26_8-300x196.jpg 300w, http:\/\/www.deanreed.de\/AmericanRebel\/2017\/wp-content\/uploads\/2018\/10\/ArmaTiroPumEtaMilikiliklik26_8.jpg 543w\" sizes=\"(max-width: 513px) 100vw, 513px\" \/><p id=\"caption-attachment-16897\" class=\"wp-caption-text\"><span style=\"color: #808080;\">ETA Terroristen &#8211; De un usuario de Indymedia Barcelona &#8211; wikimedia.com CC BY-SA 2.0<\/span><\/p><\/div>\n<p style=\"text-align: justify;\">Durch die Gewalt der Staatsmacht gewann ETA immer mehr Unterst\u00fctzung in der Bev\u00f6lkerung, besonders bei den jungen Menschen. Die meisten Familien im Baskenland hatten ein Mitglied im Exil oder im Gef\u00e4ngnis sitzen. Das hatte zur Folge, dass ETA auch politisch zur st\u00e4rksten Kraft dort wurde. Im Vorjahr hatten sie 200.000 Arbeiter f\u00fcr einen Streik mobilisiert k\u00f6nnen. Politisch ging kaum etwas ohne ETA. Allerdings darf nicht unerw\u00e4hnt bleiben, dass diese Organisation auch zu repressiven Mitteln gegen\u00fcber Teilen der baskischen Bev\u00f6lkerung griff. So wurden Schutzgelder erpresst und Gesch\u00e4ftsleute entf\u00fchrt, die Regime freundlich waren, um L\u00f6segelder zu erpressen.<\/p>\n<p style=\"text-align: justify;\">Es waren aber nicht die Einzigen, die sich in Spanien an den zunehmenden politischen Aktivit\u00e4ten au\u00dferhalb des Regimes beteiligten.<br \/>\n<span style=\"color: #ffffff;\">.<\/span><br \/>\n<b>Die Opposition bereitet sich im Exil vor<\/b><\/p>\n<div id=\"attachment_16896\" style=\"width: 328px\" class=\"wp-caption alignright\"><img aria-describedby=\"caption-attachment-16896\" loading=\"lazy\" class=\" wp-image-16896\" src=\"http:\/\/www.deanreed.de\/AmericanRebel\/2017\/wp-content\/uploads\/2018\/10\/Santiago_Carrillo_par_Claude_Truong-Ngoc_1979-300x195-300x195.jpg\" alt=\"\" width=\"318\" height=\"207\" \/><p id=\"caption-attachment-16896\" class=\"wp-caption-text\"><span style=\"color: #808080;\">Santiago Carrillo<\/span><\/p><\/div>\n<p style=\"text-align: justify;\">Im franz\u00f6sischen Exil hatte Santiago Carrillo schon Anfang der 1970er gefordert, eine Allianz aller demokratischen Kr\u00e4fte Spaniens zu einer breiten Front gegen das Regime in Spanien zu vereinen. Das gelang, als er sich von dem repressiven System der Sowjetunion distanzierte und die PCE (kommunistische Partei Spaniens), in den Rahmen europ\u00e4ischer demokratischer Parteien setzte und den bewaffneten Kampf gegen die Diktatur ausschloss. Am 29. Juli des Vorjahres, war die \u201eDemokratische Junta Spaniens\u201c der \u00d6ffentlichkeit in Paris vorgestellt worden. Sie bestand aus einem Verbund der unterschiedlichsten demokratischen Kr\u00e4fte Spaniens. Die wichtigsten Gruppen waren die kommunistische Partei Spaniens, Anh\u00e4nger von Ju\u00e1n de Borb\u00f3n, dem Vater des damaligen Prinzen Ju\u00e1n Carlos, der f\u00fcr eine parlamentarische Demokratie eintrat, Christdemokraten, einige kleine sozialistische Parteien und nicht zuletzt, \u201eComisiones Obreras\u201c, die kommunistisch ausgerichtete Gewerkschaft. Ihr Ziel war es, den \u201edemokratischen Bruch\u201c zu erreichen, in dem das Regime von innen heraus zersetzt wurde.<\/p>\n<div id=\"attachment_16899\" style=\"width: 328px\" class=\"wp-caption alignleft\"><img aria-describedby=\"caption-attachment-16899\" loading=\"lazy\" class=\" wp-image-16899\" src=\"http:\/\/www.deanreed.de\/AmericanRebel\/2017\/wp-content\/uploads\/2018\/10\/Felipe_Gonza\u0301lez_in_Amsterdam_1976-600x903-223x300.jpg\" alt=\"\" width=\"318\" height=\"428\" srcset=\"http:\/\/www.deanreed.de\/AmericanRebel\/2017\/wp-content\/uploads\/2018\/10\/Felipe_Gonza\u0301lez_in_Amsterdam_1976-600x903-223x300.jpg 223w, http:\/\/www.deanreed.de\/AmericanRebel\/2017\/wp-content\/uploads\/2018\/10\/Felipe_Gonza\u0301lez_in_Amsterdam_1976-600x903.jpg 497w\" sizes=\"(max-width: 318px) 100vw, 318px\" \/><p id=\"caption-attachment-16899\" class=\"wp-caption-text\"><span style=\"color: #808080;\">Felipe Gonzalez<\/span><\/p><\/div>\n<p style=\"text-align: justify;\">Im Januar tauchte in Madrid ein junger Anwalt aus Sevilla auf. Sein Name ist Felipe Gonz\u00e1lez, sein Tarnname lautete \u201eIsidoro\u201c. Er war im Oktober 1974 in Frankreich zum Generalsekret\u00e4r der PSOE (Partido Socialista Obrero Espa\u00f1ol-Sozialistische Arbeiterpartei Spaniens) gew\u00e4hlt worden. Gonz\u00e1lez wollte in Madrid damit beginnen linke Kr\u00e4fte zu b\u00fcndeln, um die PSOE im Kampf gegen die Diktatur zu st\u00e4rken. Dabei weigerte sich die PSOE, sich in die \u201eDemokratische Junta Spaniens\u201c einzugliedern, weil ihr der Einfluss der Kommunisten zu gro\u00df erschien. Die PSOE wollte andere Wege beschreiten, um zur Demokratie zu gelangen. Im Gegensatz zum harten Bruch den die Junta bevorzugte, wollte die PSOE einen evolution\u00e4ren Wechsel des Systems, sie wollte sich nach und nach, so Gonz\u00e1lez, \u201edemokratische Parzellen\u201c erk\u00e4mpfen, nicht den gesamten Apparat des Regimes zerst\u00f6ren, sondern ihn St\u00fcck f\u00fcr St\u00fcck erobern.<\/p>\n<p style=\"text-align: justify;\">Weitere Unruheherde, die dem Regime in diesem Jahr stark zusetzten, waren die Universit\u00e4ten. In ihnen wurden st\u00e4ndig Versammlungen abgehalten, in denen gegen das System protestiert wurde. Die Polizei war st\u00e4ndig damit besch\u00e4ftigt in die Universit\u00e4ten einzudringen und diese Versammlungen mit brutaler Gewalt aufzul\u00f6sen. Im Februar wurden daraufhin die Universit\u00e4ten von Salamanca und Valladolid geschlossen, wenig sp\u00e4ter solidarisierten sich die Universit\u00e4ten von Madrid und Granada mit den beiden genannten und traten in den Streik. Die rebellische Stimmung dieser tage \u00fcbertrug sich auch auf Schauspieler und S\u00e4nger. Die Theater von Madrid und Barcelona traten ebenfalls in den Streik und mehrere bekannte S\u00e4nger und Filmschauspieler schlossen sich an.<\/p>\n<p style=\"text-align: justify;\">Die Kirche nahmt ebenfalls weiterhin an dieser Entwicklung teil, so gelang es der katholischen der Kirche nahen Organisation \u201eJusticia y Paz\u201c (Gerechtigkeit und Frieden), eine Bewegung auf die Beine zu stellen, die f\u00fcr die Freilassung politischer Gefangener eintrat. Innerhalb von sechs Monaten sammelten sie 150.000 Unterschriften mit den dazugeh\u00f6rigen Personalausweisnummern. Aus heutiger Sicht, ein deutliches Indiz daf\u00fcr, dass viele Menschen die Angst vor dem Regime verloren hatten.<\/p>\n<div id=\"attachment_16893\" style=\"width: 328px\" class=\"wp-caption alignright\"><img aria-describedby=\"caption-attachment-16893\" loading=\"lazy\" class=\" wp-image-16893\" src=\"http:\/\/www.deanreed.de\/AmericanRebel\/2017\/wp-content\/uploads\/2018\/10\/Licinio_de_la_Fuente_1970-225x300-225x300.jpg\" alt=\"\" width=\"318\" height=\"424\" \/><p id=\"caption-attachment-16893\" class=\"wp-caption-text\">Licinio de la Fuente<\/p><\/div>\n<p style=\"text-align: justify;\">Im M\u00e4rz 1975 stellte der Regierungschef Arias Navarro ein neues Kabinett vor, Ausl\u00f6ser daf\u00fcr war der R\u00fccktritt des Ministers f\u00fcr Arbeit, Licinio de la Fuente. Seiner Aussage nach, war es ihm nicht gelungen, die \u201ekollektiven Konflikte\u201c, so nannte man damals die Streiks, auf eine flexible, weniger harte Weise zu l\u00f6sen. Im Gegensatz zu ihm, dem bisherigen Vize Regierungschef, wollte die Regierung, angef\u00fchrt von Arias Navarro, keine Flexibilisierung, sondern ein harte Bestrafung der Streikenden. Das hatte eine Krise zur Folge, die einen zweiten Regierungswechsel innerhalb von vier Monaten erforderte. Arias Navarro versuchte das damit zu kompensieren, in dem er alle streng franquistischen Minister entlie\u00df und sie durch liberaler geltende Politiker aus der \u201eNationalen Bewegung\u201c ersetzte.<\/p>\n<p style=\"text-align: justify;\">W\u00e4hrend der Franco Diktatur gab es au\u00dfer einer vom System gelenkten Gewerkschaft, keine Arbeitervertretung, die legal war. Die vom Staat zugelassene organisation nannte sich Organizaci\u00f3n Sindical Espa\u00f1ola (OSE), im Volksmund Sindicato Vertical (Vertikale Gewerkschaft). Alle Unternehmer und Arbeiter waren gesetzlich zur Mitgliedschaft verpflichtet. Es war keine Gewerkschaft wie man sie aus Deutschland, Frankreich, Italien oder England kennt, sondern eher eine staatliche Institution, die versuchte Streitigkeiten zwischen Arbeitgebern und Arbeitnehmern zu schlichten und vor allem aber s\u00e4mtliche Felder der Arbeitswelt zu kontrollieren und zwar auf nationaler Ebene, bis hinunter in die kommunale Ebene.<br \/>\n<span style=\"color: #ffffff;\">.<\/span><br \/>\n<strong>Ein letzter Schlag des Erzfeindes<\/strong><\/p>\n<p style=\"text-align: justify;\">Als es im Mai des selben Jahres darum ging, die Arbeitnehmervertreter auf kommunaler und regionaler Ebene zu w\u00e4hlen, hatten sich die CC.OO mit Hilfe der kommunistischen Patei minuti\u00f6s darauf vorbereitet. Es gelang ihnen 70% der Posten zu besetzen. Die Infiltration einer staatlichen Institution an der Basis war gelungen. Es sei erw\u00e4hnt, dass der Plan der Infiltration, nicht etwa von Santiago Carrillo stammte, sondern von einem erkl\u00e4rten Erzfeind Francos, Joseph Stalin. Anfang der 1940er Jahre war Santiago Carrillo mit einer Delegation spanischer Kommunisten nach Moskau gereist und hatte Stalin gebeten sie mit Waffen f\u00fcr den Untergrundkampf zu unterst\u00fctzen. Der hatte abgelehnt und vorgeschlagen, die spanischen Kommunisten m\u00f6gen staatliche Institutionen infiltrieren. Der sowjetische Diktator hatte somit dem spanischen Diktator posthum eine herbe Niederlage beigebracht.<\/p>\n<p style=\"text-align: justify;\">All diese Entwicklungen blieben nicht ohne Wirkung auf das Regime. Immer mehr Menschen, die dem System fr\u00fcher treu ergeben waren, wandten sich innerlich von ihm ab. Die meisten sp\u00fcrten, dass die Zeit f\u00fcr das franquistische Regime ablief. So wurde am 20.Mai ein Beitrag von dem Chefredakteur der konservativen Zeitung ABC publiziert, der die damaligen Zust\u00e4nde beschrieb,hier ein Zitat daraus:\u201cIm politischen Spanien ist immer \u00f6fter das unaufh\u00f6rliche Bl\u00f6ken der L\u00e4mmer und das l\u00e4rmende Flattern der H\u00fchner zu h\u00f6ren. Es gibt auch das Ger\u00fccht, die Ratten verlie\u00dfen das Schiff des Regimes. Die moralische Feigheit erfasst Tag f\u00fcr Tag immer mehr Akteure unserer politischen Klasse. Das Spektakel der Angst und Fluchtdrangs, regt dazu an sich fremd zu sch\u00e4men.\u201c <span class=\"_4n-j _fbReactionComponent__eventDetailsContentTags fsl\" data-testid=\"event-permalink-details\">[\/hide-this-part]<br \/>\n<\/span><span style=\"font-size: 10pt;\">Quellen: Manual de Historia Pol\u00edtica y Social 1808-2011)\/Handbuch der Politik und -Sozialgeschichte von Miguel Martorell und Santos Juli\u00e1\u00a0 ISBN: 9788490562840<\/span><br \/>\n<span style=\"font-size: 10pt;\">Dokumentalreihe \u201eLA Transici\u00f3n Politica Espa\u00f1ola\u201c des spanischen Fernsehsenders RTVE<\/span><br \/>\n<span style=\"color: #ffffff; font-size: 10pt;\">.<\/span><br \/>\n<span style=\"font-size: 10pt;\">Fotos: Beitragsbild: De un usuario de Indymedia Barcelona., CC BY-SA 2.0, https:\/\/commons.wikimedia.org\/w\/index.php?curid=1611695<\/span><br \/>\n<span style=\"font-size: 10pt;\">Von un usuario de Indymedia Barcelona., CC BY-SA 2.0, https:\/\/commons.wikimedia.org\/w\/index.php?curid=1611695<\/span><br \/>\n<span style=\"font-size: 10pt;\">Santiago Carrillo: By Claude Truong-Ngoc \/ Wikimedia Commons \u2013 cc-by-sa-3.0, CC BY-SA 3.0, https:\/\/commons.wikimedia.org\/w\/index.php?curid=21439440<\/span><br \/>\n<span style=\"font-size: 10pt;\">Felipe Gonzalez: By Nationaal Archief, Den Haag, Rijksfotoarchief: Fotocollectie Algemeen Nederlands Fotopersbureau (ANEFO), 1945-1989 \u2013 negatiefstroken zwart\/wit, nummer toegang 2.24.01.05, bestanddeelnummer 910-8167 \u2013 Nationaal Archief Fotocollectie AnefoFile:Anefo 910-8167 Vertrek van.jpg, CC BY-SA 3.0 nl, https:\/\/commons.wikimedia.org\/w\/index.php?curid=25429296<\/span><br \/>\n<span style=\"font-size: 10pt;\">Juan de Borb\u00f3n: De Peters, Hans \/ Anefo \u2013 gahetna.nl, CC BY-SA 3.0 nl, https:\/\/commons.wikimedia.org\/w\/index.php?curid=42097111<\/span><br \/>\n<span style=\"font-size: 10pt;\">LiciniDe Eric Koch \/ Anefo \u2013 Nationaal Archief, CC BY-SA 3.0, https:\/\/commons.wikimedia.org\/w\/index.php?curid=35900050<br \/>\n<span style=\"color: #ffffff;\">.<\/span><br \/>\n<\/span><span style=\"font-size: 10pt;\"><span class=\"fbPhotosPhotoCaption\" tabindex=\"0\" aria-live=\"polite\" data-ft=\"{&quot;tn&quot;:&quot;K&quot;}\"><span class=\"hasCaption\">Bilder und Bildunterschriften wurden von der Redaktion AmericanRebel hinzugef\u00fcgt.<br \/>\nDieser Artikel erschien auch vor ein paar Tagen auf unserem Partnerblog &#8222;<a href=\"http:\/\/graswurzelpost.com\" target=\"_blank\" rel=\"noopener\">Graswurzel Post &#8211; Stimmen von unten<\/a>&#8222;. Wir danken Jairo G\u00f3mez f\u00fcr die Genehmigung der Ver\u00f6ffentlichung.<br \/>\n<span style=\"color: #ffffff;\">.<\/span><br \/>\n<a href=\"http:\/\/www.deanreed.de\/AmericanRebel\/2017\/wp-admin\/post.php?post=12492&amp;action=edit\" target=\"_blank\" rel=\"noopener\"><strong>Zum Teil 1<\/strong><\/a><span style=\"color: #ffffff;\"> \u00a0\u00a0 <a href=\"http:\/\/www.deanreed.de\/AmericanRebel\/2017\/?p=15992\" target=\"_blank\" rel=\"noopener\"><strong>Zum Teil 2<\/strong><\/a><br \/>\n.<\/span><br \/>\n<strong>\u00dcber den Autor:<\/strong> Seit 1967 lebt der im spanischen Granada geborene Bernardo Jairo Gomez Garcia in Deutschland. Schon vor seinen Ausbildungen zum Trockenbaumonteur und Kfz-Lackierer entdeckte Gomez seine Leidenschaft f\u00fcr die Kunst. Er studierte an einer privaten Kunsthochschule Airbrushdesign und wechselte aus der Fabrikhalle ans Lehrerpult. 14 Jahre war Gomez als Spanischlehrer in der Erwachsenenbildung t\u00e4tig. Seine Interessen gelten der Politik, Geschichte, Literatur und Malerei. F\u00fcr Neue Debatte, Info-Welt und AmericanRebel schreibt Jairo Gomez \u00fcber die politischen Entwicklungen in Spanien und Lateinamerika und wirft einen kritischen Blick auf die gesellschaftlichen Ver\u00e4nderungen in Deutschland und Europa, seit kurzem betreibt er seinen eigenen Blog Graswurzel Post.<br \/>\n<span style=\"color: #ffffff;\">.<\/span><br \/>\n<\/span><\/span><\/span><span id=\"fbPhotoSnowliftCaption\" class=\"fbPhotosPhotoCaption\" style=\"font-size: 10pt;\" tabindex=\"0\" aria-live=\"polite\" data-ft=\"{&quot;tn&quot;:&quot;K&quot;}\"><span class=\"hasCaption\"><span class=\"fbPhotosPhotoCaption\" tabindex=\"0\" aria-live=\"polite\" data-ft=\"{&quot;tn&quot;:&quot;K&quot;}\"><a href=\"http:\/\/www.deanreed.de\/AmericanRebel\/2017\/?cat=153\" target=\"_blank\" rel=\"noopener\">Mehr Artikel von <span id=\"fbPhotoSnowliftCaption\" class=\"fbPhotosPhotoCaption\" tabindex=\"0\" aria-live=\"polite\" data-ft=\"{&quot;tn&quot;:&quot;K&quot;}\">Jairo G\u00f3mes<\/span><\/a><\/span><\/span><\/span><span id=\"fbPhotoSnowliftCaption\" class=\"fbPhotosPhotoCaption\" tabindex=\"0\" aria-live=\"polite\" data-ft=\"{&quot;tn&quot;:&quot;K&quot;}\"><\/span><\/p>\n<blockquote>\n<p style=\"text-align: center;\"><span style=\"font-size: 10pt;\">F\u00fcr den Inhalt dieses Artikels ist der Autor bzw. die Autorin verantwortlich.<\/span><br \/>\n<span style=\"font-size: 10pt;\">Dabei muss es sich nicht grunds\u00e4tzlich um die Meinung der Redaktion handeln.<br \/>\n<span style=\"color: #dedcdc;\">.<\/span><br \/>\n<\/span><\/p>\n<table class=\" alignleft\" width=\"987\">\n<tbody>\n<tr>\n<td>\n<form action=\"https:\/\/www.paypal.com\/cgi-bin\/webscr\" method=\"post\" target=\"_top\"><input alt=\"Jetzt einfach, schnell und sicher online bezahlen \u2013 mit PayPal.\" name=\"submit\" src=\"https:\/\/www.paypalobjects.com\/de_DE\/DE\/i\/btn\/btn_donateCC_LG.gif\" type=\"image\" \/><\/form>\n<\/td>\n<td><span style=\"color: #993300;\"><strong>Auch linker Journalismus ist nicht kostenlos<br \/>\nund auch kleine Spenden k\u00f6nnen helfen Gro\u00dfes zu ver\u00f6ffentlichen!<\/strong><\/span><\/td>\n<\/tr>\n<\/tbody>\n<\/table>\n<p>&nbsp;<\/p>\n<p><a title=\"zur Startseite\" href=\"http:\/\/www.americanrebel.de\/\"><img loading=\"lazy\" class=\"alignleft\" src=\"http:\/\/www.deanreed.de\/AmericanRebel\/2017\/wp-content\/uploads\/2017\/03\/back_ar.png\" alt=\"zur\u00fcck zur Startseite\" width=\"156\" height=\"15\" \/><\/a><a href=\"https:\/\/www.facebook.com\/groups\/1683837971860223\/permalink\/1987214344855916\/\" target=\"_blank\" rel=\"noopener noreferrer\"><img loading=\"lazy\" class=\"alignright\" src=\"http:\/\/www.deanreed.de\/AmericanRebel\/2017\/wp-content\/uploads\/2017\/03\/ar_zu_fb.png\" alt=\"\" width=\"353\" height=\"15\" \/><\/a><\/p>\n<p><a href=\"http:\/\/www.deanreed.de\/AmericanRebel\/2017\/?p=16001#respond\" target=\"_blank\" rel=\"noopener noreferrer\"><img loading=\"lazy\" class=\"aligncenter\" src=\"http:\/\/www.deanreed.de\/AmericanRebel\/2017\/wp-content\/uploads\/2017\/03\/ar_kommentar-1.png\" alt=\"Sag uns deine Meinung zum Artikel mit einem Kommentar\/Leserbrief\" width=\"627\" height=\"20\" \/><\/a><\/p><\/blockquote>\n","protected":false},"excerpt":{"rendered":"<p>Jairo G\u00f3mez Spanien, ein Land zwischen Zorn, Ohnmacht und Gewalt, Teil 3 Jedes Ereignis der letzten Jahre hat Spanien geformt, so \u00e4hnlich wie ein Schmiedehammer ein St\u00fcck Eisen formt. Im Jahr 1975 trafen die Hammerschl\u00e4ge der Geschichte mit immer gr\u00f6\u00dferer [&hellip;]<a class=\"more-link\" href=\"http:\/\/www.deanreed.de\/AmericanRebel\/2017\/2018\/10\/03\/16001\/\">&darr; Lese den Rest von diesem Eintrag&#8230;<\/a><\/p>\n","protected":false},"author":2,"featured_media":0,"comment_status":"open","ping_status":"open","sticky":false,"template":"","format":"standard","meta":[],"categories":[153],"tags":[632,635,637,639,633,631,240,638,636,634,521],"yoast_head":"<!-- This site is optimized with the Yoast SEO plugin v17.5 - https:\/\/yoast.com\/wordpress\/plugins\/seo\/ -->\n<title>- Spanien, ein Land zwischen Zorn, Ohnmacht und Gewalt, Teil 3 &ndash; Onlinezeitung AmericanRebel<\/title>\n<meta name=\"robots\" content=\"index, follow, max-snippet:-1, max-image-preview:large, max-video-preview:-1\" \/>\n<link rel=\"canonical\" href=\"http:\/\/www.deanreed.de\/AmericanRebel\/2017\/2018\/10\/03\/16001\/\" \/>\n<meta property=\"og:locale\" content=\"de_DE\" \/>\n<meta property=\"og:type\" content=\"article\" \/>\n<meta property=\"og:title\" content=\"- Spanien, ein Land zwischen Zorn, Ohnmacht und Gewalt, Teil 3 &ndash; Onlinezeitung AmericanRebel\" \/>\n<meta property=\"og:description\" content=\"Jairo G\u00f3mez Spanien, ein Land zwischen Zorn, Ohnmacht und Gewalt, Teil 3 Jedes Ereignis der letzten Jahre hat Spanien geformt, so \u00e4hnlich wie ein Schmiedehammer ein St\u00fcck Eisen formt. Im Jahr 1975 trafen die Hammerschl\u00e4ge der Geschichte mit immer gr\u00f6\u00dferer [&hellip;]&darr; Lese den Rest von diesem Eintrag...\" \/>\n<meta property=\"og:url\" content=\"http:\/\/www.deanreed.de\/AmericanRebel\/2017\/2018\/10\/03\/16001\/\" \/>\n<meta property=\"og:site_name\" content=\"Onlinezeitung AmericanRebel\" \/>\n<meta property=\"article:published_time\" content=\"2018-10-03T18:00:06+00:00\" \/>\n<meta property=\"article:modified_time\" content=\"2018-10-02T12:29:04+00:00\" \/>\n<meta property=\"og:image\" content=\"http:\/\/www.deanreed.de\/AmericanRebel\/2017\/wp-content\/uploads\/2016\/03\/Jairo-Go\u0301mez.jpg\" \/>\n<meta name=\"twitter:card\" content=\"summary_large_image\" \/>\n<meta name=\"twitter:label1\" content=\"Verfasst von\" \/>\n\t<meta name=\"twitter:data1\" content=\"Redaktion\" \/>\n\t<meta name=\"twitter:label2\" content=\"Gesch\u00e4tzte Lesezeit\" \/>\n\t<meta name=\"twitter:data2\" content=\"8\u00a0Minuten\" \/>\n<script type=\"application\/ld+json\" class=\"yoast-schema-graph\">{\"@context\":\"https:\/\/schema.org\",\"@graph\":[{\"@type\":\"WebSite\",\"@id\":\"https:\/\/www.deanreed.de\/AmericanRebel\/2017\/#website\",\"url\":\"https:\/\/www.deanreed.de\/AmericanRebel\/2017\/\",\"name\":\"Onlinezeitung AmericanRebel\",\"description\":\"Internationale Onlinezeitung f\\u00fcr Frieden, Humanismus, V\\u00f6lkerverst\\u00e4ndigung und Kultur\",\"potentialAction\":[{\"@type\":\"SearchAction\",\"target\":{\"@type\":\"EntryPoint\",\"urlTemplate\":\"https:\/\/www.deanreed.de\/AmericanRebel\/2017\/?s={search_term_string}\"},\"query-input\":\"required name=search_term_string\"}],\"inLanguage\":\"de\"},{\"@type\":\"ImageObject\",\"@id\":\"http:\/\/www.deanreed.de\/AmericanRebel\/2017\/2018\/10\/03\/16001\/#primaryimage\",\"inLanguage\":\"de\",\"url\":\"http:\/\/www.deanreed.de\/AmericanRebel\/2017\/wp-content\/uploads\/2016\/03\/Jairo-Go\\u0301mez.jpg\",\"contentUrl\":\"http:\/\/www.deanreed.de\/AmericanRebel\/2017\/wp-content\/uploads\/2016\/03\/Jairo-Go\\u0301mez.jpg\",\"width\":100,\"height\":150,\"caption\":\"Jairo Go\\u0301mez\"},{\"@type\":\"WebPage\",\"@id\":\"http:\/\/www.deanreed.de\/AmericanRebel\/2017\/2018\/10\/03\/16001\/#webpage\",\"url\":\"http:\/\/www.deanreed.de\/AmericanRebel\/2017\/2018\/10\/03\/16001\/\",\"name\":\"- Spanien, ein Land zwischen Zorn, Ohnmacht und Gewalt, Teil 3 &ndash; Onlinezeitung AmericanRebel\",\"isPartOf\":{\"@id\":\"https:\/\/www.deanreed.de\/AmericanRebel\/2017\/#website\"},\"primaryImageOfPage\":{\"@id\":\"http:\/\/www.deanreed.de\/AmericanRebel\/2017\/2018\/10\/03\/16001\/#primaryimage\"},\"datePublished\":\"2018-10-03T18:00:06+00:00\",\"dateModified\":\"2018-10-02T12:29:04+00:00\",\"author\":{\"@id\":\"https:\/\/www.deanreed.de\/AmericanRebel\/2017\/#\/schema\/person\/9edfca7917cd10b75edaae51c6e7935a\"},\"breadcrumb\":{\"@id\":\"http:\/\/www.deanreed.de\/AmericanRebel\/2017\/2018\/10\/03\/16001\/#breadcrumb\"},\"inLanguage\":\"de\",\"potentialAction\":[{\"@type\":\"ReadAction\",\"target\":[\"http:\/\/www.deanreed.de\/AmericanRebel\/2017\/2018\/10\/03\/16001\/\"]}]},{\"@type\":\"BreadcrumbList\",\"@id\":\"http:\/\/www.deanreed.de\/AmericanRebel\/2017\/2018\/10\/03\/16001\/#breadcrumb\",\"itemListElement\":[{\"@type\":\"ListItem\",\"position\":1,\"name\":\"Startseite\",\"item\":\"https:\/\/www.deanreed.de\/AmericanRebel\/2017\/\"},{\"@type\":\"ListItem\",\"position\":2,\"name\":\"&#8211; Spanien, ein Land zwischen Zorn, Ohnmacht und Gewalt, Teil 3\"}]},{\"@type\":\"Person\",\"@id\":\"https:\/\/www.deanreed.de\/AmericanRebel\/2017\/#\/schema\/person\/9edfca7917cd10b75edaae51c6e7935a\",\"name\":\"Redaktion\",\"url\":\"http:\/\/www.deanreed.de\/AmericanRebel\/2017\/author\/redaktion\/\"}]}<\/script>\n<!-- \/ Yoast SEO plugin. -->","yoast_head_json":{"title":"- Spanien, ein Land zwischen Zorn, Ohnmacht und Gewalt, Teil 3 &ndash; Onlinezeitung AmericanRebel","robots":{"index":"index","follow":"follow","max-snippet":"max-snippet:-1","max-image-preview":"max-image-preview:large","max-video-preview":"max-video-preview:-1"},"canonical":"http:\/\/www.deanreed.de\/AmericanRebel\/2017\/2018\/10\/03\/16001\/","og_locale":"de_DE","og_type":"article","og_title":"- Spanien, ein Land zwischen Zorn, Ohnmacht und Gewalt, Teil 3 &ndash; Onlinezeitung AmericanRebel","og_description":"Jairo G\u00f3mez Spanien, ein Land zwischen Zorn, Ohnmacht und Gewalt, Teil 3 Jedes Ereignis der letzten Jahre hat Spanien geformt, so \u00e4hnlich wie ein Schmiedehammer ein St\u00fcck Eisen formt. Im Jahr 1975 trafen die Hammerschl\u00e4ge der Geschichte mit immer gr\u00f6\u00dferer [&hellip;]&darr; Lese den Rest von diesem Eintrag...","og_url":"http:\/\/www.deanreed.de\/AmericanRebel\/2017\/2018\/10\/03\/16001\/","og_site_name":"Onlinezeitung AmericanRebel","article_published_time":"2018-10-03T18:00:06+00:00","article_modified_time":"2018-10-02T12:29:04+00:00","og_image":[{"url":"http:\/\/www.deanreed.de\/AmericanRebel\/2017\/wp-content\/uploads\/2016\/03\/Jairo-Go\u0301mez.jpg"}],"twitter_card":"summary_large_image","twitter_misc":{"Verfasst von":"Redaktion","Gesch\u00e4tzte Lesezeit":"8\u00a0Minuten"},"schema":{"@context":"https:\/\/schema.org","@graph":[{"@type":"WebSite","@id":"https:\/\/www.deanreed.de\/AmericanRebel\/2017\/#website","url":"https:\/\/www.deanreed.de\/AmericanRebel\/2017\/","name":"Onlinezeitung AmericanRebel","description":"Internationale Onlinezeitung f\u00fcr Frieden, Humanismus, V\u00f6lkerverst\u00e4ndigung und Kultur","potentialAction":[{"@type":"SearchAction","target":{"@type":"EntryPoint","urlTemplate":"https:\/\/www.deanreed.de\/AmericanRebel\/2017\/?s={search_term_string}"},"query-input":"required name=search_term_string"}],"inLanguage":"de"},{"@type":"ImageObject","@id":"http:\/\/www.deanreed.de\/AmericanRebel\/2017\/2018\/10\/03\/16001\/#primaryimage","inLanguage":"de","url":"http:\/\/www.deanreed.de\/AmericanRebel\/2017\/wp-content\/uploads\/2016\/03\/Jairo-Go\u0301mez.jpg","contentUrl":"http:\/\/www.deanreed.de\/AmericanRebel\/2017\/wp-content\/uploads\/2016\/03\/Jairo-Go\u0301mez.jpg","width":100,"height":150,"caption":"Jairo Go\u0301mez"},{"@type":"WebPage","@id":"http:\/\/www.deanreed.de\/AmericanRebel\/2017\/2018\/10\/03\/16001\/#webpage","url":"http:\/\/www.deanreed.de\/AmericanRebel\/2017\/2018\/10\/03\/16001\/","name":"- Spanien, ein Land zwischen Zorn, Ohnmacht und Gewalt, Teil 3 &ndash; Onlinezeitung AmericanRebel","isPartOf":{"@id":"https:\/\/www.deanreed.de\/AmericanRebel\/2017\/#website"},"primaryImageOfPage":{"@id":"http:\/\/www.deanreed.de\/AmericanRebel\/2017\/2018\/10\/03\/16001\/#primaryimage"},"datePublished":"2018-10-03T18:00:06+00:00","dateModified":"2018-10-02T12:29:04+00:00","author":{"@id":"https:\/\/www.deanreed.de\/AmericanRebel\/2017\/#\/schema\/person\/9edfca7917cd10b75edaae51c6e7935a"},"breadcrumb":{"@id":"http:\/\/www.deanreed.de\/AmericanRebel\/2017\/2018\/10\/03\/16001\/#breadcrumb"},"inLanguage":"de","potentialAction":[{"@type":"ReadAction","target":["http:\/\/www.deanreed.de\/AmericanRebel\/2017\/2018\/10\/03\/16001\/"]}]},{"@type":"BreadcrumbList","@id":"http:\/\/www.deanreed.de\/AmericanRebel\/2017\/2018\/10\/03\/16001\/#breadcrumb","itemListElement":[{"@type":"ListItem","position":1,"name":"Startseite","item":"https:\/\/www.deanreed.de\/AmericanRebel\/2017\/"},{"@type":"ListItem","position":2,"name":"&#8211; Spanien, ein Land zwischen Zorn, Ohnmacht und Gewalt, Teil 3"}]},{"@type":"Person","@id":"https:\/\/www.deanreed.de\/AmericanRebel\/2017\/#\/schema\/person\/9edfca7917cd10b75edaae51c6e7935a","name":"Redaktion","url":"http:\/\/www.deanreed.de\/AmericanRebel\/2017\/author\/redaktion\/"}]}},"_links":{"self":[{"href":"http:\/\/www.deanreed.de\/AmericanRebel\/2017\/wp-json\/wp\/v2\/posts\/16001"}],"collection":[{"href":"http:\/\/www.deanreed.de\/AmericanRebel\/2017\/wp-json\/wp\/v2\/posts"}],"about":[{"href":"http:\/\/www.deanreed.de\/AmericanRebel\/2017\/wp-json\/wp\/v2\/types\/post"}],"author":[{"embeddable":true,"href":"http:\/\/www.deanreed.de\/AmericanRebel\/2017\/wp-json\/wp\/v2\/users\/2"}],"replies":[{"embeddable":true,"href":"http:\/\/www.deanreed.de\/AmericanRebel\/2017\/wp-json\/wp\/v2\/comments?post=16001"}],"version-history":[{"count":0,"href":"http:\/\/www.deanreed.de\/AmericanRebel\/2017\/wp-json\/wp\/v2\/posts\/16001\/revisions"}],"wp:attachment":[{"href":"http:\/\/www.deanreed.de\/AmericanRebel\/2017\/wp-json\/wp\/v2\/media?parent=16001"}],"wp:term":[{"taxonomy":"category","embeddable":true,"href":"http:\/\/www.deanreed.de\/AmericanRebel\/2017\/wp-json\/wp\/v2\/categories?post=16001"},{"taxonomy":"post_tag","embeddable":true,"href":"http:\/\/www.deanreed.de\/AmericanRebel\/2017\/wp-json\/wp\/v2\/tags?post=16001"}],"curies":[{"name":"wp","href":"https:\/\/api.w.org\/{rel}","templated":true}]}}