{"id":15992,"date":"2018-08-25T19:42:55","date_gmt":"2018-08-25T17:42:55","guid":{"rendered":"http:\/\/www.deanreed.de\/AmericanRebel\/2017\/?p=15992"},"modified":"2018-10-22T13:05:32","modified_gmt":"2018-10-22T11:05:32","slug":"15992","status":"publish","type":"post","link":"http:\/\/www.deanreed.de\/AmericanRebel\/2017\/2018\/08\/25\/15992\/","title":{"rendered":"&#8211; Spanien, ein Land zwischen Zorn, Ohnmacht und Gewalt. Teil 2"},"content":{"rendered":"<h4 style=\"text-align: justify;\"><span id=\"fbPhotoSnowliftCaption\" class=\"fbPhotosPhotoCaption\" tabindex=\"0\" aria-live=\"polite\" data-ft=\"{&quot;tn&quot;:&quot;K&quot;}\"><span class=\"hasCaption\">Jairo G\u00f3mez<br \/>\n<\/span><\/span><\/h4>\n<h2 style=\"text-align: justify;\"><strong>Spanien, ein Land zwischen Zorn,<br \/>\nOhnmacht und Gewalt, Teil 2<\/strong><\/h2>\n<p style=\"text-align: justify;\"><strong>The Carabanchel Ten<br \/>\n<\/strong><\/p>\n<div id=\"attachment_11976\" style=\"width: 110px\" class=\"wp-caption alignleft\"><img aria-describedby=\"caption-attachment-11976\" loading=\"lazy\" class=\"size-full wp-image-11976\" src=\"http:\/\/www.deanreed.de\/AmericanRebel\/2017\/wp-content\/uploads\/2016\/03\/Jairo-Go\u0301mez.jpg\" alt=\"\" width=\"100\" height=\"150\" \/><p id=\"caption-attachment-11976\" class=\"wp-caption-text\"><span style=\"color: #808080;\">Jairo Go\u0301mez<\/span><\/p><\/div>\n<p style=\"text-align: justify;\"><strong>Der Morgen des 20. Dezember 1973. Spanien stand unter Schock, Admiral Lu\u00eds Carrero Blanco, der Regierungschef, war bei einem Bombenattentat get\u00f6tet worden. Niemand wusste wie das Regime und seine Anh\u00e4nger darauf reagieren w\u00fcrden.<\/strong><\/p>\n<div id=\"attachment_16019\" style=\"width: 270px\" class=\"wp-caption alignright\"><img aria-describedby=\"caption-attachment-16019\" loading=\"lazy\" class=\" wp-image-16019\" src=\"http:\/\/www.deanreed.de\/AmericanRebel\/2017\/wp-content\/uploads\/2018\/08\/juju-300x225.jpg\" alt=\"\" width=\"260\" height=\"195\" \/><p id=\"caption-attachment-16019\" class=\"wp-caption-text\"><span style=\"color: #808080;\">Marcelino Camacho 2008<\/span><\/p><\/div>\n<p style=\"text-align: justify;\">Eine Gerichtsverhandlung, die an diesem Morgen um 10:00 Uhr stattfinden sollte, wurde unter dem Eindruck des Attentats um einige Stunden vertagt. Die Gerichtsverhandlung wurde sp\u00e4ter unter der Bezeichnung \u201eProzess 1001\u201c bekannt. Angeklagt waren 10 Gewerkschaftsf\u00fchrer der verbotenen und daher im Untergrund arbeitenden CC.OO. \u201eComisiones Obreras\u201c (Arbeiter Kommissionen). Die bekanntesten waren:<\/p>\n<p style=\"text-align: justify;\">Marcelino Camacho,<br \/>\ner war ein Gr\u00fcndungsmitglied der Gewerkschaft und von 1976 bis 1987 ihr Generalsekret\u00e4r. Von 1977 bis 1981 war er Abgeordneter der kommunistischen Partei im Abgeordnetenhaus.<\/p>\n<div id=\"attachment_16023\" style=\"width: 270px\" class=\"wp-caption alignleft\"><img aria-describedby=\"caption-attachment-16023\" loading=\"lazy\" class=\" wp-image-16023\" src=\"http:\/\/www.deanreed.de\/AmericanRebel\/2017\/wp-content\/uploads\/2018\/08\/ikik-300x194.jpg\" alt=\"\" width=\"260\" height=\"168\" \/><p id=\"caption-attachment-16023\" class=\"wp-caption-text\"><span style=\"color: #808080;\">Nicol\u00e1s Sartorius<\/span><\/p><\/div>\n<p style=\"text-align: justify;\">Nicolas Sartorius<br \/>\nist ein Aristokrat, Anwalt, Journalist, Gewerkschaftsf\u00fchrer und war Mitglied der kommunistischen Partei Spaniens PCE. Er arbeitet heute noch mit der Zeitung El Pa\u00eds und dem Radiosender Cadena SER zusammen.<\/p>\n<p style=\"text-align: justify;\">Francisco Garc\u00eda Salve,<br \/>\nbekannt als \u201ePaco el cura\u201c, Paco der Priester. Er war Jesuiten Pater und einer der vielen Geistlichen, die in der damaligen Zeit, sich den Arbeitern,\u00a0insbesondere im Baugewerbe, anschlossen. Sie f\u00fchrten dort Hilfsarbeiten aus und waren so st\u00e4ndig in Kontakt mit den Kollegen.<\/p>\n<div id=\"attachment_16021\" style=\"width: 271px\" class=\"wp-caption alignright\"><img aria-describedby=\"caption-attachment-16021\" loading=\"lazy\" class=\" wp-image-16021\" src=\"http:\/\/www.deanreed.de\/AmericanRebel\/2017\/wp-content\/uploads\/2018\/08\/olol-300x175.jpg\" alt=\"\" width=\"261\" height=\"152\" \/><p id=\"caption-attachment-16021\" class=\"wp-caption-text\"><span style=\"color: #808080;\">Francisco Garcia Salve<\/span><\/p><\/div>\n<p style=\"text-align: justify;\">Die gesellschaftlichen und sozialen Hintergr\u00fcnde all dieser M\u00e4nner wiesen darauf hin, dass die politische Bewegung durch s\u00e4mtliche Bev\u00f6lkerungsschichten gedrungen war. <div class=\"hide-this-part-wrap\"><div class=\"hide-this-part-more\" id=\"hide-this-part-0\" morelink-text=\"hier geht es weiter\">hier geht es weiter \u00bb<\/div><div class=\"hide-this-part\" status=\"invisible\"><br \/>\n<strong>Das Tribunal<\/strong><\/p>\n<p style=\"text-align: justify;\">Die Verhandlung fand vor dem TOP \u201eTribunal de Orden P\u00fablico\u201c(Tribunal der \u00f6ffentlichen Ordnung). Es war eine Gerichtsinstanz, die sich im Grunde genommen mit politischen Aktivit\u00e4ten befasste, die in Opposition zum Franquismus standen. Dazu geh\u00f6rten Gr\u00fcndungen von Parteien oder Gewerkschaften, Organisationen von Streiks, Demonstrationen und alle Aktivit\u00e4ten, die in den Augen des Regimes f\u00fcr Rebellion und Volksaufwiegelung gehalten wurden. Diese Instanz \u00fcbernahm dabei Funktionen des bis 1963 existierenden Tribunals zur Repression der Freimaurerei und des Kommunismus. Es wurden auch Elemente der Milit\u00e4rjurisdiktion \u00fcbernommen, da man sich ebenfalls mit Delikten gegen die Streitkr\u00e4fte befasste.<\/p>\n<p style=\"text-align: justify;\"><img loading=\"lazy\" class=\"alignleft wp-image-16020\" src=\"http:\/\/www.deanreed.de\/AmericanRebel\/2017\/wp-content\/uploads\/2018\/08\/o0o0-300x200.jpg\" alt=\"\" width=\"260\" height=\"173\" \/>Die Anklagepunkte gegen die zehn M\u00e4nner lauteten: Rebellion, Volksverhetzung, Zugeh\u00f6rigkeit zu verbotenen Organisationen, wie die Arbeiter Kommissionen und die kommunistische Partei. Die Staatsanwaltschaft forderte Freiheitsstrafen zwischen 12 und 20 Jahren. mit der Forderung so hoher Haftstrafen, wollte man die CC.OO. entscheidend schw\u00e4chen. Die CC.OO. war nicht mehr nur eine starke Gewerkschaft, sondern sie war durch ihre Vernetzung mit B\u00fcrgerinitiativen, Studentenorganisationen, Frauenbewegungen und anderen Parteien, zu einem starken und gef\u00e4hrlichen Gegner der Diktatur geworden.<br \/>\n<span style=\"color: #ffffff;\">.<\/span><br \/>\n<strong>Im Fokus des Auslands<\/strong><\/p>\n<p style=\"text-align: justify;\">In der ersten H\u00e4lfte der Diktatur, h\u00e4tte man diese zehn M\u00e4nner wohl m\u00f6glich ohne Gerichtsverhandlung in ein Straflager gesteckt oder irgendwo in den Bergen erschossen und verscharrt, so wie es vielen anderen ergangen war, doch nach der \u00d6ffnung zum Ausland stand Spanien in dessen Fokus und so musste man eine Gerichtsverhandlung abhalten, auch wenn es lediglich ein Schauprozess war.<\/p>\n<p style=\"text-align: justify;\">In Frankreich, Italien, Deutschland und England schenkte man diesem Prozess besondere Aufmerksamkeit, da die Gewerkschaften dort, zu jener Zeit, einen gro\u00dfen Einfluss hatten. Was viele \u00fcberraschte war, dass man die Vorg\u00e4nge in den USA ebenfalls sehr aufmerksam beobachtete.<\/p>\n<p style=\"text-align: justify;\">Bekannte Pers\u00f6nlichkeiten wie Athur Miller und Noam Chomsky forderten \u00f6ffentlich die Freilassung der \u201eCarabanchel ten\u201c, wie man sie dort nannte. Carabanchel war das Gef\u00e4ngnis, in dem man damals in der Regel die wichtigsten politischen Gefangenen unterbrachte. Dass man sie nicht wie viele andere folterte, um an Informationen zu kommen, f\u00fchrten einige der zehn darauf zur\u00fcck, dass dieser Prozess im Mittelpunkt der nationalen und internationalen Aufmerksamkeit stand und man es sich einfach nicht mehr leisten konnte, einen internationalen Proteststurm zu entfesseln.<br \/>\n<span style=\"color: #ffffff;\">.<\/span><br \/>\n<strong>Bedrohliche Kulisse<\/strong><\/p>\n<p style=\"text-align: justify;\">Die Gerichtsverhandlung: F\u00fcr die Verhandlung hatte man drei Tage angesetzt. Vorgesehen waren der 20., 21. und 22. Dezember, die Urteilsverk\u00fcndung sollte am 30. Dezember stattfinden. Als kurz nach Beginn der Verhandlung die Nachricht vom Tod des Regierungschefs den vorsitzenden Richter erreichte, unterbrach er die Verhandlung f\u00fcr unbestimmte Zeit. Kurze Zeit sp\u00e4ter versammelten sich vor dem Gerichtsgeb\u00e4ude\u00a0ultra\u00a0rechte\u00a0Anh\u00e4nger des Regimes und forderten den Tod der Angeklagten. Es gelang der Polizei nur mit M\u00fche\u00a0sie\u00a0daran zu hindern in das Geb\u00e4ude einzudringen. Die Verteidigung beschloss angesichts der angespannten Lage, mit dem Vorsitzenden Richter zu sprechen, um eine Vertagung von einigen Tagen zu erreichen. Dieser antwortete darauf, dass die Verhandlung noch am selben Tag fortgesetzt werde.<\/p>\n<p style=\"text-align: justify;\">In dieser Stimmungslage wurde der Prozess einige Stunden sp\u00e4ter fortgesetzt. Wenn man davon ausgeht, dass das Regime mit dieser Verhandlung ein Exempel statuieren wollte, um die spanische Gesellschaft zu warnen und gleichzeitig die st\u00e4rkste politische Kraft im Untergrund ihrer F\u00fchrer zu berauben, dann war davon auszugehen, dass es seitens der Richter keine Unvoreingenommenheit geben w\u00fcrde. Nach dem Attentat erst recht nicht. Die Angeklagten berichteten sp\u00e4ter in einer Radiodokumentation, dass sie bef\u00fcrchteten, dass das Tribunal glauben w\u00fcrde, die Angeklagten selbst st\u00fcnden hinter dem Mord an den Regierungschef. Auch in den Reihen der Sympathisanten ging man bis zu dem Zeitpunkt, an dem sich ETA kurze Zeit sp\u00e4ter zu dem Attentat bekannte davon aus, dass entweder die kommunistische Partei oder die Gewerkschaft selbst, f\u00fcr den Mord verantwortlich war. Aus diesem Grund und um die Stimmung nicht noch mehr anzuheizen, sagte man alle Sympathiekundgebungen, die man im ganzen Land vorbereitet hatte, ab.<br \/>\n<span style=\"color: #ffffff;\">.<\/span><br \/>\n<strong>160 Jahre Haft<\/strong><\/p>\n<p style=\"text-align: justify;\">Es war also nicht verwunderlich, dass das Strafma\u00df bei der Urteilsverk\u00fcndung am 30. Dezember, genau den Forderungen der Staatsanwaltschaft entsprach. Insgesamt wurden 160 Jahre Haft verh\u00e4ngt, wovon die niedrigste 12 Jahre und die h\u00f6chste 20 Jahre betrug.<\/p>\n<div id=\"attachment_16022\" style=\"width: 271px\" class=\"wp-caption alignright\"><img aria-describedby=\"caption-attachment-16022\" loading=\"lazy\" class=\" wp-image-16022\" src=\"http:\/\/www.deanreed.de\/AmericanRebel\/2017\/wp-content\/uploads\/2018\/08\/sewed-300x231.jpg\" alt=\"\" width=\"261\" height=\"201\" \/><p id=\"caption-attachment-16022\" class=\"wp-caption-text\"><span style=\"color: #808080;\">Varlos Arias Navarro (links) mit dem kranken Francisco Franco<\/span><\/p><\/div>\n<p style=\"text-align: justify;\">Das Regime hingegen brauchte trotz dieses Erfolges, einen neuen Regierungschef. Am 31. Dezember schlie\u00dflich fiel die Wahl Francos auf Carlos Arias Navarro. Diese Wahl wurde zum ersten und einzigen Mal durch das direkte Eingreifen in die Staatsgesch\u00e4fte ihres Mannes der Frau Francos, Carmen Polo de\u00a0 Franco beeinflusst. Ein Vertrauter soll geh\u00f6rt haben, wie sie zu ihrem Mann sagte: \u201c Sie werden uns alle t\u00f6ten wie Carrero. Wir brauchen einen harten Regierungschef, es muss Arias sein. Es gibt keinen anderen!\u201c<br \/>\n<span style=\"color: #ffffff;\">.<\/span><br \/>\n<strong>Der Geist des 12. Februar<\/strong><\/p>\n<p style=\"text-align: justify;\">Als erster Regierungschef, der nicht aus dem Milit\u00e4r kam, wurde Arias Navarro am 4. Januar vereidigt. In seiner Antrittsrede am 12. Februar 1974 wurde deutlich, dass der st\u00e4ndige Druck, den eine sich \u00e4ndernde Gesellschaft in Spanien aus\u00fcbte, seine Wirkung zeigte. Die junge Generation der Regime Anh\u00e4nger, die den B\u00fcrgerkrieg nicht miterlebt hatte und durch Ausbildungen an Universit\u00e4ten im Ausland beeinflusst worden war, forderte eine gewisse Lockerung in der Meinungsfreiheit und der Gr\u00fcndung politisch motivierter Vereinigungen. Arias Navarro gab nach und k\u00fcndigte diese \u00c4nderung am Ende seiner mit Spannung erwarteten Rede an. Dies wurde sp\u00e4ter mit dem Begriff \u201ela apertura\u201c, die \u00d6ffnung bezeichnet. Die Presse pr\u00e4gte ebenfalls einen Begriff f\u00fcr diese \u00c4nderung, als sie davon berichtete, es war die Rede vom \u201eGeist des 12. Februar\u201c. Sie sollte in der Folge eine treibende Kraft sein, um den Weg in die Demokratie zu ebnen. Die Bev\u00f6lkerung nahm die Lockerung in der Pressefreiheit mit Begeisterung an, da auch unterschiedliche Positionen zu der des Regimes zugelassen wurden.<br \/>\n<span style=\"color: #ffffff;\">.<\/span><br \/>\n<strong>Die Nelkenrevolution<\/strong><\/p>\n<p style=\"text-align: justify;\">In der\u00a0Nationalen\u00a0Bewegung, wie die einzige zugelassene Partei Spaniens auch genannt wurde, gab es allerdings eine Fraktion, die man den \u201eBunker\u201c nannte, in Anlehnung an den F\u00fchrungsbunker Adolf Hitlers. Sie bestand aus ultrarechten Kriegsteilnehmern, die nicht bereit waren, diese Neuerungen anzunehmen. Angef\u00fchrt wurden\u00a0sie\u00a0von Jos\u00e9 Antonio\u00a0Gir\u00f3n\u00a0de Velasco. Der \u201eBunker\u201c, den diese von Arias Navarro proklamierte \u00d6ffnung unvorbereitet traf, versuchte in der Folge\u00a0ihren\u00a0Einfluss auf den greisen Diktator Franco geltend zu machen. Er wurde aufgefordert sich wieder st\u00e4rker an der Politik zu beteiligen und Jos\u00e9 Antonio\u00a0Gir\u00f3n\u00a0zum Regierungschef zu ernennen, doch ohne Erfolg. Die ultrarechten kamen nicht zur Ruhe, denn als im Nachbarland Portugal sich das Milit\u00e4r mit dem Volk solidarisierte und die Machthaber aus dem Land jagten, wurde es in ihren Reihen zunehmend unruhig.<\/p>\n<p style=\"text-align: justify;\">Seit 1926 war in Portugal eine Milit\u00e4rjunta an der Macht. Sie war durch Unterdr\u00fcckung, Folter und das Fehlen jeglicher Pressefreiheit gekennzeichnet. Ab 1961 f\u00fchrte Portugal Kolonialkriege in Angola und Mosambik, die 50% des Staatshaushalts und vor allem viele Menschenleben kosteten. All das erw\u00e4hnte der stellvertretende Generalstabschef Antonio de Spinola in einem im Februar 1974 ver\u00f6ffentlichen Buch mit dem Titel \u201ePortugal und die Zukunft\u201c auf. Beim Milit\u00e4r findet dieses Buch einen gro\u00dfen Anklang. Als der damalige Premierminister Marcelo Caetano im M\u00e4rz eine Vertrauenskundgebung h\u00f6herer Offiziere inszeniert und der Generalstabschef Francisco da Costa Gomes und Spinola demonstrativ fernbleiben, ist das f\u00fcr das Milit\u00e4r das Zeichen zu agieren. Am 24. April nimmt die Armee nahezu ohne Gewalt und von der Bev\u00f6lkerung unterst\u00fctzt Lissabon ein. Der Diktator Caetano flieht zun\u00e4chst nach Madeira und anschlie\u00dfend ins Exil nach Brasilien.<\/p>\n<p style=\"text-align: justify;\">Spanien war somit die einzig verbleibende Diktatur in Westeuropa. F\u00fcr die ultrarechten Angeh\u00f6rigen des \u201eBunkers\u201c muss es ein Albtraum gewesen sein, bedenkt man, dass sie sich stets als Bollwerk gegen den Kommunismus und Sozialismus gesehen hatten. Nun regierten in Europa von Norden nach S\u00fcden M\u00e4nner wie Olof Palme in Schweden, Willy Brandt in Deutschland und es sollte noch Mario Soares in Portugal hinzukommen. Im eigenen Land beeinflusste die Linke das Alltagsleben immer st\u00e4rker. Die Untergrundgewerkschaft CC.OO hatte die Staatsgewerkschaft in die Bedeutungslosigkeit gedr\u00e4ngt, immer mehr Unternehmer arrangierten sich mit ihren Vertretern. ETA t\u00f6tete weiter mit dem Ziel ein sozialistisches Baskenland zu schaffen und das Leben der Galionsfigur der Nationalen Bewegung, General Franco, neigte sich dem Ende. Alles in allem bot sich dem Bunker ein katastrophales Szenario, das sich noch verschlimmern sollte<br \/>\n<span style=\"color: #ffffff;\">.<\/span><br \/>\n<strong><span style=\"font-size: 10pt;\">Fotos:<\/span><\/strong><br \/>\n<span style=\"font-size: 10pt;\">Beitragsbild: Von Anonym \u2013 Zoeken Fotocollectie Dutch National Archives, The Hague, Fotocollectie Algemeen Nederlands Persbureau (ANEFO), 1945-1989 bekijk toegang 2.24.01.04 Bestanddeelnummer 928-2238, CC-BY 4.0, https:\/\/commons.wikimedia.org\/w\/index.php?curid=37144874<\/span><br \/>\n<span style=\"font-size: 10pt;\">Marcelino Camacho: By Brocco from Madriz, Spain \u2013 Marcelino Camacho, CC BY-SA 2.0, https:\/\/commons.wikimedia.org\/w\/index.php?curid=4900192<\/span><br \/>\n<span style=\"font-size: 10pt;\">Nicol\u00e1s Sartorius: By TMEX TU TELEVISI\u00d3N SOCIAL (youtube) \u2013 Conversacionex: Nicol\u00e1s Sartorius (at 18s), CC BY 3.0, https:\/\/commons.wikimedia.org\/w\/index.php?curid=40717406<\/span><br \/>\n<span style=\"font-size: 10pt;\">Francisco Garcia Salve: Mundo Obrero.es<\/span><br \/>\n<span style=\"font-size: 10pt;\">TOP: De Enrique Cordero \u2013 https:\/\/www.flickr.com\/photos\/enriquecdc\/3487117528\/in\/set-72157617629404470\/, CC BY-SA 2.0, https:\/\/commons.wikimedia.org\/w\/index.php?curid=11921993<\/span><br \/>\n<span style=\"font-size: 10pt;\">Arias Navarro: By Unknown \u2013 [1] Dutch National Archives, The Hague, Fotocollectie Algemeen Nederlands Persbureau (ANEFO), 1945-1989 bekijk toegang 2.24.01.04 Bestanddeelnummer 928-2235, CC BY-SA 3.0 nl, https:\/\/commons.wikimedia.org\/w\/index.php?curid=37147036\u00a0 <\/span><span class=\"_4n-j _fbReactionComponent__eventDetailsContentTags fsl\" style=\"font-size: 10pt;\" data-testid=\"event-permalink-details\"><\/div><!-- .hide-this-part --><\/div><!-- hide-this-part-wrap --><\/span><\/p>\n<p style=\"text-align: justify;\"><span style=\"font-size: 10pt;\"><span class=\"fbPhotosPhotoCaption\" tabindex=\"0\" aria-live=\"polite\" data-ft=\"{&quot;tn&quot;:&quot;K&quot;}\"><span class=\"hasCaption\"><a href=\"http:\/\/www.deanreed.de\/AmericanRebel\/2017\/wp-admin\/post.php?post=12492&amp;action=edit\" target=\"_blank\" rel=\"noopener\"><strong>Zum Teil 1<\/strong><\/a><br \/>\nBilder und Bildunterschriften wurden von der Redaktion AmericanRebel hinzugef\u00fcgt.<br \/>\nDieser Artikel erschien auch vor ein paar Tagen auf unserem Partnerblog &#8222;<a href=\"http:\/\/graswurzelpost.com\" target=\"_blank\" rel=\"noopener\">Graswurzel Post &#8211; Stimmen von unten<\/a>&#8222;. Wir danken Jairo G\u00f3mez f\u00fcr die Genehmigung der Ver\u00f6ffentlichung.<br \/>\n<span style=\"color: #ffffff;\">.<\/span><br \/>\n<strong>\u00dcber den Autor:<\/strong> Seit 1967 lebt der im spanischen Granada geborene Bernardo Jairo Gomez Garcia in Deutschland. Schon vor seinen Ausbildungen zum Trockenbaumonteur und Kfz-Lackierer entdeckte Gomez seine Leidenschaft f\u00fcr die Kunst. Er studierte an einer privaten Kunsthochschule Airbrushdesign und wechselte aus der Fabrikhalle ans Lehrerpult. 14 Jahre war Gomez als Spanischlehrer in der Erwachsenenbildung t\u00e4tig. Seine Interessen gelten der Politik, Geschichte, Literatur und Malerei. F\u00fcr Neue Debatte, Info-Welt und AmericanRebel schreibt Jairo Gomez \u00fcber die politischen Entwicklungen in Spanien und Lateinamerika und wirft einen kritischen Blick auf die gesellschaftlichen Ver\u00e4nderungen in Deutschland und Europa, seit kurzem betreibt er seinen eigenen Blog Graswurzel Post.<br \/>\n<span style=\"color: #ffffff;\">.<\/span><br \/>\n<\/span><\/span><span id=\"fbPhotoSnowliftCaption\" class=\"fbPhotosPhotoCaption\" tabindex=\"0\" aria-live=\"polite\" data-ft=\"{&quot;tn&quot;:&quot;K&quot;}\"><span class=\"hasCaption\"><span class=\"fbPhotosPhotoCaption\" tabindex=\"0\" aria-live=\"polite\" data-ft=\"{&quot;tn&quot;:&quot;K&quot;}\"><a href=\"http:\/\/www.deanreed.de\/AmericanRebel\/2017\/?cat=153\" target=\"_blank\" rel=\"noopener\">Mehr Artikel von Jairo G\u00f3mes<\/a><\/span><\/span><\/span><span id=\"fbPhotoSnowliftCaption\" class=\"fbPhotosPhotoCaption\" tabindex=\"0\" aria-live=\"polite\" data-ft=\"{&quot;tn&quot;:&quot;K&quot;}\"><\/span><span style=\"color: #333333;\"><br \/>\n<span style=\"color: #ffffff;\">.<\/span><\/span><\/span><\/p>\n<blockquote>\n<p style=\"text-align: center;\"><span style=\"font-size: 10pt;\">F\u00fcr den Inhalt dieses Artikels ist der Autor bzw. die Autorin verantwortlich.<\/span><br \/>\n<span style=\"font-size: 10pt;\">Dabei muss es sich nicht grunds\u00e4tzlich um die Meinung der Redaktion handeln.<\/span><\/p>\n<table class=\" aligncenter\" width=\"987\">\n<tbody>\n<tr>\n<td>\n<form action=\"https:\/\/www.paypal.com\/cgi-bin\/webscr\" method=\"post\" target=\"_top\"><input alt=\"Jetzt einfach, schnell und sicher online bezahlen \u2013 mit PayPal.\" name=\"submit\" src=\"https:\/\/www.paypalobjects.com\/de_DE\/DE\/i\/btn\/btn_donateCC_LG.gif\" type=\"image\" \/><\/form>\n<\/td>\n<td><span style=\"color: #993300;\"><strong>Auch linker Journalismus ist nicht kostenlos<br \/>\nund auch kleine Spenden k\u00f6nnen helfen Gro\u00dfes zu ver\u00f6ffentlichen!<\/strong><\/span><\/td>\n<\/tr>\n<\/tbody>\n<\/table>\n<p style=\"text-align: center;\"><a title=\"zur Startseite\" href=\"http:\/\/www.americanrebel.de\/\"><img loading=\"lazy\" class=\"alignleft\" src=\"http:\/\/www.deanreed.de\/AmericanRebel\/2017\/wp-content\/uploads\/2017\/03\/back_ar.png\" alt=\"zur\u00fcck zur Startseite\" width=\"156\" height=\"15\" \/><\/a><a href=\"https:\/\/www.facebook.com\/groups\/1683837971860223\/permalink\/1987214344855916\/\" target=\"_blank\" rel=\"noopener noreferrer\"><img loading=\"lazy\" class=\"alignright\" src=\"http:\/\/www.deanreed.de\/AmericanRebel\/2017\/wp-content\/uploads\/2017\/03\/ar_zu_fb.png\" alt=\"\" width=\"353\" height=\"15\" \/><\/a><\/p>\n<p style=\"text-align: center;\"><a href=\"#respond\" target=\"_blank\" rel=\"noopener noreferrer\"><img loading=\"lazy\" class=\"aligncenter\" src=\"http:\/\/www.deanreed.de\/AmericanRebel\/2017\/wp-content\/uploads\/2017\/03\/ar_kommentar-1.png\" alt=\"Sag uns deine Meinung zum Artikel mit einem Kommentar\/Leserbrief\" width=\"627\" height=\"20\" \/><\/a><\/p>\n<\/blockquote>\n","protected":false},"excerpt":{"rendered":"<p>Jairo G\u00f3mez Spanien, ein Land zwischen Zorn, Ohnmacht und Gewalt, Teil 2 The Carabanchel Ten Der Morgen des 20. Dezember 1973. Spanien stand unter Schock, Admiral Lu\u00eds Carrero Blanco, der Regierungschef, war bei einem Bombenattentat get\u00f6tet worden. Niemand wusste wie [&hellip;]<a class=\"more-link\" href=\"http:\/\/www.deanreed.de\/AmericanRebel\/2017\/2018\/08\/25\/15992\/\">&darr; Lese den Rest von diesem Eintrag&#8230;<\/a><\/p>\n","protected":false},"author":2,"featured_media":0,"comment_status":"open","ping_status":"open","sticky":false,"template":"","format":"standard","meta":[],"categories":[153],"tags":[790,781,789,779,639,786,777,240,780,782,791,787,784,783,521,778,785,788],"yoast_head":"<!-- This site is optimized with the Yoast SEO plugin v17.5 - https:\/\/yoast.com\/wordpress\/plugins\/seo\/ -->\n<title>- Spanien, ein Land zwischen Zorn, Ohnmacht und Gewalt. Teil 2 &ndash; Onlinezeitung AmericanRebel<\/title>\n<meta name=\"robots\" content=\"index, follow, max-snippet:-1, max-image-preview:large, max-video-preview:-1\" \/>\n<link rel=\"canonical\" href=\"http:\/\/www.deanreed.de\/AmericanRebel\/2017\/2018\/08\/25\/15992\/\" \/>\n<meta property=\"og:locale\" content=\"de_DE\" \/>\n<meta property=\"og:type\" content=\"article\" \/>\n<meta property=\"og:title\" content=\"- Spanien, ein Land zwischen Zorn, Ohnmacht und Gewalt. Teil 2 &ndash; Onlinezeitung AmericanRebel\" \/>\n<meta property=\"og:description\" content=\"Jairo G\u00f3mez Spanien, ein Land zwischen Zorn, Ohnmacht und Gewalt, Teil 2 The Carabanchel Ten Der Morgen des 20. Dezember 1973. Spanien stand unter Schock, Admiral Lu\u00eds Carrero Blanco, der Regierungschef, war bei einem Bombenattentat get\u00f6tet worden. Niemand wusste wie [&hellip;]&darr; Lese den Rest von diesem Eintrag...\" \/>\n<meta property=\"og:url\" content=\"http:\/\/www.deanreed.de\/AmericanRebel\/2017\/2018\/08\/25\/15992\/\" \/>\n<meta property=\"og:site_name\" content=\"Onlinezeitung AmericanRebel\" \/>\n<meta property=\"article:published_time\" content=\"2018-08-25T17:42:55+00:00\" \/>\n<meta property=\"article:modified_time\" content=\"2018-10-22T11:05:32+00:00\" \/>\n<meta property=\"og:image\" content=\"http:\/\/www.deanreed.de\/AmericanRebel\/2017\/wp-content\/uploads\/2016\/03\/Jairo-Go\u0301mez.jpg\" \/>\n<meta name=\"twitter:card\" content=\"summary_large_image\" \/>\n<meta name=\"twitter:label1\" content=\"Verfasst von\" \/>\n\t<meta name=\"twitter:data1\" content=\"Redaktion\" \/>\n\t<meta name=\"twitter:label2\" content=\"Gesch\u00e4tzte Lesezeit\" \/>\n\t<meta name=\"twitter:data2\" content=\"10\u00a0Minuten\" \/>\n<script type=\"application\/ld+json\" class=\"yoast-schema-graph\">{\"@context\":\"https:\/\/schema.org\",\"@graph\":[{\"@type\":\"WebSite\",\"@id\":\"https:\/\/www.deanreed.de\/AmericanRebel\/2017\/#website\",\"url\":\"https:\/\/www.deanreed.de\/AmericanRebel\/2017\/\",\"name\":\"Onlinezeitung AmericanRebel\",\"description\":\"Internationale Onlinezeitung f\\u00fcr Frieden, Humanismus, V\\u00f6lkerverst\\u00e4ndigung und Kultur\",\"potentialAction\":[{\"@type\":\"SearchAction\",\"target\":{\"@type\":\"EntryPoint\",\"urlTemplate\":\"https:\/\/www.deanreed.de\/AmericanRebel\/2017\/?s={search_term_string}\"},\"query-input\":\"required name=search_term_string\"}],\"inLanguage\":\"de\"},{\"@type\":\"ImageObject\",\"@id\":\"http:\/\/www.deanreed.de\/AmericanRebel\/2017\/2018\/08\/25\/15992\/#primaryimage\",\"inLanguage\":\"de\",\"url\":\"http:\/\/www.deanreed.de\/AmericanRebel\/2017\/wp-content\/uploads\/2016\/03\/Jairo-Go\\u0301mez.jpg\",\"contentUrl\":\"http:\/\/www.deanreed.de\/AmericanRebel\/2017\/wp-content\/uploads\/2016\/03\/Jairo-Go\\u0301mez.jpg\",\"width\":100,\"height\":150,\"caption\":\"Jairo Go\\u0301mez\"},{\"@type\":\"WebPage\",\"@id\":\"http:\/\/www.deanreed.de\/AmericanRebel\/2017\/2018\/08\/25\/15992\/#webpage\",\"url\":\"http:\/\/www.deanreed.de\/AmericanRebel\/2017\/2018\/08\/25\/15992\/\",\"name\":\"- Spanien, ein Land zwischen Zorn, Ohnmacht und Gewalt. Teil 2 &ndash; Onlinezeitung AmericanRebel\",\"isPartOf\":{\"@id\":\"https:\/\/www.deanreed.de\/AmericanRebel\/2017\/#website\"},\"primaryImageOfPage\":{\"@id\":\"http:\/\/www.deanreed.de\/AmericanRebel\/2017\/2018\/08\/25\/15992\/#primaryimage\"},\"datePublished\":\"2018-08-25T17:42:55+00:00\",\"dateModified\":\"2018-10-22T11:05:32+00:00\",\"author\":{\"@id\":\"https:\/\/www.deanreed.de\/AmericanRebel\/2017\/#\/schema\/person\/9edfca7917cd10b75edaae51c6e7935a\"},\"breadcrumb\":{\"@id\":\"http:\/\/www.deanreed.de\/AmericanRebel\/2017\/2018\/08\/25\/15992\/#breadcrumb\"},\"inLanguage\":\"de\",\"potentialAction\":[{\"@type\":\"ReadAction\",\"target\":[\"http:\/\/www.deanreed.de\/AmericanRebel\/2017\/2018\/08\/25\/15992\/\"]}]},{\"@type\":\"BreadcrumbList\",\"@id\":\"http:\/\/www.deanreed.de\/AmericanRebel\/2017\/2018\/08\/25\/15992\/#breadcrumb\",\"itemListElement\":[{\"@type\":\"ListItem\",\"position\":1,\"name\":\"Startseite\",\"item\":\"https:\/\/www.deanreed.de\/AmericanRebel\/2017\/\"},{\"@type\":\"ListItem\",\"position\":2,\"name\":\"&#8211; Spanien, ein Land zwischen Zorn, Ohnmacht und Gewalt. Teil 2\"}]},{\"@type\":\"Person\",\"@id\":\"https:\/\/www.deanreed.de\/AmericanRebel\/2017\/#\/schema\/person\/9edfca7917cd10b75edaae51c6e7935a\",\"name\":\"Redaktion\",\"url\":\"http:\/\/www.deanreed.de\/AmericanRebel\/2017\/author\/redaktion\/\"}]}<\/script>\n<!-- \/ Yoast SEO plugin. -->","yoast_head_json":{"title":"- Spanien, ein Land zwischen Zorn, Ohnmacht und Gewalt. Teil 2 &ndash; Onlinezeitung AmericanRebel","robots":{"index":"index","follow":"follow","max-snippet":"max-snippet:-1","max-image-preview":"max-image-preview:large","max-video-preview":"max-video-preview:-1"},"canonical":"http:\/\/www.deanreed.de\/AmericanRebel\/2017\/2018\/08\/25\/15992\/","og_locale":"de_DE","og_type":"article","og_title":"- Spanien, ein Land zwischen Zorn, Ohnmacht und Gewalt. Teil 2 &ndash; Onlinezeitung AmericanRebel","og_description":"Jairo G\u00f3mez Spanien, ein Land zwischen Zorn, Ohnmacht und Gewalt, Teil 2 The Carabanchel Ten Der Morgen des 20. Dezember 1973. Spanien stand unter Schock, Admiral Lu\u00eds Carrero Blanco, der Regierungschef, war bei einem Bombenattentat get\u00f6tet worden. Niemand wusste wie [&hellip;]&darr; Lese den Rest von diesem Eintrag...","og_url":"http:\/\/www.deanreed.de\/AmericanRebel\/2017\/2018\/08\/25\/15992\/","og_site_name":"Onlinezeitung AmericanRebel","article_published_time":"2018-08-25T17:42:55+00:00","article_modified_time":"2018-10-22T11:05:32+00:00","og_image":[{"url":"http:\/\/www.deanreed.de\/AmericanRebel\/2017\/wp-content\/uploads\/2016\/03\/Jairo-Go\u0301mez.jpg"}],"twitter_card":"summary_large_image","twitter_misc":{"Verfasst von":"Redaktion","Gesch\u00e4tzte Lesezeit":"10\u00a0Minuten"},"schema":{"@context":"https:\/\/schema.org","@graph":[{"@type":"WebSite","@id":"https:\/\/www.deanreed.de\/AmericanRebel\/2017\/#website","url":"https:\/\/www.deanreed.de\/AmericanRebel\/2017\/","name":"Onlinezeitung AmericanRebel","description":"Internationale Onlinezeitung f\u00fcr Frieden, Humanismus, V\u00f6lkerverst\u00e4ndigung und Kultur","potentialAction":[{"@type":"SearchAction","target":{"@type":"EntryPoint","urlTemplate":"https:\/\/www.deanreed.de\/AmericanRebel\/2017\/?s={search_term_string}"},"query-input":"required name=search_term_string"}],"inLanguage":"de"},{"@type":"ImageObject","@id":"http:\/\/www.deanreed.de\/AmericanRebel\/2017\/2018\/08\/25\/15992\/#primaryimage","inLanguage":"de","url":"http:\/\/www.deanreed.de\/AmericanRebel\/2017\/wp-content\/uploads\/2016\/03\/Jairo-Go\u0301mez.jpg","contentUrl":"http:\/\/www.deanreed.de\/AmericanRebel\/2017\/wp-content\/uploads\/2016\/03\/Jairo-Go\u0301mez.jpg","width":100,"height":150,"caption":"Jairo Go\u0301mez"},{"@type":"WebPage","@id":"http:\/\/www.deanreed.de\/AmericanRebel\/2017\/2018\/08\/25\/15992\/#webpage","url":"http:\/\/www.deanreed.de\/AmericanRebel\/2017\/2018\/08\/25\/15992\/","name":"- Spanien, ein Land zwischen Zorn, Ohnmacht und Gewalt. Teil 2 &ndash; Onlinezeitung AmericanRebel","isPartOf":{"@id":"https:\/\/www.deanreed.de\/AmericanRebel\/2017\/#website"},"primaryImageOfPage":{"@id":"http:\/\/www.deanreed.de\/AmericanRebel\/2017\/2018\/08\/25\/15992\/#primaryimage"},"datePublished":"2018-08-25T17:42:55+00:00","dateModified":"2018-10-22T11:05:32+00:00","author":{"@id":"https:\/\/www.deanreed.de\/AmericanRebel\/2017\/#\/schema\/person\/9edfca7917cd10b75edaae51c6e7935a"},"breadcrumb":{"@id":"http:\/\/www.deanreed.de\/AmericanRebel\/2017\/2018\/08\/25\/15992\/#breadcrumb"},"inLanguage":"de","potentialAction":[{"@type":"ReadAction","target":["http:\/\/www.deanreed.de\/AmericanRebel\/2017\/2018\/08\/25\/15992\/"]}]},{"@type":"BreadcrumbList","@id":"http:\/\/www.deanreed.de\/AmericanRebel\/2017\/2018\/08\/25\/15992\/#breadcrumb","itemListElement":[{"@type":"ListItem","position":1,"name":"Startseite","item":"https:\/\/www.deanreed.de\/AmericanRebel\/2017\/"},{"@type":"ListItem","position":2,"name":"&#8211; Spanien, ein Land zwischen Zorn, Ohnmacht und Gewalt. Teil 2"}]},{"@type":"Person","@id":"https:\/\/www.deanreed.de\/AmericanRebel\/2017\/#\/schema\/person\/9edfca7917cd10b75edaae51c6e7935a","name":"Redaktion","url":"http:\/\/www.deanreed.de\/AmericanRebel\/2017\/author\/redaktion\/"}]}},"_links":{"self":[{"href":"http:\/\/www.deanreed.de\/AmericanRebel\/2017\/wp-json\/wp\/v2\/posts\/15992"}],"collection":[{"href":"http:\/\/www.deanreed.de\/AmericanRebel\/2017\/wp-json\/wp\/v2\/posts"}],"about":[{"href":"http:\/\/www.deanreed.de\/AmericanRebel\/2017\/wp-json\/wp\/v2\/types\/post"}],"author":[{"embeddable":true,"href":"http:\/\/www.deanreed.de\/AmericanRebel\/2017\/wp-json\/wp\/v2\/users\/2"}],"replies":[{"embeddable":true,"href":"http:\/\/www.deanreed.de\/AmericanRebel\/2017\/wp-json\/wp\/v2\/comments?post=15992"}],"version-history":[{"count":0,"href":"http:\/\/www.deanreed.de\/AmericanRebel\/2017\/wp-json\/wp\/v2\/posts\/15992\/revisions"}],"wp:attachment":[{"href":"http:\/\/www.deanreed.de\/AmericanRebel\/2017\/wp-json\/wp\/v2\/media?parent=15992"}],"wp:term":[{"taxonomy":"category","embeddable":true,"href":"http:\/\/www.deanreed.de\/AmericanRebel\/2017\/wp-json\/wp\/v2\/categories?post=15992"},{"taxonomy":"post_tag","embeddable":true,"href":"http:\/\/www.deanreed.de\/AmericanRebel\/2017\/wp-json\/wp\/v2\/tags?post=15992"}],"curies":[{"name":"wp","href":"https:\/\/api.w.org\/{rel}","templated":true}]}}