{"id":15703,"date":"2018-08-16T01:36:43","date_gmt":"2018-08-15T23:36:43","guid":{"rendered":"http:\/\/www.deanreed.de\/AmericanRebel\/2017\/?p=15703"},"modified":"2018-11-15T16:14:41","modified_gmt":"2018-11-15T15:14:41","slug":"klassenkampf-imperialismus-vietkong-woerter-sprache-herrschaft","status":"publish","type":"post","link":"http:\/\/www.deanreed.de\/AmericanRebel\/2017\/2018\/08\/16\/klassenkampf-imperialismus-vietkong-woerter-sprache-herrschaft\/","title":{"rendered":"&#8211; Klassenkampf, Imperialismus, Vietkong, W\u00f6rter, Sprache, Herrschaft"},"content":{"rendered":"<table width=\"663\">\n<tbody>\n<tr>\n<td><a href=\"http:\/\/www.deanreed.de\/AmericanRebel\/2017\/?p=15038\" target=\"_blank\" rel=\"noopener\">Volkskorrespondent<\/a><\/p>\n<h4>Leander Sukov<br \/>\n<span style=\"color: #ffffff;\">.<\/span><\/h4>\n<h2><strong>Klassenkampf, Imperialismus, Vietkong,<br \/>\n<\/strong><strong>W\u00f6rter, Sprache, Herrschaft<\/strong><\/h2>\n<\/td>\n<td><img loading=\"lazy\" class=\"wp-image-14973 alignright\" src=\"http:\/\/www.deanreed.de\/AmericanRebel\/2017\/wp-content\/uploads\/2018\/07\/VK_end_113.png\" alt=\"\" width=\"90\" height=\"90\" \/><\/td>\n<\/tr>\n<\/tbody>\n<\/table>\n<div id=\"attachment_207\" style=\"width: 110px\" class=\"wp-caption alignleft\"><img aria-describedby=\"caption-attachment-207\" loading=\"lazy\" class=\"size-full wp-image-207\" src=\"http:\/\/www.deanreed.de\/AmericanRebel\/vk\/wp-content\/uploads\/2035\/01\/Leander-Sukov.jpg\" alt=\"\" width=\"100\" height=\"150\" \/><p id=\"caption-attachment-207\" class=\"wp-caption-text\"><span style=\"color: #808080;\">Leander Sukov<\/span><\/p><\/div>\n<p style=\"text-align: justify;\">Auf ARTE l\u00e4uft ein Bericht \u00fcber den Vietnamkrieg. Und das bringt mich zu einem Problem, das ich immer mit zunehmender Deutlichkeit sehe, dessen Umfang ich jedoch nicht umfassen kann und dessen Ebenen ich kaum kenne.<\/p>\n<p style=\"text-align: justify;\">Wir, die Linken aller Schattierungen, haben in den Jahren nach 1989 unsere Sprache und unsere Geschichte in erheblichem Ma\u00dfe verloren. Bis in die radikale Linke hinein haben viele von uns die Deutungen des Klassengegners, des westlichen Imperialismus und, resp. oder, der westlichen b\u00fcrgerlichen Geschichtswissenschaft \u00fcbernommen. Aus dem Vietkong ist auch in gro\u00dfen Teilen der Linken ein Aggressor geworden, der demokratiefeindlich agiert hat und den die Linke nicht h\u00e4tte unterst\u00fctzten d\u00fcrfen. Aus der sozialistischen Regierung der Kleinstnation Grenada, die von einem Trupp GIs rechtswidrig abgesetzt wurde, ist ein Haufen irrer Kiffer geworden. Selbst die Unidad Popular und Salvador Allende wird als demokratischer Sozialist in Frage gestellt. All \u00fcber all auf den Diskursspitzen sehe ich rechte Professoren sitzen.<\/p>\n<p style=\"text-align: justify;\">Der Reformismus, der fr\u00fcher immerhin noch ernsthaft nach vorn wollte und durchaus aus den Sozialismus m\u00fcht sich ab den Sozialstaat Erhardts zur\u00fcck zu gewinnen und die &#8222;Ostpolitik&#8220; Willy Brandts zu revitalisieren. Man will nicht mal mehr den Kapitalismus neu tapezieren, jetzt reicht schon die Verabredung zum Staubwischen um als Saubermensch zu gelten.<\/p>\n<p style=\"text-align: justify;\">Die nationalen Befreiungsk\u00e4mpfe, die allesamt antikolonialistische K\u00e4mpfe waren, von Irland bis Angola, sind Teilen der Linken schon deshalb verd\u00e4chtig, weil sie national waren. Die Ablehnung us-amerikanischer Gewaltpolitik und die Ausdehnung der territorialen Hegemonie durch Milit\u00e4rst\u00fctzpunkte gilt einigen als Antiamerikanismus.<\/p>\n<p style=\"text-align: justify;\">In nicht unerheblichem Ma\u00dfe ist die Linke unter die neoliberalen R\u00e4der gekommen und dem M\u00e4rchen von einer einer postmodernen Welt aufgesessen, deren Inneres man gar nicht erkennen k\u00f6nnte.<\/p>\n<p style=\"text-align: justify;\">Wir m\u00fcssen aber unsere Geschichtsschreibung, unsere Sprache, unsere Ziele und unsere Utopien wieder gewinnen. Nat\u00fcrlich eine wahrhaftige. Denn nat\u00fcrlich ist ein Problem, dass die Geschichtsschreibung der sozialistischen Staaten oft, viel zu oft, falsch, verlogen, verbogen und gegen die Realit\u00e4t gerichtet war. Aus taktischen und strategischen Erw\u00e4gungen wurde auch dort gelogen. Diese L\u00fcgen sind wir los. Sie sind versunken. Weshalb zum Teufel bem\u00fchen wir uns nicht die anderen, die westlichen L\u00fcgen auch loszuwerden?<\/p>\n<p style=\"text-align: justify;\">Das alles ist, ohne Frage und notwendigerweise sehr verk\u00fcrzt, missverst\u00e4ndlich, unvollst\u00e4ndig. Deshalb m\u00fcssen wir uns die Arbeit machen, die Lage zu analysieren ohne dabei in die Fangnetze der b\u00fcrgerlichen Geisteswissenschaften zu geraten. Wir m\u00fcssen das schaffen, oder die Linke wird nichts als ein bunter Tupfer auf dem Einerlei des Kapitalismus sein.<br \/>\n<span style=\"font-size: 10pt; color: #ffffff;\">.<\/span><\/p>\n<blockquote>\n<p style=\"text-align: center;\"><span style=\"font-size: 10pt;\">F\u00fcr den Inhalt dieses Artikels ist der Autor bzw. die Autorin verantwortlich.<\/span><br \/>\n<span style=\"font-size: 10pt;\">Dabei muss es sich nicht grunds\u00e4tzlich um die Meinung der Redaktion handeln.<\/span><\/p>\n<\/blockquote>\n<table width=\"670\">\n<tbody>\n<tr>\n<td><img loading=\"lazy\" class=\"alignleft size-full wp-image-7516\" src=\"http:\/\/www.deanreed.de\/AmericanRebel\/2017\/wp-content\/uploads\/2018\/10\/88x31.png\" alt=\"\" width=\"88\" height=\"31\" \/><span style=\"font-size: 10pt;\">Dieses Werk ist lizenziert unter einer <a href=\"https:\/\/creativecommons.org\/licenses\/by-nc-nd\/4.0\/\" target=\"_blank\" rel=\"license noopener\">Creative Commons Namensnennung &#8211;<br \/>\nNicht kommerziell &#8211; Keine Bearbeitungen 4.0 International Lizenz<\/a>.<\/span><\/td>\n<\/tr>\n<\/tbody>\n<\/table>\n<table class=\" alignleft\" width=\"987\">\n<tbody>\n<tr>\n<td>\n<form action=\"https:\/\/www.paypal.com\/cgi-bin\/webscr\" method=\"post\" target=\"_top\"><span style=\"color: #993300;\"><input alt=\"Jetzt einfach, schnell und sicher online bezahlen \u2013 mit PayPal.\" name=\"submit\" src=\"https:\/\/www.paypalobjects.com\/de_DE\/DE\/i\/btn\/btn_donateCC_LG.gif\" type=\"image\" \/><\/span><\/form>\n<\/td>\n<td><span style=\"color: #993300;\"><strong>Auch linker Journalismus ist nicht kostenlos<br \/>\nund auch kleine Spenden k\u00f6nnen helfen Gro\u00dfes zu ver\u00f6ffentlichen!<\/strong><\/span><\/td>\n<\/tr>\n<\/tbody>\n<\/table>\n<p>&nbsp;<\/p>\n<p><a title=\"zur Startseite\" href=\"http:\/\/www.americanrebel.de\/\"><img loading=\"lazy\" class=\"alignleft\" src=\"http:\/\/www.deanreed.de\/AmericanRebel\/2017\/wp-content\/uploads\/2017\/03\/back_ar.png\" alt=\"zur\u00fcck zur Startseite\" width=\"156\" height=\"15\" \/><\/a><a href=\"https:\/\/www.facebook.com\/groups\/1683837971860223\/permalink\/1987214344855916\/\" target=\"_blank\" rel=\"noopener noreferrer\"><img loading=\"lazy\" class=\"alignright\" src=\"http:\/\/www.deanreed.de\/AmericanRebel\/2017\/wp-content\/uploads\/2017\/03\/ar_zu_fb.png\" alt=\"\" width=\"353\" height=\"15\" \/><\/a><\/p>\n<p><a href=\"http:\/\/www.deanreed.de\/AmericanRebel\/2017\/?p=15703#respond\" target=\"_blank\" rel=\"noopener noreferrer\"><img loading=\"lazy\" class=\"aligncenter\" src=\"http:\/\/www.deanreed.de\/AmericanRebel\/2017\/wp-content\/uploads\/2017\/03\/ar_kommentar-1.png\" alt=\"Sag uns deine Meinung zum Artikel mit einem Kommentar\/Leserbrief\" width=\"627\" height=\"20\" \/><\/a><\/p>\n","protected":false},"excerpt":{"rendered":"<p>Volkskorrespondent Leander Sukov . Klassenkampf, Imperialismus, Vietkong, W\u00f6rter, Sprache, Herrschaft Auf ARTE l\u00e4uft ein Bericht \u00fcber den Vietnamkrieg. Und das bringt mich zu einem Problem, das ich immer mit zunehmender Deutlichkeit sehe, dessen Umfang ich jedoch nicht umfassen kann und [&hellip;]<a class=\"more-link\" href=\"http:\/\/www.deanreed.de\/AmericanRebel\/2017\/2018\/08\/16\/klassenkampf-imperialismus-vietkong-woerter-sprache-herrschaft\/\">&darr; Lese den Rest von diesem Eintrag&#8230;<\/a><\/p>\n","protected":false},"author":2,"featured_media":0,"comment_status":"open","ping_status":"open","sticky":false,"template":"","format":"standard","meta":[],"categories":[209,377],"tags":[1052,1051,1050,1053,1047,1054,263,1048,1049],"yoast_head":"<!-- This site is optimized with the Yoast SEO plugin v17.5 - https:\/\/yoast.com\/wordpress\/plugins\/seo\/ -->\n<title>- Klassenkampf, Imperialismus, Vietkong, W\u00f6rter, Sprache, Herrschaft &ndash; Onlinezeitung AmericanRebel<\/title>\n<meta name=\"robots\" content=\"index, follow, max-snippet:-1, max-image-preview:large, max-video-preview:-1\" \/>\n<link rel=\"canonical\" href=\"https:\/\/www.deanreed.de\/AmericanRebel\/2017\/2018\/08\/16\/klassenkampf-imperialismus-vietkong-woerter-sprache-herrschaft\/\" \/>\n<meta property=\"og:locale\" content=\"de_DE\" \/>\n<meta property=\"og:type\" content=\"article\" \/>\n<meta property=\"og:title\" content=\"- Klassenkampf, Imperialismus, Vietkong, W\u00f6rter, Sprache, Herrschaft &ndash; Onlinezeitung AmericanRebel\" \/>\n<meta property=\"og:description\" content=\"Volkskorrespondent Leander Sukov . Klassenkampf, Imperialismus, Vietkong, W\u00f6rter, Sprache, Herrschaft Auf ARTE l\u00e4uft ein Bericht \u00fcber den Vietnamkrieg. Und das bringt mich zu einem Problem, das ich immer mit zunehmender Deutlichkeit sehe, dessen Umfang ich jedoch nicht umfassen kann und [&hellip;]&darr; Lese den Rest von diesem Eintrag...\" \/>\n<meta property=\"og:url\" content=\"https:\/\/www.deanreed.de\/AmericanRebel\/2017\/2018\/08\/16\/klassenkampf-imperialismus-vietkong-woerter-sprache-herrschaft\/\" \/>\n<meta property=\"og:site_name\" content=\"Onlinezeitung AmericanRebel\" \/>\n<meta property=\"article:published_time\" content=\"2018-08-15T23:36:43+00:00\" \/>\n<meta property=\"article:modified_time\" content=\"2018-11-15T15:14:41+00:00\" \/>\n<meta property=\"og:image\" content=\"http:\/\/www.deanreed.de\/AmericanRebel\/2017\/wp-content\/uploads\/2018\/07\/VK_end_113.png\" \/>\n<meta name=\"twitter:card\" content=\"summary_large_image\" \/>\n<meta name=\"twitter:label1\" content=\"Verfasst von\" \/>\n\t<meta name=\"twitter:data1\" content=\"Redaktion\" \/>\n\t<meta name=\"twitter:label2\" content=\"Gesch\u00e4tzte Lesezeit\" \/>\n\t<meta name=\"twitter:data2\" content=\"3\u00a0Minuten\" \/>\n<script type=\"application\/ld+json\" class=\"yoast-schema-graph\">{\"@context\":\"https:\/\/schema.org\",\"@graph\":[{\"@type\":\"WebSite\",\"@id\":\"https:\/\/www.deanreed.de\/AmericanRebel\/2017\/#website\",\"url\":\"https:\/\/www.deanreed.de\/AmericanRebel\/2017\/\",\"name\":\"Onlinezeitung AmericanRebel\",\"description\":\"Internationale Onlinezeitung f\\u00fcr Frieden, Humanismus, V\\u00f6lkerverst\\u00e4ndigung und Kultur\",\"potentialAction\":[{\"@type\":\"SearchAction\",\"target\":{\"@type\":\"EntryPoint\",\"urlTemplate\":\"https:\/\/www.deanreed.de\/AmericanRebel\/2017\/?s={search_term_string}\"},\"query-input\":\"required name=search_term_string\"}],\"inLanguage\":\"de\"},{\"@type\":\"ImageObject\",\"@id\":\"https:\/\/www.deanreed.de\/AmericanRebel\/2017\/2018\/08\/16\/klassenkampf-imperialismus-vietkong-woerter-sprache-herrschaft\/#primaryimage\",\"inLanguage\":\"de\",\"url\":\"http:\/\/www.deanreed.de\/AmericanRebel\/2017\/wp-content\/uploads\/2018\/07\/VK_end_113.png\",\"contentUrl\":\"http:\/\/www.deanreed.de\/AmericanRebel\/2017\/wp-content\/uploads\/2018\/07\/VK_end_113.png\",\"width\":113,\"height\":113},{\"@type\":\"WebPage\",\"@id\":\"https:\/\/www.deanreed.de\/AmericanRebel\/2017\/2018\/08\/16\/klassenkampf-imperialismus-vietkong-woerter-sprache-herrschaft\/#webpage\",\"url\":\"https:\/\/www.deanreed.de\/AmericanRebel\/2017\/2018\/08\/16\/klassenkampf-imperialismus-vietkong-woerter-sprache-herrschaft\/\",\"name\":\"- Klassenkampf, Imperialismus, Vietkong, W\\u00f6rter, Sprache, Herrschaft &ndash; Onlinezeitung AmericanRebel\",\"isPartOf\":{\"@id\":\"https:\/\/www.deanreed.de\/AmericanRebel\/2017\/#website\"},\"primaryImageOfPage\":{\"@id\":\"https:\/\/www.deanreed.de\/AmericanRebel\/2017\/2018\/08\/16\/klassenkampf-imperialismus-vietkong-woerter-sprache-herrschaft\/#primaryimage\"},\"datePublished\":\"2018-08-15T23:36:43+00:00\",\"dateModified\":\"2018-11-15T15:14:41+00:00\",\"author\":{\"@id\":\"https:\/\/www.deanreed.de\/AmericanRebel\/2017\/#\/schema\/person\/9edfca7917cd10b75edaae51c6e7935a\"},\"breadcrumb\":{\"@id\":\"https:\/\/www.deanreed.de\/AmericanRebel\/2017\/2018\/08\/16\/klassenkampf-imperialismus-vietkong-woerter-sprache-herrschaft\/#breadcrumb\"},\"inLanguage\":\"de\",\"potentialAction\":[{\"@type\":\"ReadAction\",\"target\":[\"https:\/\/www.deanreed.de\/AmericanRebel\/2017\/2018\/08\/16\/klassenkampf-imperialismus-vietkong-woerter-sprache-herrschaft\/\"]}]},{\"@type\":\"BreadcrumbList\",\"@id\":\"https:\/\/www.deanreed.de\/AmericanRebel\/2017\/2018\/08\/16\/klassenkampf-imperialismus-vietkong-woerter-sprache-herrschaft\/#breadcrumb\",\"itemListElement\":[{\"@type\":\"ListItem\",\"position\":1,\"name\":\"Startseite\",\"item\":\"https:\/\/www.deanreed.de\/AmericanRebel\/2017\/\"},{\"@type\":\"ListItem\",\"position\":2,\"name\":\"&#8211; Klassenkampf, Imperialismus, Vietkong, W\\u00f6rter, Sprache, Herrschaft\"}]},{\"@type\":\"Person\",\"@id\":\"https:\/\/www.deanreed.de\/AmericanRebel\/2017\/#\/schema\/person\/9edfca7917cd10b75edaae51c6e7935a\",\"name\":\"Redaktion\",\"url\":\"http:\/\/www.deanreed.de\/AmericanRebel\/2017\/author\/redaktion\/\"}]}<\/script>\n<!-- \/ Yoast SEO plugin. -->","yoast_head_json":{"title":"- Klassenkampf, Imperialismus, Vietkong, W\u00f6rter, Sprache, Herrschaft &ndash; Onlinezeitung AmericanRebel","robots":{"index":"index","follow":"follow","max-snippet":"max-snippet:-1","max-image-preview":"max-image-preview:large","max-video-preview":"max-video-preview:-1"},"canonical":"https:\/\/www.deanreed.de\/AmericanRebel\/2017\/2018\/08\/16\/klassenkampf-imperialismus-vietkong-woerter-sprache-herrschaft\/","og_locale":"de_DE","og_type":"article","og_title":"- Klassenkampf, Imperialismus, Vietkong, W\u00f6rter, Sprache, Herrschaft &ndash; Onlinezeitung AmericanRebel","og_description":"Volkskorrespondent Leander Sukov . Klassenkampf, Imperialismus, Vietkong, W\u00f6rter, Sprache, Herrschaft Auf ARTE l\u00e4uft ein Bericht \u00fcber den Vietnamkrieg. Und das bringt mich zu einem Problem, das ich immer mit zunehmender Deutlichkeit sehe, dessen Umfang ich jedoch nicht umfassen kann und [&hellip;]&darr; Lese den Rest von diesem Eintrag...","og_url":"https:\/\/www.deanreed.de\/AmericanRebel\/2017\/2018\/08\/16\/klassenkampf-imperialismus-vietkong-woerter-sprache-herrschaft\/","og_site_name":"Onlinezeitung AmericanRebel","article_published_time":"2018-08-15T23:36:43+00:00","article_modified_time":"2018-11-15T15:14:41+00:00","og_image":[{"url":"http:\/\/www.deanreed.de\/AmericanRebel\/2017\/wp-content\/uploads\/2018\/07\/VK_end_113.png"}],"twitter_card":"summary_large_image","twitter_misc":{"Verfasst von":"Redaktion","Gesch\u00e4tzte Lesezeit":"3\u00a0Minuten"},"schema":{"@context":"https:\/\/schema.org","@graph":[{"@type":"WebSite","@id":"https:\/\/www.deanreed.de\/AmericanRebel\/2017\/#website","url":"https:\/\/www.deanreed.de\/AmericanRebel\/2017\/","name":"Onlinezeitung AmericanRebel","description":"Internationale Onlinezeitung f\u00fcr Frieden, Humanismus, V\u00f6lkerverst\u00e4ndigung und Kultur","potentialAction":[{"@type":"SearchAction","target":{"@type":"EntryPoint","urlTemplate":"https:\/\/www.deanreed.de\/AmericanRebel\/2017\/?s={search_term_string}"},"query-input":"required name=search_term_string"}],"inLanguage":"de"},{"@type":"ImageObject","@id":"https:\/\/www.deanreed.de\/AmericanRebel\/2017\/2018\/08\/16\/klassenkampf-imperialismus-vietkong-woerter-sprache-herrschaft\/#primaryimage","inLanguage":"de","url":"http:\/\/www.deanreed.de\/AmericanRebel\/2017\/wp-content\/uploads\/2018\/07\/VK_end_113.png","contentUrl":"http:\/\/www.deanreed.de\/AmericanRebel\/2017\/wp-content\/uploads\/2018\/07\/VK_end_113.png","width":113,"height":113},{"@type":"WebPage","@id":"https:\/\/www.deanreed.de\/AmericanRebel\/2017\/2018\/08\/16\/klassenkampf-imperialismus-vietkong-woerter-sprache-herrschaft\/#webpage","url":"https:\/\/www.deanreed.de\/AmericanRebel\/2017\/2018\/08\/16\/klassenkampf-imperialismus-vietkong-woerter-sprache-herrschaft\/","name":"- Klassenkampf, Imperialismus, Vietkong, W\u00f6rter, Sprache, Herrschaft &ndash; Onlinezeitung AmericanRebel","isPartOf":{"@id":"https:\/\/www.deanreed.de\/AmericanRebel\/2017\/#website"},"primaryImageOfPage":{"@id":"https:\/\/www.deanreed.de\/AmericanRebel\/2017\/2018\/08\/16\/klassenkampf-imperialismus-vietkong-woerter-sprache-herrschaft\/#primaryimage"},"datePublished":"2018-08-15T23:36:43+00:00","dateModified":"2018-11-15T15:14:41+00:00","author":{"@id":"https:\/\/www.deanreed.de\/AmericanRebel\/2017\/#\/schema\/person\/9edfca7917cd10b75edaae51c6e7935a"},"breadcrumb":{"@id":"https:\/\/www.deanreed.de\/AmericanRebel\/2017\/2018\/08\/16\/klassenkampf-imperialismus-vietkong-woerter-sprache-herrschaft\/#breadcrumb"},"inLanguage":"de","potentialAction":[{"@type":"ReadAction","target":["https:\/\/www.deanreed.de\/AmericanRebel\/2017\/2018\/08\/16\/klassenkampf-imperialismus-vietkong-woerter-sprache-herrschaft\/"]}]},{"@type":"BreadcrumbList","@id":"https:\/\/www.deanreed.de\/AmericanRebel\/2017\/2018\/08\/16\/klassenkampf-imperialismus-vietkong-woerter-sprache-herrschaft\/#breadcrumb","itemListElement":[{"@type":"ListItem","position":1,"name":"Startseite","item":"https:\/\/www.deanreed.de\/AmericanRebel\/2017\/"},{"@type":"ListItem","position":2,"name":"&#8211; Klassenkampf, Imperialismus, Vietkong, W\u00f6rter, Sprache, Herrschaft"}]},{"@type":"Person","@id":"https:\/\/www.deanreed.de\/AmericanRebel\/2017\/#\/schema\/person\/9edfca7917cd10b75edaae51c6e7935a","name":"Redaktion","url":"http:\/\/www.deanreed.de\/AmericanRebel\/2017\/author\/redaktion\/"}]}},"_links":{"self":[{"href":"http:\/\/www.deanreed.de\/AmericanRebel\/2017\/wp-json\/wp\/v2\/posts\/15703"}],"collection":[{"href":"http:\/\/www.deanreed.de\/AmericanRebel\/2017\/wp-json\/wp\/v2\/posts"}],"about":[{"href":"http:\/\/www.deanreed.de\/AmericanRebel\/2017\/wp-json\/wp\/v2\/types\/post"}],"author":[{"embeddable":true,"href":"http:\/\/www.deanreed.de\/AmericanRebel\/2017\/wp-json\/wp\/v2\/users\/2"}],"replies":[{"embeddable":true,"href":"http:\/\/www.deanreed.de\/AmericanRebel\/2017\/wp-json\/wp\/v2\/comments?post=15703"}],"version-history":[{"count":0,"href":"http:\/\/www.deanreed.de\/AmericanRebel\/2017\/wp-json\/wp\/v2\/posts\/15703\/revisions"}],"wp:attachment":[{"href":"http:\/\/www.deanreed.de\/AmericanRebel\/2017\/wp-json\/wp\/v2\/media?parent=15703"}],"wp:term":[{"taxonomy":"category","embeddable":true,"href":"http:\/\/www.deanreed.de\/AmericanRebel\/2017\/wp-json\/wp\/v2\/categories?post=15703"},{"taxonomy":"post_tag","embeddable":true,"href":"http:\/\/www.deanreed.de\/AmericanRebel\/2017\/wp-json\/wp\/v2\/tags?post=15703"}],"curies":[{"name":"wp","href":"https:\/\/api.w.org\/{rel}","templated":true}]}}