{"id":136,"date":"2017-01-02T05:17:13","date_gmt":"2017-01-02T04:17:13","guid":{"rendered":"http:\/\/www.deanreed.de\/AmericanRebel\/2017\/?p=136"},"modified":"2017-04-29T19:26:12","modified_gmt":"2017-04-29T17:26:12","slug":"gegen-rechts-ist-nicht-genug","status":"publish","type":"post","link":"http:\/\/www.deanreed.de\/AmericanRebel\/2017\/2017\/01\/02\/gegen-rechts-ist-nicht-genug\/","title":{"rendered":"Gegen rechts ist nicht genug"},"content":{"rendered":"<h4><strong>Ina M\u00f6ller<\/strong><\/h4>\n<h2><strong>Gegen rechst ist nicht genug<br \/>\n<\/strong><\/h2>\n<h4><strong>Sozialistische Alternative erk\u00e4mpfen<\/strong><\/h4>\n<div id=\"attachment_1650\" style=\"width: 110px\" class=\"wp-caption alignleft\"><img aria-describedby=\"caption-attachment-1650\" loading=\"lazy\" class=\"size-full wp-image-1650\" src=\"http:\/\/www.deanreed.de\/AmericanRebel\/2017\/wp-content\/uploads\/2017\/03\/Ina_Moeller.jpg\" alt=\"\" width=\"100\" height=\"150\" \/><p id=\"caption-attachment-1650\" class=\"wp-caption-text\"><span style=\"color: #808080;\">Ina M\u00f6ller<\/span><\/p><\/div>\n<p style=\"text-align: justify;\"><strong>Die Redaktion American Rebel und das Dean-Reed-Websiteteam unterst\u00fctzen die XXII. Internationale Rosa-<wbr \/>Luxemburg-Konferenz in Berlin. Sie wird am 14. Januar 2017, erstmals im Mercure Hotel MOA in der Stephanstra\u00dfe 41 in Berlin-Moabit, stattfinden.<\/strong><\/p>\n<p class=\"block\" style=\"text-align: justify;\">Seit 1996 findet jeweils am zweiten Samstag im Januar die Internationale Rosa-Luxemburg-Konferenz in Berlin statt. Initiiert wurde sie von der \u00fcberregionalen marxistischen parteiunabh\u00e4ngigen Tageszeitung junge Welt. Schwerpunkt der Veranstal\u00adtung sind Vortr\u00e4ge und Diskussionen zu Erfahrungen, Analysen und Aktivit\u00e4ten linker Bewegungen und Parteien weltweit sowie der Austausch zu Entwicklungen und politischen K\u00e4mpfen in Deutschland.<\/p>\n<p class=\"block\" style=\"text-align: justify;\">Auf der Rosa-Luxemburg-Konferenz treffen sich regelm\u00e4\u00dfig mehr als 2.000 Menschen unterschiedlicher Herkunft und je\u00adden Alters, um \u00fcber die Aktualit\u00e4t des Werkes von Rosa Luxemburg, \u00fcber linke Theorie und Politik, Geschichte und Gegen\u00adwart antiimperialistischer Bewegungen und Perspektiven gesellschaftlicher Ver\u00e4nderungen zu diskutieren. Vortragende wie Besucher der Konferenz kommen aus unterschiedlichen politischen Zusammenh\u00e4ngen oder sind unorganisiert. Alle eint die Suche nach Wegen, die m\u00f6rderische neoliberale Entwicklung zu durchbrechen, der Wille, den Kapitalismus zu \u00fcberwinden und die Einsicht in die Notwendigkeit einer sozialistischen Perspektive. Es ist kein Zufall, dass das Spektrum der Konferenzbesucher dem der Leserschaft der jungen Welt entspricht.<\/p>\n<p class=\"block\" style=\"text-align: justify;\">Bewusst werden vor allem internationale G\u00e4ste zum Vortrag eingeladen, aus Deutschland kommt gew\u00f6hnlich nur ein Referent, eine Referentin. Sprachbarrieren werden per Simultan\u00fcbersetzung \u00fcberwunden, Konferenzsprachen sind in der Regel Englisch, Spanisch und Deutsch. An Info-St\u00e4nden stellen sich zudem \u00fcber 30 Organisationen, Parteien und Verlage vor. Am Tag nach der Konferenz findet in Berlin die gro\u00dfe Demonstration zu Ehren von Rosa Luxemburg und Karl Liebknecht statt. Viele Besucher verbinden beide Termine miteinander.<\/p>\n<p class=\"block\" style=\"text-align: justify;\">Die Rosa-Luxemburg-Konferenz wird von der Tageszeitung junge Welt veranstaltet, unterst\u00fctzt von Gewerkschaften, linken Medien und Organisationen.<\/p>\n<p class=\"block\" style=\"text-align: justify;\">Die junge Welt berichtet <a href=\"http:\/\/www.jungewelt.de\/\" target=\"_blank\" rel=\"noopener noreferrer\">online<\/a> und in der gedruckten Ausgabe von der Konferenz, die Referate werden in einer Beilage publiziert. Die Veranstaltung wird auch in einer Brosch\u00fcre dokumentiert.<\/p>\n<p class=\"vorspann\" style=\"text-align: justify;\"><strong>Die Redaktion www.AmericanRebel.de wird mit einem Infostand dabei sein und freut sich darauf, dort viele Leser\/innen von American Rebel begr\u00fc\u00dfen zu k\u00f6nnen.<\/strong><br \/>\n<strong> Wir bitten um Unterst\u00fctzung bei der Standbetreuung, bitte meldet Euch per eMail: AmericanRebel@gmx.net<\/strong><\/p>\n<p class=\"vorspann\" style=\"text-align: justify;\"><strong>Weitere Infos findet ihr <a href=\"http:\/\/www.rosa-luxemburg-konferenz.de\/de\/\" target=\"_blank\" rel=\"noopener noreferrer\">&gt;&gt;&gt; hier<br \/>\n<\/a><\/strong><\/p>\n<p>&nbsp;<\/p>\n<h3 style=\"text-align: justify;\">Standing up against rightist is not enough &#8211; Winning socialist Alternatives<\/h3>\n<p class=\"vorspann\" style=\"text-align: justify;\"><strong>The Editorial Teams of American Rebel and Dean-Reed-Website support the XXII. International Rosa-Luxemburg-Conference in Berlin. For the first time the Conference will take place in Mercure Hotel MOA at Stephanstr. 41 in Berlin-Moabit.<\/strong><\/p>\n<p class=\"block\" style=\"text-align: justify;\">Since 1996 the International Rosa-Luxemburg-Conference proceeds on the second weekend in Berlin, initiated by the independent Marxist daily newspaper junge Welt (young World). Major points of the event are the discourse about experiences, analyses, and activities of left movements and parties throughout the world as well as communication about developments and political struggle in Germany.<\/p>\n<p class=\"block\" style=\"text-align: justify;\">The Rosa-Luxemberg-Conference is a meeting of more than 2,000 people of different backgrounds and of every age to discuss the actuality of Rosa Luxemberg&#8217;s works, left theory and policies, past and presence of anti-imperialistic movements, and prospects for social changes. Speakers as well as visitors come from different nexus or are unorganized, united by the wish to find ways to break the murderous neoliberal downswing &#8211; the will to overcome capitalism and the conclusion of need for a socialist outlook. It&#8217;s not by chance that the range of conference participants is reflecting the junge welt&#8217;s readership.<\/p>\n<p class=\"block\" style=\"text-align: justify;\">First, international lecturers will be invited, usually only one speaker is from Germany. Language barriers are hurdled by simultaneous translation. Conference languages regularly are English, Spanish, and German. More than 30 organizations, parties and publishing houses are presenting themselves at Information Desks. On Sunday after the conference there is a large march in honor of Rosa Luxemburg and Karl Liebknecht. Many visitors combine both events.<\/p>\n<p class=\"block\" style=\"text-align: justify;\">The Rosa-Luxemberg-Conference is hosted by daily newspaper junge Welt, supported by trade unions, left media, and left groups.<\/p>\n<p class=\"block\" style=\"text-align: justify;\">junge Welt is documenting the conference with <a href=\"http:\/\/www.jungewelt.de\/\" target=\"_blank\" rel=\"noopener noreferrer\">online<\/a> and print editions, the lectures will be published in a supplement. Also, the whole conference and meeting will be covered by a comprehensive brochure.<\/p>\n<p class=\"vorspann\" style=\"text-align: justify;\"><strong>The Editorial Team of www.AmericanRebel.de will be present at an Info Desk and is looking forward to welcome many of our Readers there. We&#8217;d be grateful for additional assist to support the service at the Info-Desk, please send your emails to: AmericanRebel@gmx.net<\/strong><\/p>\n<p class=\"klein\">Translation: Manfred Englisch<br \/>\n<span style=\"color: #ffffff;\">.<\/span><\/p>\n<p><a title=\"zur Startseite\" href=\"http:\/\/www.americanrebel.de\/\"><img loading=\"lazy\" class=\"alignleft wp-image-1682\" src=\"http:\/\/www.deanreed.de\/AmericanRebel\/2017\/wp-content\/uploads\/2017\/03\/back_ar.png\" alt=\"zur\u00fcck zur Startseite\" width=\"156\" height=\"15\" \/><\/a><a href=\"https:\/\/www.facebook.com\/groups\/1683837971860223\/permalink\/1847835922127093\/?match=Z2VnZW4gcmVjaHRzLHJlY2h0cyxnZWdlbg%3D%3D\" target=\"_blank\" rel=\"noopener noreferrer\"><img loading=\"lazy\" class=\"alignright wp-image-1676\" src=\"http:\/\/www.deanreed.de\/AmericanRebel\/2017\/wp-content\/uploads\/2017\/03\/ar_zu_fb.png\" alt=\"\" width=\"353\" height=\"15\" srcset=\"http:\/\/www.deanreed.de\/AmericanRebel\/2017\/wp-content\/uploads\/2017\/03\/ar_zu_fb.png 470w, http:\/\/www.deanreed.de\/AmericanRebel\/2017\/wp-content\/uploads\/2017\/03\/ar_zu_fb-300x13.png 300w\" sizes=\"(max-width: 353px) 100vw, 353px\" \/><\/a><\/p>\n<p style=\"text-align: justify;\"><a href=\"http:\/\/www.deanreed.de\/AmericanRebel\/2017\/?p=136#respond\"><strong><img loading=\"lazy\" class=\"alignright wp-image-1688\" src=\"http:\/\/www.deanreed.de\/AmericanRebel\/2017\/wp-content\/uploads\/2017\/03\/ar_kommentar-1.png\" alt=\"Sag uns deine Meinung zum Artikel mit einem Kommentar\/Leserbrief\" width=\"627\" height=\"20\" \/><\/strong><\/a><\/p>\n","protected":false},"excerpt":{"rendered":"<p>Ina M\u00f6ller Gegen rechst ist nicht genug Sozialistische Alternative erk\u00e4mpfen Die Redaktion American Rebel und das Dean-Reed-Websiteteam unterst\u00fctzen die XXII. Internationale Rosa-Luxemburg-Konferenz in Berlin. Sie wird am 14. Januar 2017, erstmals im Mercure Hotel MOA in der Stephanstra\u00dfe 41 in [&hellip;]<a class=\"more-link\" href=\"http:\/\/www.deanreed.de\/AmericanRebel\/2017\/2017\/01\/02\/gegen-rechts-ist-nicht-genug\/\">&darr; Lese den Rest von diesem Eintrag&#8230;<\/a><\/p>\n","protected":false},"author":2,"featured_media":0,"comment_status":"open","ping_status":"open","sticky":false,"template":"","format":"standard","meta":[],"categories":[1],"tags":[1183],"yoast_head":"<!-- This site is optimized with the Yoast SEO plugin v17.5 - https:\/\/yoast.com\/wordpress\/plugins\/seo\/ -->\n<title>Gegen rechts ist nicht genug &ndash; Onlinezeitung AmericanRebel<\/title>\n<meta name=\"robots\" content=\"index, follow, max-snippet:-1, max-image-preview:large, max-video-preview:-1\" \/>\n<link rel=\"canonical\" href=\"https:\/\/www.deanreed.de\/AmericanRebel\/2017\/2017\/01\/02\/gegen-rechts-ist-nicht-genug\/\" \/>\n<meta property=\"og:locale\" content=\"de_DE\" \/>\n<meta property=\"og:type\" content=\"article\" \/>\n<meta property=\"og:title\" content=\"Gegen rechts ist nicht genug &ndash; Onlinezeitung AmericanRebel\" \/>\n<meta property=\"og:description\" content=\"Ina M\u00f6ller Gegen rechst ist nicht genug Sozialistische Alternative erk\u00e4mpfen Die Redaktion American Rebel und das Dean-Reed-Websiteteam unterst\u00fctzen die XXII. Internationale Rosa-Luxemburg-Konferenz in Berlin. Sie wird am 14. Januar 2017, erstmals im Mercure Hotel MOA in der Stephanstra\u00dfe 41 in [&hellip;]&darr; Lese den Rest von diesem Eintrag...\" \/>\n<meta property=\"og:url\" content=\"https:\/\/www.deanreed.de\/AmericanRebel\/2017\/2017\/01\/02\/gegen-rechts-ist-nicht-genug\/\" \/>\n<meta property=\"og:site_name\" content=\"Onlinezeitung AmericanRebel\" \/>\n<meta property=\"article:published_time\" content=\"2017-01-02T04:17:13+00:00\" \/>\n<meta property=\"article:modified_time\" content=\"2017-04-29T17:26:12+00:00\" \/>\n<meta property=\"og:image\" content=\"http:\/\/www.deanreed.de\/AmericanRebel\/2017\/wp-content\/uploads\/2017\/03\/Ina_Moeller.jpg\" \/>\n<meta name=\"twitter:card\" content=\"summary_large_image\" \/>\n<meta name=\"twitter:label1\" content=\"Verfasst von\" \/>\n\t<meta name=\"twitter:data1\" content=\"Redaktion\" \/>\n\t<meta name=\"twitter:label2\" content=\"Gesch\u00e4tzte Lesezeit\" \/>\n\t<meta name=\"twitter:data2\" content=\"4\u00a0Minuten\" \/>\n<script type=\"application\/ld+json\" class=\"yoast-schema-graph\">{\"@context\":\"https:\/\/schema.org\",\"@graph\":[{\"@type\":\"WebSite\",\"@id\":\"http:\/\/www.deanreed.de\/AmericanRebel\/2017\/#website\",\"url\":\"http:\/\/www.deanreed.de\/AmericanRebel\/2017\/\",\"name\":\"Onlinezeitung AmericanRebel\",\"description\":\"Internationale Onlinezeitung f\\u00fcr Frieden, Humanismus, V\\u00f6lkerverst\\u00e4ndigung und Kultur\",\"potentialAction\":[{\"@type\":\"SearchAction\",\"target\":{\"@type\":\"EntryPoint\",\"urlTemplate\":\"http:\/\/www.deanreed.de\/AmericanRebel\/2017\/?s={search_term_string}\"},\"query-input\":\"required name=search_term_string\"}],\"inLanguage\":\"de\"},{\"@type\":\"ImageObject\",\"@id\":\"https:\/\/www.deanreed.de\/AmericanRebel\/2017\/2017\/01\/02\/gegen-rechts-ist-nicht-genug\/#primaryimage\",\"inLanguage\":\"de\",\"url\":\"http:\/\/www.deanreed.de\/AmericanRebel\/2017\/wp-content\/uploads\/2017\/03\/Ina_Moeller.jpg\",\"contentUrl\":\"http:\/\/www.deanreed.de\/AmericanRebel\/2017\/wp-content\/uploads\/2017\/03\/Ina_Moeller.jpg\",\"width\":100,\"height\":150,\"caption\":\"Ina M\\u00f6ller\"},{\"@type\":\"WebPage\",\"@id\":\"https:\/\/www.deanreed.de\/AmericanRebel\/2017\/2017\/01\/02\/gegen-rechts-ist-nicht-genug\/#webpage\",\"url\":\"https:\/\/www.deanreed.de\/AmericanRebel\/2017\/2017\/01\/02\/gegen-rechts-ist-nicht-genug\/\",\"name\":\"Gegen rechts ist nicht genug &ndash; Onlinezeitung AmericanRebel\",\"isPartOf\":{\"@id\":\"http:\/\/www.deanreed.de\/AmericanRebel\/2017\/#website\"},\"primaryImageOfPage\":{\"@id\":\"https:\/\/www.deanreed.de\/AmericanRebel\/2017\/2017\/01\/02\/gegen-rechts-ist-nicht-genug\/#primaryimage\"},\"datePublished\":\"2017-01-02T04:17:13+00:00\",\"dateModified\":\"2017-04-29T17:26:12+00:00\",\"author\":{\"@id\":\"http:\/\/www.deanreed.de\/AmericanRebel\/2017\/#\/schema\/person\/9edfca7917cd10b75edaae51c6e7935a\"},\"breadcrumb\":{\"@id\":\"https:\/\/www.deanreed.de\/AmericanRebel\/2017\/2017\/01\/02\/gegen-rechts-ist-nicht-genug\/#breadcrumb\"},\"inLanguage\":\"de\",\"potentialAction\":[{\"@type\":\"ReadAction\",\"target\":[\"https:\/\/www.deanreed.de\/AmericanRebel\/2017\/2017\/01\/02\/gegen-rechts-ist-nicht-genug\/\"]}]},{\"@type\":\"BreadcrumbList\",\"@id\":\"https:\/\/www.deanreed.de\/AmericanRebel\/2017\/2017\/01\/02\/gegen-rechts-ist-nicht-genug\/#breadcrumb\",\"itemListElement\":[{\"@type\":\"ListItem\",\"position\":1,\"name\":\"Startseite\",\"item\":\"http:\/\/www.deanreed.de\/AmericanRebel\/2017\/\"},{\"@type\":\"ListItem\",\"position\":2,\"name\":\"Gegen rechts ist nicht genug\"}]},{\"@type\":\"Person\",\"@id\":\"http:\/\/www.deanreed.de\/AmericanRebel\/2017\/#\/schema\/person\/9edfca7917cd10b75edaae51c6e7935a\",\"name\":\"Redaktion\",\"url\":\"http:\/\/www.deanreed.de\/AmericanRebel\/2017\/author\/redaktion\/\"}]}<\/script>\n<!-- \/ Yoast SEO plugin. -->","yoast_head_json":{"title":"Gegen rechts ist nicht genug &ndash; Onlinezeitung AmericanRebel","robots":{"index":"index","follow":"follow","max-snippet":"max-snippet:-1","max-image-preview":"max-image-preview:large","max-video-preview":"max-video-preview:-1"},"canonical":"https:\/\/www.deanreed.de\/AmericanRebel\/2017\/2017\/01\/02\/gegen-rechts-ist-nicht-genug\/","og_locale":"de_DE","og_type":"article","og_title":"Gegen rechts ist nicht genug &ndash; Onlinezeitung AmericanRebel","og_description":"Ina M\u00f6ller Gegen rechst ist nicht genug Sozialistische Alternative erk\u00e4mpfen Die Redaktion American Rebel und das Dean-Reed-Websiteteam unterst\u00fctzen die XXII. Internationale Rosa-Luxemburg-Konferenz in Berlin. Sie wird am 14. Januar 2017, erstmals im Mercure Hotel MOA in der Stephanstra\u00dfe 41 in [&hellip;]&darr; Lese den Rest von diesem Eintrag...","og_url":"https:\/\/www.deanreed.de\/AmericanRebel\/2017\/2017\/01\/02\/gegen-rechts-ist-nicht-genug\/","og_site_name":"Onlinezeitung AmericanRebel","article_published_time":"2017-01-02T04:17:13+00:00","article_modified_time":"2017-04-29T17:26:12+00:00","og_image":[{"url":"http:\/\/www.deanreed.de\/AmericanRebel\/2017\/wp-content\/uploads\/2017\/03\/Ina_Moeller.jpg"}],"twitter_card":"summary_large_image","twitter_misc":{"Verfasst von":"Redaktion","Gesch\u00e4tzte Lesezeit":"4\u00a0Minuten"},"schema":{"@context":"https:\/\/schema.org","@graph":[{"@type":"WebSite","@id":"http:\/\/www.deanreed.de\/AmericanRebel\/2017\/#website","url":"http:\/\/www.deanreed.de\/AmericanRebel\/2017\/","name":"Onlinezeitung AmericanRebel","description":"Internationale Onlinezeitung f\u00fcr Frieden, Humanismus, V\u00f6lkerverst\u00e4ndigung und Kultur","potentialAction":[{"@type":"SearchAction","target":{"@type":"EntryPoint","urlTemplate":"http:\/\/www.deanreed.de\/AmericanRebel\/2017\/?s={search_term_string}"},"query-input":"required name=search_term_string"}],"inLanguage":"de"},{"@type":"ImageObject","@id":"https:\/\/www.deanreed.de\/AmericanRebel\/2017\/2017\/01\/02\/gegen-rechts-ist-nicht-genug\/#primaryimage","inLanguage":"de","url":"http:\/\/www.deanreed.de\/AmericanRebel\/2017\/wp-content\/uploads\/2017\/03\/Ina_Moeller.jpg","contentUrl":"http:\/\/www.deanreed.de\/AmericanRebel\/2017\/wp-content\/uploads\/2017\/03\/Ina_Moeller.jpg","width":100,"height":150,"caption":"Ina M\u00f6ller"},{"@type":"WebPage","@id":"https:\/\/www.deanreed.de\/AmericanRebel\/2017\/2017\/01\/02\/gegen-rechts-ist-nicht-genug\/#webpage","url":"https:\/\/www.deanreed.de\/AmericanRebel\/2017\/2017\/01\/02\/gegen-rechts-ist-nicht-genug\/","name":"Gegen rechts ist nicht genug &ndash; Onlinezeitung AmericanRebel","isPartOf":{"@id":"http:\/\/www.deanreed.de\/AmericanRebel\/2017\/#website"},"primaryImageOfPage":{"@id":"https:\/\/www.deanreed.de\/AmericanRebel\/2017\/2017\/01\/02\/gegen-rechts-ist-nicht-genug\/#primaryimage"},"datePublished":"2017-01-02T04:17:13+00:00","dateModified":"2017-04-29T17:26:12+00:00","author":{"@id":"http:\/\/www.deanreed.de\/AmericanRebel\/2017\/#\/schema\/person\/9edfca7917cd10b75edaae51c6e7935a"},"breadcrumb":{"@id":"https:\/\/www.deanreed.de\/AmericanRebel\/2017\/2017\/01\/02\/gegen-rechts-ist-nicht-genug\/#breadcrumb"},"inLanguage":"de","potentialAction":[{"@type":"ReadAction","target":["https:\/\/www.deanreed.de\/AmericanRebel\/2017\/2017\/01\/02\/gegen-rechts-ist-nicht-genug\/"]}]},{"@type":"BreadcrumbList","@id":"https:\/\/www.deanreed.de\/AmericanRebel\/2017\/2017\/01\/02\/gegen-rechts-ist-nicht-genug\/#breadcrumb","itemListElement":[{"@type":"ListItem","position":1,"name":"Startseite","item":"http:\/\/www.deanreed.de\/AmericanRebel\/2017\/"},{"@type":"ListItem","position":2,"name":"Gegen rechts ist nicht genug"}]},{"@type":"Person","@id":"http:\/\/www.deanreed.de\/AmericanRebel\/2017\/#\/schema\/person\/9edfca7917cd10b75edaae51c6e7935a","name":"Redaktion","url":"http:\/\/www.deanreed.de\/AmericanRebel\/2017\/author\/redaktion\/"}]}},"_links":{"self":[{"href":"http:\/\/www.deanreed.de\/AmericanRebel\/2017\/wp-json\/wp\/v2\/posts\/136"}],"collection":[{"href":"http:\/\/www.deanreed.de\/AmericanRebel\/2017\/wp-json\/wp\/v2\/posts"}],"about":[{"href":"http:\/\/www.deanreed.de\/AmericanRebel\/2017\/wp-json\/wp\/v2\/types\/post"}],"author":[{"embeddable":true,"href":"http:\/\/www.deanreed.de\/AmericanRebel\/2017\/wp-json\/wp\/v2\/users\/2"}],"replies":[{"embeddable":true,"href":"http:\/\/www.deanreed.de\/AmericanRebel\/2017\/wp-json\/wp\/v2\/comments?post=136"}],"version-history":[{"count":0,"href":"http:\/\/www.deanreed.de\/AmericanRebel\/2017\/wp-json\/wp\/v2\/posts\/136\/revisions"}],"wp:attachment":[{"href":"http:\/\/www.deanreed.de\/AmericanRebel\/2017\/wp-json\/wp\/v2\/media?parent=136"}],"wp:term":[{"taxonomy":"category","embeddable":true,"href":"http:\/\/www.deanreed.de\/AmericanRebel\/2017\/wp-json\/wp\/v2\/categories?post=136"},{"taxonomy":"post_tag","embeddable":true,"href":"http:\/\/www.deanreed.de\/AmericanRebel\/2017\/wp-json\/wp\/v2\/tags?post=136"}],"curies":[{"name":"wp","href":"https:\/\/api.w.org\/{rel}","templated":true}]}}