{"id":12862,"date":"2018-04-26T16:13:22","date_gmt":"2018-04-26T14:13:22","guid":{"rendered":"http:\/\/www.deanreed.de\/AmericanRebel\/2017\/?p=12862"},"modified":"2018-04-26T16:18:24","modified_gmt":"2018-04-26T14:18:24","slug":"%ef%bb%bf%ef%bb%bf46-des-deutschen-vermoegens-verschwinden-ins-ausland","status":"publish","type":"post","link":"http:\/\/www.deanreed.de\/AmericanRebel\/2017\/2018\/04\/26\/%ef%bb%bf%ef%bb%bf46-des-deutschen-vermoegens-verschwinden-ins-ausland\/","title":{"rendered":"&#8211; \ufeff\ufeff46% des deutschen Verm\u00f6gens verschwinden ins Ausland"},"content":{"rendered":"<h4>Edgar Sch\u00fclter<\/h4>\n<h2><strong>46% des deutschen Verm\u00f6gens verschwinden ins Ausland<\/strong><\/h2>\n<div id=\"attachment_9814\" style=\"width: 110px\" class=\"wp-caption alignleft\"><img aria-describedby=\"caption-attachment-9814\" loading=\"lazy\" class=\"size-full wp-image-9814\" src=\"http:\/\/www.deanreed.de\/AmericanRebel\/2017\/wp-content\/uploads\/2018\/02\/Edgar_Schuelter.jpg\" alt=\"\" width=\"100\" height=\"150\" \/><p id=\"caption-attachment-9814\" class=\"wp-caption-text\"><span style=\"color: #808080;\">Edgar Sch\u00fclter<\/span><\/p><\/div>\n<p style=\"text-align: justify;\"><strong>Ist die n\u00e4chste Finanzkrise im Anmarsch? Laut Prof. Hans-Werner Sinn schon, denn die H\u00e4lfte des deutschen Auslandsverm\u00f6gens ist verloren.<\/strong><\/p>\n<p style=\"text-align: justify;\">Anscheinend ist ein Gro\u00dfteil des deutschen Verm\u00f6gens, das gerade in den guten Jahren durch Handelsbilanz\u00fcbersch\u00fcsse gewonnen wurde, verloren gegangen. Als Grund daf\u00fcr werden die Target-2 Forderungen an die Bundesbank genannt, diese beziehen sich auf 923 Milliarden Euro und machen rund 46 Prozent des deutschen Verm\u00f6gens aus. Die target-2 Salden entstehen durch die Ungleichgewichte im innereurop\u00e4ischen Handel.<br \/>\nJetzt stiegen aber die Forderungen an die Bundesbank, weil die EZB ein Mega gigantisches Wertpapierprogramm erlassen hat.<\/p>\n<p style=\"text-align: justify;\">Diese target-2 Forderungen der Bundesbank sind aber nicht einl\u00f6sbar. Sie m\u00fcssen auf Null abgeschrieben werden.<\/p>\n<div id=\"attachment_12864\" style=\"width: 379px\" class=\"wp-caption alignright\"><img aria-describedby=\"caption-attachment-12864\" loading=\"lazy\" class=\" wp-image-12864\" src=\"http:\/\/www.deanreed.de\/AmericanRebel\/2017\/wp-content\/uploads\/2018\/04\/dd56-300x212.jpg\" alt=\"\" width=\"369\" height=\"261\" srcset=\"http:\/\/www.deanreed.de\/AmericanRebel\/2017\/wp-content\/uploads\/2018\/04\/dd56-300x212.jpg 300w, http:\/\/www.deanreed.de\/AmericanRebel\/2017\/wp-content\/uploads\/2018\/04\/dd56.jpg 640w\" sizes=\"(max-width: 369px) 100vw, 369px\" \/><p id=\"caption-attachment-12864\" class=\"wp-caption-text\"><span style=\"color: #808080;\">Euros Pixabay Lizenz CC0 Public Domain<\/span><\/p><\/div>\n<p style=\"text-align: justify;\">So meint Professor Hans-Werner Sinn: \u201e Das sind Forderungen, die die Bundesbank nicht f\u00e4llig stellen kann und die verzinst werden zum Hauptrefinanzierungssatz der EZB, welcher von der Mehrheit der Target-2-Schuldnerl\u00e4nder auf null gesetzt wurde. Jetzt frage ich Sie: Wie w\u00fcrde eine Firma eine Forderung bilanzieren, die ewig l\u00e4uft, die sie nicht f\u00e4llig stellen kann und die einen Zins tr\u00e4gt, der vom Schuldner festgelegt wird auf null. (&#8230;) Das ganze Geld ist heute schon weg, (&#8230;) das werden wir nie mehr wiederkriegen. Das sind 46 Prozent des gesamten Nettoauslandsverm\u00f6gens der Bundesrepublik Deutschland, welches durch die historischen, riesigen Export\u00fcbersch\u00fcsse aufgebaut wurde.\u201c<br \/>\n<span style=\"color: #ffffff;\">.<\/span><\/p>\n<p style=\"text-align: justify;\"><strong>Euro Krise nur k\u00fcnstlich \u00fcberwunden<\/strong><\/p>\n<p style=\"text-align: justify;\">Die Banken k\u00f6nnen sich noch mit Bewegungstricks \u00fcber Wasser halten mit k\u00fcnstlichen Bilanzen. Jedoch was passiert wenn alle von der Wirklichkeit eingeholt werden?<br \/>\n\u00c4hnlich war es in Japan nach platzen der Immobilien und Aktienblase im Jahr 1990. Erst Sieben Jahre danach kamen die Banken in ernste Schwierigkeiten. Droht uns nicht das gleiche? Sp\u00e4testens wenn die Verbindlichkeiten tats\u00e4chlich F\u00e4llig werden und bezahlt werden m\u00fcssen, wird wohl das Ausma\u00df der ungedeckten Schulden sichtbar. Gerade das ganze Gerede einer Bankenunion zeigt ja jetzt schon das alle in Verzweiflung geraten. Laut Prof. Sinn:\u00a0&#8222;<em>Wenn wir diese Bankenunion machen, dann gnade uns Gott.<\/em>&#8220;<br \/>\n<span style=\"color: #ffffff;\">.<\/span><\/p>\n<p style=\"text-align: justify;\"><strong>Der Euro war eine Art Rettungsschirm f\u00fcr die L\u00e4nder S\u00fcdeuropas<\/strong><\/p>\n<p style=\"text-align: justify;\">Als der Maastrichter Vertrag geschlossen wurde, waren viele S\u00fcdeurop\u00e4ische L\u00e4nder Pleite. So mussten Italien, Portugal und Spanien schon f\u00fcr ihre Staat schulden 12 Prozent bezahlen, Griechenland gar 25 Prozent. Der Euro war deren Rettung, dadurch halbierten sich die Zinsen und l\u00f6sten in Europa einen k\u00fcnstlichen Boom aus. Dann kam die Wahrheit und die Eurokrise schlug mit aller kraft ein. Am Ende hat nur noch Mario Draghi Versprochen den Euro unter allen Umst\u00e4nden zu retten und das EZB QE-Programm f\u00fcr Entspannung gesorgt.<\/p>\n<p style=\"text-align: justify;\">Jedoch kann alles nur eine gro\u00dfe Mogelpackung sein. Solange wir zulassen, das Banken eine Kernkapitalquote von nur 2 Prozent besitzen, solange werden wir immer ein Casino Kapitalismus haben. So ist die n\u00e4chste Krise schon vorprogrammiert.<\/p>\n<p><span style=\"color: #ffffff; font-size: 10pt;\">.<\/span><br \/>\n<span style=\"font-size: 10pt;\"> <a href=\"http:\/\/www.deanreed.de\/AmericanRebel\/2017\/?cat=121\" target=\"_blank\" rel=\"noopener\">Weitere Artikel von Edgar Sch\u00fclter<\/a><\/span><br \/>\n<span style=\"font-size: 10pt;\"> Dieser Artikel erschien auch auf unserer Partnerseite <\/span><a href=\"http:\/\/www.info-welt.eu\/\"><span style=\"font-size: 10pt;\">INFO-WELT<\/span><\/a><\/p>\n<p><a title=\"zur Startseite\" href=\"http:\/\/www.americanrebel.de\/\"><img loading=\"lazy\" class=\"alignleft wp-image-1682\" src=\"http:\/\/www.deanreed.de\/AmericanRebel\/2017\/wp-content\/uploads\/2017\/03\/back_ar.png\" alt=\"zur\u00fcck zur Startseite\" width=\"156\" height=\"15\" \/><\/a><a href=\"https:\/\/www.facebook.com\/groups\/1683837971860223\/\" target=\"_blank\" rel=\"noopener\"><img loading=\"lazy\" class=\"alignright wp-image-1676\" src=\"http:\/\/www.deanreed.de\/AmericanRebel\/2017\/wp-content\/uploads\/2017\/03\/ar_zu_fb.png\" alt=\"\" width=\"353\" height=\"15\" srcset=\"http:\/\/www.deanreed.de\/AmericanRebel\/2017\/wp-content\/uploads\/2017\/03\/ar_zu_fb.png 470w, http:\/\/www.deanreed.de\/AmericanRebel\/2017\/wp-content\/uploads\/2017\/03\/ar_zu_fb-300x13.png 300w\" sizes=\"(max-width: 353px) 100vw, 353px\" \/><\/a><\/p>\n<p><a href=\"http:\/\/www.deanreed.de\/AmericanRebel\/2017\/?p=12862#respond\" target=\"_blank\" rel=\"noopener noreferrer\"><strong><img loading=\"lazy\" class=\"wp-image-1688 aligncenter\" src=\"http:\/\/www.deanreed.de\/AmericanRebel\/2017\/wp-content\/uploads\/2017\/03\/ar_kommentar-1.png\" alt=\"Sag uns deine Meinung zum Artikel mit einem Kommentar\/Leserbrief\" width=\"627\" height=\"20\" \/><\/strong><\/a><\/p>\n","protected":false},"excerpt":{"rendered":"<p>Edgar Sch\u00fclter 46% des deutschen Verm\u00f6gens verschwinden ins Ausland Ist die n\u00e4chste Finanzkrise im Anmarsch? Laut Prof. Hans-Werner Sinn schon, denn die H\u00e4lfte des deutschen Auslandsverm\u00f6gens ist verloren. Anscheinend ist ein Gro\u00dfteil des deutschen Verm\u00f6gens, das gerade in den guten [&hellip;]<a class=\"more-link\" href=\"http:\/\/www.deanreed.de\/AmericanRebel\/2017\/2018\/04\/26\/%ef%bb%bf%ef%bb%bf46-des-deutschen-vermoegens-verschwinden-ins-ausland\/\">&darr; Lese den Rest von diesem Eintrag&#8230;<\/a><\/p>\n","protected":false},"author":2,"featured_media":0,"comment_status":"open","ping_status":"open","sticky":false,"template":"","format":"standard","meta":[],"categories":[],"tags":[121,180],"yoast_head":"<!-- This site is optimized with the Yoast SEO plugin v17.5 - https:\/\/yoast.com\/wordpress\/plugins\/seo\/ -->\n<title>- \ufeff\ufeff46% des deutschen Verm\u00f6gens verschwinden ins Ausland &ndash; Onlinezeitung AmericanRebel<\/title>\n<meta name=\"robots\" content=\"index, follow, max-snippet:-1, max-image-preview:large, max-video-preview:-1\" \/>\n<link rel=\"canonical\" href=\"http:\/\/www.deanreed.de\/AmericanRebel\/2017\/2018\/04\/26\/\ufeff\ufeff46-des-deutschen-vermoegens-verschwinden-ins-ausland\/\" \/>\n<meta property=\"og:locale\" content=\"de_DE\" \/>\n<meta property=\"og:type\" content=\"article\" \/>\n<meta property=\"og:title\" content=\"- \ufeff\ufeff46% des deutschen Verm\u00f6gens verschwinden ins Ausland &ndash; Onlinezeitung AmericanRebel\" \/>\n<meta property=\"og:description\" content=\"Edgar Sch\u00fclter 46% des deutschen Verm\u00f6gens verschwinden ins Ausland Ist die n\u00e4chste Finanzkrise im Anmarsch? Laut Prof. Hans-Werner Sinn schon, denn die H\u00e4lfte des deutschen Auslandsverm\u00f6gens ist verloren. Anscheinend ist ein Gro\u00dfteil des deutschen Verm\u00f6gens, das gerade in den guten [&hellip;]&darr; Lese den Rest von diesem Eintrag...\" \/>\n<meta property=\"og:url\" content=\"http:\/\/www.deanreed.de\/AmericanRebel\/2017\/2018\/04\/26\/\ufeff\ufeff46-des-deutschen-vermoegens-verschwinden-ins-ausland\/\" \/>\n<meta property=\"og:site_name\" content=\"Onlinezeitung AmericanRebel\" \/>\n<meta property=\"article:published_time\" content=\"2018-04-26T14:13:22+00:00\" \/>\n<meta property=\"article:modified_time\" content=\"2018-04-26T14:18:24+00:00\" \/>\n<meta property=\"og:image\" content=\"http:\/\/www.deanreed.de\/AmericanRebel\/2017\/wp-content\/uploads\/2018\/02\/Edgar_Schuelter.jpg\" \/>\n<meta name=\"twitter:card\" content=\"summary_large_image\" \/>\n<meta name=\"twitter:label1\" content=\"Verfasst von\" \/>\n\t<meta name=\"twitter:data1\" content=\"Redaktion\" \/>\n\t<meta name=\"twitter:label2\" content=\"Gesch\u00e4tzte Lesezeit\" \/>\n\t<meta name=\"twitter:data2\" content=\"3\u00a0Minuten\" \/>\n<script type=\"application\/ld+json\" class=\"yoast-schema-graph\">{\"@context\":\"https:\/\/schema.org\",\"@graph\":[{\"@type\":\"WebSite\",\"@id\":\"https:\/\/www.deanreed.de\/AmericanRebel\/2017\/#website\",\"url\":\"https:\/\/www.deanreed.de\/AmericanRebel\/2017\/\",\"name\":\"Onlinezeitung AmericanRebel\",\"description\":\"Internationale Onlinezeitung f\\u00fcr Frieden, Humanismus, V\\u00f6lkerverst\\u00e4ndigung und Kultur\",\"potentialAction\":[{\"@type\":\"SearchAction\",\"target\":{\"@type\":\"EntryPoint\",\"urlTemplate\":\"https:\/\/www.deanreed.de\/AmericanRebel\/2017\/?s={search_term_string}\"},\"query-input\":\"required name=search_term_string\"}],\"inLanguage\":\"de\"},{\"@type\":\"ImageObject\",\"@id\":\"http:\/\/www.deanreed.de\/AmericanRebel\/2017\/2018\/04\/26\/%ef%bb%bf%ef%bb%bf46-des-deutschen-vermoegens-verschwinden-ins-ausland\/#primaryimage\",\"inLanguage\":\"de\",\"url\":\"http:\/\/www.deanreed.de\/AmericanRebel\/2017\/wp-content\/uploads\/2018\/02\/Edgar_Schuelter.jpg\",\"contentUrl\":\"http:\/\/www.deanreed.de\/AmericanRebel\/2017\/wp-content\/uploads\/2018\/02\/Edgar_Schuelter.jpg\",\"width\":100,\"height\":150,\"caption\":\"Edgar Sch\\u00fclter\"},{\"@type\":\"WebPage\",\"@id\":\"http:\/\/www.deanreed.de\/AmericanRebel\/2017\/2018\/04\/26\/%ef%bb%bf%ef%bb%bf46-des-deutschen-vermoegens-verschwinden-ins-ausland\/#webpage\",\"url\":\"http:\/\/www.deanreed.de\/AmericanRebel\/2017\/2018\/04\/26\/%ef%bb%bf%ef%bb%bf46-des-deutschen-vermoegens-verschwinden-ins-ausland\/\",\"name\":\"- \\ufeff\\ufeff46% des deutschen Verm\\u00f6gens verschwinden ins Ausland &ndash; Onlinezeitung AmericanRebel\",\"isPartOf\":{\"@id\":\"https:\/\/www.deanreed.de\/AmericanRebel\/2017\/#website\"},\"primaryImageOfPage\":{\"@id\":\"http:\/\/www.deanreed.de\/AmericanRebel\/2017\/2018\/04\/26\/%ef%bb%bf%ef%bb%bf46-des-deutschen-vermoegens-verschwinden-ins-ausland\/#primaryimage\"},\"datePublished\":\"2018-04-26T14:13:22+00:00\",\"dateModified\":\"2018-04-26T14:18:24+00:00\",\"author\":{\"@id\":\"https:\/\/www.deanreed.de\/AmericanRebel\/2017\/#\/schema\/person\/9edfca7917cd10b75edaae51c6e7935a\"},\"breadcrumb\":{\"@id\":\"http:\/\/www.deanreed.de\/AmericanRebel\/2017\/2018\/04\/26\/%ef%bb%bf%ef%bb%bf46-des-deutschen-vermoegens-verschwinden-ins-ausland\/#breadcrumb\"},\"inLanguage\":\"de\",\"potentialAction\":[{\"@type\":\"ReadAction\",\"target\":[\"http:\/\/www.deanreed.de\/AmericanRebel\/2017\/2018\/04\/26\/%ef%bb%bf%ef%bb%bf46-des-deutschen-vermoegens-verschwinden-ins-ausland\/\"]}]},{\"@type\":\"BreadcrumbList\",\"@id\":\"http:\/\/www.deanreed.de\/AmericanRebel\/2017\/2018\/04\/26\/%ef%bb%bf%ef%bb%bf46-des-deutschen-vermoegens-verschwinden-ins-ausland\/#breadcrumb\",\"itemListElement\":[{\"@type\":\"ListItem\",\"position\":1,\"name\":\"Startseite\",\"item\":\"https:\/\/www.deanreed.de\/AmericanRebel\/2017\/\"},{\"@type\":\"ListItem\",\"position\":2,\"name\":\"&#8211; \\ufeff\\ufeff46% des deutschen Verm\\u00f6gens verschwinden ins Ausland\"}]},{\"@type\":\"Person\",\"@id\":\"https:\/\/www.deanreed.de\/AmericanRebel\/2017\/#\/schema\/person\/9edfca7917cd10b75edaae51c6e7935a\",\"name\":\"Redaktion\",\"url\":\"http:\/\/www.deanreed.de\/AmericanRebel\/2017\/author\/redaktion\/\"}]}<\/script>\n<!-- \/ Yoast SEO plugin. -->","yoast_head_json":{"title":"- \ufeff\ufeff46% des deutschen Verm\u00f6gens verschwinden ins Ausland &ndash; Onlinezeitung AmericanRebel","robots":{"index":"index","follow":"follow","max-snippet":"max-snippet:-1","max-image-preview":"max-image-preview:large","max-video-preview":"max-video-preview:-1"},"canonical":"http:\/\/www.deanreed.de\/AmericanRebel\/2017\/2018\/04\/26\/\ufeff\ufeff46-des-deutschen-vermoegens-verschwinden-ins-ausland\/","og_locale":"de_DE","og_type":"article","og_title":"- \ufeff\ufeff46% des deutschen Verm\u00f6gens verschwinden ins Ausland &ndash; Onlinezeitung AmericanRebel","og_description":"Edgar Sch\u00fclter 46% des deutschen Verm\u00f6gens verschwinden ins Ausland Ist die n\u00e4chste Finanzkrise im Anmarsch? Laut Prof. Hans-Werner Sinn schon, denn die H\u00e4lfte des deutschen Auslandsverm\u00f6gens ist verloren. Anscheinend ist ein Gro\u00dfteil des deutschen Verm\u00f6gens, das gerade in den guten [&hellip;]&darr; Lese den Rest von diesem Eintrag...","og_url":"http:\/\/www.deanreed.de\/AmericanRebel\/2017\/2018\/04\/26\/\ufeff\ufeff46-des-deutschen-vermoegens-verschwinden-ins-ausland\/","og_site_name":"Onlinezeitung AmericanRebel","article_published_time":"2018-04-26T14:13:22+00:00","article_modified_time":"2018-04-26T14:18:24+00:00","og_image":[{"url":"http:\/\/www.deanreed.de\/AmericanRebel\/2017\/wp-content\/uploads\/2018\/02\/Edgar_Schuelter.jpg"}],"twitter_card":"summary_large_image","twitter_misc":{"Verfasst von":"Redaktion","Gesch\u00e4tzte Lesezeit":"3\u00a0Minuten"},"schema":{"@context":"https:\/\/schema.org","@graph":[{"@type":"WebSite","@id":"https:\/\/www.deanreed.de\/AmericanRebel\/2017\/#website","url":"https:\/\/www.deanreed.de\/AmericanRebel\/2017\/","name":"Onlinezeitung AmericanRebel","description":"Internationale Onlinezeitung f\u00fcr Frieden, Humanismus, V\u00f6lkerverst\u00e4ndigung und Kultur","potentialAction":[{"@type":"SearchAction","target":{"@type":"EntryPoint","urlTemplate":"https:\/\/www.deanreed.de\/AmericanRebel\/2017\/?s={search_term_string}"},"query-input":"required name=search_term_string"}],"inLanguage":"de"},{"@type":"ImageObject","@id":"http:\/\/www.deanreed.de\/AmericanRebel\/2017\/2018\/04\/26\/%ef%bb%bf%ef%bb%bf46-des-deutschen-vermoegens-verschwinden-ins-ausland\/#primaryimage","inLanguage":"de","url":"http:\/\/www.deanreed.de\/AmericanRebel\/2017\/wp-content\/uploads\/2018\/02\/Edgar_Schuelter.jpg","contentUrl":"http:\/\/www.deanreed.de\/AmericanRebel\/2017\/wp-content\/uploads\/2018\/02\/Edgar_Schuelter.jpg","width":100,"height":150,"caption":"Edgar Sch\u00fclter"},{"@type":"WebPage","@id":"http:\/\/www.deanreed.de\/AmericanRebel\/2017\/2018\/04\/26\/%ef%bb%bf%ef%bb%bf46-des-deutschen-vermoegens-verschwinden-ins-ausland\/#webpage","url":"http:\/\/www.deanreed.de\/AmericanRebel\/2017\/2018\/04\/26\/%ef%bb%bf%ef%bb%bf46-des-deutschen-vermoegens-verschwinden-ins-ausland\/","name":"- \ufeff\ufeff46% des deutschen Verm\u00f6gens verschwinden ins Ausland &ndash; Onlinezeitung AmericanRebel","isPartOf":{"@id":"https:\/\/www.deanreed.de\/AmericanRebel\/2017\/#website"},"primaryImageOfPage":{"@id":"http:\/\/www.deanreed.de\/AmericanRebel\/2017\/2018\/04\/26\/%ef%bb%bf%ef%bb%bf46-des-deutschen-vermoegens-verschwinden-ins-ausland\/#primaryimage"},"datePublished":"2018-04-26T14:13:22+00:00","dateModified":"2018-04-26T14:18:24+00:00","author":{"@id":"https:\/\/www.deanreed.de\/AmericanRebel\/2017\/#\/schema\/person\/9edfca7917cd10b75edaae51c6e7935a"},"breadcrumb":{"@id":"http:\/\/www.deanreed.de\/AmericanRebel\/2017\/2018\/04\/26\/%ef%bb%bf%ef%bb%bf46-des-deutschen-vermoegens-verschwinden-ins-ausland\/#breadcrumb"},"inLanguage":"de","potentialAction":[{"@type":"ReadAction","target":["http:\/\/www.deanreed.de\/AmericanRebel\/2017\/2018\/04\/26\/%ef%bb%bf%ef%bb%bf46-des-deutschen-vermoegens-verschwinden-ins-ausland\/"]}]},{"@type":"BreadcrumbList","@id":"http:\/\/www.deanreed.de\/AmericanRebel\/2017\/2018\/04\/26\/%ef%bb%bf%ef%bb%bf46-des-deutschen-vermoegens-verschwinden-ins-ausland\/#breadcrumb","itemListElement":[{"@type":"ListItem","position":1,"name":"Startseite","item":"https:\/\/www.deanreed.de\/AmericanRebel\/2017\/"},{"@type":"ListItem","position":2,"name":"&#8211; \ufeff\ufeff46% des deutschen Verm\u00f6gens verschwinden ins Ausland"}]},{"@type":"Person","@id":"https:\/\/www.deanreed.de\/AmericanRebel\/2017\/#\/schema\/person\/9edfca7917cd10b75edaae51c6e7935a","name":"Redaktion","url":"http:\/\/www.deanreed.de\/AmericanRebel\/2017\/author\/redaktion\/"}]}},"_links":{"self":[{"href":"http:\/\/www.deanreed.de\/AmericanRebel\/2017\/wp-json\/wp\/v2\/posts\/12862"}],"collection":[{"href":"http:\/\/www.deanreed.de\/AmericanRebel\/2017\/wp-json\/wp\/v2\/posts"}],"about":[{"href":"http:\/\/www.deanreed.de\/AmericanRebel\/2017\/wp-json\/wp\/v2\/types\/post"}],"author":[{"embeddable":true,"href":"http:\/\/www.deanreed.de\/AmericanRebel\/2017\/wp-json\/wp\/v2\/users\/2"}],"replies":[{"embeddable":true,"href":"http:\/\/www.deanreed.de\/AmericanRebel\/2017\/wp-json\/wp\/v2\/comments?post=12862"}],"version-history":[{"count":0,"href":"http:\/\/www.deanreed.de\/AmericanRebel\/2017\/wp-json\/wp\/v2\/posts\/12862\/revisions"}],"wp:attachment":[{"href":"http:\/\/www.deanreed.de\/AmericanRebel\/2017\/wp-json\/wp\/v2\/media?parent=12862"}],"wp:term":[{"taxonomy":"category","embeddable":true,"href":"http:\/\/www.deanreed.de\/AmericanRebel\/2017\/wp-json\/wp\/v2\/categories?post=12862"},{"taxonomy":"post_tag","embeddable":true,"href":"http:\/\/www.deanreed.de\/AmericanRebel\/2017\/wp-json\/wp\/v2\/tags?post=12862"}],"curies":[{"name":"wp","href":"https:\/\/api.w.org\/{rel}","templated":true}]}}