{"id":1178,"date":"2017-03-01T06:00:05","date_gmt":"2017-03-01T05:00:05","guid":{"rendered":"http:\/\/www.deanreed.de\/AmericanRebel\/2017\/?p=1178"},"modified":"2018-01-12T16:19:42","modified_gmt":"2018-01-12T15:19:42","slug":"1178","status":"publish","type":"post","link":"http:\/\/www.deanreed.de\/AmericanRebel\/2017\/2017\/03\/01\/1178\/","title":{"rendered":"&#8211; Verd\u00e4chtige gesucht"},"content":{"rendered":"<h4 style=\"text-align: justify;\">Harry Popow<\/h4>\n<h2 style=\"text-align: justify;\">Verd\u00e4chtige gesucht<\/h2>\n<h4 style=\"text-align: justify;\"><strong>Buchtipp: <\/strong>Elias Davidsson \u00bbPsychologische Kriegsf\u00fchrung und gesellschaftliche Leugnung. Die Legende des 9\/11 und die Fiktion der Terrorbedrohung\u00ab<br \/>\n<span style=\"color: #ffffff;\">.<\/span><\/h4>\n<div id=\"attachment_175\" style=\"width: 110px\" class=\"wp-caption alignleft\"><img aria-describedby=\"caption-attachment-175\" loading=\"lazy\" class=\"size-full wp-image-175\" src=\"http:\/\/www.deanreed.de\/AmericanRebel\/2017\/wp-content\/uploads\/2017\/02\/Harry-Popow.jpg\" alt=\"\" width=\"100\" height=\"150\" \/><p id=\"caption-attachment-175\" class=\"wp-caption-text\"><span style=\"color: #808080;\">Harry Popow<\/span><\/p><\/div>\n<p style=\"text-align: justify;\"><strong>Treibt die \u201eTerrorfiktion\u201c immer neue Bl\u00fcten? Denn dem Vernehmen nach sollen Teilnehmer der Demonstration gegen die M\u00fcnchener Sicherheitskonferenz vom 17. bis 19. Februar 2017 wegen ihrer Forderung \u201eFrieden statt NATO &#8211; Nein zum Krieg\u201c ab sofort unter den \u201eVerd\u00e4chtigen\u201c verortet werden. Herr Biedermann zum Beispiel, nennen wir ihn mal so, fiel bislang nicht als politischer Aktivist auf. Nun aber doch. Als Protestant! Schon ist er verd\u00e4chtig. Und \u201eein Verd\u00e4chtiger ist f\u00fcr den Ermittler bereits ein Feind\u201c. Diese Feststellung trifft der Autor Elias Davidsson auf Seite 321 in seinem aufsehen erregenden Buch \u201ePsychologische Kriegsf\u00fchrung und gesellschaftliche Leugnung. Die Legende des 9\/11 und die Fiktion der Terrorbedrohung\u201c.<\/strong><\/p>\n<p style=\"text-align: justify;\">Herr Biedermann, der bislang an die offizielle amerikanische Version eines Terroranschlags durch den Islam und den Gehirnw\u00e4sche betreibenden Leitmedien brav geglaubt hatte, wirft ebenso wie diese ebenso den Ungl\u00e4ubigen, den Wahrheitssuchenden, den Nachdenklichen, den Kritikern der 9\/11-Legende an den Kopf, sie w\u00fcrden Verschw\u00f6rungstheorien verbreiten, sie w\u00e4ren Spinner, Antisemiten, Antiamerikaner und dergleichen mehr.<\/p>\n<p style=\"text-align: justify;\">Zu den Fakten: Der Autor zielt darauf ab, Aufkl\u00e4rung zu betreiben \u201ezur Bewahrung des Rechtsstaates, des Friedens und f\u00fcr eine gerechtere Gesellschaftsordnung\u201c. ( S. 21) Die Neubetrachtung des 15 Jahre zur\u00fcckliegenden Ereignisses sei umso wichtiger, als es bis heute \u201eunser Leben auf vielerlei, uns oft nicht bewusste Weise pr\u00e4gt\u201c, zumal der damalige US-Pr\u00e4sident George W. Bush verk\u00fcndete, dass dieser Kreuzzug gegen den Terror noch lange dauern werde. (S. 15)<\/p>\n<h3 style=\"text-align: justify;\"><strong>Operation 9\/11 unter die Lupe genommen<\/strong><\/h3>\n<p style=\"text-align: justify;\">Zun\u00e4chst nimmt Elias Davidsson auf 139 von insgesamt 534 Seiten den sachlichen Hergang des Anschlags unter die Lupe. Detailliert stellt er der offiziellen Darstellung die unbewiesenen Fakten beim Einsturz der Zwillingst\u00fcrme des World Trade Centers (WTC) entgegen, was einer pr\u00e4zisen durchgef\u00fchrten gerichtlichen Untersuchung gleichkommt. Es geht um die nicht bewiesene T\u00e4terschaft, um nicht gefundene Triebwerke, um unerkannte Typen der Flugzeuge, um R\u00e4tsel beim Einsturz der T\u00fcrme, um unbeglaubigte Passagierlisten. Und, und, und&#8230;<\/p>\n<p style=\"text-align: justify;\"><img loading=\"lazy\" class=\" wp-image-1194 alignright\" src=\"http:\/\/www.deanreed.de\/AmericanRebel\/2017\/wp-content\/uploads\/2017\/03\/Davidsson_1-204x300.jpeg\" alt=\"\" width=\"245\" height=\"360\" srcset=\"http:\/\/www.deanreed.de\/AmericanRebel\/2017\/wp-content\/uploads\/2017\/03\/Davidsson_1-204x300.jpeg 204w, http:\/\/www.deanreed.de\/AmericanRebel\/2017\/wp-content\/uploads\/2017\/03\/Davidsson_1.jpeg 339w\" sizes=\"(max-width: 245px) 100vw, 245px\" \/>Diesen inszenierten gr\u00f6\u00dften Massenmord in der Geschichte der USA, so der Autor, ist als logische Folge eines aggressiven Hegemoniestrebens zu verstehen. So verweist der Publizist mit vollem Recht auf die im Vorfeld des 9\/11 Offenbarungen von Vertretern der Macht. Vor dem Hintergrund des Verschwindens der Sowjetunion er\u00f6ffneten sich f\u00fcr die USA neue und verlockende M\u00f6glichkeiten, \u201eum ihren globalen Einfluss zu st\u00e4rken\u201c. (S.35) Angef\u00fchrt werden \u00c4u\u00dferungen u.a. des Generals Alfred M. Gray: \u201eDie wachsende Unzufriedenheit der unterentwickelten Welt \u00fcber die Kluft zwischen reichen und armen Nationen wird einen fruchtbaren N\u00e4hrboden f\u00fcr Aufst\u00e4nde erzeugen. Diese Aufst\u00e4nde haben das Potenzial, (\u2026) unseren Zugang zu wichtigen wirtschaftlichen und milit\u00e4rischen Ressourcen zu gef\u00e4hrden.\u201c (S. 36) Ungew\u00f6hnlich offen auch diese Aussage von Thomas Friedman, ehemaliger Berater von Au\u00dfenministerin Madeleine Albright: \u201c(&#8230;) Die unsichtbare Hand des Marktes wird niemals ohne die versteckte Faust regieren&#8230;\u201c (S. 37)<\/p>\n<p style=\"text-align: justify;\">Wenn der Autor auf die Vorherrschaftsbestrebungen der USA verweist als Ursache f\u00fcr die verst\u00e4rkte Mobilisierung gegen den von den Eliten gesch\u00fcrten Terrorismus, dann kommt er nicht umhin, den Blick der Leser auf die langfristigen Interessen der Hochfinanz und der Wirtschaft zu lenken. (S. 291) Was die deutschen Machthaber betrifft, so zitiert Elias Davidsson Ulla Jelpke von der Linksfraktion des Deutschen Bundestages: Nicht die \u201eAbwehr von Terroranschl\u00e4gen, sondern die Niederschlagung sozialer Protestbewegungen in der Zukunft\u201c seien die wahren Gr\u00fcnde f\u00fcr neue Vorst\u00f6\u00dfe zum Einsatz des Milit\u00e4rs im Inland. (S. 327) Auf Seite 207 res\u00fcmiert der Autor, dass die sogenannte Terrorismusbek\u00e4mpfung nur ein Vorwand ist f\u00fcr den Abbau der Demokratie, f\u00fcr massive \u00dcberwachung und Manipulation, f\u00fcr Militarisierung und globale Raubz\u00fcge, f\u00fcr \u201eeine allm\u00e4hliche Einf\u00fchrung einer neuen Art des Faschismus\u201c. (S. 207)<\/p>\n<h3 style=\"text-align: justify;\"><strong>Therapie mit dem Ziel: Aufkl\u00e4rung, Wahrheit, Transparenz<\/strong><\/h3>\n<p style=\"text-align: justify;\">Elias Davidsson empfiehlt am Schluss seiner au\u00dferordentlich inhaltsschweren Analyse der Unhaltbarkeit der These von der Bedrohung der westlichen Wertegemeinschaft durch den islamistischen Terrorismus eine Therapie: Es geht ihm um Aufkl\u00e4rung, um Wahrheit, um Transparenz, um Forderungen an die Medien, an die Strafjustiz. (In den sechs Anh\u00e4ngen finden sich zum Beispiel eine Liste mit namentlich genannter Journalisten, die unbewiesene Behauptungen in Bezug auf 9\/11 ver\u00f6ffentlicht haben.)<\/p>\n<div id=\"attachment_1195\" style=\"width: 207px\" class=\"wp-caption alignleft\"><img aria-describedby=\"caption-attachment-1195\" loading=\"lazy\" class=\"size-medium wp-image-1195\" src=\"http:\/\/www.deanreed.de\/AmericanRebel\/2017\/wp-content\/uploads\/2017\/03\/Davidson_2-197x300.jpg\" alt=\"\" width=\"197\" height=\"300\" srcset=\"http:\/\/www.deanreed.de\/AmericanRebel\/2017\/wp-content\/uploads\/2017\/03\/Davidson_2-197x300.jpg 197w, http:\/\/www.deanreed.de\/AmericanRebel\/2017\/wp-content\/uploads\/2017\/03\/Davidson_2.jpg 350w\" sizes=\"(max-width: 197px) 100vw, 197px\" \/><p id=\"caption-attachment-1195\" class=\"wp-caption-text\"><span style=\"color: #808080;\">World Trade Center 11. Sept. 2001<br \/><\/span><\/p><\/div>\n<p style=\"text-align: justify;\">Das Geflecht von Manipulation, unterlassener Berichterstattung bis zur L\u00fcge, ausgehend vom Finanzkapital, \u00fcber die Politik bis zur Justiz, zu den b\u00fcrgerlichen Medien und der akademischen Elite jedoch nur anzuprangern, diese Institutionen mit Appellen an die Vernunft nur bitten will, sich zu korrigieren, dann kann man vergeblich auf Ver\u00e4nderungen hoffen. Dann klingt das wie ein Gebet, die da oben m\u00f6gen eine Einsicht haben und ihr Marktgehabe um des Profits und um der imperialistischen Herrschaft willen einschr\u00e4nken und den Menschen endlich Frieden bescheren.<\/p>\n<p style=\"text-align: justify;\">Der bislang nahezu unpolitische Herr Biedermann ist mehr f\u00fcr\u00b4s Handfeste. F\u00fcr Streiks und friedliche Demonstrationen wie j\u00fcngst die in M\u00fcnchen. Es kann sein, dass er dabei in Kauf nimmt, zum \u201eVerd\u00e4chtigen, wenn nicht gar zum Gef\u00e4hrder\u201c gestempelt zu werden. Sollen auf diese fiese Art und Weise Aktivit\u00e4ten gegen Krieg und Kriegsgeschrei im Keime erstickt werden, so mag sich Herr Biedermann fragen. Zuzustimmen ist deshalb auch der Mahnung auf Seite 19, der Marsch in den Untergang m\u00fcsse gestoppt werden. \u201eDazu m\u00fcssen alle Friedenskr\u00e4fte und alle vom Imperialismus bedrohten Staaten zusammenarbeiten \u2013 f\u00fcr Frieden und V\u00f6lkerverst\u00e4ndigung in einer multipolaren Weltordnung, einer Welt von Gleichen.\u201c<\/p>\n<p style=\"text-align: justify;\">Im \u00dcbrigen: Nach der Drucklegung dieses Buches nahm in \u00dcbersee ein neuer Pr\u00e4sident das Steuer in die Hand und stiftet Verwirrung oder auch Hoffnung, je nach der jeweiligen politischen Sicht. Geh\u00f6rt auch er zu den Verd\u00e4chtigen?<\/p>\n<h3 style=\"text-align: justify;\"><strong> Krieg der multinationalen Konzerne besser verstehen<\/strong><\/h3>\n<p style=\"text-align: justify;\">Nach dem Lesen sch\u00fcttelt man entsetzt den Kopf. Was da der Publizist Elias Davidsson faktenreich zu Papier bringt, l\u00e4sst f\u00fcr die Zukunft nichts Gutes erahnen. Anzuraten ist aus diesem Grunde diese gesellschaftskritische und f\u00fcr das aktuelle Geschehen hoch wichtige Lekt\u00fcre f\u00fcr alle, die den Zusammenhang zwischen 9\/11 und dem sich verst\u00e4rkenden Krieg der multinationalen Konzerne gegen das Menschenrecht nach einer friedlichen Welt besser verstehen und danach handeln wollen. Der Autor wird so seinem Anliegen gerecht, dar\u00fcber aufzukl\u00e4ren: Terroristen k\u00f6nnen keinen Staat besiegen und der Staat den Terrorismus nicht durch Kriege. Leider spricht der Autor in seinem Buch die zur Ver\u00e4nderung bereiten Schichten der Arbeiterklasse und zunehmend auch der Mittelschichten nicht direkt an. Herr Biedermann tut deshalb das Seine. Alles in allem: Ein herzliches Dankesch\u00f6n an Elias Davidsson.<\/p>\n<p style=\"text-align: justify;\">Elias Davidsson: Psychologische Kriegsf\u00fchrung und gesellschaftliche Leugnung. Die Legende des 9\/11 und die Fiktion der Terrorbedrohung, Taschenbuch: 534 Seiten, Verlag: Zambon Verlag (18. Januar 2017), Sprache: Deutsch, ISBN-10: 3889752527, ISBN-13: 978-3889752529<\/p>\n<p class=\"block\" style=\"text-align: justify;\"><span style=\"color: #ffffff;\">.<\/span><\/p>\n<p class=\"block\" style=\"text-align: justify;\"><strong>Weitere Empfehlungen der Redaktion:<\/strong><\/p>\n<ul>\n<li>American Rebel: <a href=\"http:\/\/www.deanreed.de\/AmericanRebel\/jahr2016.html#nine11\" target=\"_blank\" rel=\"noopener\">Die 9\/11 Verschw\u00f6rung<\/a><\/li>\n<li><a href=\"http:\/\/www.barth-engelbart.de\/?s=9%2F11&amp;submit=Suchen\" target=\"_blank\" rel=\"noopener\">Gesammelte Texte und Dokumente von Hartmuth Bart-Engelbath<\/a><\/li>\n<li>Freiheitsliebe: <a href=\"https:\/\/diefreiheitsliebe.de\/politik\/15-jahre-nach-911-eine-bilanz\/\" target=\"_blank\" rel=\"noopener\">15 Jahre nach 9\/11 &#8211; Eine Bilanz<\/a><\/li>\n<li>FREITAG: <a href=\"https:\/\/www.freitag.de\/autoren\/konstantin-nowotny\/das-trauma-bleibt\" target=\"_blank\" rel=\"noopener\">Das Trauma bleibt<\/a><\/li>\n<li>junge Welt: <a href=\"https:\/\/www.jungewelt.de\/2007\/09-11\/004.php\" target=\"_blank\" rel=\"noopener\">Gladio, die &#8222;Strategie der Spannung&#8220; und 9\/11<\/a><\/li>\n<li>Neues Deutschland: <a href=\"https:\/\/www.neues-deutschland.de\/artikel\/1019011.geheimpapiere-zu-veroeffentlicht.html\" target=\"_blank\" rel=\"noopener\">Geheimpapiere zu 9\/11 ver\u00f6ffentlicht<\/a><\/li>\n<li>Arbeit Zukunft: <a href=\"http:\/\/www.arbeit-zukunft.de\/index.php?itemid=180\" target=\"_blank\" rel=\"noopener\">Michael Moore, Fahrenheit 9\/11 &#8211; auf den Bush geklopft<\/a><\/li>\n<li>Neue Rheinische Zeitung: <a href=\"http:\/\/www.nrhz.de\/flyer\/beitrag.php?id=22758\" target=\"_blank\" rel=\"noopener\">9\/11: Gegen die offizielle L\u00fcgenversion<\/a><\/li>\n<li>Alles Schall und Rauch: <a href=\"http:\/\/alles-schallundrauch.blogspot.de\/2016\/09\/911-liste-der-vielen-zufalle.html\" target=\"_blank\" rel=\"noopener\">9\/11 &#8211; Liste der vielen Zuf\u00e4lle<\/a><\/li>\n<li>Telepolis: <a href=\"http:\/\/www.heise.de\/tp\/artikel\/49\/49367\/1.html\" target=\"_blank\" rel=\"noopener\">9\/11 Unser<\/a><\/li>\n<li>Die Zeit online: <a href=\"http:\/\/www.zeit.de\/2014\/45\/verschwoerung-11-september-cia\" target=\"_blank\" rel=\"noopener\">War 9\/11 ein Komplott der CIA?<\/a><\/li>\n<li>Zeitung vum L\u00ebtzebuerger Vollek: <a href=\"http:\/\/www.zlv.lu\/spip\/spip.php?article1264\" target=\"_blank\" rel=\"noopener\">9\/11: Neue Untersuchung gefordert<br \/>\n<\/a><\/p>\n<p style=\"text-align: justify;\"><span style=\"color: #ffffff;\">.<\/span><\/p>\n<p><a title=\"zur Startseite\" href=\"http:\/\/www.americanrebel.de\/\"><img loading=\"lazy\" class=\"alignleft wp-image-1682\" src=\"http:\/\/www.deanreed.de\/AmericanRebel\/2017\/wp-content\/uploads\/2017\/03\/back_ar.png\" alt=\"zur\u00fcck zur Startseite\" width=\"156\" height=\"15\" \/><\/a><a href=\"https:\/\/www.facebook.com\/groups\/1683837971860223\/permalink\/1897086993868652\/\" target=\"_blank\" rel=\"noopener\"><img loading=\"lazy\" class=\"alignright wp-image-1676\" src=\"http:\/\/www.deanreed.de\/AmericanRebel\/2017\/wp-content\/uploads\/2017\/03\/ar_zu_fb.png\" alt=\"\" width=\"353\" height=\"15\" srcset=\"http:\/\/www.deanreed.de\/AmericanRebel\/2017\/wp-content\/uploads\/2017\/03\/ar_zu_fb.png 470w, http:\/\/www.deanreed.de\/AmericanRebel\/2017\/wp-content\/uploads\/2017\/03\/ar_zu_fb-300x13.png 300w\" sizes=\"(max-width: 353px) 100vw, 353px\" \/><\/a><\/p>\n<p style=\"text-align: justify;\"><a href=\"http:\/\/www.deanreed.de\/AmericanRebel\/2017\/?p=1178#respond\"><strong><img loading=\"lazy\" class=\"alignright wp-image-1688\" src=\"http:\/\/www.deanreed.de\/AmericanRebel\/2017\/wp-content\/uploads\/2017\/03\/ar_kommentar-1.png\" alt=\"Sag uns deine Meinung zum Artikel mit einem Kommentar\/Leserbrief\" width=\"627\" height=\"20\" \/><\/strong><\/a><\/p>\n<\/li>\n<\/ul>\n","protected":false},"excerpt":{"rendered":"<p>Harry Popow Verd\u00e4chtige gesucht Buchtipp: Elias Davidsson \u00bbPsychologische Kriegsf\u00fchrung und gesellschaftliche Leugnung. Die Legende des 9\/11 und die Fiktion der Terrorbedrohung\u00ab . Treibt die \u201eTerrorfiktion\u201c immer neue Bl\u00fcten? Denn dem Vernehmen nach sollen Teilnehmer der Demonstration gegen die M\u00fcnchener Sicherheitskonferenz [&hellip;]<a class=\"more-link\" href=\"http:\/\/www.deanreed.de\/AmericanRebel\/2017\/2017\/03\/01\/1178\/\">&darr; Lese den Rest von diesem Eintrag&#8230;<\/a><\/p>\n","protected":false},"author":2,"featured_media":0,"comment_status":"open","ping_status":"open","sticky":false,"template":"","format":"standard","meta":[],"categories":[77],"tags":[],"yoast_head":"<!-- This site is optimized with the Yoast SEO plugin v17.5 - https:\/\/yoast.com\/wordpress\/plugins\/seo\/ -->\n<title>- Verd\u00e4chtige gesucht &ndash; Onlinezeitung AmericanRebel<\/title>\n<meta name=\"robots\" content=\"index, follow, max-snippet:-1, max-image-preview:large, max-video-preview:-1\" \/>\n<link rel=\"canonical\" href=\"http:\/\/www.deanreed.de\/AmericanRebel\/2017\/2017\/03\/01\/1178\/\" \/>\n<meta property=\"og:locale\" content=\"de_DE\" \/>\n<meta property=\"og:type\" content=\"article\" \/>\n<meta property=\"og:title\" content=\"- Verd\u00e4chtige gesucht &ndash; Onlinezeitung AmericanRebel\" \/>\n<meta property=\"og:description\" content=\"Harry Popow Verd\u00e4chtige gesucht Buchtipp: Elias Davidsson \u00bbPsychologische Kriegsf\u00fchrung und gesellschaftliche Leugnung. Die Legende des 9\/11 und die Fiktion der Terrorbedrohung\u00ab . Treibt die \u201eTerrorfiktion\u201c immer neue Bl\u00fcten? Denn dem Vernehmen nach sollen Teilnehmer der Demonstration gegen die M\u00fcnchener Sicherheitskonferenz [&hellip;]&darr; Lese den Rest von diesem Eintrag...\" \/>\n<meta property=\"og:url\" content=\"http:\/\/www.deanreed.de\/AmericanRebel\/2017\/2017\/03\/01\/1178\/\" \/>\n<meta property=\"og:site_name\" content=\"Onlinezeitung AmericanRebel\" \/>\n<meta property=\"article:published_time\" content=\"2017-03-01T05:00:05+00:00\" \/>\n<meta property=\"article:modified_time\" content=\"2018-01-12T15:19:42+00:00\" \/>\n<meta property=\"og:image\" content=\"http:\/\/www.deanreed.de\/AmericanRebel\/2017\/wp-content\/uploads\/2017\/02\/Harry-Popow.jpg\" \/>\n<meta name=\"twitter:card\" content=\"summary_large_image\" \/>\n<meta name=\"twitter:label1\" content=\"Verfasst von\" \/>\n\t<meta name=\"twitter:data1\" content=\"Redaktion\" \/>\n\t<meta name=\"twitter:label2\" content=\"Gesch\u00e4tzte Lesezeit\" \/>\n\t<meta name=\"twitter:data2\" content=\"6\u00a0Minuten\" \/>\n<script type=\"application\/ld+json\" class=\"yoast-schema-graph\">{\"@context\":\"https:\/\/schema.org\",\"@graph\":[{\"@type\":\"WebSite\",\"@id\":\"https:\/\/www.deanreed.de\/AmericanRebel\/2017\/#website\",\"url\":\"https:\/\/www.deanreed.de\/AmericanRebel\/2017\/\",\"name\":\"Onlinezeitung AmericanRebel\",\"description\":\"Internationale Onlinezeitung f\\u00fcr Frieden, Humanismus, V\\u00f6lkerverst\\u00e4ndigung und Kultur\",\"potentialAction\":[{\"@type\":\"SearchAction\",\"target\":{\"@type\":\"EntryPoint\",\"urlTemplate\":\"https:\/\/www.deanreed.de\/AmericanRebel\/2017\/?s={search_term_string}\"},\"query-input\":\"required name=search_term_string\"}],\"inLanguage\":\"de\"},{\"@type\":\"ImageObject\",\"@id\":\"http:\/\/www.deanreed.de\/AmericanRebel\/2017\/2017\/03\/01\/1178\/#primaryimage\",\"inLanguage\":\"de\",\"url\":\"http:\/\/www.deanreed.de\/AmericanRebel\/2017\/wp-content\/uploads\/2017\/02\/Harry-Popow.jpg\",\"contentUrl\":\"http:\/\/www.deanreed.de\/AmericanRebel\/2017\/wp-content\/uploads\/2017\/02\/Harry-Popow.jpg\",\"width\":100,\"height\":150,\"caption\":\"Harry Popow\"},{\"@type\":\"WebPage\",\"@id\":\"http:\/\/www.deanreed.de\/AmericanRebel\/2017\/2017\/03\/01\/1178\/#webpage\",\"url\":\"http:\/\/www.deanreed.de\/AmericanRebel\/2017\/2017\/03\/01\/1178\/\",\"name\":\"- Verd\\u00e4chtige gesucht &ndash; Onlinezeitung AmericanRebel\",\"isPartOf\":{\"@id\":\"https:\/\/www.deanreed.de\/AmericanRebel\/2017\/#website\"},\"primaryImageOfPage\":{\"@id\":\"http:\/\/www.deanreed.de\/AmericanRebel\/2017\/2017\/03\/01\/1178\/#primaryimage\"},\"datePublished\":\"2017-03-01T05:00:05+00:00\",\"dateModified\":\"2018-01-12T15:19:42+00:00\",\"author\":{\"@id\":\"https:\/\/www.deanreed.de\/AmericanRebel\/2017\/#\/schema\/person\/9edfca7917cd10b75edaae51c6e7935a\"},\"breadcrumb\":{\"@id\":\"http:\/\/www.deanreed.de\/AmericanRebel\/2017\/2017\/03\/01\/1178\/#breadcrumb\"},\"inLanguage\":\"de\",\"potentialAction\":[{\"@type\":\"ReadAction\",\"target\":[\"http:\/\/www.deanreed.de\/AmericanRebel\/2017\/2017\/03\/01\/1178\/\"]}]},{\"@type\":\"BreadcrumbList\",\"@id\":\"http:\/\/www.deanreed.de\/AmericanRebel\/2017\/2017\/03\/01\/1178\/#breadcrumb\",\"itemListElement\":[{\"@type\":\"ListItem\",\"position\":1,\"name\":\"Startseite\",\"item\":\"https:\/\/www.deanreed.de\/AmericanRebel\/2017\/\"},{\"@type\":\"ListItem\",\"position\":2,\"name\":\"&#8211; Verd\\u00e4chtige gesucht\"}]},{\"@type\":\"Person\",\"@id\":\"https:\/\/www.deanreed.de\/AmericanRebel\/2017\/#\/schema\/person\/9edfca7917cd10b75edaae51c6e7935a\",\"name\":\"Redaktion\",\"url\":\"http:\/\/www.deanreed.de\/AmericanRebel\/2017\/author\/redaktion\/\"}]}<\/script>\n<!-- \/ Yoast SEO plugin. -->","yoast_head_json":{"title":"- Verd\u00e4chtige gesucht &ndash; Onlinezeitung AmericanRebel","robots":{"index":"index","follow":"follow","max-snippet":"max-snippet:-1","max-image-preview":"max-image-preview:large","max-video-preview":"max-video-preview:-1"},"canonical":"http:\/\/www.deanreed.de\/AmericanRebel\/2017\/2017\/03\/01\/1178\/","og_locale":"de_DE","og_type":"article","og_title":"- Verd\u00e4chtige gesucht &ndash; Onlinezeitung AmericanRebel","og_description":"Harry Popow Verd\u00e4chtige gesucht Buchtipp: Elias Davidsson \u00bbPsychologische Kriegsf\u00fchrung und gesellschaftliche Leugnung. Die Legende des 9\/11 und die Fiktion der Terrorbedrohung\u00ab . Treibt die \u201eTerrorfiktion\u201c immer neue Bl\u00fcten? Denn dem Vernehmen nach sollen Teilnehmer der Demonstration gegen die M\u00fcnchener Sicherheitskonferenz [&hellip;]&darr; Lese den Rest von diesem Eintrag...","og_url":"http:\/\/www.deanreed.de\/AmericanRebel\/2017\/2017\/03\/01\/1178\/","og_site_name":"Onlinezeitung AmericanRebel","article_published_time":"2017-03-01T05:00:05+00:00","article_modified_time":"2018-01-12T15:19:42+00:00","og_image":[{"url":"http:\/\/www.deanreed.de\/AmericanRebel\/2017\/wp-content\/uploads\/2017\/02\/Harry-Popow.jpg"}],"twitter_card":"summary_large_image","twitter_misc":{"Verfasst von":"Redaktion","Gesch\u00e4tzte Lesezeit":"6\u00a0Minuten"},"schema":{"@context":"https:\/\/schema.org","@graph":[{"@type":"WebSite","@id":"https:\/\/www.deanreed.de\/AmericanRebel\/2017\/#website","url":"https:\/\/www.deanreed.de\/AmericanRebel\/2017\/","name":"Onlinezeitung AmericanRebel","description":"Internationale Onlinezeitung f\u00fcr Frieden, Humanismus, V\u00f6lkerverst\u00e4ndigung und Kultur","potentialAction":[{"@type":"SearchAction","target":{"@type":"EntryPoint","urlTemplate":"https:\/\/www.deanreed.de\/AmericanRebel\/2017\/?s={search_term_string}"},"query-input":"required name=search_term_string"}],"inLanguage":"de"},{"@type":"ImageObject","@id":"http:\/\/www.deanreed.de\/AmericanRebel\/2017\/2017\/03\/01\/1178\/#primaryimage","inLanguage":"de","url":"http:\/\/www.deanreed.de\/AmericanRebel\/2017\/wp-content\/uploads\/2017\/02\/Harry-Popow.jpg","contentUrl":"http:\/\/www.deanreed.de\/AmericanRebel\/2017\/wp-content\/uploads\/2017\/02\/Harry-Popow.jpg","width":100,"height":150,"caption":"Harry Popow"},{"@type":"WebPage","@id":"http:\/\/www.deanreed.de\/AmericanRebel\/2017\/2017\/03\/01\/1178\/#webpage","url":"http:\/\/www.deanreed.de\/AmericanRebel\/2017\/2017\/03\/01\/1178\/","name":"- Verd\u00e4chtige gesucht &ndash; Onlinezeitung AmericanRebel","isPartOf":{"@id":"https:\/\/www.deanreed.de\/AmericanRebel\/2017\/#website"},"primaryImageOfPage":{"@id":"http:\/\/www.deanreed.de\/AmericanRebel\/2017\/2017\/03\/01\/1178\/#primaryimage"},"datePublished":"2017-03-01T05:00:05+00:00","dateModified":"2018-01-12T15:19:42+00:00","author":{"@id":"https:\/\/www.deanreed.de\/AmericanRebel\/2017\/#\/schema\/person\/9edfca7917cd10b75edaae51c6e7935a"},"breadcrumb":{"@id":"http:\/\/www.deanreed.de\/AmericanRebel\/2017\/2017\/03\/01\/1178\/#breadcrumb"},"inLanguage":"de","potentialAction":[{"@type":"ReadAction","target":["http:\/\/www.deanreed.de\/AmericanRebel\/2017\/2017\/03\/01\/1178\/"]}]},{"@type":"BreadcrumbList","@id":"http:\/\/www.deanreed.de\/AmericanRebel\/2017\/2017\/03\/01\/1178\/#breadcrumb","itemListElement":[{"@type":"ListItem","position":1,"name":"Startseite","item":"https:\/\/www.deanreed.de\/AmericanRebel\/2017\/"},{"@type":"ListItem","position":2,"name":"&#8211; Verd\u00e4chtige gesucht"}]},{"@type":"Person","@id":"https:\/\/www.deanreed.de\/AmericanRebel\/2017\/#\/schema\/person\/9edfca7917cd10b75edaae51c6e7935a","name":"Redaktion","url":"http:\/\/www.deanreed.de\/AmericanRebel\/2017\/author\/redaktion\/"}]}},"_links":{"self":[{"href":"http:\/\/www.deanreed.de\/AmericanRebel\/2017\/wp-json\/wp\/v2\/posts\/1178"}],"collection":[{"href":"http:\/\/www.deanreed.de\/AmericanRebel\/2017\/wp-json\/wp\/v2\/posts"}],"about":[{"href":"http:\/\/www.deanreed.de\/AmericanRebel\/2017\/wp-json\/wp\/v2\/types\/post"}],"author":[{"embeddable":true,"href":"http:\/\/www.deanreed.de\/AmericanRebel\/2017\/wp-json\/wp\/v2\/users\/2"}],"replies":[{"embeddable":true,"href":"http:\/\/www.deanreed.de\/AmericanRebel\/2017\/wp-json\/wp\/v2\/comments?post=1178"}],"version-history":[{"count":0,"href":"http:\/\/www.deanreed.de\/AmericanRebel\/2017\/wp-json\/wp\/v2\/posts\/1178\/revisions"}],"wp:attachment":[{"href":"http:\/\/www.deanreed.de\/AmericanRebel\/2017\/wp-json\/wp\/v2\/media?parent=1178"}],"wp:term":[{"taxonomy":"category","embeddable":true,"href":"http:\/\/www.deanreed.de\/AmericanRebel\/2017\/wp-json\/wp\/v2\/categories?post=1178"},{"taxonomy":"post_tag","embeddable":true,"href":"http:\/\/www.deanreed.de\/AmericanRebel\/2017\/wp-json\/wp\/v2\/tags?post=1178"}],"curies":[{"name":"wp","href":"https:\/\/api.w.org\/{rel}","templated":true}]}}